{"id":70474,"date":"2021-04-04T17:35:34","date_gmt":"2021-04-04T22:35:34","guid":{"rendered":"http:\/\/www.lospoliticosveracruz.com.mx\/?p=70474"},"modified":"2021-04-04T17:35:38","modified_gmt":"2021-04-04T22:35:38","slug":"que-comiencen-los-juegos","status":"publish","type":"post","link":"https:\/\/lospoliticosveracruz.com\/?p=70474","title":{"rendered":"Que comiencen los juegos!"},"content":{"rendered":"\n<p><strong>Salvador Mu\u00f1oz<\/strong><\/p>\n\n\n\n<p><em>Los Pol\u00edticos<\/em><\/p>\n\n\n\n<p>Simple o complicado. As\u00ed se ve el panorama para los suspirantes a poner \u201ctodo su empe\u00f1o\u201d en una curul all\u00e1 en San L\u00e1zaro, ahora que arrancaron las campa\u00f1as para renovar al Congreso de la Uni\u00f3n.<\/p>\n\n\n\n<p>Por un lado, se ve Simple, porque los candidatos de la alianza Va Por M\u00e9xico, tienen todo para despacharse con la cuchara grande para exponer que son la mejor oferta electoral ante unos oponentes que, en su mayor\u00eda, busca la reelecci\u00f3n, y un Presidente que si bien, es populachero, es seguro que ha decepcionado al grueso de la poblaci\u00f3n que vot\u00f3 en contra del PRI, PAN y el PRD, y pens\u00f3 en \u00e9l como una opci\u00f3n o una esperanza y as\u00ed se qued\u00f3: en esperanza\u2026 esperando\u2026<\/p>\n\n\n\n<p>Es Simple en especial para aquellos candidatos del gobierno en el poder porque se pueden montar en los apoyos para la tercera edad y cantidad de programas asistencialistas, pero que ninguno de ellos refleja desarrollo econ\u00f3mico regional o tantito peor, nacional\u2026 al contrario.<\/p>\n\n\n\n<p>II<\/p>\n\n\n\n<p>Un buen term\u00f3metro sin duda para los candidatos a las curules de San L\u00e1zaro, podr\u00eda ser el paseo simple, pero no por el centro de la cabecera distrital, sino en la colonia, en la comunidad o periferia o alg\u00fan otro municipio que abarque su pretensi\u00f3n distrital. La primera prueba: ser reconocido por el elector. La segunda, es mantener la frente en alto. Es decir, que pueda recorrer calle, avenida, centros de reuni\u00f3n, sin temor a que alguien le reclame. \u00a1Ojo! No es lo mismo reclamar que ofender porque lo segundo, cualquiera\u2026 para lo primero, se necesitan argumentos, quiz\u00e1s pruebas\u2026<\/p>\n\n\n\n<p>Realmente son pocos los pol\u00edticos a los que te pod\u00edas encontrar en el cine, en el restaurante, en las compras\u2026 la pandemia vari\u00f3 un demasiado esto, pero el que se atrev\u00eda hacerlo (es exagerado el verbo \u201catrever\u201d), era porque sencillamente sabe que puede ir de un lado a otro con la frente en alto\u2026 y sin guaruras.<\/p>\n\n\n\n<p>III<\/p>\n\n\n\n<p>La contienda por las curules no var\u00eda mucho de otras que ya hemos vivido\u2026 tenemos escenarios similares: partido en el poder y oposici\u00f3n. Lo nuevo, la alianza que deja de lado ideolog\u00edas, colores y siglas, para concentrarse en algo que s\u00f3lo es similar a lo ocurrido all\u00e1 por el 88 cuando se constituy\u00f3 un gran frente contra el Sistema\u2026 la uni\u00f3n de fuerzas para vencer a un poder enquistado y anquilosado que hizo que la palabra \u201cDemocracia\u201d perdiera su sentido en cada elecci\u00f3n. La diferencia, ahora, es que el Pueblo ya prob\u00f3 la alternancia\u2026 la diferencia ahora, es que con tan poco tiempo, el partido en el poder est\u00e9 a meses de probar en carne propia, una de las m\u00e1ximas democr\u00e1ticas que desde inicios de este siglo, el ciudadano ha aprendido a emplear: el pueblo da\u2026 el pueblo quita.<\/p>\n\n\n\n<p>Ya lo vivi\u00f3 el PRI\u2026 incluso, hasta lo dieron por muerto\u2026 ya lo vivi\u00f3 el PAN y se juega la broma que \u201cse qued\u00f3 con el cambio\u201d&#8230; Morena ha de vivir su primera prueba de fuego en unas elecciones intermedias donde est\u00e1 en juego uno de los mayores poderes como es San L\u00e1zaro\u2026 el papel que cada legislador, sea del Sistema en el Poder o de la Oposici\u00f3n, ha de juzgarse hasta cierto grado en las urnas\u2026 el resto, de cierto modo, ser\u00e1 un term\u00f3metro para medir el desempe\u00f1o del presidente y paralelamente, igual el ejercicio de la oposici\u00f3n\u2026 en tres meses, sabremos los resultados\u2026 mientras, \u00a1que comiencen los juegos!<\/p>\n\n\n\n<p><a>smcainito@gmail.com<\/a><\/p>\n","protected":false},"excerpt":{"rendered":"<p>Salvador Mu\u00f1oz Los Pol\u00edticos Simple o complicado. As\u00ed se ve el panorama para los suspirantes a poner \u201ctodo su empe\u00f1o\u201d en una curul all\u00e1 en San L\u00e1zaro, ahora que arrancaron las campa\u00f1as para renovar al Congreso de la Uni\u00f3n. Por un lado, se ve Simple, porque los candidatos de la alianza Va Por M\u00e9xico, tienen [&hellip;]<\/p>\n","protected":false},"author":2,"featured_media":0,"comment_status":"closed","ping_status":"closed","sticky":false,"template":"","format":"standard","meta":{"tdm_status":"","tdm_grid_status":"","footnotes":""},"categories":[70],"tags":[25057,395,1026,266,16929,251,3270],"class_list":{"0":"post-70474","1":"post","2":"type-post","3":"status-publish","4":"format-standard","6":"category-de-opinion","7":"tag-curules","8":"tag-mexico","9":"tag-morena","10":"tag-pan","11":"tag-pandemia","12":"tag-pri","13":"tag-san-lazaro"},"yoast_head":"<!-- This site is optimized with the Yoast SEO plugin v27.4 - https:\/\/yoast.com\/product\/yoast-seo-wordpress\/ -->\n<title>Que comiencen los juegos! - Los pol\u00edticos Veracruz<\/title>\n<meta name=\"robots\" content=\"index, follow, max-snippet:-1, max-image-preview:large, max-video-preview:-1\" \/>\n<link rel=\"canonical\" href=\"https:\/\/lospoliticosveracruz.com\/?p=70474\" \/>\n<meta property=\"og:locale\" content=\"es_ES\" \/>\n<meta property=\"og:type\" content=\"article\" \/>\n<meta property=\"og:title\" content=\"Que comiencen los juegos! - Los pol\u00edticos Veracruz\" \/>\n<meta property=\"og:description\" content=\"Salvador Mu\u00f1oz Los Pol\u00edticos Simple o complicado. As\u00ed se ve el panorama para los suspirantes a poner \u201ctodo su empe\u00f1o\u201d en una curul all\u00e1 en San L\u00e1zaro, ahora que arrancaron las campa\u00f1as para renovar al Congreso de la Uni\u00f3n. Por un lado, se ve Simple, porque los candidatos de la alianza Va Por M\u00e9xico, tienen [&hellip;]\" \/>\n<meta property=\"og:url\" content=\"https:\/\/lospoliticosveracruz.com\/?p=70474\" \/>\n<meta property=\"og:site_name\" content=\"Los pol\u00edticos Veracruz\" \/>\n<meta property=\"article:publisher\" content=\"https:\/\/www.facebook.com\/people\/Notimemes-de-los-Polticos\/61565672886568\/\" \/>\n<meta property=\"article:published_time\" content=\"2021-04-04T22:35:34+00:00\" \/>\n<meta property=\"article:modified_time\" content=\"2021-04-04T22:35:38+00:00\" \/>\n<meta property=\"og:image\" content=\"https:\/\/lospoliticosveracruz.com\/wp-content\/uploads\/2016\/07\/Logo-Dor.jpg\" \/>\n\t<meta property=\"og:image:width\" content=\"200\" \/>\n\t<meta property=\"og:image:height\" content=\"200\" \/>\n\t<meta property=\"og:image:type\" content=\"image\/jpeg\" \/>\n<meta name=\"author\" content=\"Lo viste en Los Pol\u00edticos\" \/>\n<meta name=\"twitter:card\" content=\"summary_large_image\" \/>\n<meta name=\"twitter:creator\" content=\"@LosPoliticosVer\" \/>\n<meta name=\"twitter:site\" content=\"@LosPoliticosVer\" \/>\n<meta name=\"twitter:label1\" content=\"Escrito por\" \/>\n\t<meta name=\"twitter:data1\" content=\"Lo viste en Los Pol\u00edticos\" \/>\n\t<meta name=\"twitter:label2\" content=\"Tiempo de lectura\" \/>\n\t<meta name=\"twitter:data2\" content=\"3 minutos\" \/>\n<script type=\"application\/ld+json\" class=\"yoast-schema-graph\">{\"@context\":\"https:\\\/\\\/schema.org\",\"@graph\":[{\"@type\":\"Article\",\"@id\":\"https:\\\/\\\/lospoliticosveracruz.com\\\/?p=70474#article\",\"isPartOf\":{\"@id\":\"https:\\\/\\\/lospoliticosveracruz.com\\\/?p=70474\"},\"author\":{\"name\":\"Lo viste en Los Pol\u00edticos\",\"@id\":\"https:\\\/\\\/lospoliticosveracruz.com\\\/#\\\/schema\\\/person\\\/b8702bb0e538456e6efd07080bf2a4a2\"},\"headline\":\"Que comiencen los juegos!\",\"datePublished\":\"2021-04-04T22:35:34+00:00\",\"dateModified\":\"2021-04-04T22:35:38+00:00\",\"mainEntityOfPage\":{\"@id\":\"https:\\\/\\\/lospoliticosveracruz.com\\\/?p=70474\"},\"wordCount\":616,\"publisher\":{\"@id\":\"https:\\\/\\\/lospoliticosveracruz.com\\\/#organization\"},\"keywords\":[\"curules\",\"M\u00e9xico\",\"Morena\",\"PAN\",\"pandemia\",\"PRI\",\"San L\u00e1zaro\"],\"articleSection\":[\"De Opini\u00f3n\"],\"inLanguage\":\"es\"},{\"@type\":\"WebPage\",\"@id\":\"https:\\\/\\\/lospoliticosveracruz.com\\\/?p=70474\",\"url\":\"https:\\\/\\\/lospoliticosveracruz.com\\\/?p=70474\",\"name\":\"Que comiencen los juegos! - Los pol\u00edticos Veracruz\",\"isPartOf\":{\"@id\":\"https:\\\/\\\/lospoliticosveracruz.com\\\/#website\"},\"datePublished\":\"2021-04-04T22:35:34+00:00\",\"dateModified\":\"2021-04-04T22:35:38+00:00\",\"breadcrumb\":{\"@id\":\"https:\\\/\\\/lospoliticosveracruz.com\\\/?p=70474#breadcrumb\"},\"inLanguage\":\"es\",\"potentialAction\":[{\"@type\":\"ReadAction\",\"target\":[\"https:\\\/\\\/lospoliticosveracruz.com\\\/?p=70474\"]}]},{\"@type\":\"BreadcrumbList\",\"@id\":\"https:\\\/\\\/lospoliticosveracruz.com\\\/?p=70474#breadcrumb\",\"itemListElement\":[{\"@type\":\"ListItem\",\"position\":1,\"name\":\"Portada\",\"item\":\"https:\\\/\\\/lospoliticosveracruz.com\\\/\"},{\"@type\":\"ListItem\",\"position\":2,\"name\":\"Que comiencen los juegos!\"}]},{\"@type\":\"WebSite\",\"@id\":\"https:\\\/\\\/lospoliticosveracruz.com\\\/#website\",\"url\":\"https:\\\/\\\/lospoliticosveracruz.com\\\/\",\"name\":\"Los pol\u00edticos Veracruz\",\"description\":\"\",\"publisher\":{\"@id\":\"https:\\\/\\\/lospoliticosveracruz.com\\\/#organization\"},\"potentialAction\":[{\"@type\":\"SearchAction\",\"target\":{\"@type\":\"EntryPoint\",\"urlTemplate\":\"https:\\\/\\\/lospoliticosveracruz.com\\\/?s={search_term_string}\"},\"query-input\":{\"@type\":\"PropertyValueSpecification\",\"valueRequired\":true,\"valueName\":\"search_term_string\"}}],\"inLanguage\":\"es\"},{\"@type\":\"Organization\",\"@id\":\"https:\\\/\\\/lospoliticosveracruz.com\\\/#organization\",\"name\":\"Los pol\u00edticos Veracruz\",\"url\":\"https:\\\/\\\/lospoliticosveracruz.com\\\/\",\"logo\":{\"@type\":\"ImageObject\",\"inLanguage\":\"es\",\"@id\":\"https:\\\/\\\/lospoliticosveracruz.com\\\/#\\\/schema\\\/logo\\\/image\\\/\",\"url\":\"https:\\\/\\\/lospoliticosveracruz.com\\\/wp-content\\\/uploads\\\/2025\\\/12\\\/Logo-Nuevo-LOS-POLITICOS-1.jpg\",\"contentUrl\":\"https:\\\/\\\/lospoliticosveracruz.com\\\/wp-content\\\/uploads\\\/2025\\\/12\\\/Logo-Nuevo-LOS-POLITICOS-1.jpg\",\"width\":260,\"height\":70,\"caption\":\"Los pol\u00edticos Veracruz\"},\"image\":{\"@id\":\"https:\\\/\\\/lospoliticosveracruz.com\\\/#\\\/schema\\\/logo\\\/image\\\/\"},\"sameAs\":[\"https:\\\/\\\/www.facebook.com\\\/people\\\/Notimemes-de-los-Polticos\\\/61565672886568\\\/\",\"https:\\\/\\\/x.com\\\/LosPoliticosVer\"]},{\"@type\":\"Person\",\"@id\":\"https:\\\/\\\/lospoliticosveracruz.com\\\/#\\\/schema\\\/person\\\/b8702bb0e538456e6efd07080bf2a4a2\",\"name\":\"Lo viste en Los Pol\u00edticos\",\"image\":{\"@type\":\"ImageObject\",\"inLanguage\":\"es\",\"@id\":\"https:\\\/\\\/secure.gravatar.com\\\/avatar\\\/3a8de04a2656d44082be478bd6c086daa447c4651605818287b9532d3d0bd435?s=96&d=mm&r=g\",\"url\":\"https:\\\/\\\/secure.gravatar.com\\\/avatar\\\/3a8de04a2656d44082be478bd6c086daa447c4651605818287b9532d3d0bd435?s=96&d=mm&r=g\",\"contentUrl\":\"https:\\\/\\\/secure.gravatar.com\\\/avatar\\\/3a8de04a2656d44082be478bd6c086daa447c4651605818287b9532d3d0bd435?s=96&d=mm&r=g\",\"caption\":\"Lo viste en Los Pol\u00edticos\"},\"url\":\"https:\\\/\\\/lospoliticosveracruz.com\\\/?author=2\"}]}<\/script>\n<!-- \/ Yoast SEO plugin. -->","yoast_head_json":{"title":"Que comiencen los juegos! - Los pol\u00edticos Veracruz","robots":{"index":"index","follow":"follow","max-snippet":"max-snippet:-1","max-image-preview":"max-image-preview:large","max-video-preview":"max-video-preview:-1"},"canonical":"https:\/\/lospoliticosveracruz.com\/?p=70474","og_locale":"es_ES","og_type":"article","og_title":"Que comiencen los juegos! - Los pol\u00edticos Veracruz","og_description":"Salvador Mu\u00f1oz Los Pol\u00edticos Simple o complicado. As\u00ed se ve el panorama para los suspirantes a poner \u201ctodo su empe\u00f1o\u201d en una curul all\u00e1 en San L\u00e1zaro, ahora que arrancaron las campa\u00f1as para renovar al Congreso de la Uni\u00f3n. Por un lado, se ve Simple, porque los candidatos de la alianza Va Por M\u00e9xico, tienen [&hellip;]","og_url":"https:\/\/lospoliticosveracruz.com\/?p=70474","og_site_name":"Los pol\u00edticos Veracruz","article_publisher":"https:\/\/www.facebook.com\/people\/Notimemes-de-los-Polticos\/61565672886568\/","article_published_time":"2021-04-04T22:35:34+00:00","article_modified_time":"2021-04-04T22:35:38+00:00","og_image":[{"width":200,"height":200,"url":"https:\/\/lospoliticosveracruz.com\/wp-content\/uploads\/2016\/07\/Logo-Dor.jpg","type":"image\/jpeg"}],"author":"Lo viste en Los Pol\u00edticos","twitter_card":"summary_large_image","twitter_creator":"@LosPoliticosVer","twitter_site":"@LosPoliticosVer","twitter_misc":{"Escrito por":"Lo viste en Los Pol\u00edticos","Tiempo de lectura":"3 minutos"},"schema":{"@context":"https:\/\/schema.org","@graph":[{"@type":"Article","@id":"https:\/\/lospoliticosveracruz.com\/?p=70474#article","isPartOf":{"@id":"https:\/\/lospoliticosveracruz.com\/?p=70474"},"author":{"name":"Lo viste en Los Pol\u00edticos","@id":"https:\/\/lospoliticosveracruz.com\/#\/schema\/person\/b8702bb0e538456e6efd07080bf2a4a2"},"headline":"Que comiencen los juegos!","datePublished":"2021-04-04T22:35:34+00:00","dateModified":"2021-04-04T22:35:38+00:00","mainEntityOfPage":{"@id":"https:\/\/lospoliticosveracruz.com\/?p=70474"},"wordCount":616,"publisher":{"@id":"https:\/\/lospoliticosveracruz.com\/#organization"},"keywords":["curules","M\u00e9xico","Morena","PAN","pandemia","PRI","San L\u00e1zaro"],"articleSection":["De Opini\u00f3n"],"inLanguage":"es"},{"@type":"WebPage","@id":"https:\/\/lospoliticosveracruz.com\/?p=70474","url":"https:\/\/lospoliticosveracruz.com\/?p=70474","name":"Que comiencen los juegos! - Los pol\u00edticos Veracruz","isPartOf":{"@id":"https:\/\/lospoliticosveracruz.com\/#website"},"datePublished":"2021-04-04T22:35:34+00:00","dateModified":"2021-04-04T22:35:38+00:00","breadcrumb":{"@id":"https:\/\/lospoliticosveracruz.com\/?p=70474#breadcrumb"},"inLanguage":"es","potentialAction":[{"@type":"ReadAction","target":["https:\/\/lospoliticosveracruz.com\/?p=70474"]}]},{"@type":"BreadcrumbList","@id":"https:\/\/lospoliticosveracruz.com\/?p=70474#breadcrumb","itemListElement":[{"@type":"ListItem","position":1,"name":"Portada","item":"https:\/\/lospoliticosveracruz.com\/"},{"@type":"ListItem","position":2,"name":"Que comiencen los juegos!"}]},{"@type":"WebSite","@id":"https:\/\/lospoliticosveracruz.com\/#website","url":"https:\/\/lospoliticosveracruz.com\/","name":"Los pol\u00edticos Veracruz","description":"","publisher":{"@id":"https:\/\/lospoliticosveracruz.com\/#organization"},"potentialAction":[{"@type":"SearchAction","target":{"@type":"EntryPoint","urlTemplate":"https:\/\/lospoliticosveracruz.com\/?s={search_term_string}"},"query-input":{"@type":"PropertyValueSpecification","valueRequired":true,"valueName":"search_term_string"}}],"inLanguage":"es"},{"@type":"Organization","@id":"https:\/\/lospoliticosveracruz.com\/#organization","name":"Los pol\u00edticos Veracruz","url":"https:\/\/lospoliticosveracruz.com\/","logo":{"@type":"ImageObject","inLanguage":"es","@id":"https:\/\/lospoliticosveracruz.com\/#\/schema\/logo\/image\/","url":"https:\/\/lospoliticosveracruz.com\/wp-content\/uploads\/2025\/12\/Logo-Nuevo-LOS-POLITICOS-1.jpg","contentUrl":"https:\/\/lospoliticosveracruz.com\/wp-content\/uploads\/2025\/12\/Logo-Nuevo-LOS-POLITICOS-1.jpg","width":260,"height":70,"caption":"Los pol\u00edticos Veracruz"},"image":{"@id":"https:\/\/lospoliticosveracruz.com\/#\/schema\/logo\/image\/"},"sameAs":["https:\/\/www.facebook.com\/people\/Notimemes-de-los-Polticos\/61565672886568\/","https:\/\/x.com\/LosPoliticosVer"]},{"@type":"Person","@id":"https:\/\/lospoliticosveracruz.com\/#\/schema\/person\/b8702bb0e538456e6efd07080bf2a4a2","name":"Lo viste en Los Pol\u00edticos","image":{"@type":"ImageObject","inLanguage":"es","@id":"https:\/\/secure.gravatar.com\/avatar\/3a8de04a2656d44082be478bd6c086daa447c4651605818287b9532d3d0bd435?s=96&d=mm&r=g","url":"https:\/\/secure.gravatar.com\/avatar\/3a8de04a2656d44082be478bd6c086daa447c4651605818287b9532d3d0bd435?s=96&d=mm&r=g","contentUrl":"https:\/\/secure.gravatar.com\/avatar\/3a8de04a2656d44082be478bd6c086daa447c4651605818287b9532d3d0bd435?s=96&d=mm&r=g","caption":"Lo viste en Los Pol\u00edticos"},"url":"https:\/\/lospoliticosveracruz.com\/?author=2"}]}},"_links":{"self":[{"href":"https:\/\/lospoliticosveracruz.com\/index.php?rest_route=\/wp\/v2\/posts\/70474","targetHints":{"allow":["GET"]}}],"collection":[{"href":"https:\/\/lospoliticosveracruz.com\/index.php?rest_route=\/wp\/v2\/posts"}],"about":[{"href":"https:\/\/lospoliticosveracruz.com\/index.php?rest_route=\/wp\/v2\/types\/post"}],"author":[{"embeddable":true,"href":"https:\/\/lospoliticosveracruz.com\/index.php?rest_route=\/wp\/v2\/users\/2"}],"replies":[{"embeddable":true,"href":"https:\/\/lospoliticosveracruz.com\/index.php?rest_route=%2Fwp%2Fv2%2Fcomments&post=70474"}],"version-history":[{"count":1,"href":"https:\/\/lospoliticosveracruz.com\/index.php?rest_route=\/wp\/v2\/posts\/70474\/revisions"}],"predecessor-version":[{"id":70477,"href":"https:\/\/lospoliticosveracruz.com\/index.php?rest_route=\/wp\/v2\/posts\/70474\/revisions\/70477"}],"wp:attachment":[{"href":"https:\/\/lospoliticosveracruz.com\/index.php?rest_route=%2Fwp%2Fv2%2Fmedia&parent=70474"}],"wp:term":[{"taxonomy":"category","embeddable":true,"href":"https:\/\/lospoliticosveracruz.com\/index.php?rest_route=%2Fwp%2Fv2%2Fcategories&post=70474"},{"taxonomy":"post_tag","embeddable":true,"href":"https:\/\/lospoliticosveracruz.com\/index.php?rest_route=%2Fwp%2Fv2%2Ftags&post=70474"}],"curies":[{"name":"wp","href":"https:\/\/api.w.org\/{rel}","templated":true}]}}