{"id":70484,"date":"2021-04-04T22:00:39","date_gmt":"2021-04-05T03:00:39","guid":{"rendered":"http:\/\/www.lospoliticosveracruz.com.mx\/?p=70484"},"modified":"2021-04-04T22:00:43","modified_gmt":"2021-04-05T03:00:43","slug":"campanas-entre-la-indiferencia-o-el-rechazo-ciudadanos","status":"publish","type":"post","link":"https:\/\/lospoliticosveracruz.com\/?p=70484","title":{"rendered":"Campa\u00f1as \u00bfEntre la indiferencia o el rechazo ciudadanos?"},"content":{"rendered":"\n<p><strong>Emilio C\u00e1rdenas Escobosa<\/strong><\/p>\n\n\n\n<p><em>De Inter\u00e9s P\u00fablico<br><\/em><\/p>\n\n\n\n<p>En todas las democracias modernas es com\u00fan que el partido que gobierna busque su permanencia en el poder y que la ciudadan\u00eda que en un momento determinado les otorg\u00f3 su confianza se la refrende en el siguiente proceso electoral. Este prop\u00f3sito implicar\u00eda, en primer lugar, que al llegar a las administraciones p\u00fablicas los candidatos emanados de una fuerza pol\u00edtica cumplan puntualmente con los compromisos contra\u00eddos con la poblaci\u00f3n y que derivado de ello su legitimidad se afiance a grado tal que los electores deseen renovarles el mandato. Es una aspiraci\u00f3n leg\u00edtima e incuestionable.<br>Qu\u00e9 mejor promoci\u00f3n para un partido que concurre a las elecciones que los resultados y las buenas cuentas que entrega desde el poder p\u00fablico, sea en los espacios legislativos o en la administraci\u00f3n p\u00fablica federal, estatal o municipal. Si existe un buen gobierno ser\u00eda l\u00f3gico que la fortaleza de su partido est\u00e9 fuera de duda. Si la popularidad del gobernante es muy alta se esperar\u00eda que en un proceso electoral las apuestas a favor del partido en que milita sean muy promisorias.<br>Sin embargo, \u00bfqu\u00e9 pasa cuando un abanderado de un partido pol\u00edtico tiene que buscar el voto ciudadano en un escenario de desconfianza, apat\u00eda, desencanto o franca irritaci\u00f3n social en contra de un gobierno emanado de las propias filas de su organizaci\u00f3n? \u00bfDebe pedir una nueva oportunidad a la gente o defender lo indefendible? \u00bfDebe deslindarse de esa gesti\u00f3n? \u00bfSe puede hacer eso sin irritar al gobernante saliente y a sus colaboradores, que sin duda pueden empedrarle el camino al candidato?<br>Decisi\u00f3n nada f\u00e1cil en el marco de la actual coyuntura pol\u00edtica nacional y estatal.<br>Porque puede llegar un candidato con un aut\u00e9ntico proyecto de cambio para la sociedad, con las mejores intenciones de servir y con reconocida trayectoria y arraigo entre la gente, prendas todas que pueden ser insuficientes ante la magnitud del saldo negativo de la gesti\u00f3n que va de salida, que deja un gobierno emanado de un partido que justamente postula a este buen abanderado que retrat\u00e1bamos.<br>Deslindarse o no es el dilema de ese candidato. Y hacerlo puede enemistarlo con muchos, con los riesgos que ello conlleva para el \u00e9xito de su aventura proselitista.<\/p>\n\n\n\n<p>Dilema complejo pero real que seguramente enfrentar\u00e1n muchos candidatos del partido en el poder en Veracruz y particularmente en la capital del estado ante el relevo del gobierno municipal.<\/p>\n\n\n\n<p>Porque para convencer y vencer la mejor arma siempre es la cr\u00edtica y la autocr\u00edtica.<\/p>\n\n\n\n<p>Los pendientes en la agenda pol\u00edtica y de desarrollo, la grav\u00edsima inseguridad, la crisis sanitaria y econ\u00f3mica, la falta de empleo e ingreso, la cancelaci\u00f3n de oportunidades y los problemas cotidianos de la gente, plantean un escenario muy complejo para los abanderados de la coalici\u00f3n Morena-PVEM-PT en cuanto a pedir que se refrende la confianza en el proyecto que enarbola la llamada Cuarta Transformaci\u00f3n, y ello es particularmente claro en Veracruz.<\/p>\n\n\n\n<p>Pero del otro lado, el saldo de corrupci\u00f3n y saqueo de las arcas p\u00fablicas que dejaron los gobiernos emanados del PRI o del PAN en los a\u00f1os recientes no se ha olvidado; el ciudadano tiene presente esa pesada herencia que fue justamente la que llev\u00f3, ante el hartazgo de la sociedad por el desastre en todos los \u00f3rdenes que dejaron las tres \u00faltimas administraciones federales y estatales, a que se diera en el 2018 un voto masivo en favor del cambio que llev\u00f3 a Andr\u00e9s Manuel L\u00f3pez Obrador a la presidencia de M\u00e9xico y arrastrara con su victoria a los candidatos de Morena a pr\u00e1cticamente todos los cargos de elecci\u00f3n popular que estuvieron en juego en el pa\u00eds, Veracruz incluido.<\/p>\n\n\n\n<p>Pero en estas elecciones federales y obviamente en las estatales L\u00f3pez Obrador ya no estar\u00e1 en la boleta, y aunque tiene un muy alto porcentaje de aceptaci\u00f3n en todos los sondeos, habr\u00e1 que ver si sus simpatizantes se toman la molestia de salir a votar en estas elecciones intermedias y especialmente en los comicios locales donde los negativos de los gobiernos estatal o municipales pueden pesar mucho en esa decisi\u00f3n de quedarse en casa el d\u00eda de la jornada electoral.<\/p>\n\n\n\n<p>Quiz\u00e1 por ello ante la percepci\u00f3n de buena parte de la sociedad de la falta de resultados y de claridad en el rumbo de los gobiernos de Morena, y m\u00e1s con su propensi\u00f3n a la polarizaci\u00f3n y la emergencia de resortes autoritarios que hemos visto, y ante la disyuntiva de darle su voto a esta formaci\u00f3n pol\u00edtica o volver a confiar en los partidos que ya gobernaron y entregaron las peores cuentas, al proceso electoral en curso y a la jornada de votaci\u00f3n del pr\u00f3ximo 6 de junio los amenaza el fantasma del abstencionismo.<\/p>\n\n\n\n<p>Es un hecho notorio que existe un clima de apat\u00eda y hartazgo de una gran mayor\u00eda hacia todos los partidos y hacia los pol\u00edticos de todos colores, por lo que muchos dudan incluso sobre la trascendencia del acto de emitir su voto; y ello sin contar, desde luego, de los riesgos que implica la pandemia por el Covid 19 y que puede definitivamente alejar a la gente de las urnas.<\/p>\n\n\n\n<p>Ese es el dilema que marca las elecciones de este 2021. Y ese es el reto que tienen frente a s\u00ed los candidatos a las diputaciones federales que iniciaron sus actividades proselitistas este primer domingo de abril y los abanderados a las diputaciones locales y alcald\u00edas que saldr\u00e1n a buscar el voto ciudadano en la primera semana del mes de mayo.<\/p>\n\n\n\n<p>Ya los veremos en acci\u00f3n y conoceremos sus propuestas, escucharemos sus deslindes respecto a los gobiernos del pasado y del presente y las nuevas promesas que har\u00e1n para ganar la simpat\u00eda de la gente, o al menos para que la motiven a salir a ejercer su voto.<\/p>\n\n\n\n<p>Ya que les creamos o no, eso es otra historia.<\/p>\n\n\n\n<p>jecesco@hotmail.com<br>www.deinterespublico.com<\/p>\n","protected":false},"excerpt":{"rendered":"<p>Emilio C\u00e1rdenas Escobosa De Inter\u00e9s P\u00fablico En todas las democracias modernas es com\u00fan que el partido que gobierna busque su permanencia en el poder y que la ciudadan\u00eda que en un momento determinado les otorg\u00f3 su confianza se la refrende en el siguiente proceso electoral. Este prop\u00f3sito implicar\u00eda, en primer lugar, que al llegar a [&hellip;]<\/p>\n","protected":false},"author":2,"featured_media":0,"comment_status":"closed","ping_status":"closed","sticky":false,"template":"","format":"standard","meta":{"tdm_status":"","tdm_grid_status":"","footnotes":""},"categories":[70],"tags":[2334,10327,1961,1432,8834,24055,11193],"class_list":{"0":"post-70484","1":"post","2":"type-post","3":"status-publish","4":"format-standard","6":"category-de-opinion","7":"tag-campanas","8":"tag-ciudadania","9":"tag-desconfianza","10":"tag-emilio-cardenas-escobosa","11":"tag-partido-politico","12":"tag-poder-publico","13":"tag-proceso-electoral"},"yoast_head":"<!-- This site is optimized with the Yoast SEO plugin v27.4 - https:\/\/yoast.com\/product\/yoast-seo-wordpress\/ -->\n<title>Campa\u00f1as \u00bfEntre la indiferencia o el rechazo ciudadanos? - Los pol\u00edticos Veracruz<\/title>\n<meta name=\"robots\" content=\"index, follow, max-snippet:-1, max-image-preview:large, max-video-preview:-1\" \/>\n<link rel=\"canonical\" href=\"https:\/\/lospoliticosveracruz.com\/?p=70484\" \/>\n<meta property=\"og:locale\" content=\"es_ES\" \/>\n<meta property=\"og:type\" content=\"article\" \/>\n<meta property=\"og:title\" content=\"Campa\u00f1as \u00bfEntre la indiferencia o el rechazo ciudadanos? - Los pol\u00edticos Veracruz\" \/>\n<meta property=\"og:description\" content=\"Emilio C\u00e1rdenas Escobosa De Inter\u00e9s P\u00fablico En todas las democracias modernas es com\u00fan que el partido que gobierna busque su permanencia en el poder y que la ciudadan\u00eda que en un momento determinado les otorg\u00f3 su confianza se la refrende en el siguiente proceso electoral. Este prop\u00f3sito implicar\u00eda, en primer lugar, que al llegar a [&hellip;]\" \/>\n<meta property=\"og:url\" content=\"https:\/\/lospoliticosveracruz.com\/?p=70484\" \/>\n<meta property=\"og:site_name\" content=\"Los pol\u00edticos Veracruz\" \/>\n<meta property=\"article:publisher\" content=\"https:\/\/www.facebook.com\/people\/Notimemes-de-los-Polticos\/61565672886568\/\" \/>\n<meta property=\"article:published_time\" content=\"2021-04-05T03:00:39+00:00\" \/>\n<meta property=\"article:modified_time\" content=\"2021-04-05T03:00:43+00:00\" \/>\n<meta property=\"og:image\" content=\"https:\/\/lospoliticosveracruz.com\/wp-content\/uploads\/2016\/07\/Logo-Dor.jpg\" \/>\n\t<meta property=\"og:image:width\" content=\"200\" \/>\n\t<meta property=\"og:image:height\" content=\"200\" \/>\n\t<meta property=\"og:image:type\" content=\"image\/jpeg\" \/>\n<meta name=\"author\" content=\"Lo viste en Los Pol\u00edticos\" \/>\n<meta name=\"twitter:card\" content=\"summary_large_image\" \/>\n<meta name=\"twitter:creator\" content=\"@LosPoliticosVer\" \/>\n<meta name=\"twitter:site\" content=\"@LosPoliticosVer\" \/>\n<meta name=\"twitter:label1\" content=\"Escrito por\" \/>\n\t<meta name=\"twitter:data1\" content=\"Lo viste en Los Pol\u00edticos\" \/>\n\t<meta name=\"twitter:label2\" content=\"Tiempo de lectura\" \/>\n\t<meta name=\"twitter:data2\" content=\"5 minutos\" \/>\n<script type=\"application\/ld+json\" class=\"yoast-schema-graph\">{\"@context\":\"https:\\\/\\\/schema.org\",\"@graph\":[{\"@type\":\"Article\",\"@id\":\"https:\\\/\\\/lospoliticosveracruz.com\\\/?p=70484#article\",\"isPartOf\":{\"@id\":\"https:\\\/\\\/lospoliticosveracruz.com\\\/?p=70484\"},\"author\":{\"name\":\"Lo viste en Los Pol\u00edticos\",\"@id\":\"https:\\\/\\\/lospoliticosveracruz.com\\\/#\\\/schema\\\/person\\\/b8702bb0e538456e6efd07080bf2a4a2\"},\"headline\":\"Campa\u00f1as \u00bfEntre la indiferencia o el rechazo ciudadanos?\",\"datePublished\":\"2021-04-05T03:00:39+00:00\",\"dateModified\":\"2021-04-05T03:00:43+00:00\",\"mainEntityOfPage\":{\"@id\":\"https:\\\/\\\/lospoliticosveracruz.com\\\/?p=70484\"},\"wordCount\":1044,\"publisher\":{\"@id\":\"https:\\\/\\\/lospoliticosveracruz.com\\\/#organization\"},\"keywords\":[\"campa\u00f1as\",\"ciudadan\u00eda\",\"desconfianza\",\"Emilio C\u00e1rdenas Escobosa\",\"Partido pol\u00edtico\",\"Poder p\u00fablico\",\"proceso electoral\"],\"articleSection\":[\"De Opini\u00f3n\"],\"inLanguage\":\"es\"},{\"@type\":\"WebPage\",\"@id\":\"https:\\\/\\\/lospoliticosveracruz.com\\\/?p=70484\",\"url\":\"https:\\\/\\\/lospoliticosveracruz.com\\\/?p=70484\",\"name\":\"Campa\u00f1as \u00bfEntre la indiferencia o el rechazo ciudadanos? - Los pol\u00edticos Veracruz\",\"isPartOf\":{\"@id\":\"https:\\\/\\\/lospoliticosveracruz.com\\\/#website\"},\"datePublished\":\"2021-04-05T03:00:39+00:00\",\"dateModified\":\"2021-04-05T03:00:43+00:00\",\"breadcrumb\":{\"@id\":\"https:\\\/\\\/lospoliticosveracruz.com\\\/?p=70484#breadcrumb\"},\"inLanguage\":\"es\",\"potentialAction\":[{\"@type\":\"ReadAction\",\"target\":[\"https:\\\/\\\/lospoliticosveracruz.com\\\/?p=70484\"]}]},{\"@type\":\"BreadcrumbList\",\"@id\":\"https:\\\/\\\/lospoliticosveracruz.com\\\/?p=70484#breadcrumb\",\"itemListElement\":[{\"@type\":\"ListItem\",\"position\":1,\"name\":\"Portada\",\"item\":\"https:\\\/\\\/lospoliticosveracruz.com\\\/\"},{\"@type\":\"ListItem\",\"position\":2,\"name\":\"Campa\u00f1as \u00bfEntre la indiferencia o el rechazo ciudadanos?\"}]},{\"@type\":\"WebSite\",\"@id\":\"https:\\\/\\\/lospoliticosveracruz.com\\\/#website\",\"url\":\"https:\\\/\\\/lospoliticosveracruz.com\\\/\",\"name\":\"Los pol\u00edticos Veracruz\",\"description\":\"\",\"publisher\":{\"@id\":\"https:\\\/\\\/lospoliticosveracruz.com\\\/#organization\"},\"potentialAction\":[{\"@type\":\"SearchAction\",\"target\":{\"@type\":\"EntryPoint\",\"urlTemplate\":\"https:\\\/\\\/lospoliticosveracruz.com\\\/?s={search_term_string}\"},\"query-input\":{\"@type\":\"PropertyValueSpecification\",\"valueRequired\":true,\"valueName\":\"search_term_string\"}}],\"inLanguage\":\"es\"},{\"@type\":\"Organization\",\"@id\":\"https:\\\/\\\/lospoliticosveracruz.com\\\/#organization\",\"name\":\"Los pol\u00edticos Veracruz\",\"url\":\"https:\\\/\\\/lospoliticosveracruz.com\\\/\",\"logo\":{\"@type\":\"ImageObject\",\"inLanguage\":\"es\",\"@id\":\"https:\\\/\\\/lospoliticosveracruz.com\\\/#\\\/schema\\\/logo\\\/image\\\/\",\"url\":\"https:\\\/\\\/lospoliticosveracruz.com\\\/wp-content\\\/uploads\\\/2025\\\/12\\\/Logo-Nuevo-LOS-POLITICOS-1.jpg\",\"contentUrl\":\"https:\\\/\\\/lospoliticosveracruz.com\\\/wp-content\\\/uploads\\\/2025\\\/12\\\/Logo-Nuevo-LOS-POLITICOS-1.jpg\",\"width\":260,\"height\":70,\"caption\":\"Los pol\u00edticos Veracruz\"},\"image\":{\"@id\":\"https:\\\/\\\/lospoliticosveracruz.com\\\/#\\\/schema\\\/logo\\\/image\\\/\"},\"sameAs\":[\"https:\\\/\\\/www.facebook.com\\\/people\\\/Notimemes-de-los-Polticos\\\/61565672886568\\\/\",\"https:\\\/\\\/x.com\\\/LosPoliticosVer\"]},{\"@type\":\"Person\",\"@id\":\"https:\\\/\\\/lospoliticosveracruz.com\\\/#\\\/schema\\\/person\\\/b8702bb0e538456e6efd07080bf2a4a2\",\"name\":\"Lo viste en Los Pol\u00edticos\",\"image\":{\"@type\":\"ImageObject\",\"inLanguage\":\"es\",\"@id\":\"https:\\\/\\\/secure.gravatar.com\\\/avatar\\\/3a8de04a2656d44082be478bd6c086daa447c4651605818287b9532d3d0bd435?s=96&d=mm&r=g\",\"url\":\"https:\\\/\\\/secure.gravatar.com\\\/avatar\\\/3a8de04a2656d44082be478bd6c086daa447c4651605818287b9532d3d0bd435?s=96&d=mm&r=g\",\"contentUrl\":\"https:\\\/\\\/secure.gravatar.com\\\/avatar\\\/3a8de04a2656d44082be478bd6c086daa447c4651605818287b9532d3d0bd435?s=96&d=mm&r=g\",\"caption\":\"Lo viste en Los Pol\u00edticos\"},\"url\":\"https:\\\/\\\/lospoliticosveracruz.com\\\/?author=2\"}]}<\/script>\n<!-- \/ Yoast SEO plugin. -->","yoast_head_json":{"title":"Campa\u00f1as \u00bfEntre la indiferencia o el rechazo ciudadanos? - Los pol\u00edticos Veracruz","robots":{"index":"index","follow":"follow","max-snippet":"max-snippet:-1","max-image-preview":"max-image-preview:large","max-video-preview":"max-video-preview:-1"},"canonical":"https:\/\/lospoliticosveracruz.com\/?p=70484","og_locale":"es_ES","og_type":"article","og_title":"Campa\u00f1as \u00bfEntre la indiferencia o el rechazo ciudadanos? - Los pol\u00edticos Veracruz","og_description":"Emilio C\u00e1rdenas Escobosa De Inter\u00e9s P\u00fablico En todas las democracias modernas es com\u00fan que el partido que gobierna busque su permanencia en el poder y que la ciudadan\u00eda que en un momento determinado les otorg\u00f3 su confianza se la refrende en el siguiente proceso electoral. Este prop\u00f3sito implicar\u00eda, en primer lugar, que al llegar a [&hellip;]","og_url":"https:\/\/lospoliticosveracruz.com\/?p=70484","og_site_name":"Los pol\u00edticos Veracruz","article_publisher":"https:\/\/www.facebook.com\/people\/Notimemes-de-los-Polticos\/61565672886568\/","article_published_time":"2021-04-05T03:00:39+00:00","article_modified_time":"2021-04-05T03:00:43+00:00","og_image":[{"width":200,"height":200,"url":"https:\/\/lospoliticosveracruz.com\/wp-content\/uploads\/2016\/07\/Logo-Dor.jpg","type":"image\/jpeg"}],"author":"Lo viste en Los Pol\u00edticos","twitter_card":"summary_large_image","twitter_creator":"@LosPoliticosVer","twitter_site":"@LosPoliticosVer","twitter_misc":{"Escrito por":"Lo viste en Los Pol\u00edticos","Tiempo de lectura":"5 minutos"},"schema":{"@context":"https:\/\/schema.org","@graph":[{"@type":"Article","@id":"https:\/\/lospoliticosveracruz.com\/?p=70484#article","isPartOf":{"@id":"https:\/\/lospoliticosveracruz.com\/?p=70484"},"author":{"name":"Lo viste en Los Pol\u00edticos","@id":"https:\/\/lospoliticosveracruz.com\/#\/schema\/person\/b8702bb0e538456e6efd07080bf2a4a2"},"headline":"Campa\u00f1as \u00bfEntre la indiferencia o el rechazo ciudadanos?","datePublished":"2021-04-05T03:00:39+00:00","dateModified":"2021-04-05T03:00:43+00:00","mainEntityOfPage":{"@id":"https:\/\/lospoliticosveracruz.com\/?p=70484"},"wordCount":1044,"publisher":{"@id":"https:\/\/lospoliticosveracruz.com\/#organization"},"keywords":["campa\u00f1as","ciudadan\u00eda","desconfianza","Emilio C\u00e1rdenas Escobosa","Partido pol\u00edtico","Poder p\u00fablico","proceso electoral"],"articleSection":["De Opini\u00f3n"],"inLanguage":"es"},{"@type":"WebPage","@id":"https:\/\/lospoliticosveracruz.com\/?p=70484","url":"https:\/\/lospoliticosveracruz.com\/?p=70484","name":"Campa\u00f1as \u00bfEntre la indiferencia o el rechazo ciudadanos? - Los pol\u00edticos Veracruz","isPartOf":{"@id":"https:\/\/lospoliticosveracruz.com\/#website"},"datePublished":"2021-04-05T03:00:39+00:00","dateModified":"2021-04-05T03:00:43+00:00","breadcrumb":{"@id":"https:\/\/lospoliticosveracruz.com\/?p=70484#breadcrumb"},"inLanguage":"es","potentialAction":[{"@type":"ReadAction","target":["https:\/\/lospoliticosveracruz.com\/?p=70484"]}]},{"@type":"BreadcrumbList","@id":"https:\/\/lospoliticosveracruz.com\/?p=70484#breadcrumb","itemListElement":[{"@type":"ListItem","position":1,"name":"Portada","item":"https:\/\/lospoliticosveracruz.com\/"},{"@type":"ListItem","position":2,"name":"Campa\u00f1as \u00bfEntre la indiferencia o el rechazo ciudadanos?"}]},{"@type":"WebSite","@id":"https:\/\/lospoliticosveracruz.com\/#website","url":"https:\/\/lospoliticosveracruz.com\/","name":"Los pol\u00edticos Veracruz","description":"","publisher":{"@id":"https:\/\/lospoliticosveracruz.com\/#organization"},"potentialAction":[{"@type":"SearchAction","target":{"@type":"EntryPoint","urlTemplate":"https:\/\/lospoliticosveracruz.com\/?s={search_term_string}"},"query-input":{"@type":"PropertyValueSpecification","valueRequired":true,"valueName":"search_term_string"}}],"inLanguage":"es"},{"@type":"Organization","@id":"https:\/\/lospoliticosveracruz.com\/#organization","name":"Los pol\u00edticos Veracruz","url":"https:\/\/lospoliticosveracruz.com\/","logo":{"@type":"ImageObject","inLanguage":"es","@id":"https:\/\/lospoliticosveracruz.com\/#\/schema\/logo\/image\/","url":"https:\/\/lospoliticosveracruz.com\/wp-content\/uploads\/2025\/12\/Logo-Nuevo-LOS-POLITICOS-1.jpg","contentUrl":"https:\/\/lospoliticosveracruz.com\/wp-content\/uploads\/2025\/12\/Logo-Nuevo-LOS-POLITICOS-1.jpg","width":260,"height":70,"caption":"Los pol\u00edticos Veracruz"},"image":{"@id":"https:\/\/lospoliticosveracruz.com\/#\/schema\/logo\/image\/"},"sameAs":["https:\/\/www.facebook.com\/people\/Notimemes-de-los-Polticos\/61565672886568\/","https:\/\/x.com\/LosPoliticosVer"]},{"@type":"Person","@id":"https:\/\/lospoliticosveracruz.com\/#\/schema\/person\/b8702bb0e538456e6efd07080bf2a4a2","name":"Lo viste en Los Pol\u00edticos","image":{"@type":"ImageObject","inLanguage":"es","@id":"https:\/\/secure.gravatar.com\/avatar\/3a8de04a2656d44082be478bd6c086daa447c4651605818287b9532d3d0bd435?s=96&d=mm&r=g","url":"https:\/\/secure.gravatar.com\/avatar\/3a8de04a2656d44082be478bd6c086daa447c4651605818287b9532d3d0bd435?s=96&d=mm&r=g","contentUrl":"https:\/\/secure.gravatar.com\/avatar\/3a8de04a2656d44082be478bd6c086daa447c4651605818287b9532d3d0bd435?s=96&d=mm&r=g","caption":"Lo viste en Los Pol\u00edticos"},"url":"https:\/\/lospoliticosveracruz.com\/?author=2"}]}},"_links":{"self":[{"href":"https:\/\/lospoliticosveracruz.com\/index.php?rest_route=\/wp\/v2\/posts\/70484","targetHints":{"allow":["GET"]}}],"collection":[{"href":"https:\/\/lospoliticosveracruz.com\/index.php?rest_route=\/wp\/v2\/posts"}],"about":[{"href":"https:\/\/lospoliticosveracruz.com\/index.php?rest_route=\/wp\/v2\/types\/post"}],"author":[{"embeddable":true,"href":"https:\/\/lospoliticosveracruz.com\/index.php?rest_route=\/wp\/v2\/users\/2"}],"replies":[{"embeddable":true,"href":"https:\/\/lospoliticosveracruz.com\/index.php?rest_route=%2Fwp%2Fv2%2Fcomments&post=70484"}],"version-history":[{"count":1,"href":"https:\/\/lospoliticosveracruz.com\/index.php?rest_route=\/wp\/v2\/posts\/70484\/revisions"}],"predecessor-version":[{"id":70485,"href":"https:\/\/lospoliticosveracruz.com\/index.php?rest_route=\/wp\/v2\/posts\/70484\/revisions\/70485"}],"wp:attachment":[{"href":"https:\/\/lospoliticosveracruz.com\/index.php?rest_route=%2Fwp%2Fv2%2Fmedia&parent=70484"}],"wp:term":[{"taxonomy":"category","embeddable":true,"href":"https:\/\/lospoliticosveracruz.com\/index.php?rest_route=%2Fwp%2Fv2%2Fcategories&post=70484"},{"taxonomy":"post_tag","embeddable":true,"href":"https:\/\/lospoliticosveracruz.com\/index.php?rest_route=%2Fwp%2Fv2%2Ftags&post=70484"}],"curies":[{"name":"wp","href":"https:\/\/api.w.org\/{rel}","templated":true}]}}