{"id":70499,"date":"2021-04-05T10:15:22","date_gmt":"2021-04-05T15:15:22","guid":{"rendered":"http:\/\/www.lospoliticosveracruz.com.mx\/?p=70499"},"modified":"2021-04-05T10:15:29","modified_gmt":"2021-04-05T15:15:29","slug":"una-hora-de-vida-perdida-2","status":"publish","type":"post","link":"https:\/\/lospoliticosveracruz.com\/?p=70499","title":{"rendered":"Una hora de vida perdida"},"content":{"rendered":"\n<p><strong>Sergio Gonz\u00e1lez Levet<\/strong><\/p>\n\n\n\n<p>Sin tacto<br><\/p>\n\n\n\n<p>Cada a\u00f1o cuando se acerca y cada a\u00f1o cuando termina el horario de verano repito sendos textos en los que me opongo a esta medida, que nos afecta en una parte muy \u00edntima de la vida: la del sue\u00f1o, el descanso y el reloj biol\u00f3gico.<br>Por eso, ahora que el pasado domingo tuvimos que adelantar a forziori una hora nuestros relojes, yo vuelvo con mi queja:<br>Los tecn\u00f3cratas de la Comisi\u00f3n Federal de Electricidad y los c\u00f3mplices que seguramente tienen en la administraci\u00f3n federal (con todo y Morrena y con todo y su \u00abhonest\u00edsimo\u00bb Director General, Manuel Bartlett) una vez m\u00e1s hicieron de las suyas, y el pasado Domingo de Resurrecci\u00f3n -despu\u00e9s de una campa\u00f1a de s\u00f3lo dos d\u00edas para dar a conocer el evento- nuevamente tuvimos que adelantar una hora nuestros relojes, y perder 60 minutos diarios de sue\u00f1o y descanso, todo con el fin de que nuestro horario nacional no vaya a molestar los de aerol\u00edneas internacionales, bancos mundiales y organismos que se rigen por las condiciones clim\u00e1ticas del norte del mundo, donde est\u00e1n establecidos los pa\u00edses occidentales m\u00e1s poderosos.<br>Una vez m\u00e1s seguir\u00e1n con la retah\u00edla de que el famoso horario de verano (que empieza en primavera y termina en oto\u00f1o) significa grandes ahorros para el pa\u00eds; ahorros que como ciudadanos comunes y corrientes nunca vemos reflejados en nuestros bolsillos o en el recibo que religiosamente nos pasa cada mes o cada dos meses la Empresa de Clase Mundial. Lo ser\u00e1 por sus tarifas.<br>La CFE insiste en que mand\u00f3 a hacer con bi\u00f3logos y otros expertos de la UNAM un estudio que demostr\u00f3 que el horario de verano no afecta al organismo de los seres humanos. Ofrecieron esos se\u00f1ores an\u00f3nimos, doctas disquisiciones sobre la manera en que el cuerpo humano se adapta de inmediato al cambio de horario.<br>Yo lo le\u00ed concienzudamente hace algunos a\u00f1os, y desde entonces rega\u00f1o a mi organismo porque no quiere hacer caso a tan especializadas y estudiadas opiniones. Y es que mientras ellos dicen que no, mis \u00f3rganos dicen que s\u00ed, y el cerebro no alcanza a entender que se tiene que poner a dormir una hora antes, ni el est\u00f3mago atiende a que va a comer a deshoras durante siete largos meses.<br>En fin, esta medida es una imposici\u00f3n de tipo fascista, autoritaria, pues los ciudadanos estamos en indefensi\u00f3n ante una orden dictada por el Gobierno (esperamos que al menos sea el mexicano), que vuelve a ser impuesta a\u00f1o con a\u00f1o, aunque es creciente el n\u00famero de adormilados ciudadanos que se oponen. Y la Cuarta Transformaci\u00f3n nom\u00e1s no llega a comprender eso.<br>\u00bfPor qu\u00e9 no, en lugar de obligarnos a seguir una medida oficial, se nos invita a participar libre y democr\u00e1ticamente en un ahorro nacional de energ\u00eda logrado con la colaboraci\u00f3n de todos los mexicanos?<br>\u00bfPor qu\u00e9 no, por ejemplo, mejor convocarnos a todos a que apaguemos nuestros focos y nuestros aparatos una hora al d\u00eda, como lo hicieron los de La Hora del Planeta? As\u00ed, todos ver\u00edamos una reducci\u00f3n notable en lo que pagamos, y sentir\u00edamos que estamos participando activamente, no como simples t\u00edteres, muertos de sue\u00f1o y hambre.<br>\u00a1No hay que ser!<\/p>\n\n\n\n<p>sglevet@gmail.com<\/p>\n","protected":false},"excerpt":{"rendered":"<p>Sergio Gonz\u00e1lez Levet Sin tacto Cada a\u00f1o cuando se acerca y cada a\u00f1o cuando termina el horario de verano repito sendos textos en los que me opongo a esta medida, que nos afecta en una parte muy \u00edntima de la vida: la del sue\u00f1o, el descanso y el reloj biol\u00f3gico.Por eso, ahora que el pasado [&hellip;]<\/p>\n","protected":false},"author":2,"featured_media":0,"comment_status":"closed","ping_status":"closed","sticky":false,"template":"","format":"standard","meta":{"tdm_status":"","tdm_grid_status":"","footnotes":""},"categories":[70],"tags":[22938,4973,12744,16506,12040,1026,1282],"class_list":{"0":"post-70499","1":"post","2":"type-post","3":"status-publish","4":"format-standard","6":"category-de-opinion","7":"tag-cambio-de-horario","8":"tag-cfe","9":"tag-cuarta-transformacion","10":"tag-indefension","11":"tag-manuel-bartlett","12":"tag-morena","13":"tag-sergio-gonzalez-levet"},"yoast_head":"<!-- This site is optimized with the Yoast SEO plugin v27.4 - https:\/\/yoast.com\/product\/yoast-seo-wordpress\/ -->\n<title>Una hora de vida perdida - Los pol\u00edticos Veracruz<\/title>\n<meta name=\"robots\" content=\"index, follow, max-snippet:-1, max-image-preview:large, max-video-preview:-1\" \/>\n<link rel=\"canonical\" href=\"https:\/\/lospoliticosveracruz.com\/?p=70499\" \/>\n<meta property=\"og:locale\" content=\"es_ES\" \/>\n<meta property=\"og:type\" content=\"article\" \/>\n<meta property=\"og:title\" content=\"Una hora de vida perdida - Los pol\u00edticos Veracruz\" \/>\n<meta property=\"og:description\" content=\"Sergio Gonz\u00e1lez Levet Sin tacto Cada a\u00f1o cuando se acerca y cada a\u00f1o cuando termina el horario de verano repito sendos textos en los que me opongo a esta medida, que nos afecta en una parte muy \u00edntima de la vida: la del sue\u00f1o, el descanso y el reloj biol\u00f3gico.Por eso, ahora que el pasado [&hellip;]\" \/>\n<meta property=\"og:url\" content=\"https:\/\/lospoliticosveracruz.com\/?p=70499\" \/>\n<meta property=\"og:site_name\" content=\"Los pol\u00edticos Veracruz\" \/>\n<meta property=\"article:publisher\" content=\"https:\/\/www.facebook.com\/people\/Notimemes-de-los-Polticos\/61565672886568\/\" \/>\n<meta property=\"article:published_time\" content=\"2021-04-05T15:15:22+00:00\" \/>\n<meta property=\"article:modified_time\" content=\"2021-04-05T15:15:29+00:00\" \/>\n<meta property=\"og:image\" content=\"https:\/\/lospoliticosveracruz.com\/wp-content\/uploads\/2016\/07\/Logo-Dor.jpg\" \/>\n\t<meta property=\"og:image:width\" content=\"200\" \/>\n\t<meta property=\"og:image:height\" content=\"200\" \/>\n\t<meta property=\"og:image:type\" content=\"image\/jpeg\" \/>\n<meta name=\"author\" content=\"Lo viste en Los Pol\u00edticos\" \/>\n<meta name=\"twitter:card\" content=\"summary_large_image\" \/>\n<meta name=\"twitter:creator\" content=\"@LosPoliticosVer\" \/>\n<meta name=\"twitter:site\" content=\"@LosPoliticosVer\" \/>\n<meta name=\"twitter:label1\" content=\"Escrito por\" \/>\n\t<meta name=\"twitter:data1\" content=\"Lo viste en Los Pol\u00edticos\" \/>\n\t<meta name=\"twitter:label2\" content=\"Tiempo de lectura\" \/>\n\t<meta name=\"twitter:data2\" content=\"3 minutos\" \/>\n<script type=\"application\/ld+json\" class=\"yoast-schema-graph\">{\"@context\":\"https:\\\/\\\/schema.org\",\"@graph\":[{\"@type\":\"Article\",\"@id\":\"https:\\\/\\\/lospoliticosveracruz.com\\\/?p=70499#article\",\"isPartOf\":{\"@id\":\"https:\\\/\\\/lospoliticosveracruz.com\\\/?p=70499\"},\"author\":{\"name\":\"Lo viste en Los Pol\u00edticos\",\"@id\":\"https:\\\/\\\/lospoliticosveracruz.com\\\/#\\\/schema\\\/person\\\/b8702bb0e538456e6efd07080bf2a4a2\"},\"headline\":\"Una hora de vida perdida\",\"datePublished\":\"2021-04-05T15:15:22+00:00\",\"dateModified\":\"2021-04-05T15:15:29+00:00\",\"mainEntityOfPage\":{\"@id\":\"https:\\\/\\\/lospoliticosveracruz.com\\\/?p=70499\"},\"wordCount\":586,\"publisher\":{\"@id\":\"https:\\\/\\\/lospoliticosveracruz.com\\\/#organization\"},\"keywords\":[\"cambio de horario\",\"CFE\",\"Cuarta Transformaci\u00f3n\",\"indefensi\u00f3n\",\"Manuel Bartlett\",\"Morena\",\"Sergio Gonz\u00e1lez Levet\"],\"articleSection\":[\"De Opini\u00f3n\"],\"inLanguage\":\"es\"},{\"@type\":\"WebPage\",\"@id\":\"https:\\\/\\\/lospoliticosveracruz.com\\\/?p=70499\",\"url\":\"https:\\\/\\\/lospoliticosveracruz.com\\\/?p=70499\",\"name\":\"Una hora de vida perdida - Los pol\u00edticos Veracruz\",\"isPartOf\":{\"@id\":\"https:\\\/\\\/lospoliticosveracruz.com\\\/#website\"},\"datePublished\":\"2021-04-05T15:15:22+00:00\",\"dateModified\":\"2021-04-05T15:15:29+00:00\",\"breadcrumb\":{\"@id\":\"https:\\\/\\\/lospoliticosveracruz.com\\\/?p=70499#breadcrumb\"},\"inLanguage\":\"es\",\"potentialAction\":[{\"@type\":\"ReadAction\",\"target\":[\"https:\\\/\\\/lospoliticosveracruz.com\\\/?p=70499\"]}]},{\"@type\":\"BreadcrumbList\",\"@id\":\"https:\\\/\\\/lospoliticosveracruz.com\\\/?p=70499#breadcrumb\",\"itemListElement\":[{\"@type\":\"ListItem\",\"position\":1,\"name\":\"Portada\",\"item\":\"https:\\\/\\\/lospoliticosveracruz.com\\\/\"},{\"@type\":\"ListItem\",\"position\":2,\"name\":\"Una hora de vida perdida\"}]},{\"@type\":\"WebSite\",\"@id\":\"https:\\\/\\\/lospoliticosveracruz.com\\\/#website\",\"url\":\"https:\\\/\\\/lospoliticosveracruz.com\\\/\",\"name\":\"Los pol\u00edticos Veracruz\",\"description\":\"\",\"publisher\":{\"@id\":\"https:\\\/\\\/lospoliticosveracruz.com\\\/#organization\"},\"potentialAction\":[{\"@type\":\"SearchAction\",\"target\":{\"@type\":\"EntryPoint\",\"urlTemplate\":\"https:\\\/\\\/lospoliticosveracruz.com\\\/?s={search_term_string}\"},\"query-input\":{\"@type\":\"PropertyValueSpecification\",\"valueRequired\":true,\"valueName\":\"search_term_string\"}}],\"inLanguage\":\"es\"},{\"@type\":\"Organization\",\"@id\":\"https:\\\/\\\/lospoliticosveracruz.com\\\/#organization\",\"name\":\"Los pol\u00edticos Veracruz\",\"url\":\"https:\\\/\\\/lospoliticosveracruz.com\\\/\",\"logo\":{\"@type\":\"ImageObject\",\"inLanguage\":\"es\",\"@id\":\"https:\\\/\\\/lospoliticosveracruz.com\\\/#\\\/schema\\\/logo\\\/image\\\/\",\"url\":\"https:\\\/\\\/lospoliticosveracruz.com\\\/wp-content\\\/uploads\\\/2025\\\/12\\\/Logo-Nuevo-LOS-POLITICOS-1.jpg\",\"contentUrl\":\"https:\\\/\\\/lospoliticosveracruz.com\\\/wp-content\\\/uploads\\\/2025\\\/12\\\/Logo-Nuevo-LOS-POLITICOS-1.jpg\",\"width\":260,\"height\":70,\"caption\":\"Los pol\u00edticos Veracruz\"},\"image\":{\"@id\":\"https:\\\/\\\/lospoliticosveracruz.com\\\/#\\\/schema\\\/logo\\\/image\\\/\"},\"sameAs\":[\"https:\\\/\\\/www.facebook.com\\\/people\\\/Notimemes-de-los-Polticos\\\/61565672886568\\\/\",\"https:\\\/\\\/x.com\\\/LosPoliticosVer\"]},{\"@type\":\"Person\",\"@id\":\"https:\\\/\\\/lospoliticosveracruz.com\\\/#\\\/schema\\\/person\\\/b8702bb0e538456e6efd07080bf2a4a2\",\"name\":\"Lo viste en Los Pol\u00edticos\",\"image\":{\"@type\":\"ImageObject\",\"inLanguage\":\"es\",\"@id\":\"https:\\\/\\\/secure.gravatar.com\\\/avatar\\\/3a8de04a2656d44082be478bd6c086daa447c4651605818287b9532d3d0bd435?s=96&d=mm&r=g\",\"url\":\"https:\\\/\\\/secure.gravatar.com\\\/avatar\\\/3a8de04a2656d44082be478bd6c086daa447c4651605818287b9532d3d0bd435?s=96&d=mm&r=g\",\"contentUrl\":\"https:\\\/\\\/secure.gravatar.com\\\/avatar\\\/3a8de04a2656d44082be478bd6c086daa447c4651605818287b9532d3d0bd435?s=96&d=mm&r=g\",\"caption\":\"Lo viste en Los Pol\u00edticos\"},\"url\":\"https:\\\/\\\/lospoliticosveracruz.com\\\/?author=2\"}]}<\/script>\n<!-- \/ Yoast SEO plugin. -->","yoast_head_json":{"title":"Una hora de vida perdida - Los pol\u00edticos Veracruz","robots":{"index":"index","follow":"follow","max-snippet":"max-snippet:-1","max-image-preview":"max-image-preview:large","max-video-preview":"max-video-preview:-1"},"canonical":"https:\/\/lospoliticosveracruz.com\/?p=70499","og_locale":"es_ES","og_type":"article","og_title":"Una hora de vida perdida - Los pol\u00edticos Veracruz","og_description":"Sergio Gonz\u00e1lez Levet Sin tacto Cada a\u00f1o cuando se acerca y cada a\u00f1o cuando termina el horario de verano repito sendos textos en los que me opongo a esta medida, que nos afecta en una parte muy \u00edntima de la vida: la del sue\u00f1o, el descanso y el reloj biol\u00f3gico.Por eso, ahora que el pasado [&hellip;]","og_url":"https:\/\/lospoliticosveracruz.com\/?p=70499","og_site_name":"Los pol\u00edticos Veracruz","article_publisher":"https:\/\/www.facebook.com\/people\/Notimemes-de-los-Polticos\/61565672886568\/","article_published_time":"2021-04-05T15:15:22+00:00","article_modified_time":"2021-04-05T15:15:29+00:00","og_image":[{"width":200,"height":200,"url":"https:\/\/lospoliticosveracruz.com\/wp-content\/uploads\/2016\/07\/Logo-Dor.jpg","type":"image\/jpeg"}],"author":"Lo viste en Los Pol\u00edticos","twitter_card":"summary_large_image","twitter_creator":"@LosPoliticosVer","twitter_site":"@LosPoliticosVer","twitter_misc":{"Escrito por":"Lo viste en Los Pol\u00edticos","Tiempo de lectura":"3 minutos"},"schema":{"@context":"https:\/\/schema.org","@graph":[{"@type":"Article","@id":"https:\/\/lospoliticosveracruz.com\/?p=70499#article","isPartOf":{"@id":"https:\/\/lospoliticosveracruz.com\/?p=70499"},"author":{"name":"Lo viste en Los Pol\u00edticos","@id":"https:\/\/lospoliticosveracruz.com\/#\/schema\/person\/b8702bb0e538456e6efd07080bf2a4a2"},"headline":"Una hora de vida perdida","datePublished":"2021-04-05T15:15:22+00:00","dateModified":"2021-04-05T15:15:29+00:00","mainEntityOfPage":{"@id":"https:\/\/lospoliticosveracruz.com\/?p=70499"},"wordCount":586,"publisher":{"@id":"https:\/\/lospoliticosveracruz.com\/#organization"},"keywords":["cambio de horario","CFE","Cuarta Transformaci\u00f3n","indefensi\u00f3n","Manuel Bartlett","Morena","Sergio Gonz\u00e1lez Levet"],"articleSection":["De Opini\u00f3n"],"inLanguage":"es"},{"@type":"WebPage","@id":"https:\/\/lospoliticosveracruz.com\/?p=70499","url":"https:\/\/lospoliticosveracruz.com\/?p=70499","name":"Una hora de vida perdida - Los pol\u00edticos Veracruz","isPartOf":{"@id":"https:\/\/lospoliticosveracruz.com\/#website"},"datePublished":"2021-04-05T15:15:22+00:00","dateModified":"2021-04-05T15:15:29+00:00","breadcrumb":{"@id":"https:\/\/lospoliticosveracruz.com\/?p=70499#breadcrumb"},"inLanguage":"es","potentialAction":[{"@type":"ReadAction","target":["https:\/\/lospoliticosveracruz.com\/?p=70499"]}]},{"@type":"BreadcrumbList","@id":"https:\/\/lospoliticosveracruz.com\/?p=70499#breadcrumb","itemListElement":[{"@type":"ListItem","position":1,"name":"Portada","item":"https:\/\/lospoliticosveracruz.com\/"},{"@type":"ListItem","position":2,"name":"Una hora de vida perdida"}]},{"@type":"WebSite","@id":"https:\/\/lospoliticosveracruz.com\/#website","url":"https:\/\/lospoliticosveracruz.com\/","name":"Los pol\u00edticos Veracruz","description":"","publisher":{"@id":"https:\/\/lospoliticosveracruz.com\/#organization"},"potentialAction":[{"@type":"SearchAction","target":{"@type":"EntryPoint","urlTemplate":"https:\/\/lospoliticosveracruz.com\/?s={search_term_string}"},"query-input":{"@type":"PropertyValueSpecification","valueRequired":true,"valueName":"search_term_string"}}],"inLanguage":"es"},{"@type":"Organization","@id":"https:\/\/lospoliticosveracruz.com\/#organization","name":"Los pol\u00edticos Veracruz","url":"https:\/\/lospoliticosveracruz.com\/","logo":{"@type":"ImageObject","inLanguage":"es","@id":"https:\/\/lospoliticosveracruz.com\/#\/schema\/logo\/image\/","url":"https:\/\/lospoliticosveracruz.com\/wp-content\/uploads\/2025\/12\/Logo-Nuevo-LOS-POLITICOS-1.jpg","contentUrl":"https:\/\/lospoliticosveracruz.com\/wp-content\/uploads\/2025\/12\/Logo-Nuevo-LOS-POLITICOS-1.jpg","width":260,"height":70,"caption":"Los pol\u00edticos Veracruz"},"image":{"@id":"https:\/\/lospoliticosveracruz.com\/#\/schema\/logo\/image\/"},"sameAs":["https:\/\/www.facebook.com\/people\/Notimemes-de-los-Polticos\/61565672886568\/","https:\/\/x.com\/LosPoliticosVer"]},{"@type":"Person","@id":"https:\/\/lospoliticosveracruz.com\/#\/schema\/person\/b8702bb0e538456e6efd07080bf2a4a2","name":"Lo viste en Los Pol\u00edticos","image":{"@type":"ImageObject","inLanguage":"es","@id":"https:\/\/secure.gravatar.com\/avatar\/3a8de04a2656d44082be478bd6c086daa447c4651605818287b9532d3d0bd435?s=96&d=mm&r=g","url":"https:\/\/secure.gravatar.com\/avatar\/3a8de04a2656d44082be478bd6c086daa447c4651605818287b9532d3d0bd435?s=96&d=mm&r=g","contentUrl":"https:\/\/secure.gravatar.com\/avatar\/3a8de04a2656d44082be478bd6c086daa447c4651605818287b9532d3d0bd435?s=96&d=mm&r=g","caption":"Lo viste en Los Pol\u00edticos"},"url":"https:\/\/lospoliticosveracruz.com\/?author=2"}]}},"_links":{"self":[{"href":"https:\/\/lospoliticosveracruz.com\/index.php?rest_route=\/wp\/v2\/posts\/70499","targetHints":{"allow":["GET"]}}],"collection":[{"href":"https:\/\/lospoliticosveracruz.com\/index.php?rest_route=\/wp\/v2\/posts"}],"about":[{"href":"https:\/\/lospoliticosveracruz.com\/index.php?rest_route=\/wp\/v2\/types\/post"}],"author":[{"embeddable":true,"href":"https:\/\/lospoliticosveracruz.com\/index.php?rest_route=\/wp\/v2\/users\/2"}],"replies":[{"embeddable":true,"href":"https:\/\/lospoliticosveracruz.com\/index.php?rest_route=%2Fwp%2Fv2%2Fcomments&post=70499"}],"version-history":[{"count":1,"href":"https:\/\/lospoliticosveracruz.com\/index.php?rest_route=\/wp\/v2\/posts\/70499\/revisions"}],"predecessor-version":[{"id":70501,"href":"https:\/\/lospoliticosveracruz.com\/index.php?rest_route=\/wp\/v2\/posts\/70499\/revisions\/70501"}],"wp:attachment":[{"href":"https:\/\/lospoliticosveracruz.com\/index.php?rest_route=%2Fwp%2Fv2%2Fmedia&parent=70499"}],"wp:term":[{"taxonomy":"category","embeddable":true,"href":"https:\/\/lospoliticosveracruz.com\/index.php?rest_route=%2Fwp%2Fv2%2Fcategories&post=70499"},{"taxonomy":"post_tag","embeddable":true,"href":"https:\/\/lospoliticosveracruz.com\/index.php?rest_route=%2Fwp%2Fv2%2Ftags&post=70499"}],"curies":[{"name":"wp","href":"https:\/\/api.w.org\/{rel}","templated":true}]}}