{"id":70517,"date":"2021-04-05T18:15:58","date_gmt":"2021-04-05T23:15:58","guid":{"rendered":"http:\/\/www.lospoliticosveracruz.com.mx\/?p=70517"},"modified":"2021-04-05T18:16:03","modified_gmt":"2021-04-05T23:16:03","slug":"sin-alianzas-mc-es-la-opcion","status":"publish","type":"post","link":"https:\/\/lospoliticosveracruz.com\/?p=70517","title":{"rendered":"Sin alianzas, MC es la opci\u00f3n"},"content":{"rendered":"\n<p><strong>Veracruz<\/strong><br>Acompa\u00f1ado de la senadora Ver\u00f3nica Delgadillo, el dirigente estatal de Movimiento Ciudadano, Sergio Gil Rull\u00e1n asegur\u00f3 que sin alianzas, el instituto pol\u00edtico ofrece a la ciudadan\u00eda hombres y mujeres libres y capaces, como lo son Marla Cordero, Mary Chuy Lavalle, Oliver Olmos Cabrera y \u00c1ngel Deschamps, representantes del proyecto ciudadano en los municipios de Veracruz y Boca del R\u00edo.<br>El coordinador estatal, junto con el Delegado Nacional, Luis Carbonell de la Hoz, presentaron ante los medios de comunicaci\u00f3n a Marla Cordero como candidata a la diputaci\u00f3n federal por el distrito 4; Marichuy Lavalle como candidata a diputaci\u00f3n federal por el distrito 12; Oliver Olmos Cabrera ser\u00e1 el abanderado por la alcald\u00eda de Veracruz; \u00c1ngel Dechamps Falc\u00f3n por de Boca del R\u00edo y Leonardo Cruz Casas ser\u00e1 el candidato a la diputaci\u00f3n local por distrito 15.<br>Sergio Gil Rull\u00e1n rechaz\u00f3 que Movimiento Ciudadano est\u00e9 en desventaja por ir solo en esta contienda, y reiter\u00f3 que las alianzas que han hecho los otros partidos son precisamente quienes han traicionado al pueblo, y que no han dado ning\u00fan resultado. Sin embargo, reiter\u00f3 que se espera un gran respaldo ciudadano a partir de contar con propuestas que m\u00e1s all\u00e1 de los colores de los partidos pol\u00edticos, son los defensores de las causas y necesidades de la gente.<br>\u201cVenimos a decirle a la gente que tiene la opci\u00f3n de, escoger entre los mismos de siempre, o los que proponemos un Veracruz en donde todos quepamos, con derechos, con libertad; un Veracruz que deje ese pasado que tanto da\u00f1o nos ha hecho\u201d, precis\u00f3 el dirigente, quien adem\u00e1s declar\u00f3 que Movimiento Ciudadano piensa en la capacidad de sus representantes, considerando la trayectoria que todos han forjado.<br>Por \u00faltimo, argument\u00f3 que Movimiento Ciudadano va en esta contienda electoral de la mano y de cerca de hombres y mujeres que se han sumado a esta Evoluci\u00f3n Mexicana con el \u00fanico prop\u00f3sito de recuperar la grandeza en todos los distritos y municipios de la entidad. \u201cvamos en busca de un Veracruz que deje atr\u00e1s ese pasado que tanto da\u00f1o nos ha hecho a todos\u201d, concluy\u00f3.<\/p>\n","protected":false},"excerpt":{"rendered":"<p>VeracruzAcompa\u00f1ado de la senadora Ver\u00f3nica Delgadillo, el dirigente estatal de Movimiento Ciudadano, Sergio Gil Rull\u00e1n asegur\u00f3 que sin alianzas, el instituto pol\u00edtico ofrece a la ciudadan\u00eda hombres y mujeres libres y capaces, como lo son Marla Cordero, Mary Chuy Lavalle, Oliver Olmos Cabrera y \u00c1ngel Deschamps, representantes del proyecto ciudadano en los municipios de Veracruz [&hellip;]<\/p>\n","protected":false},"author":2,"featured_media":0,"comment_status":"closed","ping_status":"closed","sticky":false,"template":"","format":"standard","meta":{"tdm_status":"","tdm_grid_status":"","footnotes":""},"categories":[73],"tags":[27190,27191,2327,27192,11240],"class_list":{"0":"post-70517","1":"post","2":"type-post","3":"status-publish","4":"format-standard","6":"category-de-boleto","7":"tag-marla-cordero","8":"tag-mary-chuy-lavalle","9":"tag-movimiento-ciudadano","10":"tag-oliver-olmos-cabrera","11":"tag-sergio-gil-rullan"},"yoast_head":"<!-- This site is optimized with the Yoast SEO plugin v27.4 - https:\/\/yoast.com\/product\/yoast-seo-wordpress\/ -->\n<title>Sin alianzas, MC es la opci\u00f3n - Los pol\u00edticos Veracruz<\/title>\n<meta name=\"robots\" content=\"index, follow, max-snippet:-1, max-image-preview:large, max-video-preview:-1\" \/>\n<link rel=\"canonical\" href=\"https:\/\/lospoliticosveracruz.com\/?p=70517\" \/>\n<meta property=\"og:locale\" content=\"es_ES\" \/>\n<meta property=\"og:type\" content=\"article\" \/>\n<meta property=\"og:title\" content=\"Sin alianzas, MC es la opci\u00f3n - Los pol\u00edticos Veracruz\" \/>\n<meta property=\"og:description\" content=\"VeracruzAcompa\u00f1ado de la senadora Ver\u00f3nica Delgadillo, el dirigente estatal de Movimiento Ciudadano, Sergio Gil Rull\u00e1n asegur\u00f3 que sin alianzas, el instituto pol\u00edtico ofrece a la ciudadan\u00eda hombres y mujeres libres y capaces, como lo son Marla Cordero, Mary Chuy Lavalle, Oliver Olmos Cabrera y \u00c1ngel Deschamps, representantes del proyecto ciudadano en los municipios de Veracruz [&hellip;]\" \/>\n<meta property=\"og:url\" content=\"https:\/\/lospoliticosveracruz.com\/?p=70517\" \/>\n<meta property=\"og:site_name\" content=\"Los pol\u00edticos Veracruz\" \/>\n<meta property=\"article:publisher\" content=\"https:\/\/www.facebook.com\/people\/Notimemes-de-los-Polticos\/61565672886568\/\" \/>\n<meta property=\"article:published_time\" content=\"2021-04-05T23:15:58+00:00\" \/>\n<meta property=\"article:modified_time\" content=\"2021-04-05T23:16:03+00:00\" \/>\n<meta property=\"og:image\" content=\"https:\/\/lospoliticosveracruz.com\/wp-content\/uploads\/2016\/07\/Logo-Dor.jpg\" \/>\n\t<meta property=\"og:image:width\" content=\"200\" \/>\n\t<meta property=\"og:image:height\" content=\"200\" \/>\n\t<meta property=\"og:image:type\" content=\"image\/jpeg\" \/>\n<meta name=\"author\" content=\"Lo viste en Los Pol\u00edticos\" \/>\n<meta name=\"twitter:card\" content=\"summary_large_image\" \/>\n<meta name=\"twitter:creator\" content=\"@LosPoliticosVer\" \/>\n<meta name=\"twitter:site\" content=\"@LosPoliticosVer\" \/>\n<meta name=\"twitter:label1\" content=\"Escrito por\" \/>\n\t<meta name=\"twitter:data1\" content=\"Lo viste en Los Pol\u00edticos\" \/>\n\t<meta name=\"twitter:label2\" content=\"Tiempo de lectura\" \/>\n\t<meta name=\"twitter:data2\" content=\"2 minutos\" \/>\n<script type=\"application\/ld+json\" class=\"yoast-schema-graph\">{\"@context\":\"https:\\\/\\\/schema.org\",\"@graph\":[{\"@type\":\"Article\",\"@id\":\"https:\\\/\\\/lospoliticosveracruz.com\\\/?p=70517#article\",\"isPartOf\":{\"@id\":\"https:\\\/\\\/lospoliticosveracruz.com\\\/?p=70517\"},\"author\":{\"name\":\"Lo viste en Los Pol\u00edticos\",\"@id\":\"https:\\\/\\\/lospoliticosveracruz.com\\\/#\\\/schema\\\/person\\\/b8702bb0e538456e6efd07080bf2a4a2\"},\"headline\":\"Sin alianzas, MC es la opci\u00f3n\",\"datePublished\":\"2021-04-05T23:15:58+00:00\",\"dateModified\":\"2021-04-05T23:16:03+00:00\",\"mainEntityOfPage\":{\"@id\":\"https:\\\/\\\/lospoliticosveracruz.com\\\/?p=70517\"},\"wordCount\":374,\"publisher\":{\"@id\":\"https:\\\/\\\/lospoliticosveracruz.com\\\/#organization\"},\"keywords\":[\"Marla Cordero\",\"Mary Chuy Lavalle\",\"Movimiento Ciudadano\",\"Oliver Olmos Cabrera\",\"Sergio Gil Rull\u00e1n\"],\"articleSection\":[\"De Boleto\"],\"inLanguage\":\"es\"},{\"@type\":\"WebPage\",\"@id\":\"https:\\\/\\\/lospoliticosveracruz.com\\\/?p=70517\",\"url\":\"https:\\\/\\\/lospoliticosveracruz.com\\\/?p=70517\",\"name\":\"Sin alianzas, MC es la opci\u00f3n - Los pol\u00edticos Veracruz\",\"isPartOf\":{\"@id\":\"https:\\\/\\\/lospoliticosveracruz.com\\\/#website\"},\"datePublished\":\"2021-04-05T23:15:58+00:00\",\"dateModified\":\"2021-04-05T23:16:03+00:00\",\"breadcrumb\":{\"@id\":\"https:\\\/\\\/lospoliticosveracruz.com\\\/?p=70517#breadcrumb\"},\"inLanguage\":\"es\",\"potentialAction\":[{\"@type\":\"ReadAction\",\"target\":[\"https:\\\/\\\/lospoliticosveracruz.com\\\/?p=70517\"]}]},{\"@type\":\"BreadcrumbList\",\"@id\":\"https:\\\/\\\/lospoliticosveracruz.com\\\/?p=70517#breadcrumb\",\"itemListElement\":[{\"@type\":\"ListItem\",\"position\":1,\"name\":\"Portada\",\"item\":\"https:\\\/\\\/lospoliticosveracruz.com\\\/\"},{\"@type\":\"ListItem\",\"position\":2,\"name\":\"Sin alianzas, MC es la opci\u00f3n\"}]},{\"@type\":\"WebSite\",\"@id\":\"https:\\\/\\\/lospoliticosveracruz.com\\\/#website\",\"url\":\"https:\\\/\\\/lospoliticosveracruz.com\\\/\",\"name\":\"Los pol\u00edticos Veracruz\",\"description\":\"\",\"publisher\":{\"@id\":\"https:\\\/\\\/lospoliticosveracruz.com\\\/#organization\"},\"potentialAction\":[{\"@type\":\"SearchAction\",\"target\":{\"@type\":\"EntryPoint\",\"urlTemplate\":\"https:\\\/\\\/lospoliticosveracruz.com\\\/?s={search_term_string}\"},\"query-input\":{\"@type\":\"PropertyValueSpecification\",\"valueRequired\":true,\"valueName\":\"search_term_string\"}}],\"inLanguage\":\"es\"},{\"@type\":\"Organization\",\"@id\":\"https:\\\/\\\/lospoliticosveracruz.com\\\/#organization\",\"name\":\"Los pol\u00edticos Veracruz\",\"url\":\"https:\\\/\\\/lospoliticosveracruz.com\\\/\",\"logo\":{\"@type\":\"ImageObject\",\"inLanguage\":\"es\",\"@id\":\"https:\\\/\\\/lospoliticosveracruz.com\\\/#\\\/schema\\\/logo\\\/image\\\/\",\"url\":\"https:\\\/\\\/lospoliticosveracruz.com\\\/wp-content\\\/uploads\\\/2025\\\/12\\\/Logo-Nuevo-LOS-POLITICOS-1.jpg\",\"contentUrl\":\"https:\\\/\\\/lospoliticosveracruz.com\\\/wp-content\\\/uploads\\\/2025\\\/12\\\/Logo-Nuevo-LOS-POLITICOS-1.jpg\",\"width\":260,\"height\":70,\"caption\":\"Los pol\u00edticos Veracruz\"},\"image\":{\"@id\":\"https:\\\/\\\/lospoliticosveracruz.com\\\/#\\\/schema\\\/logo\\\/image\\\/\"},\"sameAs\":[\"https:\\\/\\\/www.facebook.com\\\/people\\\/Notimemes-de-los-Polticos\\\/61565672886568\\\/\",\"https:\\\/\\\/x.com\\\/LosPoliticosVer\"]},{\"@type\":\"Person\",\"@id\":\"https:\\\/\\\/lospoliticosveracruz.com\\\/#\\\/schema\\\/person\\\/b8702bb0e538456e6efd07080bf2a4a2\",\"name\":\"Lo viste en Los Pol\u00edticos\",\"image\":{\"@type\":\"ImageObject\",\"inLanguage\":\"es\",\"@id\":\"https:\\\/\\\/secure.gravatar.com\\\/avatar\\\/3a8de04a2656d44082be478bd6c086daa447c4651605818287b9532d3d0bd435?s=96&d=mm&r=g\",\"url\":\"https:\\\/\\\/secure.gravatar.com\\\/avatar\\\/3a8de04a2656d44082be478bd6c086daa447c4651605818287b9532d3d0bd435?s=96&d=mm&r=g\",\"contentUrl\":\"https:\\\/\\\/secure.gravatar.com\\\/avatar\\\/3a8de04a2656d44082be478bd6c086daa447c4651605818287b9532d3d0bd435?s=96&d=mm&r=g\",\"caption\":\"Lo viste en Los Pol\u00edticos\"},\"url\":\"https:\\\/\\\/lospoliticosveracruz.com\\\/?author=2\"}]}<\/script>\n<!-- \/ Yoast SEO plugin. -->","yoast_head_json":{"title":"Sin alianzas, MC es la opci\u00f3n - Los pol\u00edticos Veracruz","robots":{"index":"index","follow":"follow","max-snippet":"max-snippet:-1","max-image-preview":"max-image-preview:large","max-video-preview":"max-video-preview:-1"},"canonical":"https:\/\/lospoliticosveracruz.com\/?p=70517","og_locale":"es_ES","og_type":"article","og_title":"Sin alianzas, MC es la opci\u00f3n - Los pol\u00edticos Veracruz","og_description":"VeracruzAcompa\u00f1ado de la senadora Ver\u00f3nica Delgadillo, el dirigente estatal de Movimiento Ciudadano, Sergio Gil Rull\u00e1n asegur\u00f3 que sin alianzas, el instituto pol\u00edtico ofrece a la ciudadan\u00eda hombres y mujeres libres y capaces, como lo son Marla Cordero, Mary Chuy Lavalle, Oliver Olmos Cabrera y \u00c1ngel Deschamps, representantes del proyecto ciudadano en los municipios de Veracruz [&hellip;]","og_url":"https:\/\/lospoliticosveracruz.com\/?p=70517","og_site_name":"Los pol\u00edticos Veracruz","article_publisher":"https:\/\/www.facebook.com\/people\/Notimemes-de-los-Polticos\/61565672886568\/","article_published_time":"2021-04-05T23:15:58+00:00","article_modified_time":"2021-04-05T23:16:03+00:00","og_image":[{"width":200,"height":200,"url":"https:\/\/lospoliticosveracruz.com\/wp-content\/uploads\/2016\/07\/Logo-Dor.jpg","type":"image\/jpeg"}],"author":"Lo viste en Los Pol\u00edticos","twitter_card":"summary_large_image","twitter_creator":"@LosPoliticosVer","twitter_site":"@LosPoliticosVer","twitter_misc":{"Escrito por":"Lo viste en Los Pol\u00edticos","Tiempo de lectura":"2 minutos"},"schema":{"@context":"https:\/\/schema.org","@graph":[{"@type":"Article","@id":"https:\/\/lospoliticosveracruz.com\/?p=70517#article","isPartOf":{"@id":"https:\/\/lospoliticosveracruz.com\/?p=70517"},"author":{"name":"Lo viste en Los Pol\u00edticos","@id":"https:\/\/lospoliticosveracruz.com\/#\/schema\/person\/b8702bb0e538456e6efd07080bf2a4a2"},"headline":"Sin alianzas, MC es la opci\u00f3n","datePublished":"2021-04-05T23:15:58+00:00","dateModified":"2021-04-05T23:16:03+00:00","mainEntityOfPage":{"@id":"https:\/\/lospoliticosveracruz.com\/?p=70517"},"wordCount":374,"publisher":{"@id":"https:\/\/lospoliticosveracruz.com\/#organization"},"keywords":["Marla Cordero","Mary Chuy Lavalle","Movimiento Ciudadano","Oliver Olmos Cabrera","Sergio Gil Rull\u00e1n"],"articleSection":["De Boleto"],"inLanguage":"es"},{"@type":"WebPage","@id":"https:\/\/lospoliticosveracruz.com\/?p=70517","url":"https:\/\/lospoliticosveracruz.com\/?p=70517","name":"Sin alianzas, MC es la opci\u00f3n - Los pol\u00edticos Veracruz","isPartOf":{"@id":"https:\/\/lospoliticosveracruz.com\/#website"},"datePublished":"2021-04-05T23:15:58+00:00","dateModified":"2021-04-05T23:16:03+00:00","breadcrumb":{"@id":"https:\/\/lospoliticosveracruz.com\/?p=70517#breadcrumb"},"inLanguage":"es","potentialAction":[{"@type":"ReadAction","target":["https:\/\/lospoliticosveracruz.com\/?p=70517"]}]},{"@type":"BreadcrumbList","@id":"https:\/\/lospoliticosveracruz.com\/?p=70517#breadcrumb","itemListElement":[{"@type":"ListItem","position":1,"name":"Portada","item":"https:\/\/lospoliticosveracruz.com\/"},{"@type":"ListItem","position":2,"name":"Sin alianzas, MC es la opci\u00f3n"}]},{"@type":"WebSite","@id":"https:\/\/lospoliticosveracruz.com\/#website","url":"https:\/\/lospoliticosveracruz.com\/","name":"Los pol\u00edticos Veracruz","description":"","publisher":{"@id":"https:\/\/lospoliticosveracruz.com\/#organization"},"potentialAction":[{"@type":"SearchAction","target":{"@type":"EntryPoint","urlTemplate":"https:\/\/lospoliticosveracruz.com\/?s={search_term_string}"},"query-input":{"@type":"PropertyValueSpecification","valueRequired":true,"valueName":"search_term_string"}}],"inLanguage":"es"},{"@type":"Organization","@id":"https:\/\/lospoliticosveracruz.com\/#organization","name":"Los pol\u00edticos Veracruz","url":"https:\/\/lospoliticosveracruz.com\/","logo":{"@type":"ImageObject","inLanguage":"es","@id":"https:\/\/lospoliticosveracruz.com\/#\/schema\/logo\/image\/","url":"https:\/\/lospoliticosveracruz.com\/wp-content\/uploads\/2025\/12\/Logo-Nuevo-LOS-POLITICOS-1.jpg","contentUrl":"https:\/\/lospoliticosveracruz.com\/wp-content\/uploads\/2025\/12\/Logo-Nuevo-LOS-POLITICOS-1.jpg","width":260,"height":70,"caption":"Los pol\u00edticos Veracruz"},"image":{"@id":"https:\/\/lospoliticosveracruz.com\/#\/schema\/logo\/image\/"},"sameAs":["https:\/\/www.facebook.com\/people\/Notimemes-de-los-Polticos\/61565672886568\/","https:\/\/x.com\/LosPoliticosVer"]},{"@type":"Person","@id":"https:\/\/lospoliticosveracruz.com\/#\/schema\/person\/b8702bb0e538456e6efd07080bf2a4a2","name":"Lo viste en Los Pol\u00edticos","image":{"@type":"ImageObject","inLanguage":"es","@id":"https:\/\/secure.gravatar.com\/avatar\/3a8de04a2656d44082be478bd6c086daa447c4651605818287b9532d3d0bd435?s=96&d=mm&r=g","url":"https:\/\/secure.gravatar.com\/avatar\/3a8de04a2656d44082be478bd6c086daa447c4651605818287b9532d3d0bd435?s=96&d=mm&r=g","contentUrl":"https:\/\/secure.gravatar.com\/avatar\/3a8de04a2656d44082be478bd6c086daa447c4651605818287b9532d3d0bd435?s=96&d=mm&r=g","caption":"Lo viste en Los Pol\u00edticos"},"url":"https:\/\/lospoliticosveracruz.com\/?author=2"}]}},"_links":{"self":[{"href":"https:\/\/lospoliticosveracruz.com\/index.php?rest_route=\/wp\/v2\/posts\/70517","targetHints":{"allow":["GET"]}}],"collection":[{"href":"https:\/\/lospoliticosveracruz.com\/index.php?rest_route=\/wp\/v2\/posts"}],"about":[{"href":"https:\/\/lospoliticosveracruz.com\/index.php?rest_route=\/wp\/v2\/types\/post"}],"author":[{"embeddable":true,"href":"https:\/\/lospoliticosveracruz.com\/index.php?rest_route=\/wp\/v2\/users\/2"}],"replies":[{"embeddable":true,"href":"https:\/\/lospoliticosveracruz.com\/index.php?rest_route=%2Fwp%2Fv2%2Fcomments&post=70517"}],"version-history":[{"count":1,"href":"https:\/\/lospoliticosveracruz.com\/index.php?rest_route=\/wp\/v2\/posts\/70517\/revisions"}],"predecessor-version":[{"id":70519,"href":"https:\/\/lospoliticosveracruz.com\/index.php?rest_route=\/wp\/v2\/posts\/70517\/revisions\/70519"}],"wp:attachment":[{"href":"https:\/\/lospoliticosveracruz.com\/index.php?rest_route=%2Fwp%2Fv2%2Fmedia&parent=70517"}],"wp:term":[{"taxonomy":"category","embeddable":true,"href":"https:\/\/lospoliticosveracruz.com\/index.php?rest_route=%2Fwp%2Fv2%2Fcategories&post=70517"},{"taxonomy":"post_tag","embeddable":true,"href":"https:\/\/lospoliticosveracruz.com\/index.php?rest_route=%2Fwp%2Fv2%2Ftags&post=70517"}],"curies":[{"name":"wp","href":"https:\/\/api.w.org\/{rel}","templated":true}]}}