{"id":70647,"date":"2021-04-08T08:53:12","date_gmt":"2021-04-08T13:53:12","guid":{"rendered":"http:\/\/www.lospoliticosveracruz.com.mx\/?p=70647"},"modified":"2021-04-08T08:53:16","modified_gmt":"2021-04-08T13:53:16","slug":"checo-de-azul-a-guinda-tirando-a-rosa","status":"publish","type":"post","link":"https:\/\/lospoliticosveracruz.com\/?p=70647","title":{"rendered":"Checo, de azul a guinda tirando a rosa"},"content":{"rendered":"\n<p><strong>Ricardo Ch\u00faa<br><\/strong><em>Sale y Vale<\/em><\/p>\n\n\n\n<p>EL MENSAJE DEL \u00abCHECO\u00bb\u2026 Ayer Sergio Hern\u00e1ndez Hern\u00e1ndez, el ex candidato defenestrado del PAN por la alcald\u00eda de Xalapa\u2026 Pro-Yunista Azul\u2026 Rompi\u00f3 el \u00absilencio\u00bb que tanta pol\u00e9mica hab\u00eda levantado\u2026 Sobre la manera que el comit\u00e9 nacional del PAN decidi\u00f3 ir en alianza con el PRI y PRD para buscarla en la persona de David Velasco Chedraui\u2026 Dejando al \u00abCheco\u00bb peor que a una novia de rancho\u2026 Vestido y alborotado\u2026 Pero en su mensaje, le dej\u00f3 una advertencia a David\u2026 Al estilo tacos de \u00abcabeza\u00bb\u00bb del \u00abTigrin\u00bb corriente pero muy sabroso\u2026<br><\/p>\n\n\n\n<div class=\"wp-block-image\"><figure class=\"alignleft size-large is-resized\"><a href=\"https:\/\/drive.google.com\/file\/d\/1Q9mJWAbAAcSE5Xy3gLetz4G7zcZVnOr5\/view?fbclid=IwAR21RCgSVy7rnC7mFt72TIVuewikDvUknkwyTne89f8AwxPGge10KkDXXhI\"><img loading=\"lazy\" decoding=\"async\" src=\"http:\/\/www.lospoliticosveracruz.com.mx\/wp-content\/uploads\/2021\/04\/CLASES-MAGISTRALES.jpg\" alt=\"\" class=\"wp-image-70534\" width=\"350\" height=\"232\"\/><\/a><\/figure><\/div>\n\n\n\n<p>Hay que reconocer que en esta ocasi\u00f3n\u2026 \u00abHe Man\u00bb Hern\u00e1ndez se luci\u00f3 con el discurso\u2026 Gust\u00f3 a muchos.. Arm\u00f3 bien la estructura del mensaje.. De que era \u00absacrificado\u00bb en estos tiempos de cuaresma\u2026 Un discurso bien como pol\u00edtico y hasta parec\u00eda \u00abHombre de Estado\u00bb\u2026 La paradoja de esto, es que es su mejor discurso como pol\u00edtico, fue para decir que no va\u2026 Que se qued\u00f3 fuera\u2026 Obvio copi\u00f3 todo el estilo de Frank Underwood\u2026 Pareciera que estamos viendo un episodio de la serie \u00abHouse of Cards\u00bb\u2026 Uno de esos cap\u00edtulos que tanto le gusta al \u00abCheco\u00bb\u2026<\/p>\n\n\n\n<p>OJO DAVID\u2026 La \u00ablectura\u00bb del mensaje de \u00abHe Man\u00bb, es muy simple\u2026 El \u00abCheco\u00bb PREPARA UNA DESBANDADA cuando habla de todas sus \u00abCasas de Enlace\u00bb\u2026 De todas sus \u00abcomadres\u00bb, de toda la estructura, los cuales COINCIDEN presuntamente con las 8 mil despensas y las 5 millones de \u00abrazones\u00bb que se supone, le dieron del palacio de Hipo-Crito Rodr\u00edguez\u2026 Que es un rumor a voces que circula entre los grupos de \u00abguasap\u00bb de pol\u00edticos asentados en Xalapa\u2026 Y que con eso \u00abapu\u00f1alaban\u00bb a Sergio Hern\u00e1ndez en cada conversaci\u00f3n\u2026<br>As\u00ed era como \u00abHe Man\u00bb ten\u00eda \u00abaceitada\u00bb su estructura azul\u2026 Por eso, son leales a las decisiones que \u00e9l tome\u2026 El af\u00edn a Sergio Hern\u00e1ndez, que puede ser panista o proclive al PAN\u2026 Esa estructura en su poder, dice \u00abGarganta Profunda\u00bb, la va \u00abaventar\u00bb a Fuerza Por M\u00e9xico de \u00abEl Tato\u00bb Vega Yunes (Primo de Miguel y Fernando Yunes), que es el \u00abBrazo Fifi\u00bb de la \u00abCuarta Transformaci\u00f3n\u00bb en Veracruz\u2026 Para all\u00e1 van las \u00abhuestes\u00bb de \u00abEl Checo\u00bb\u2026 \u00bfY David?: \u00bb En el agua clara, que brota en la fuente\u2026 %$#%&amp;\/&amp; Todos los de enfrente\u00bb\u2026 EL QUE ENTENDI\u00d3\u2026<br>Al menos, es lo que se puede notar que har\u00e1 Sergio Hern\u00e1ndez con el \u00abBrazo Fifi\u00bb de la 4T\u2026 \u00c9l sin salirse del PAN\u2026 Le va a querer hacer un \u00abHOYO\u00bb a la alianza \u00abVa por Veracruz\u00bb rumbo a la alcald\u00eda de Xalapa\u2026 Ya que la alianza de David Velasco, se ve muy ROJA y no muy AZUL\u2026 A pesar de que otros candidatos de la alianza opositora en Xalapa, como Am\u00e9rico Z\u00fa\u00f1iga ha incluido a panistas como Agust\u00edn Basilio de la Vega\u2026 Pero con ese discurso, Basilio ya est\u00e1 pasado de moda\u2026 Que los panistas de ahora ya no entienden\u2026 Y que no es apreciado\u2026<br>Adem\u00e1s a\u00fan tampoco se sabe si un PANISTA SER\u00c1 O NO\u2026 El SUPLENTE de David a la alcald\u00eda de Xalapa, entonces, \u00abEl Checo\u00bb con un MENSAJE AMBIGUO regresandosela a David, que tuvo tambi\u00e9n un mensaje ambiguo\u2026 As\u00ed que con una respuesta similar\u2026 \u00abHe Man\u00bb prepara su desbandada con sus \u00abcasas de enlace\u00bb, se van a convertir en \u00abCasas Guindas\u00bb\u2026 A trav\u00e9s de Fuerza Por M\u00e9xico\u2026 Dicen que eso ya est\u00e1 m\u00e1s que hablado con el diputado local con licencia\u2026 As\u00ed de claro\u2026<br>Ya que el \u00abargumento\u00bb que dan sus malquerientes.. Es que si en su mensaje Hern\u00e1ndez Hern\u00e1ndez hubiera pedido el voto para la alianza opositora\u2026 No hubiera problema alguno\u2026 Pero no fue as\u00ed\u2026 Ahora hay que ver la otra estrategia que traen los Morenos por si el tema fallar\u00e1 y es \u00abinvitar\u00bb a ex panistas a participar con Fuerza por M\u00e9xico u otros partidos \u00absat\u00e9lite\u00bb a MORENA\u2026 .Lo hacen para que acompa\u00f1en como candidatos a los Morenos y jalen el voto del PAN que es el segundo partido con m\u00e1s posicionamiento en Veracruz en t\u00e9rmino electoral\u2026<br>Se puede ver que la estrategia de MORENA no es mala\u2026 Aprovechando que David Velasco no trae nada del PAN atr\u00e1s\u2026 M\u00e1s que su nombre y apellido.. Y tampoco trae una suma de apoyos en una lista de militantes panistas\u2026 Y el PAN no va a votar por \u00e9l, nada m\u00e1s porque sea Velasco Chedraui\u2026 El panista votar\u00eda por \u00e9l, si tiene im\u00e1genes de panistas con \u00e9l y no trae la imagen de \u00abCheco\u00bb Hern\u00e1ndez tampoco con \u00e9l, entonces, a Velasco Chedraui se le puede complicar\u2026<br>Al final pasaron los d\u00edas y \u00abHe Man\u00bb sale con excelente discurso.. Eso le \u00abencanta\u00bb al panista\u2026 Checo lo sabe y los \u00abenamora\u00bb con un mensaje de INMOLACI\u00d3N, de que fue traicionado, de \u00absacrificio\u00bb por su propio partido\u2026. Es muy astuto lo est\u00e1 haciendo Sergio Hern\u00e1ndez en este momento\u2026. Bien manejado\u2026 Es un discurso bien estructurado, donde abre el \u00ababanico\u00bb de toda su estructura en Xalapa\u2026 La ense\u00f1a\u2026 La presume y se erige como alguien que trabaj\u00f3 en la plaza y que hizo algo por el PAN\u2026 As\u00ed de f\u00e1cil\u2026<br>Es decir, entonces, \u00abEl Checo\u00bb hace un excelente discurso y exhibe su estructura EN N\u00daMEROS\u2026 Se autoinmola\u2026 Se auto sacrifica\u2026 Manda un excelente mensaje a la \u00abmembres\u00eda\u00bb del PAN\u2026 Dando a entender que el comit\u00e9 nacional panista se equivoc\u00f3\u2026 Que estaban preparados para ganar Xalapa\u2026 Y por el otro lado, est\u00e1 todo negociado PRESUNTAMENTE para que toda esta gente de sus \u00abcasas de enlace\u00bb, pues, les den apoyos y el voto lo encaucen a Fuerza por M\u00e9xico\u2026 Es una BUENA ESTRATEGIA DE INTRIGA Y ENGA\u00d1O\u2026 8 mil votos en Xalapa es un \u00abchingo\u00bb\u2026<br>Pero adem\u00e1s todav\u00eda MORENA pone candidatos pro panistas en sus partidos \u00absat\u00e9lites\u00bb en Veracruz\u2026 Se puede decir, que toda esta estrategia a la que estaba \u00abjugando\u00bb Checo en Xalapa\u2026 Hace notar que Los Morenos tienen m\u00e1s panismo, que la alianza \u00abVa por Veracruz\u00bb en la capital\u2026 As\u00ed que si la pensamos al estilo Sergio \u00abFrank Underwood\u00bb Hern\u00e1ndez, se puede decir que \u00abHe M\u00e1n\u00bb ha \u00abdesnudado\u00bb en Xalapa\u2026 Toda una campa\u00f1a orquestada para quitarle votos al candidato de la coalici\u00f3n opositora\u2026<br>En este caso\u2026 David Velasco Chedraui y favorecer al \u00abRey del Pl\u00e1stico\u00bb, Ricardo Ahued y MORENA\u2026 Para que \u00e9l se quede con el Palacio Municipal de nuevo para la 4T y en Xalapa la alternancia en el poder municipal, no llegue este a\u00f1o sino que se tengan que esperar otros 3 a\u00f1os m\u00e1s para luchar por la capital.. \u00abEl Checo\u00bb quiz\u00e1s expuso demasiado protagonismo y eso \u00abdescubri\u00f3\u00bb la intenci\u00f3n final.. El camino hacia el poder, est\u00e1 pavimentado con hipocres\u00eda\u2026 OJO DAVID\u2026 Tas avisao y el que avisa, no traiciona\u2026 AMEN<\/p>\n","protected":false},"excerpt":{"rendered":"<p>Ricardo Ch\u00faaSale y Vale EL MENSAJE DEL \u00abCHECO\u00bb\u2026 Ayer Sergio Hern\u00e1ndez Hern\u00e1ndez, el ex candidato defenestrado del PAN por la alcald\u00eda de Xalapa\u2026 Pro-Yunista Azul\u2026 Rompi\u00f3 el \u00absilencio\u00bb que tanta pol\u00e9mica hab\u00eda levantado\u2026 Sobre la manera que el comit\u00e9 nacional del PAN decidi\u00f3 ir en alianza con el PRI y PRD para buscarla en la [&hellip;]<\/p>\n","protected":false},"author":2,"featured_media":0,"comment_status":"closed","ping_status":"closed","sticky":false,"template":"","format":"standard","meta":{"tdm_status":"","tdm_grid_status":"","footnotes":""},"categories":[70],"tags":[18665,407,24637,1026,13604,6481,25054],"class_list":{"0":"post-70647","1":"post","2":"type-post","3":"status-publish","4":"format-standard","6":"category-de-opinion","7":"tag-agustin-basilio-de-la-vega","8":"tag-david-velasco-chedraui","9":"tag-fuerza-por-mexico","10":"tag-morena","11":"tag-ricardo-chua","12":"tag-sergio-hernandez-hernandez","13":"tag-va-por-veracruz"},"yoast_head":"<!-- This site is optimized with the Yoast SEO plugin v27.4 - https:\/\/yoast.com\/product\/yoast-seo-wordpress\/ -->\n<title>Checo, de azul a guinda tirando a rosa - Los pol\u00edticos Veracruz<\/title>\n<meta name=\"robots\" content=\"index, follow, max-snippet:-1, max-image-preview:large, max-video-preview:-1\" \/>\n<link rel=\"canonical\" href=\"https:\/\/lospoliticosveracruz.com\/?p=70647\" \/>\n<meta property=\"og:locale\" content=\"es_ES\" \/>\n<meta property=\"og:type\" content=\"article\" \/>\n<meta property=\"og:title\" content=\"Checo, de azul a guinda tirando a rosa - Los pol\u00edticos Veracruz\" \/>\n<meta property=\"og:description\" content=\"Ricardo Ch\u00faaSale y Vale EL MENSAJE DEL \u00abCHECO\u00bb\u2026 Ayer Sergio Hern\u00e1ndez Hern\u00e1ndez, el ex candidato defenestrado del PAN por la alcald\u00eda de Xalapa\u2026 Pro-Yunista Azul\u2026 Rompi\u00f3 el \u00absilencio\u00bb que tanta pol\u00e9mica hab\u00eda levantado\u2026 Sobre la manera que el comit\u00e9 nacional del PAN decidi\u00f3 ir en alianza con el PRI y PRD para buscarla en la [&hellip;]\" \/>\n<meta property=\"og:url\" content=\"https:\/\/lospoliticosveracruz.com\/?p=70647\" \/>\n<meta property=\"og:site_name\" content=\"Los pol\u00edticos Veracruz\" \/>\n<meta property=\"article:publisher\" content=\"https:\/\/www.facebook.com\/people\/Notimemes-de-los-Polticos\/61565672886568\/\" \/>\n<meta property=\"article:published_time\" content=\"2021-04-08T13:53:12+00:00\" \/>\n<meta property=\"article:modified_time\" content=\"2021-04-08T13:53:16+00:00\" \/>\n<meta property=\"og:image\" content=\"http:\/\/www.lospoliticosveracruz.com.mx\/wp-content\/uploads\/2021\/04\/CLASES-MAGISTRALES.jpg\" \/>\n<meta name=\"author\" content=\"Lo viste en Los Pol\u00edticos\" \/>\n<meta name=\"twitter:card\" content=\"summary_large_image\" \/>\n<meta name=\"twitter:creator\" content=\"@LosPoliticosVer\" \/>\n<meta name=\"twitter:site\" content=\"@LosPoliticosVer\" \/>\n<meta name=\"twitter:label1\" content=\"Escrito por\" \/>\n\t<meta name=\"twitter:data1\" content=\"Lo viste en Los Pol\u00edticos\" \/>\n\t<meta name=\"twitter:label2\" content=\"Tiempo de lectura\" \/>\n\t<meta name=\"twitter:data2\" content=\"6 minutos\" \/>\n<script type=\"application\/ld+json\" class=\"yoast-schema-graph\">{\"@context\":\"https:\\\/\\\/schema.org\",\"@graph\":[{\"@type\":\"Article\",\"@id\":\"https:\\\/\\\/lospoliticosveracruz.com\\\/?p=70647#article\",\"isPartOf\":{\"@id\":\"https:\\\/\\\/lospoliticosveracruz.com\\\/?p=70647\"},\"author\":{\"name\":\"Lo viste en Los Pol\u00edticos\",\"@id\":\"https:\\\/\\\/lospoliticosveracruz.com\\\/#\\\/schema\\\/person\\\/b8702bb0e538456e6efd07080bf2a4a2\"},\"headline\":\"Checo, de azul a guinda tirando a rosa\",\"datePublished\":\"2021-04-08T13:53:12+00:00\",\"dateModified\":\"2021-04-08T13:53:16+00:00\",\"mainEntityOfPage\":{\"@id\":\"https:\\\/\\\/lospoliticosveracruz.com\\\/?p=70647\"},\"wordCount\":1173,\"publisher\":{\"@id\":\"https:\\\/\\\/lospoliticosveracruz.com\\\/#organization\"},\"image\":{\"@id\":\"https:\\\/\\\/lospoliticosveracruz.com\\\/?p=70647#primaryimage\"},\"thumbnailUrl\":\"http:\\\/\\\/www.lospoliticosveracruz.com.mx\\\/wp-content\\\/uploads\\\/2021\\\/04\\\/CLASES-MAGISTRALES.jpg\",\"keywords\":[\"Agust\u00edn Basilio de la Vega\",\"David Velasco Chedraui\",\"Fuerza por M\u00e9xico\",\"Morena\",\"Ricardo Ch\u00faa\",\"Sergio Hern\u00e1ndez Hern\u00e1ndez\",\"Va por Veracruz\"],\"articleSection\":[\"De Opini\u00f3n\"],\"inLanguage\":\"es\"},{\"@type\":\"WebPage\",\"@id\":\"https:\\\/\\\/lospoliticosveracruz.com\\\/?p=70647\",\"url\":\"https:\\\/\\\/lospoliticosveracruz.com\\\/?p=70647\",\"name\":\"Checo, de azul a guinda tirando a rosa - Los pol\u00edticos Veracruz\",\"isPartOf\":{\"@id\":\"https:\\\/\\\/lospoliticosveracruz.com\\\/#website\"},\"primaryImageOfPage\":{\"@id\":\"https:\\\/\\\/lospoliticosveracruz.com\\\/?p=70647#primaryimage\"},\"image\":{\"@id\":\"https:\\\/\\\/lospoliticosveracruz.com\\\/?p=70647#primaryimage\"},\"thumbnailUrl\":\"http:\\\/\\\/www.lospoliticosveracruz.com.mx\\\/wp-content\\\/uploads\\\/2021\\\/04\\\/CLASES-MAGISTRALES.jpg\",\"datePublished\":\"2021-04-08T13:53:12+00:00\",\"dateModified\":\"2021-04-08T13:53:16+00:00\",\"breadcrumb\":{\"@id\":\"https:\\\/\\\/lospoliticosveracruz.com\\\/?p=70647#breadcrumb\"},\"inLanguage\":\"es\",\"potentialAction\":[{\"@type\":\"ReadAction\",\"target\":[\"https:\\\/\\\/lospoliticosveracruz.com\\\/?p=70647\"]}]},{\"@type\":\"ImageObject\",\"inLanguage\":\"es\",\"@id\":\"https:\\\/\\\/lospoliticosveracruz.com\\\/?p=70647#primaryimage\",\"url\":\"http:\\\/\\\/www.lospoliticosveracruz.com.mx\\\/wp-content\\\/uploads\\\/2021\\\/04\\\/CLASES-MAGISTRALES.jpg\",\"contentUrl\":\"http:\\\/\\\/www.lospoliticosveracruz.com.mx\\\/wp-content\\\/uploads\\\/2021\\\/04\\\/CLASES-MAGISTRALES.jpg\"},{\"@type\":\"BreadcrumbList\",\"@id\":\"https:\\\/\\\/lospoliticosveracruz.com\\\/?p=70647#breadcrumb\",\"itemListElement\":[{\"@type\":\"ListItem\",\"position\":1,\"name\":\"Portada\",\"item\":\"https:\\\/\\\/lospoliticosveracruz.com\\\/\"},{\"@type\":\"ListItem\",\"position\":2,\"name\":\"Checo, de azul a guinda tirando a rosa\"}]},{\"@type\":\"WebSite\",\"@id\":\"https:\\\/\\\/lospoliticosveracruz.com\\\/#website\",\"url\":\"https:\\\/\\\/lospoliticosveracruz.com\\\/\",\"name\":\"Los pol\u00edticos Veracruz\",\"description\":\"\",\"publisher\":{\"@id\":\"https:\\\/\\\/lospoliticosveracruz.com\\\/#organization\"},\"potentialAction\":[{\"@type\":\"SearchAction\",\"target\":{\"@type\":\"EntryPoint\",\"urlTemplate\":\"https:\\\/\\\/lospoliticosveracruz.com\\\/?s={search_term_string}\"},\"query-input\":{\"@type\":\"PropertyValueSpecification\",\"valueRequired\":true,\"valueName\":\"search_term_string\"}}],\"inLanguage\":\"es\"},{\"@type\":\"Organization\",\"@id\":\"https:\\\/\\\/lospoliticosveracruz.com\\\/#organization\",\"name\":\"Los pol\u00edticos Veracruz\",\"url\":\"https:\\\/\\\/lospoliticosveracruz.com\\\/\",\"logo\":{\"@type\":\"ImageObject\",\"inLanguage\":\"es\",\"@id\":\"https:\\\/\\\/lospoliticosveracruz.com\\\/#\\\/schema\\\/logo\\\/image\\\/\",\"url\":\"https:\\\/\\\/lospoliticosveracruz.com\\\/wp-content\\\/uploads\\\/2025\\\/12\\\/Logo-Nuevo-LOS-POLITICOS-1.jpg\",\"contentUrl\":\"https:\\\/\\\/lospoliticosveracruz.com\\\/wp-content\\\/uploads\\\/2025\\\/12\\\/Logo-Nuevo-LOS-POLITICOS-1.jpg\",\"width\":260,\"height\":70,\"caption\":\"Los pol\u00edticos Veracruz\"},\"image\":{\"@id\":\"https:\\\/\\\/lospoliticosveracruz.com\\\/#\\\/schema\\\/logo\\\/image\\\/\"},\"sameAs\":[\"https:\\\/\\\/www.facebook.com\\\/people\\\/Notimemes-de-los-Polticos\\\/61565672886568\\\/\",\"https:\\\/\\\/x.com\\\/LosPoliticosVer\"]},{\"@type\":\"Person\",\"@id\":\"https:\\\/\\\/lospoliticosveracruz.com\\\/#\\\/schema\\\/person\\\/b8702bb0e538456e6efd07080bf2a4a2\",\"name\":\"Lo viste en Los Pol\u00edticos\",\"image\":{\"@type\":\"ImageObject\",\"inLanguage\":\"es\",\"@id\":\"https:\\\/\\\/secure.gravatar.com\\\/avatar\\\/3a8de04a2656d44082be478bd6c086daa447c4651605818287b9532d3d0bd435?s=96&d=mm&r=g\",\"url\":\"https:\\\/\\\/secure.gravatar.com\\\/avatar\\\/3a8de04a2656d44082be478bd6c086daa447c4651605818287b9532d3d0bd435?s=96&d=mm&r=g\",\"contentUrl\":\"https:\\\/\\\/secure.gravatar.com\\\/avatar\\\/3a8de04a2656d44082be478bd6c086daa447c4651605818287b9532d3d0bd435?s=96&d=mm&r=g\",\"caption\":\"Lo viste en Los Pol\u00edticos\"},\"url\":\"https:\\\/\\\/lospoliticosveracruz.com\\\/?author=2\"}]}<\/script>\n<!-- \/ Yoast SEO plugin. -->","yoast_head_json":{"title":"Checo, de azul a guinda tirando a rosa - Los pol\u00edticos Veracruz","robots":{"index":"index","follow":"follow","max-snippet":"max-snippet:-1","max-image-preview":"max-image-preview:large","max-video-preview":"max-video-preview:-1"},"canonical":"https:\/\/lospoliticosveracruz.com\/?p=70647","og_locale":"es_ES","og_type":"article","og_title":"Checo, de azul a guinda tirando a rosa - Los pol\u00edticos Veracruz","og_description":"Ricardo Ch\u00faaSale y Vale EL MENSAJE DEL \u00abCHECO\u00bb\u2026 Ayer Sergio Hern\u00e1ndez Hern\u00e1ndez, el ex candidato defenestrado del PAN por la alcald\u00eda de Xalapa\u2026 Pro-Yunista Azul\u2026 Rompi\u00f3 el \u00absilencio\u00bb que tanta pol\u00e9mica hab\u00eda levantado\u2026 Sobre la manera que el comit\u00e9 nacional del PAN decidi\u00f3 ir en alianza con el PRI y PRD para buscarla en la [&hellip;]","og_url":"https:\/\/lospoliticosveracruz.com\/?p=70647","og_site_name":"Los pol\u00edticos Veracruz","article_publisher":"https:\/\/www.facebook.com\/people\/Notimemes-de-los-Polticos\/61565672886568\/","article_published_time":"2021-04-08T13:53:12+00:00","article_modified_time":"2021-04-08T13:53:16+00:00","og_image":[{"url":"http:\/\/www.lospoliticosveracruz.com.mx\/wp-content\/uploads\/2021\/04\/CLASES-MAGISTRALES.jpg","type":"","width":"","height":""}],"author":"Lo viste en Los Pol\u00edticos","twitter_card":"summary_large_image","twitter_creator":"@LosPoliticosVer","twitter_site":"@LosPoliticosVer","twitter_misc":{"Escrito por":"Lo viste en Los Pol\u00edticos","Tiempo de lectura":"6 minutos"},"schema":{"@context":"https:\/\/schema.org","@graph":[{"@type":"Article","@id":"https:\/\/lospoliticosveracruz.com\/?p=70647#article","isPartOf":{"@id":"https:\/\/lospoliticosveracruz.com\/?p=70647"},"author":{"name":"Lo viste en Los Pol\u00edticos","@id":"https:\/\/lospoliticosveracruz.com\/#\/schema\/person\/b8702bb0e538456e6efd07080bf2a4a2"},"headline":"Checo, de azul a guinda tirando a rosa","datePublished":"2021-04-08T13:53:12+00:00","dateModified":"2021-04-08T13:53:16+00:00","mainEntityOfPage":{"@id":"https:\/\/lospoliticosveracruz.com\/?p=70647"},"wordCount":1173,"publisher":{"@id":"https:\/\/lospoliticosveracruz.com\/#organization"},"image":{"@id":"https:\/\/lospoliticosveracruz.com\/?p=70647#primaryimage"},"thumbnailUrl":"http:\/\/www.lospoliticosveracruz.com.mx\/wp-content\/uploads\/2021\/04\/CLASES-MAGISTRALES.jpg","keywords":["Agust\u00edn Basilio de la Vega","David Velasco Chedraui","Fuerza por M\u00e9xico","Morena","Ricardo Ch\u00faa","Sergio Hern\u00e1ndez Hern\u00e1ndez","Va por Veracruz"],"articleSection":["De Opini\u00f3n"],"inLanguage":"es"},{"@type":"WebPage","@id":"https:\/\/lospoliticosveracruz.com\/?p=70647","url":"https:\/\/lospoliticosveracruz.com\/?p=70647","name":"Checo, de azul a guinda tirando a rosa - Los pol\u00edticos Veracruz","isPartOf":{"@id":"https:\/\/lospoliticosveracruz.com\/#website"},"primaryImageOfPage":{"@id":"https:\/\/lospoliticosveracruz.com\/?p=70647#primaryimage"},"image":{"@id":"https:\/\/lospoliticosveracruz.com\/?p=70647#primaryimage"},"thumbnailUrl":"http:\/\/www.lospoliticosveracruz.com.mx\/wp-content\/uploads\/2021\/04\/CLASES-MAGISTRALES.jpg","datePublished":"2021-04-08T13:53:12+00:00","dateModified":"2021-04-08T13:53:16+00:00","breadcrumb":{"@id":"https:\/\/lospoliticosveracruz.com\/?p=70647#breadcrumb"},"inLanguage":"es","potentialAction":[{"@type":"ReadAction","target":["https:\/\/lospoliticosveracruz.com\/?p=70647"]}]},{"@type":"ImageObject","inLanguage":"es","@id":"https:\/\/lospoliticosveracruz.com\/?p=70647#primaryimage","url":"http:\/\/www.lospoliticosveracruz.com.mx\/wp-content\/uploads\/2021\/04\/CLASES-MAGISTRALES.jpg","contentUrl":"http:\/\/www.lospoliticosveracruz.com.mx\/wp-content\/uploads\/2021\/04\/CLASES-MAGISTRALES.jpg"},{"@type":"BreadcrumbList","@id":"https:\/\/lospoliticosveracruz.com\/?p=70647#breadcrumb","itemListElement":[{"@type":"ListItem","position":1,"name":"Portada","item":"https:\/\/lospoliticosveracruz.com\/"},{"@type":"ListItem","position":2,"name":"Checo, de azul a guinda tirando a rosa"}]},{"@type":"WebSite","@id":"https:\/\/lospoliticosveracruz.com\/#website","url":"https:\/\/lospoliticosveracruz.com\/","name":"Los pol\u00edticos Veracruz","description":"","publisher":{"@id":"https:\/\/lospoliticosveracruz.com\/#organization"},"potentialAction":[{"@type":"SearchAction","target":{"@type":"EntryPoint","urlTemplate":"https:\/\/lospoliticosveracruz.com\/?s={search_term_string}"},"query-input":{"@type":"PropertyValueSpecification","valueRequired":true,"valueName":"search_term_string"}}],"inLanguage":"es"},{"@type":"Organization","@id":"https:\/\/lospoliticosveracruz.com\/#organization","name":"Los pol\u00edticos Veracruz","url":"https:\/\/lospoliticosveracruz.com\/","logo":{"@type":"ImageObject","inLanguage":"es","@id":"https:\/\/lospoliticosveracruz.com\/#\/schema\/logo\/image\/","url":"https:\/\/lospoliticosveracruz.com\/wp-content\/uploads\/2025\/12\/Logo-Nuevo-LOS-POLITICOS-1.jpg","contentUrl":"https:\/\/lospoliticosveracruz.com\/wp-content\/uploads\/2025\/12\/Logo-Nuevo-LOS-POLITICOS-1.jpg","width":260,"height":70,"caption":"Los pol\u00edticos Veracruz"},"image":{"@id":"https:\/\/lospoliticosveracruz.com\/#\/schema\/logo\/image\/"},"sameAs":["https:\/\/www.facebook.com\/people\/Notimemes-de-los-Polticos\/61565672886568\/","https:\/\/x.com\/LosPoliticosVer"]},{"@type":"Person","@id":"https:\/\/lospoliticosveracruz.com\/#\/schema\/person\/b8702bb0e538456e6efd07080bf2a4a2","name":"Lo viste en Los Pol\u00edticos","image":{"@type":"ImageObject","inLanguage":"es","@id":"https:\/\/secure.gravatar.com\/avatar\/3a8de04a2656d44082be478bd6c086daa447c4651605818287b9532d3d0bd435?s=96&d=mm&r=g","url":"https:\/\/secure.gravatar.com\/avatar\/3a8de04a2656d44082be478bd6c086daa447c4651605818287b9532d3d0bd435?s=96&d=mm&r=g","contentUrl":"https:\/\/secure.gravatar.com\/avatar\/3a8de04a2656d44082be478bd6c086daa447c4651605818287b9532d3d0bd435?s=96&d=mm&r=g","caption":"Lo viste en Los Pol\u00edticos"},"url":"https:\/\/lospoliticosveracruz.com\/?author=2"}]}},"_links":{"self":[{"href":"https:\/\/lospoliticosveracruz.com\/index.php?rest_route=\/wp\/v2\/posts\/70647","targetHints":{"allow":["GET"]}}],"collection":[{"href":"https:\/\/lospoliticosveracruz.com\/index.php?rest_route=\/wp\/v2\/posts"}],"about":[{"href":"https:\/\/lospoliticosveracruz.com\/index.php?rest_route=\/wp\/v2\/types\/post"}],"author":[{"embeddable":true,"href":"https:\/\/lospoliticosveracruz.com\/index.php?rest_route=\/wp\/v2\/users\/2"}],"replies":[{"embeddable":true,"href":"https:\/\/lospoliticosveracruz.com\/index.php?rest_route=%2Fwp%2Fv2%2Fcomments&post=70647"}],"version-history":[{"count":1,"href":"https:\/\/lospoliticosveracruz.com\/index.php?rest_route=\/wp\/v2\/posts\/70647\/revisions"}],"predecessor-version":[{"id":70648,"href":"https:\/\/lospoliticosveracruz.com\/index.php?rest_route=\/wp\/v2\/posts\/70647\/revisions\/70648"}],"wp:attachment":[{"href":"https:\/\/lospoliticosveracruz.com\/index.php?rest_route=%2Fwp%2Fv2%2Fmedia&parent=70647"}],"wp:term":[{"taxonomy":"category","embeddable":true,"href":"https:\/\/lospoliticosveracruz.com\/index.php?rest_route=%2Fwp%2Fv2%2Fcategories&post=70647"},{"taxonomy":"post_tag","embeddable":true,"href":"https:\/\/lospoliticosveracruz.com\/index.php?rest_route=%2Fwp%2Fv2%2Ftags&post=70647"}],"curies":[{"name":"wp","href":"https:\/\/api.w.org\/{rel}","templated":true}]}}