{"id":70729,"date":"2021-04-09T09:05:04","date_gmt":"2021-04-09T14:05:04","guid":{"rendered":"http:\/\/www.lospoliticosveracruz.com.mx\/?p=70729"},"modified":"2021-04-09T09:05:07","modified_gmt":"2021-04-09T14:05:07","slug":"operativo-cherry-blue-en-morena","status":"publish","type":"post","link":"https:\/\/lospoliticosveracruz.com\/?p=70729","title":{"rendered":"Operativo \u00abCherry Blue\u00bb en Morena"},"content":{"rendered":"\n<p><strong>Ricardo Ch\u00faa<br><\/strong><em>Sale y Vale<\/em><\/p>\n\n\n\n<p>OJO PEMEX\u2026. De ser verdad que la empresa que labora para Petr\u00f3leos Mexicanos, anda buscando a los \u00abculpables\u00bb que \u00abfiltraron\u00bb la foto, famosa mundialmente del trabajador de la Refiner\u00eda de MInatitl\u00e1n, \u00abL\u00e1zaro C\u00e1rdenas\u00bb para REPRENDERLOS por haber exhibido en esa fotograf\u00eda, las deficiencias en equipo t\u00e9cnico que tienen para enfrentar una situaci\u00f3n de riesgo y en donde estas personas expusieron la vida con tal de que el fuego no se extendiera a otros puntos\u2026 Ser\u00eda el peor ERROR del paso de Rocio Nahle en la SENER de permitirlo\u2026<br><\/p>\n\n\n\n<div class=\"wp-block-image\"><figure class=\"alignleft size-large\"><a href=\"http:\/\/www.lospoliticosveracruz.com.mx\/wp-content\/uploads\/2021\/04\/Cordoba-403-anos-06.png\"><img decoding=\"async\" src=\"http:\/\/www.lospoliticosveracruz.com.mx\/wp-content\/uploads\/2021\/04\/Cordoba-403-anos-06.png\" alt=\"\" class=\"wp-image-70677\"\/><\/a><\/figure><\/div>\n\n\n\n<p>De por s\u00ed en Minatitl\u00e1n a la se\u00f1ora no la reciben como antes\u2026 Son m\u00e1s reclamos, que aplausos\u2026 La ciudadan\u00eda del terru\u00f1o querido, NO QUED\u00d3 CONFORME con la explicaci\u00f3n NO DADA de la causa del incendio\u2026 Vamos ni siquiera ella o el titular de Pemex, Octavio Romero, acudieron al hospital a visitar a los dos heridos que a\u00fan contin\u00faan internados a causa de esta explosi\u00f3n: El h\u00e9roe de la foto, Dekar Hern\u00e1ndez y otro lesionado: Jorge Palacios Caba\u2026 Ni para saludarlos o por lo menos para desearles pronta recuperaci\u00f3n\u2026 NADA\u2026<br>Finalmente Rocio Nahle debe recordar que el \u00fanico capital pol\u00edtico que le queda es esa regi\u00f3n y en las oficinas de Palacio de Gobierno en Xalapa\u2026 NADA M\u00c1S\u2026 Pero ah\u00ed ya no deciden nada.. Todo lo dictan desde Palacio Nacional en CDMX\u2026 Y con estos hechos y no dar informaci\u00f3n clara sobre lo que pas\u00f3 en la refiner\u00eda de Minatitl\u00e1n\u2026 Es claro que est\u00e1n ocupando la misma pol\u00edtica del \u00abviejo r\u00e9gimen\u00bb que tanto criticaron\u2026 LA FALTA DE TRANSPARENCIA\u2026 El de 6 junio est\u00e1 a la vuelta y el 2024 es INALCANZABLE\u2026 AMEN\u2026<\/p>\n\n\n\n<p>LOS CONVERSOS AZULES\u2026 Desde las oficinas centrales de MORENA en CDMX, su dirigente nacional, Mario Delgado, activ\u00f3 una operaci\u00f3n pol\u00edtica llamada: \u00abCHERRY BLUE\u00bb en Veracruz para buscarle allanar el camino a la alianza opositora en la elecci\u00f3n local \u00abVa Por Veracruz\u00bb y evitar que los sondeos que tiene en su poder\u2026 Se hagan reales\u2026 De que MORENA pierda alrededor de 20 distritos electorales locales y la mayor\u00eda de las alcald\u00edas que est\u00e1n en disputa en la entidad\u2026 OJO\u2026 Delgado no toc\u00f3 base, ni con Cuitl\u00e1huac, ni con Cisneros\u2026<br>Este operativo \u00abCherry Blue\u00bb lo instrumenta en MORENA los operadores de Palacio Nacional y se replica en todos los estados del pa\u00eds\u2026 El ejemplo m\u00e1s claro fue en el municipio de Xalapa\u2026 Donde a toda costa trataron de evitar la formaci\u00f3n de la coalici\u00f3n opositora para luchar por la alcald\u00eda de la capital\u2026 Dejaron acercarse a Sergio Hern\u00e1ndez, quien era el aspirante oficial del PAN a los partidos \u00absat\u00e9lites\u00bb de Los Morenos como es \u00abFuerza por M\u00e9xico\u00bb para mermar al PAN y al PRI-PRD en esta ciudad junto con David Velasco Chedraui\u2026<br>Desde la llegada de Delgado al CEN de MORENA apuntal\u00f3 esta operaci\u00f3n en varias partes de la entidad\u2026 Pero en Xalapa se hizo m\u00e1s evidente por lo pol\u00edtico y medi\u00e1tico que es la capital de Veracruz.. Y parte del \u00abCherry Blue\u00bb es jalar a panistas y ex panistas, con presencia, fuerza, dinero y alg\u00fan tipo liderazgo a estos partidos \u00absat\u00e9lites\u00bb para que desde ah\u00ed \u00abfraccionen\u00bb el voto y evitar el triunfo \u00abhaiga como haiga sido\u00bb al PAN-PRI y PRD junto con David Velasco\u2026<br><\/p>\n\n\n\n<div class=\"wp-block-image\"><figure class=\"alignleft size-large is-resized\"><a href=\"https:\/\/www.facebook.com\/235572229830246\/posts\/3695468387173929\/?d=n\"><img loading=\"lazy\" decoding=\"async\" src=\"http:\/\/www.lospoliticosveracruz.com.mx\/wp-content\/uploads\/2021\/04\/Concurso.jpg\" alt=\"\" class=\"wp-image-70543\" width=\"350\" height=\"220\"\/><\/a><\/figure><\/div>\n\n\n\n<p>As\u00ed que MORENA con el poder en el OPLE a trav\u00e9s de los consejeros electorales \u00abmorenistas\u00bb en el INE.. Se pusieron a trabajar desde hace tiempo y permitieron la creaci\u00f3n de partidos pol\u00edticos estatales o les dieron dirigencias locales de los organismos nacionales a ex panistas\u2026 As\u00ed la idea iba a funcionar de \u00abmaravilla\u00bb.. Ya que privilegian a panistas y desde\u00f1an a su base \u00abmorenistas\u00bb, a sus \u00abtribus\u00bb\u2026 Los ignoran y hasta los insultan\u2026 No toman en cuenta a los verdaderos militantes \u00abMorenos\u00bb\u2026 Ni el comit\u00e9 nacional, ni en Veracruz..<br>Los ejemplos de estos \u00abConversos\u00bb en Xalapa para DISOLVER el voto opositor\u2026 Son muy claros estos frentes\u2026 Se puede empezar con Jes\u00fas V\u00e1zquez, ex diputado federal panista, con su \u00abJuntos Por Veracruz\u00bb\u2026 Se supone \u00abhiper-ligado\u00bb con H\u00e9ctor Yunes\u2026 La segunda ser\u00eda con Cynthia Lobato, ex diputada local PAN y su partido \u00abUnidad Ciudadana\u00bb, tambi\u00e9n cercana al Palacio de Gobierno y firmante del Pacto que no es pacto\u2026 S\u00f3lo un exhorto o un \u00abllamado a misa\u00bb del Padre Suazo\u2026<br>El tercero ser\u00eda \u00abEl Tato\u00bb Vega Yunes, el \u00abbrazo Fifi\u00bb de la Cuarta Transformaci\u00f3n en Veracruz, con \u00abFuerza Por M\u00e9xico\u00bb, donde est\u00e1 con Gonzalo Vicencio, defenestrado dirigente estatal de MORENA y en donde tiene a Miguel \u00c1ngel Llera Bello, ex panista tambi\u00e9n, que va como candidato junto con \u00abEl Tato\u00bb \u2026 Obvio se tiene la idea que PRESUNTAMENTE ah\u00ed encaja, el cuarto personaje: Sergio Hern\u00e1ndez Hern\u00e1ndez, panista inconforme y RESENTIDO con la alianza \u00abVa por Veracruz\u00bb\u2026<br>El quinto personaje tambi\u00e9n entra la ex panista y ex candidata a la alcald\u00eda de Xalapa, Ana Mir\u00edan Ferraez, ella ahora como diputada de MORENA.. El sexto es Antonio Ballesteros, ex regidor panista, que ahora est\u00e1 cerca de Ricardo Ahued y que seguro est\u00e1 en su planilla de regidores\u2026 Tambi\u00e9n hay otros personajes ligados a otros partidos y que buscan \u00aberosionar\u00bb ese voto y uno de ellos ser\u00eda el s\u00e9ptimo en la persona de Carlos Abre\u00fa, que va por el PT, empresario de perfil panista y tambi\u00e9n cercano a H\u00e9ctor Yunes\u2026<br>Mientras que el octavo personaje ser\u00eda Francisco Garrido, con PODEMOS ex AVE, que en tiempos de Javier Duarte, hasta Eleazar Guerrero fu\u00e9 candidato a alcalde de Jilotepec\u2026Y nunca gan\u00f3 la elecci\u00f3n.. El noveno ser\u00eda Uriel Flores, ex PRD, candidato y yunista\u2026 La novena ser\u00eda la empresaria, Idheana Gomez, que est\u00e1 en el PVEM pero es de perfil panista\u2026 Y el d\u00e9cimo, ser\u00eda el famoso, Jos\u00e9 Alfredo P\u00e9rez Fuentes, \u00abEl Chocolate\u00bb, gente de Rafael Hern\u00e1ndez Villalpando y que posiblemente opere para el PES..<br>De esa manera, queda m\u00e1s claro el ejemplo se\u00f1alado en este espacio ayer\u2026 No hay panistas con David Velasco\u2026 Pero tampoco hay \u00abMorenistas\u00bb en MORENA.. As\u00ed est\u00e1n los perfiles en muchas partes del Estado con el operativo \u00abCherry Blue\u00bb\u2026 Privilegiando a ex panistas, perredistas y priistas, que son RECICLADOS O CONVERSOS para que operen en contra de sus ex partidos aunque en ello lleve el desprecio a verdaderos militantes Morenos\u2026 Los Morenistas de hoy, volver\u00e1n a ser rojos, azules o amarillos de ma\u00f1ana (2024)\u2026 AMEN\u2026 REAL POLITIK.<\/p>\n","protected":false},"excerpt":{"rendered":"<p>Ricardo Ch\u00faaSale y Vale OJO PEMEX\u2026. De ser verdad que la empresa que labora para Petr\u00f3leos Mexicanos, anda buscando a los \u00abculpables\u00bb que \u00abfiltraron\u00bb la foto, famosa mundialmente del trabajador de la Refiner\u00eda de MInatitl\u00e1n, \u00abL\u00e1zaro C\u00e1rdenas\u00bb para REPRENDERLOS por haber exhibido en esa fotograf\u00eda, las deficiencias en equipo t\u00e9cnico que tienen para enfrentar una [&hellip;]<\/p>\n","protected":false},"author":2,"featured_media":0,"comment_status":"closed","ping_status":"closed","sticky":false,"template":"","format":"standard","meta":{"tdm_status":"","tdm_grid_status":"","footnotes":""},"categories":[70],"tags":[8244,24637,10802,119,12596,1026,3272,6481,25054,195],"class_list":{"0":"post-70729","1":"post","2":"type-post","3":"status-publish","4":"format-standard","6":"category-de-opinion","7":"tag-cynthia-lobato","8":"tag-fuerza-por-mexico","9":"tag-gonzalo-vicencio-flores","10":"tag-hector-yunes","11":"tag-mario-delgado","12":"tag-morena","13":"tag-ople","14":"tag-sergio-hernandez-hernandez","15":"tag-va-por-veracruz","16":"tag-veracruz"},"yoast_head":"<!-- This site is optimized with the Yoast SEO plugin v27.4 - https:\/\/yoast.com\/product\/yoast-seo-wordpress\/ -->\n<title>Operativo &quot;Cherry Blue&quot; en Morena - Los pol\u00edticos Veracruz<\/title>\n<meta name=\"robots\" content=\"index, follow, max-snippet:-1, max-image-preview:large, max-video-preview:-1\" \/>\n<link rel=\"canonical\" href=\"https:\/\/lospoliticosveracruz.com\/?p=70729\" \/>\n<meta property=\"og:locale\" content=\"es_ES\" \/>\n<meta property=\"og:type\" content=\"article\" \/>\n<meta property=\"og:title\" content=\"Operativo &quot;Cherry Blue&quot; en Morena - Los pol\u00edticos Veracruz\" \/>\n<meta property=\"og:description\" content=\"Ricardo Ch\u00faaSale y Vale OJO PEMEX\u2026. De ser verdad que la empresa que labora para Petr\u00f3leos Mexicanos, anda buscando a los \u00abculpables\u00bb que \u00abfiltraron\u00bb la foto, famosa mundialmente del trabajador de la Refiner\u00eda de MInatitl\u00e1n, \u00abL\u00e1zaro C\u00e1rdenas\u00bb para REPRENDERLOS por haber exhibido en esa fotograf\u00eda, las deficiencias en equipo t\u00e9cnico que tienen para enfrentar una [&hellip;]\" \/>\n<meta property=\"og:url\" content=\"https:\/\/lospoliticosveracruz.com\/?p=70729\" \/>\n<meta property=\"og:site_name\" content=\"Los pol\u00edticos Veracruz\" \/>\n<meta property=\"article:publisher\" content=\"https:\/\/www.facebook.com\/people\/Notimemes-de-los-Polticos\/61565672886568\/\" \/>\n<meta property=\"article:published_time\" content=\"2021-04-09T14:05:04+00:00\" \/>\n<meta property=\"article:modified_time\" content=\"2021-04-09T14:05:07+00:00\" \/>\n<meta property=\"og:image\" content=\"http:\/\/www.lospoliticosveracruz.com.mx\/wp-content\/uploads\/2021\/04\/Cordoba-403-anos-06.png\" \/>\n<meta name=\"author\" content=\"Lo viste en Los Pol\u00edticos\" \/>\n<meta name=\"twitter:card\" content=\"summary_large_image\" \/>\n<meta name=\"twitter:creator\" content=\"@LosPoliticosVer\" \/>\n<meta name=\"twitter:site\" content=\"@LosPoliticosVer\" \/>\n<meta name=\"twitter:label1\" content=\"Escrito por\" \/>\n\t<meta name=\"twitter:data1\" content=\"Lo viste en Los Pol\u00edticos\" \/>\n\t<meta name=\"twitter:label2\" content=\"Tiempo de lectura\" \/>\n\t<meta name=\"twitter:data2\" content=\"6 minutos\" \/>\n<script type=\"application\/ld+json\" class=\"yoast-schema-graph\">{\"@context\":\"https:\\\/\\\/schema.org\",\"@graph\":[{\"@type\":\"Article\",\"@id\":\"https:\\\/\\\/lospoliticosveracruz.com\\\/?p=70729#article\",\"isPartOf\":{\"@id\":\"https:\\\/\\\/lospoliticosveracruz.com\\\/?p=70729\"},\"author\":{\"name\":\"Lo viste en Los Pol\u00edticos\",\"@id\":\"https:\\\/\\\/lospoliticosveracruz.com\\\/#\\\/schema\\\/person\\\/b8702bb0e538456e6efd07080bf2a4a2\"},\"headline\":\"Operativo \u00abCherry Blue\u00bb en Morena\",\"datePublished\":\"2021-04-09T14:05:04+00:00\",\"dateModified\":\"2021-04-09T14:05:07+00:00\",\"mainEntityOfPage\":{\"@id\":\"https:\\\/\\\/lospoliticosveracruz.com\\\/?p=70729\"},\"wordCount\":1132,\"publisher\":{\"@id\":\"https:\\\/\\\/lospoliticosveracruz.com\\\/#organization\"},\"image\":{\"@id\":\"https:\\\/\\\/lospoliticosveracruz.com\\\/?p=70729#primaryimage\"},\"thumbnailUrl\":\"http:\\\/\\\/www.lospoliticosveracruz.com.mx\\\/wp-content\\\/uploads\\\/2021\\\/04\\\/Cordoba-403-anos-06.png\",\"keywords\":[\"Cynthia Lobato\",\"Fuerza por M\u00e9xico\",\"Gonzalo Vicencio Flores\",\"H\u00e9ctor Yunes\",\"Mario Delgado\",\"Morena\",\"OPLE\",\"Sergio Hern\u00e1ndez Hern\u00e1ndez\",\"Va por Veracruz\",\"Veracruz\"],\"articleSection\":[\"De Opini\u00f3n\"],\"inLanguage\":\"es\"},{\"@type\":\"WebPage\",\"@id\":\"https:\\\/\\\/lospoliticosveracruz.com\\\/?p=70729\",\"url\":\"https:\\\/\\\/lospoliticosveracruz.com\\\/?p=70729\",\"name\":\"Operativo \\\"Cherry Blue\\\" en Morena - Los pol\u00edticos Veracruz\",\"isPartOf\":{\"@id\":\"https:\\\/\\\/lospoliticosveracruz.com\\\/#website\"},\"primaryImageOfPage\":{\"@id\":\"https:\\\/\\\/lospoliticosveracruz.com\\\/?p=70729#primaryimage\"},\"image\":{\"@id\":\"https:\\\/\\\/lospoliticosveracruz.com\\\/?p=70729#primaryimage\"},\"thumbnailUrl\":\"http:\\\/\\\/www.lospoliticosveracruz.com.mx\\\/wp-content\\\/uploads\\\/2021\\\/04\\\/Cordoba-403-anos-06.png\",\"datePublished\":\"2021-04-09T14:05:04+00:00\",\"dateModified\":\"2021-04-09T14:05:07+00:00\",\"breadcrumb\":{\"@id\":\"https:\\\/\\\/lospoliticosveracruz.com\\\/?p=70729#breadcrumb\"},\"inLanguage\":\"es\",\"potentialAction\":[{\"@type\":\"ReadAction\",\"target\":[\"https:\\\/\\\/lospoliticosveracruz.com\\\/?p=70729\"]}]},{\"@type\":\"ImageObject\",\"inLanguage\":\"es\",\"@id\":\"https:\\\/\\\/lospoliticosveracruz.com\\\/?p=70729#primaryimage\",\"url\":\"http:\\\/\\\/www.lospoliticosveracruz.com.mx\\\/wp-content\\\/uploads\\\/2021\\\/04\\\/Cordoba-403-anos-06.png\",\"contentUrl\":\"http:\\\/\\\/www.lospoliticosveracruz.com.mx\\\/wp-content\\\/uploads\\\/2021\\\/04\\\/Cordoba-403-anos-06.png\"},{\"@type\":\"BreadcrumbList\",\"@id\":\"https:\\\/\\\/lospoliticosveracruz.com\\\/?p=70729#breadcrumb\",\"itemListElement\":[{\"@type\":\"ListItem\",\"position\":1,\"name\":\"Portada\",\"item\":\"https:\\\/\\\/lospoliticosveracruz.com\\\/\"},{\"@type\":\"ListItem\",\"position\":2,\"name\":\"Operativo \u00abCherry Blue\u00bb en Morena\"}]},{\"@type\":\"WebSite\",\"@id\":\"https:\\\/\\\/lospoliticosveracruz.com\\\/#website\",\"url\":\"https:\\\/\\\/lospoliticosveracruz.com\\\/\",\"name\":\"Los pol\u00edticos Veracruz\",\"description\":\"\",\"publisher\":{\"@id\":\"https:\\\/\\\/lospoliticosveracruz.com\\\/#organization\"},\"potentialAction\":[{\"@type\":\"SearchAction\",\"target\":{\"@type\":\"EntryPoint\",\"urlTemplate\":\"https:\\\/\\\/lospoliticosveracruz.com\\\/?s={search_term_string}\"},\"query-input\":{\"@type\":\"PropertyValueSpecification\",\"valueRequired\":true,\"valueName\":\"search_term_string\"}}],\"inLanguage\":\"es\"},{\"@type\":\"Organization\",\"@id\":\"https:\\\/\\\/lospoliticosveracruz.com\\\/#organization\",\"name\":\"Los pol\u00edticos Veracruz\",\"url\":\"https:\\\/\\\/lospoliticosveracruz.com\\\/\",\"logo\":{\"@type\":\"ImageObject\",\"inLanguage\":\"es\",\"@id\":\"https:\\\/\\\/lospoliticosveracruz.com\\\/#\\\/schema\\\/logo\\\/image\\\/\",\"url\":\"https:\\\/\\\/lospoliticosveracruz.com\\\/wp-content\\\/uploads\\\/2025\\\/12\\\/Logo-Nuevo-LOS-POLITICOS-1.jpg\",\"contentUrl\":\"https:\\\/\\\/lospoliticosveracruz.com\\\/wp-content\\\/uploads\\\/2025\\\/12\\\/Logo-Nuevo-LOS-POLITICOS-1.jpg\",\"width\":260,\"height\":70,\"caption\":\"Los pol\u00edticos Veracruz\"},\"image\":{\"@id\":\"https:\\\/\\\/lospoliticosveracruz.com\\\/#\\\/schema\\\/logo\\\/image\\\/\"},\"sameAs\":[\"https:\\\/\\\/www.facebook.com\\\/people\\\/Notimemes-de-los-Polticos\\\/61565672886568\\\/\",\"https:\\\/\\\/x.com\\\/LosPoliticosVer\"]},{\"@type\":\"Person\",\"@id\":\"https:\\\/\\\/lospoliticosveracruz.com\\\/#\\\/schema\\\/person\\\/b8702bb0e538456e6efd07080bf2a4a2\",\"name\":\"Lo viste en Los Pol\u00edticos\",\"image\":{\"@type\":\"ImageObject\",\"inLanguage\":\"es\",\"@id\":\"https:\\\/\\\/secure.gravatar.com\\\/avatar\\\/3a8de04a2656d44082be478bd6c086daa447c4651605818287b9532d3d0bd435?s=96&d=mm&r=g\",\"url\":\"https:\\\/\\\/secure.gravatar.com\\\/avatar\\\/3a8de04a2656d44082be478bd6c086daa447c4651605818287b9532d3d0bd435?s=96&d=mm&r=g\",\"contentUrl\":\"https:\\\/\\\/secure.gravatar.com\\\/avatar\\\/3a8de04a2656d44082be478bd6c086daa447c4651605818287b9532d3d0bd435?s=96&d=mm&r=g\",\"caption\":\"Lo viste en Los Pol\u00edticos\"},\"url\":\"https:\\\/\\\/lospoliticosveracruz.com\\\/?author=2\"}]}<\/script>\n<!-- \/ Yoast SEO plugin. -->","yoast_head_json":{"title":"Operativo \"Cherry Blue\" en Morena - Los pol\u00edticos Veracruz","robots":{"index":"index","follow":"follow","max-snippet":"max-snippet:-1","max-image-preview":"max-image-preview:large","max-video-preview":"max-video-preview:-1"},"canonical":"https:\/\/lospoliticosveracruz.com\/?p=70729","og_locale":"es_ES","og_type":"article","og_title":"Operativo \"Cherry Blue\" en Morena - Los pol\u00edticos Veracruz","og_description":"Ricardo Ch\u00faaSale y Vale OJO PEMEX\u2026. De ser verdad que la empresa que labora para Petr\u00f3leos Mexicanos, anda buscando a los \u00abculpables\u00bb que \u00abfiltraron\u00bb la foto, famosa mundialmente del trabajador de la Refiner\u00eda de MInatitl\u00e1n, \u00abL\u00e1zaro C\u00e1rdenas\u00bb para REPRENDERLOS por haber exhibido en esa fotograf\u00eda, las deficiencias en equipo t\u00e9cnico que tienen para enfrentar una [&hellip;]","og_url":"https:\/\/lospoliticosveracruz.com\/?p=70729","og_site_name":"Los pol\u00edticos Veracruz","article_publisher":"https:\/\/www.facebook.com\/people\/Notimemes-de-los-Polticos\/61565672886568\/","article_published_time":"2021-04-09T14:05:04+00:00","article_modified_time":"2021-04-09T14:05:07+00:00","og_image":[{"url":"http:\/\/www.lospoliticosveracruz.com.mx\/wp-content\/uploads\/2021\/04\/Cordoba-403-anos-06.png","type":"","width":"","height":""}],"author":"Lo viste en Los Pol\u00edticos","twitter_card":"summary_large_image","twitter_creator":"@LosPoliticosVer","twitter_site":"@LosPoliticosVer","twitter_misc":{"Escrito por":"Lo viste en Los Pol\u00edticos","Tiempo de lectura":"6 minutos"},"schema":{"@context":"https:\/\/schema.org","@graph":[{"@type":"Article","@id":"https:\/\/lospoliticosveracruz.com\/?p=70729#article","isPartOf":{"@id":"https:\/\/lospoliticosveracruz.com\/?p=70729"},"author":{"name":"Lo viste en Los Pol\u00edticos","@id":"https:\/\/lospoliticosveracruz.com\/#\/schema\/person\/b8702bb0e538456e6efd07080bf2a4a2"},"headline":"Operativo \u00abCherry Blue\u00bb en Morena","datePublished":"2021-04-09T14:05:04+00:00","dateModified":"2021-04-09T14:05:07+00:00","mainEntityOfPage":{"@id":"https:\/\/lospoliticosveracruz.com\/?p=70729"},"wordCount":1132,"publisher":{"@id":"https:\/\/lospoliticosveracruz.com\/#organization"},"image":{"@id":"https:\/\/lospoliticosveracruz.com\/?p=70729#primaryimage"},"thumbnailUrl":"http:\/\/www.lospoliticosveracruz.com.mx\/wp-content\/uploads\/2021\/04\/Cordoba-403-anos-06.png","keywords":["Cynthia Lobato","Fuerza por M\u00e9xico","Gonzalo Vicencio Flores","H\u00e9ctor Yunes","Mario Delgado","Morena","OPLE","Sergio Hern\u00e1ndez Hern\u00e1ndez","Va por Veracruz","Veracruz"],"articleSection":["De Opini\u00f3n"],"inLanguage":"es"},{"@type":"WebPage","@id":"https:\/\/lospoliticosveracruz.com\/?p=70729","url":"https:\/\/lospoliticosveracruz.com\/?p=70729","name":"Operativo \"Cherry Blue\" en Morena - Los pol\u00edticos Veracruz","isPartOf":{"@id":"https:\/\/lospoliticosveracruz.com\/#website"},"primaryImageOfPage":{"@id":"https:\/\/lospoliticosveracruz.com\/?p=70729#primaryimage"},"image":{"@id":"https:\/\/lospoliticosveracruz.com\/?p=70729#primaryimage"},"thumbnailUrl":"http:\/\/www.lospoliticosveracruz.com.mx\/wp-content\/uploads\/2021\/04\/Cordoba-403-anos-06.png","datePublished":"2021-04-09T14:05:04+00:00","dateModified":"2021-04-09T14:05:07+00:00","breadcrumb":{"@id":"https:\/\/lospoliticosveracruz.com\/?p=70729#breadcrumb"},"inLanguage":"es","potentialAction":[{"@type":"ReadAction","target":["https:\/\/lospoliticosveracruz.com\/?p=70729"]}]},{"@type":"ImageObject","inLanguage":"es","@id":"https:\/\/lospoliticosveracruz.com\/?p=70729#primaryimage","url":"http:\/\/www.lospoliticosveracruz.com.mx\/wp-content\/uploads\/2021\/04\/Cordoba-403-anos-06.png","contentUrl":"http:\/\/www.lospoliticosveracruz.com.mx\/wp-content\/uploads\/2021\/04\/Cordoba-403-anos-06.png"},{"@type":"BreadcrumbList","@id":"https:\/\/lospoliticosveracruz.com\/?p=70729#breadcrumb","itemListElement":[{"@type":"ListItem","position":1,"name":"Portada","item":"https:\/\/lospoliticosveracruz.com\/"},{"@type":"ListItem","position":2,"name":"Operativo \u00abCherry Blue\u00bb en Morena"}]},{"@type":"WebSite","@id":"https:\/\/lospoliticosveracruz.com\/#website","url":"https:\/\/lospoliticosveracruz.com\/","name":"Los pol\u00edticos Veracruz","description":"","publisher":{"@id":"https:\/\/lospoliticosveracruz.com\/#organization"},"potentialAction":[{"@type":"SearchAction","target":{"@type":"EntryPoint","urlTemplate":"https:\/\/lospoliticosveracruz.com\/?s={search_term_string}"},"query-input":{"@type":"PropertyValueSpecification","valueRequired":true,"valueName":"search_term_string"}}],"inLanguage":"es"},{"@type":"Organization","@id":"https:\/\/lospoliticosveracruz.com\/#organization","name":"Los pol\u00edticos Veracruz","url":"https:\/\/lospoliticosveracruz.com\/","logo":{"@type":"ImageObject","inLanguage":"es","@id":"https:\/\/lospoliticosveracruz.com\/#\/schema\/logo\/image\/","url":"https:\/\/lospoliticosveracruz.com\/wp-content\/uploads\/2025\/12\/Logo-Nuevo-LOS-POLITICOS-1.jpg","contentUrl":"https:\/\/lospoliticosveracruz.com\/wp-content\/uploads\/2025\/12\/Logo-Nuevo-LOS-POLITICOS-1.jpg","width":260,"height":70,"caption":"Los pol\u00edticos Veracruz"},"image":{"@id":"https:\/\/lospoliticosveracruz.com\/#\/schema\/logo\/image\/"},"sameAs":["https:\/\/www.facebook.com\/people\/Notimemes-de-los-Polticos\/61565672886568\/","https:\/\/x.com\/LosPoliticosVer"]},{"@type":"Person","@id":"https:\/\/lospoliticosveracruz.com\/#\/schema\/person\/b8702bb0e538456e6efd07080bf2a4a2","name":"Lo viste en Los Pol\u00edticos","image":{"@type":"ImageObject","inLanguage":"es","@id":"https:\/\/secure.gravatar.com\/avatar\/3a8de04a2656d44082be478bd6c086daa447c4651605818287b9532d3d0bd435?s=96&d=mm&r=g","url":"https:\/\/secure.gravatar.com\/avatar\/3a8de04a2656d44082be478bd6c086daa447c4651605818287b9532d3d0bd435?s=96&d=mm&r=g","contentUrl":"https:\/\/secure.gravatar.com\/avatar\/3a8de04a2656d44082be478bd6c086daa447c4651605818287b9532d3d0bd435?s=96&d=mm&r=g","caption":"Lo viste en Los Pol\u00edticos"},"url":"https:\/\/lospoliticosveracruz.com\/?author=2"}]}},"_links":{"self":[{"href":"https:\/\/lospoliticosveracruz.com\/index.php?rest_route=\/wp\/v2\/posts\/70729","targetHints":{"allow":["GET"]}}],"collection":[{"href":"https:\/\/lospoliticosveracruz.com\/index.php?rest_route=\/wp\/v2\/posts"}],"about":[{"href":"https:\/\/lospoliticosveracruz.com\/index.php?rest_route=\/wp\/v2\/types\/post"}],"author":[{"embeddable":true,"href":"https:\/\/lospoliticosveracruz.com\/index.php?rest_route=\/wp\/v2\/users\/2"}],"replies":[{"embeddable":true,"href":"https:\/\/lospoliticosveracruz.com\/index.php?rest_route=%2Fwp%2Fv2%2Fcomments&post=70729"}],"version-history":[{"count":1,"href":"https:\/\/lospoliticosveracruz.com\/index.php?rest_route=\/wp\/v2\/posts\/70729\/revisions"}],"predecessor-version":[{"id":70731,"href":"https:\/\/lospoliticosveracruz.com\/index.php?rest_route=\/wp\/v2\/posts\/70729\/revisions\/70731"}],"wp:attachment":[{"href":"https:\/\/lospoliticosveracruz.com\/index.php?rest_route=%2Fwp%2Fv2%2Fmedia&parent=70729"}],"wp:term":[{"taxonomy":"category","embeddable":true,"href":"https:\/\/lospoliticosveracruz.com\/index.php?rest_route=%2Fwp%2Fv2%2Fcategories&post=70729"},{"taxonomy":"post_tag","embeddable":true,"href":"https:\/\/lospoliticosveracruz.com\/index.php?rest_route=%2Fwp%2Fv2%2Ftags&post=70729"}],"curies":[{"name":"wp","href":"https:\/\/api.w.org\/{rel}","templated":true}]}}