{"id":70796,"date":"2021-04-11T10:10:36","date_gmt":"2021-04-11T15:10:36","guid":{"rendered":"http:\/\/www.lospoliticosveracruz.com.mx\/?p=70796"},"modified":"2021-04-11T10:10:40","modified_gmt":"2021-04-11T15:10:40","slug":"pan-con-lo-mismo","status":"publish","type":"post","link":"https:\/\/lospoliticosveracruz.com\/?p=70796","title":{"rendered":"PAN, con lo mismo"},"content":{"rendered":"\n<p><strong>Ricardo Ch\u00faa<\/strong><\/p>\n\n\n\n<p><em>Sale y Vale<\/em><\/p>\n\n\n\n<p>JUNIORCRASIA Y PREFERETI\u2026 Ayer por la noche empez\u00f3 a circular en grupos de \u00abWhatsApp\u00bb la lista que presuntamente aprob\u00f3 el PAN en Veracruz, de quienes ser\u00e1n sus candidatos a diputados locales plurinominales\u2026 Y esto, encendi\u00f3 a panistas, que no est\u00e1n de acuerdo con la lista\u2026 Por lo menos, con 3 de los primeros 5 sitios de ella\u2026 Puros HIJOS DE\u2026 Y otros que \u00abviven siempre del PAN\u00bb\u2026 La expectativa se vino abajo\u2026 Ni un Yunes\u2026 Ni siquiera Joaqu\u00edn Guzm\u00e1n Avil\u00e9s\u2026 Pareciera un \u00abpan echado a perder\u00bb\u2026<\/p>\n\n\n\n<p>Seg\u00fan la lista \u00abfiltrada\u00bb as\u00ed quedar\u00edan los nombres de la primera a la octava posici\u00f3n\u2026 Ya de ah\u00ed para adelante dif\u00edcilmente entran\u2026 El primero ser\u00eda Enrique Cambranis Torres \u00abEl Conde.. Nado\u00bb\u2026 El segundo es: Nora Lagunes\u2026 El tercero ser\u00eda: Bingen Rementeria Molina\u2026 La cuarta es: Itzel Yescas\u2026 El quinto ser\u00eda: Isaac L. L\u00f3pez\u2026 La sexta es: Ver\u00f3nica Pulido Hern\u00e1ndez\u2026 El s\u00e9ptimo es: Sergio Hern\u00e1ndez \u00abEl He Man\u00bb y el octavo ser\u00eda: Ana Ledezma\u2026 El nueve ser\u00eda: Juan Luis Rojas \u00abEl Carnalito\u00bb\u2026 Ya los dem\u00e1s, no tiene caso\u2026 No entran\u2026<\/p>\n\n\n\n<p>\u00abGarganta Profunda Azul\u00bb nos coment\u00f3 que despu\u00e9s de esta lista\u2026 Los operadores del PAN en Xalapa s\u00f3lo dijeron una dos cosas: \u00abEs terrible\u00bb\u2026 Y la otra fue: \u00abNo mamen, Cambranis otra vez, sin el Checo en la uno, Xalapa la pierde David, el -Conde- no le aporta nada a la alianza\u00bb\u2026 Hubo uno que la defini\u00f3 as\u00ed: \u00abPinche lista m\u00e1s pinche y m\u00e1s nepotista\u00bb\u2026 Ahora si el PAN en sus tiempos modernos en Veracruz\u2026 Le gan\u00f3 al PRI del \u00abviejo r\u00e9gimen\u00bb\u2026 Ahora a esta lista de \u00abPluris\u00bb el grupo de panistas \u00abnotables\u00bb, la llaman: \u00abEl orgullo del nepotismo azul\u00bb\u2026<\/p>\n\n\n\n<p>Se puede ver por qui\u00e9n est\u00e1 conformado la lista: Enrique Cambranis, que nunca ha ganado una elecci\u00f3n constitucional, va por su CUARTA \u00abpluri\u00bb entre federales y locales\u2026 \u00bfQu\u00e9 no hay otros?\u2026 25 a\u00f1os viviendo del panismo\u2026 En su dirigencia se le acus\u00f3 de aliarse con Fidel Herrera y Javier Duarte\u2026 Los Yunes Azules no lo pudieron correr del partido\u2026 Y con MORENA tiene a su mentor: Domingo Bahena, secretario General del Congreso Local, como su ALIADO\u2026 Esto \u00abhuele\u00bb a TRAICI\u00d3N\u2026<\/p>\n\n\n\n<p>Cambranis no dej\u00f3 crecer a nadie\u2026 Y no se va a \u00abjubilar\u00bb en esta\u2026 Si puede en el 2024 se inscribe para otra \u00abpluri\u00bb\u2026 De Nora Lagunes, el \u00abGarganta Profunda\u00bb, se\u00f1ala que haberle dado una \u00abpluri\u00bb \u00b4por el PAN\u2026 Corre el riesgo que con la diputada por Huatusco.. Se \u00abfiltre\u00bb MORENA a trav\u00e9s de ella PRESUNTAMENTE dentro del panismo\u2026 Esto por la cercana relaci\u00f3n que mantiene con el coordinador de la bancada de los Morenos en el Congreso Local, Juan Javier G\u00f3mez Cazar\u00edn\u2026 Es decir, con el presunto enemigo \u00aben casa\u00bb\u2026<\/p>\n\n\n\n<p>Sobre Bingen Rementeria, el \u00abGarganta Profunda\u00bb dice que ser\u00eda el menos se\u00f1alado, porque ha demostrado poder pol\u00edtico y electoral, dentro y fuera del PAN\u2026 Ha ganado dos veces su elecci\u00f3n como diputado local (2016 y 2018)\u2026 Se enfrent\u00f3 en una candidatura interna a un ex candidato a Gobernador por la alcald\u00eda de Veracruz, hace unas semanas\u2026 De todos, los que est\u00e1n en esos 5 sitios, es el que m\u00e1s se merece, sin reclamo alguno, la plurinominal\u2026Bingen es un activo pol\u00edtico fuerte dentro del panismo\u2026<\/p>\n\n\n\n<p>Despu\u00e9s de ellos viene las \u00abpluris\u00bb de la \u00abJuniorcrasia\u00bb azul\u2026 Itzel Yescas, hija de Germ\u00e1n Yescas, operador panista y siempre metido en el comit\u00e9 estatal e Isaac L. L\u00f3pez, el hijo de la alcaldesa de C\u00f3rdoba, Leticia L\u00f3pez Landero\u2026 Se\u00f1alada de ser la operadora de Eric Cisneros y MORENA en ese distrito\u2026 El PAN la premia con ese \u00abregalo\u00bb para su beb\u00e9.. Lo hubiera mandado a \u00abjugar\u00bb la elecci\u00f3n por el PRI\u2026 De Ver\u00f3nica Pulido, pues, ella, es propuesta de Los Yunes Azules\u2026 Es hasta ah\u00ed donde tienen posibilidades de entrar\u2026 Los dem\u00e1s, muy dif\u00edcil..<\/p>\n\n\n\n<p>Ya en el tema de \u00abLas Pluris\u00bb panistas\u2026 \u00abGarganta Profunda\u00bb confes\u00f3 que los operadores pol\u00edticos dentro del PAN han asegurado, que con excepci\u00f3n de Bingen Rementeria\u2026 Sergio Hern\u00e1ndez vale m\u00e1s de todos los que est\u00e1n antes que \u00e9l\u2026 \u00abEl Checo\u00bb tuvo que haber ido en el sitio de \u00abEl Conde..Nado\u00bb Cambranis para ganar la alcald\u00eda de Xalapa\u2026 Y lo avientan al sitio 7\u2026 \u00abHe Man\u00bb vale m\u00e1s que Cambranis\u2026 Con todos los \u00abpecados\u00bb que pueda tener\u2026 Ya Cambranis no vale lo de una \u00abpluri\u00bb\u2026<\/p>\n\n\n\n<p>Los mismos operadores se\u00f1alan qu\u00e9 no entienden el por qu\u00e9 \u00abEl Chapito\u00bb no va en una \u00abpluri\u00bb o que \u00e9l haya mandado a alguien cercano a esa posici\u00f3n\u2026 No d\u00e1rsela a Lety L\u00f3pez, a la cual MORENA la puede \u00abapretar\u00bb desde el ORFIS y dejar pasar o dejar correr en su distrito\u2026 Con esa lista, dicen, ponen en predicamento el triunfo del PAN o de la coalici\u00f3n opositora en muchas partes\u2026 Ya que es un desconsuelo esos \u00abpluris\u00bb, salvo sus excepciones\u2026 Ya que van personas que pueden ser manipulados por la c\u00fapula y sin experiencia y preparaci\u00f3n\u2026<\/p>\n\n\n\n<p>As\u00ed que la lista de \u00abpluris\u00bb azules\u2026 La ven como una mala se\u00f1al para el militante y simpatizante panista\u2026 Ya que no alienta a que ellos mismos participen en una campa\u00f1a pol\u00edtica\u2026Sobre todo por el desd\u00e9n al \u00abCheco\u00bb Hern\u00e1ndez, porque no privilegian a los suyos\u2026 Ya que \u00e9l pag\u00f3 sus \u00abpecados\u00bb al haberlo bajado de la candidatura a la alcald\u00eda\u2026 No priorizaron a los que eran sus candidatos porque como sea\u2026 El Checo gan\u00f3 una contienda interna\u2026 Lo despreciaron por la \u00abjuniorcrasia\u00bb y por los \u00abreptiles repetidores\u00bb\u2026 Un mal mensaje para los panistas\u2026<\/p>\n\n\n\n<p>Sino vean el tema de \u00abEl Conde\u00bb con los 25 a\u00f1os que lleva viviendo del partido ininterrumpidos y sin \u00abbanquear\u00bb\u2026 Un \u00abLord Diputado\u00bb\u2026 Y le vale\u2026 No han generado otros liderazgos y se est\u00e1n quedando con los mismos\u2026 Con esto queda claro, que Cambranis sali\u00f3 m\u00e1s pragm\u00e1tico, que su otro mentor: Alejandro V\u00e1zquez Cuevas \u00abEl Pipo\u00bb\u2026 Para finalizar, con el tema de los \u00abpluris\u00bb azules, s\u00f3lo queda emular a Don Fernando Marcos, cuando desped\u00eda las trasmisiones de un partido de futbol en TV con 3 palabras: \u00abMORENA est\u00e1 contenta\u00bb\u2026<\/p>\n","protected":false},"excerpt":{"rendered":"<p>Ricardo Ch\u00faa Sale y Vale JUNIORCRASIA Y PREFERETI\u2026 Ayer por la noche empez\u00f3 a circular en grupos de \u00abWhatsApp\u00bb la lista que presuntamente aprob\u00f3 el PAN en Veracruz, de quienes ser\u00e1n sus candidatos a diputados locales plurinominales\u2026 Y esto, encendi\u00f3 a panistas, que no est\u00e1n de acuerdo con la lista\u2026 Por lo menos, con 3 [&hellip;]<\/p>\n","protected":false},"author":2,"featured_media":48612,"comment_status":"closed","ping_status":"closed","sticky":false,"template":"","format":"standard","meta":{"tdm_status":"","tdm_grid_status":"","footnotes":""},"categories":[70],"tags":[4684,2399,12695,27293,13485,6481],"class_list":{"0":"post-70796","1":"post","2":"type-post","3":"status-publish","4":"format-standard","5":"has-post-thumbnail","7":"category-de-opinion","8":"tag-bingen-rementeria","9":"tag-enrique-cambranis-torres","10":"tag-juan-javier-gomez-cazarin","11":"tag-juan-luis-rojas-mora","12":"tag-nora-lagunes-jauregui","13":"tag-sergio-hernandez-hernandez"},"yoast_head":"<!-- This site is optimized with the Yoast SEO plugin v27.4 - https:\/\/yoast.com\/product\/yoast-seo-wordpress\/ -->\n<title>PAN, con lo mismo - Los pol\u00edticos Veracruz<\/title>\n<meta name=\"robots\" content=\"index, follow, max-snippet:-1, max-image-preview:large, max-video-preview:-1\" \/>\n<link rel=\"canonical\" href=\"https:\/\/lospoliticosveracruz.com\/?p=70796\" \/>\n<meta property=\"og:locale\" content=\"es_ES\" \/>\n<meta property=\"og:type\" content=\"article\" \/>\n<meta property=\"og:title\" content=\"PAN, con lo mismo - Los pol\u00edticos Veracruz\" \/>\n<meta property=\"og:description\" content=\"Ricardo Ch\u00faa Sale y Vale JUNIORCRASIA Y PREFERETI\u2026 Ayer por la noche empez\u00f3 a circular en grupos de \u00abWhatsApp\u00bb la lista que presuntamente aprob\u00f3 el PAN en Veracruz, de quienes ser\u00e1n sus candidatos a diputados locales plurinominales\u2026 Y esto, encendi\u00f3 a panistas, que no est\u00e1n de acuerdo con la lista\u2026 Por lo menos, con 3 [&hellip;]\" \/>\n<meta property=\"og:url\" content=\"https:\/\/lospoliticosveracruz.com\/?p=70796\" \/>\n<meta property=\"og:site_name\" content=\"Los pol\u00edticos Veracruz\" \/>\n<meta property=\"article:publisher\" content=\"https:\/\/www.facebook.com\/people\/Notimemes-de-los-Polticos\/61565672886568\/\" \/>\n<meta property=\"article:published_time\" content=\"2021-04-11T15:10:36+00:00\" \/>\n<meta property=\"article:modified_time\" content=\"2021-04-11T15:10:40+00:00\" \/>\n<meta property=\"og:image\" content=\"https:\/\/lospoliticosveracruz.com\/wp-content\/uploads\/2019\/06\/Enrique-Cambranis.jpeg\" \/>\n\t<meta property=\"og:image:width\" content=\"600\" \/>\n\t<meta property=\"og:image:height\" content=\"357\" \/>\n\t<meta property=\"og:image:type\" content=\"image\/jpeg\" \/>\n<meta name=\"author\" content=\"Lo viste en Los Pol\u00edticos\" \/>\n<meta name=\"twitter:card\" content=\"summary_large_image\" \/>\n<meta name=\"twitter:creator\" content=\"@LosPoliticosVer\" \/>\n<meta name=\"twitter:site\" content=\"@LosPoliticosVer\" \/>\n<meta name=\"twitter:label1\" content=\"Escrito por\" \/>\n\t<meta name=\"twitter:data1\" content=\"Lo viste en Los Pol\u00edticos\" \/>\n\t<meta name=\"twitter:label2\" content=\"Tiempo de lectura\" \/>\n\t<meta name=\"twitter:data2\" content=\"5 minutos\" \/>\n<script type=\"application\/ld+json\" class=\"yoast-schema-graph\">{\"@context\":\"https:\\\/\\\/schema.org\",\"@graph\":[{\"@type\":\"Article\",\"@id\":\"https:\\\/\\\/lospoliticosveracruz.com\\\/?p=70796#article\",\"isPartOf\":{\"@id\":\"https:\\\/\\\/lospoliticosveracruz.com\\\/?p=70796\"},\"author\":{\"name\":\"Lo viste en Los Pol\u00edticos\",\"@id\":\"https:\\\/\\\/lospoliticosveracruz.com\\\/#\\\/schema\\\/person\\\/b8702bb0e538456e6efd07080bf2a4a2\"},\"headline\":\"PAN, con lo mismo\",\"datePublished\":\"2021-04-11T15:10:36+00:00\",\"dateModified\":\"2021-04-11T15:10:40+00:00\",\"mainEntityOfPage\":{\"@id\":\"https:\\\/\\\/lospoliticosveracruz.com\\\/?p=70796\"},\"wordCount\":1069,\"publisher\":{\"@id\":\"https:\\\/\\\/lospoliticosveracruz.com\\\/#organization\"},\"image\":{\"@id\":\"https:\\\/\\\/lospoliticosveracruz.com\\\/?p=70796#primaryimage\"},\"thumbnailUrl\":\"https:\\\/\\\/lospoliticosveracruz.com\\\/wp-content\\\/uploads\\\/2019\\\/06\\\/Enrique-Cambranis.jpeg\",\"keywords\":[\"Bingen Rementer\u00eda\",\"Enrique Cambranis Torres\",\"Juan Javier G\u00f3mez Cazar\u00edn\",\"Juan Luis Rojas Mora\",\"Nora Lagunes J\u00e1uregui\",\"Sergio Hern\u00e1ndez Hern\u00e1ndez\"],\"articleSection\":[\"De Opini\u00f3n\"],\"inLanguage\":\"es\"},{\"@type\":\"WebPage\",\"@id\":\"https:\\\/\\\/lospoliticosveracruz.com\\\/?p=70796\",\"url\":\"https:\\\/\\\/lospoliticosveracruz.com\\\/?p=70796\",\"name\":\"PAN, con lo mismo - Los pol\u00edticos Veracruz\",\"isPartOf\":{\"@id\":\"https:\\\/\\\/lospoliticosveracruz.com\\\/#website\"},\"primaryImageOfPage\":{\"@id\":\"https:\\\/\\\/lospoliticosveracruz.com\\\/?p=70796#primaryimage\"},\"image\":{\"@id\":\"https:\\\/\\\/lospoliticosveracruz.com\\\/?p=70796#primaryimage\"},\"thumbnailUrl\":\"https:\\\/\\\/lospoliticosveracruz.com\\\/wp-content\\\/uploads\\\/2019\\\/06\\\/Enrique-Cambranis.jpeg\",\"datePublished\":\"2021-04-11T15:10:36+00:00\",\"dateModified\":\"2021-04-11T15:10:40+00:00\",\"breadcrumb\":{\"@id\":\"https:\\\/\\\/lospoliticosveracruz.com\\\/?p=70796#breadcrumb\"},\"inLanguage\":\"es\",\"potentialAction\":[{\"@type\":\"ReadAction\",\"target\":[\"https:\\\/\\\/lospoliticosveracruz.com\\\/?p=70796\"]}]},{\"@type\":\"ImageObject\",\"inLanguage\":\"es\",\"@id\":\"https:\\\/\\\/lospoliticosveracruz.com\\\/?p=70796#primaryimage\",\"url\":\"https:\\\/\\\/lospoliticosveracruz.com\\\/wp-content\\\/uploads\\\/2019\\\/06\\\/Enrique-Cambranis.jpeg\",\"contentUrl\":\"https:\\\/\\\/lospoliticosveracruz.com\\\/wp-content\\\/uploads\\\/2019\\\/06\\\/Enrique-Cambranis.jpeg\",\"width\":600,\"height\":357},{\"@type\":\"BreadcrumbList\",\"@id\":\"https:\\\/\\\/lospoliticosveracruz.com\\\/?p=70796#breadcrumb\",\"itemListElement\":[{\"@type\":\"ListItem\",\"position\":1,\"name\":\"Portada\",\"item\":\"https:\\\/\\\/lospoliticosveracruz.com\\\/\"},{\"@type\":\"ListItem\",\"position\":2,\"name\":\"PAN, con lo mismo\"}]},{\"@type\":\"WebSite\",\"@id\":\"https:\\\/\\\/lospoliticosveracruz.com\\\/#website\",\"url\":\"https:\\\/\\\/lospoliticosveracruz.com\\\/\",\"name\":\"Los pol\u00edticos Veracruz\",\"description\":\"\",\"publisher\":{\"@id\":\"https:\\\/\\\/lospoliticosveracruz.com\\\/#organization\"},\"potentialAction\":[{\"@type\":\"SearchAction\",\"target\":{\"@type\":\"EntryPoint\",\"urlTemplate\":\"https:\\\/\\\/lospoliticosveracruz.com\\\/?s={search_term_string}\"},\"query-input\":{\"@type\":\"PropertyValueSpecification\",\"valueRequired\":true,\"valueName\":\"search_term_string\"}}],\"inLanguage\":\"es\"},{\"@type\":\"Organization\",\"@id\":\"https:\\\/\\\/lospoliticosveracruz.com\\\/#organization\",\"name\":\"Los pol\u00edticos Veracruz\",\"url\":\"https:\\\/\\\/lospoliticosveracruz.com\\\/\",\"logo\":{\"@type\":\"ImageObject\",\"inLanguage\":\"es\",\"@id\":\"https:\\\/\\\/lospoliticosveracruz.com\\\/#\\\/schema\\\/logo\\\/image\\\/\",\"url\":\"https:\\\/\\\/lospoliticosveracruz.com\\\/wp-content\\\/uploads\\\/2025\\\/12\\\/Logo-Nuevo-LOS-POLITICOS-1.jpg\",\"contentUrl\":\"https:\\\/\\\/lospoliticosveracruz.com\\\/wp-content\\\/uploads\\\/2025\\\/12\\\/Logo-Nuevo-LOS-POLITICOS-1.jpg\",\"width\":260,\"height\":70,\"caption\":\"Los pol\u00edticos Veracruz\"},\"image\":{\"@id\":\"https:\\\/\\\/lospoliticosveracruz.com\\\/#\\\/schema\\\/logo\\\/image\\\/\"},\"sameAs\":[\"https:\\\/\\\/www.facebook.com\\\/people\\\/Notimemes-de-los-Polticos\\\/61565672886568\\\/\",\"https:\\\/\\\/x.com\\\/LosPoliticosVer\"]},{\"@type\":\"Person\",\"@id\":\"https:\\\/\\\/lospoliticosveracruz.com\\\/#\\\/schema\\\/person\\\/b8702bb0e538456e6efd07080bf2a4a2\",\"name\":\"Lo viste en Los Pol\u00edticos\",\"image\":{\"@type\":\"ImageObject\",\"inLanguage\":\"es\",\"@id\":\"https:\\\/\\\/secure.gravatar.com\\\/avatar\\\/3a8de04a2656d44082be478bd6c086daa447c4651605818287b9532d3d0bd435?s=96&d=mm&r=g\",\"url\":\"https:\\\/\\\/secure.gravatar.com\\\/avatar\\\/3a8de04a2656d44082be478bd6c086daa447c4651605818287b9532d3d0bd435?s=96&d=mm&r=g\",\"contentUrl\":\"https:\\\/\\\/secure.gravatar.com\\\/avatar\\\/3a8de04a2656d44082be478bd6c086daa447c4651605818287b9532d3d0bd435?s=96&d=mm&r=g\",\"caption\":\"Lo viste en Los Pol\u00edticos\"},\"url\":\"https:\\\/\\\/lospoliticosveracruz.com\\\/?author=2\"}]}<\/script>\n<!-- \/ Yoast SEO plugin. -->","yoast_head_json":{"title":"PAN, con lo mismo - Los pol\u00edticos Veracruz","robots":{"index":"index","follow":"follow","max-snippet":"max-snippet:-1","max-image-preview":"max-image-preview:large","max-video-preview":"max-video-preview:-1"},"canonical":"https:\/\/lospoliticosveracruz.com\/?p=70796","og_locale":"es_ES","og_type":"article","og_title":"PAN, con lo mismo - Los pol\u00edticos Veracruz","og_description":"Ricardo Ch\u00faa Sale y Vale JUNIORCRASIA Y PREFERETI\u2026 Ayer por la noche empez\u00f3 a circular en grupos de \u00abWhatsApp\u00bb la lista que presuntamente aprob\u00f3 el PAN en Veracruz, de quienes ser\u00e1n sus candidatos a diputados locales plurinominales\u2026 Y esto, encendi\u00f3 a panistas, que no est\u00e1n de acuerdo con la lista\u2026 Por lo menos, con 3 [&hellip;]","og_url":"https:\/\/lospoliticosveracruz.com\/?p=70796","og_site_name":"Los pol\u00edticos Veracruz","article_publisher":"https:\/\/www.facebook.com\/people\/Notimemes-de-los-Polticos\/61565672886568\/","article_published_time":"2021-04-11T15:10:36+00:00","article_modified_time":"2021-04-11T15:10:40+00:00","og_image":[{"width":600,"height":357,"url":"https:\/\/lospoliticosveracruz.com\/wp-content\/uploads\/2019\/06\/Enrique-Cambranis.jpeg","type":"image\/jpeg"}],"author":"Lo viste en Los Pol\u00edticos","twitter_card":"summary_large_image","twitter_creator":"@LosPoliticosVer","twitter_site":"@LosPoliticosVer","twitter_misc":{"Escrito por":"Lo viste en Los Pol\u00edticos","Tiempo de lectura":"5 minutos"},"schema":{"@context":"https:\/\/schema.org","@graph":[{"@type":"Article","@id":"https:\/\/lospoliticosveracruz.com\/?p=70796#article","isPartOf":{"@id":"https:\/\/lospoliticosveracruz.com\/?p=70796"},"author":{"name":"Lo viste en Los Pol\u00edticos","@id":"https:\/\/lospoliticosveracruz.com\/#\/schema\/person\/b8702bb0e538456e6efd07080bf2a4a2"},"headline":"PAN, con lo mismo","datePublished":"2021-04-11T15:10:36+00:00","dateModified":"2021-04-11T15:10:40+00:00","mainEntityOfPage":{"@id":"https:\/\/lospoliticosveracruz.com\/?p=70796"},"wordCount":1069,"publisher":{"@id":"https:\/\/lospoliticosveracruz.com\/#organization"},"image":{"@id":"https:\/\/lospoliticosveracruz.com\/?p=70796#primaryimage"},"thumbnailUrl":"https:\/\/lospoliticosveracruz.com\/wp-content\/uploads\/2019\/06\/Enrique-Cambranis.jpeg","keywords":["Bingen Rementer\u00eda","Enrique Cambranis Torres","Juan Javier G\u00f3mez Cazar\u00edn","Juan Luis Rojas Mora","Nora Lagunes J\u00e1uregui","Sergio Hern\u00e1ndez Hern\u00e1ndez"],"articleSection":["De Opini\u00f3n"],"inLanguage":"es"},{"@type":"WebPage","@id":"https:\/\/lospoliticosveracruz.com\/?p=70796","url":"https:\/\/lospoliticosveracruz.com\/?p=70796","name":"PAN, con lo mismo - Los pol\u00edticos Veracruz","isPartOf":{"@id":"https:\/\/lospoliticosveracruz.com\/#website"},"primaryImageOfPage":{"@id":"https:\/\/lospoliticosveracruz.com\/?p=70796#primaryimage"},"image":{"@id":"https:\/\/lospoliticosveracruz.com\/?p=70796#primaryimage"},"thumbnailUrl":"https:\/\/lospoliticosveracruz.com\/wp-content\/uploads\/2019\/06\/Enrique-Cambranis.jpeg","datePublished":"2021-04-11T15:10:36+00:00","dateModified":"2021-04-11T15:10:40+00:00","breadcrumb":{"@id":"https:\/\/lospoliticosveracruz.com\/?p=70796#breadcrumb"},"inLanguage":"es","potentialAction":[{"@type":"ReadAction","target":["https:\/\/lospoliticosveracruz.com\/?p=70796"]}]},{"@type":"ImageObject","inLanguage":"es","@id":"https:\/\/lospoliticosveracruz.com\/?p=70796#primaryimage","url":"https:\/\/lospoliticosveracruz.com\/wp-content\/uploads\/2019\/06\/Enrique-Cambranis.jpeg","contentUrl":"https:\/\/lospoliticosveracruz.com\/wp-content\/uploads\/2019\/06\/Enrique-Cambranis.jpeg","width":600,"height":357},{"@type":"BreadcrumbList","@id":"https:\/\/lospoliticosveracruz.com\/?p=70796#breadcrumb","itemListElement":[{"@type":"ListItem","position":1,"name":"Portada","item":"https:\/\/lospoliticosveracruz.com\/"},{"@type":"ListItem","position":2,"name":"PAN, con lo mismo"}]},{"@type":"WebSite","@id":"https:\/\/lospoliticosveracruz.com\/#website","url":"https:\/\/lospoliticosveracruz.com\/","name":"Los pol\u00edticos Veracruz","description":"","publisher":{"@id":"https:\/\/lospoliticosveracruz.com\/#organization"},"potentialAction":[{"@type":"SearchAction","target":{"@type":"EntryPoint","urlTemplate":"https:\/\/lospoliticosveracruz.com\/?s={search_term_string}"},"query-input":{"@type":"PropertyValueSpecification","valueRequired":true,"valueName":"search_term_string"}}],"inLanguage":"es"},{"@type":"Organization","@id":"https:\/\/lospoliticosveracruz.com\/#organization","name":"Los pol\u00edticos Veracruz","url":"https:\/\/lospoliticosveracruz.com\/","logo":{"@type":"ImageObject","inLanguage":"es","@id":"https:\/\/lospoliticosveracruz.com\/#\/schema\/logo\/image\/","url":"https:\/\/lospoliticosveracruz.com\/wp-content\/uploads\/2025\/12\/Logo-Nuevo-LOS-POLITICOS-1.jpg","contentUrl":"https:\/\/lospoliticosveracruz.com\/wp-content\/uploads\/2025\/12\/Logo-Nuevo-LOS-POLITICOS-1.jpg","width":260,"height":70,"caption":"Los pol\u00edticos Veracruz"},"image":{"@id":"https:\/\/lospoliticosveracruz.com\/#\/schema\/logo\/image\/"},"sameAs":["https:\/\/www.facebook.com\/people\/Notimemes-de-los-Polticos\/61565672886568\/","https:\/\/x.com\/LosPoliticosVer"]},{"@type":"Person","@id":"https:\/\/lospoliticosveracruz.com\/#\/schema\/person\/b8702bb0e538456e6efd07080bf2a4a2","name":"Lo viste en Los Pol\u00edticos","image":{"@type":"ImageObject","inLanguage":"es","@id":"https:\/\/secure.gravatar.com\/avatar\/3a8de04a2656d44082be478bd6c086daa447c4651605818287b9532d3d0bd435?s=96&d=mm&r=g","url":"https:\/\/secure.gravatar.com\/avatar\/3a8de04a2656d44082be478bd6c086daa447c4651605818287b9532d3d0bd435?s=96&d=mm&r=g","contentUrl":"https:\/\/secure.gravatar.com\/avatar\/3a8de04a2656d44082be478bd6c086daa447c4651605818287b9532d3d0bd435?s=96&d=mm&r=g","caption":"Lo viste en Los Pol\u00edticos"},"url":"https:\/\/lospoliticosveracruz.com\/?author=2"}]}},"_links":{"self":[{"href":"https:\/\/lospoliticosveracruz.com\/index.php?rest_route=\/wp\/v2\/posts\/70796","targetHints":{"allow":["GET"]}}],"collection":[{"href":"https:\/\/lospoliticosveracruz.com\/index.php?rest_route=\/wp\/v2\/posts"}],"about":[{"href":"https:\/\/lospoliticosveracruz.com\/index.php?rest_route=\/wp\/v2\/types\/post"}],"author":[{"embeddable":true,"href":"https:\/\/lospoliticosveracruz.com\/index.php?rest_route=\/wp\/v2\/users\/2"}],"replies":[{"embeddable":true,"href":"https:\/\/lospoliticosveracruz.com\/index.php?rest_route=%2Fwp%2Fv2%2Fcomments&post=70796"}],"version-history":[{"count":1,"href":"https:\/\/lospoliticosveracruz.com\/index.php?rest_route=\/wp\/v2\/posts\/70796\/revisions"}],"predecessor-version":[{"id":70797,"href":"https:\/\/lospoliticosveracruz.com\/index.php?rest_route=\/wp\/v2\/posts\/70796\/revisions\/70797"}],"wp:featuredmedia":[{"embeddable":true,"href":"https:\/\/lospoliticosveracruz.com\/index.php?rest_route=\/wp\/v2\/media\/48612"}],"wp:attachment":[{"href":"https:\/\/lospoliticosveracruz.com\/index.php?rest_route=%2Fwp%2Fv2%2Fmedia&parent=70796"}],"wp:term":[{"taxonomy":"category","embeddable":true,"href":"https:\/\/lospoliticosveracruz.com\/index.php?rest_route=%2Fwp%2Fv2%2Fcategories&post=70796"},{"taxonomy":"post_tag","embeddable":true,"href":"https:\/\/lospoliticosveracruz.com\/index.php?rest_route=%2Fwp%2Fv2%2Ftags&post=70796"}],"curies":[{"name":"wp","href":"https:\/\/api.w.org\/{rel}","templated":true}]}}