{"id":70838,"date":"2021-04-11T22:12:53","date_gmt":"2021-04-12T03:12:53","guid":{"rendered":"http:\/\/www.lospoliticosveracruz.com.mx\/?p=70838"},"modified":"2021-04-11T22:12:57","modified_gmt":"2021-04-12T03:12:57","slug":"pueblos-magicos-sin-recursos-podemos-avanza","status":"publish","type":"post","link":"https:\/\/lospoliticosveracruz.com\/?p=70838","title":{"rendered":"Pueblos M\u00e1gicos, sin recursos \/ Podemos, avanza"},"content":{"rendered":"\n<p><strong>Enrique Yasser Pompeyo<\/strong><\/p>\n\n\n\n<p><em>Mesa de Redacci\u00f3n<br><\/em><\/p>\n\n\n\n<p>La Secretar\u00eda de Turismo federal public\u00f3 en diciembre del a\u00f1o pasado una lista con las 11 localidades que se suman a los 121 Pueblos M\u00e1gicos existentes, como parte de la estrategia para reactivar el turismo, sin embargo, no cuentan con presupuesto.<br><\/p>\n\n\n\n<div class=\"wp-block-image\"><figure class=\"alignleft size-large is-resized\"><a href=\"http:\/\/www.lospoliticosveracruz.com.mx\/wp-content\/uploads\/2021\/04\/Cordoba-403-anos-01.png\"><img loading=\"lazy\" decoding=\"async\" src=\"http:\/\/www.lospoliticosveracruz.com.mx\/wp-content\/uploads\/2021\/04\/Cordoba-403-anos-01.png\" alt=\"\" class=\"wp-image-70673\" width=\"300\" height=\"250\"\/><\/a><\/figure><\/div>\n\n\n\n<p>Actualmente son 132 municipios con esa denominaci\u00f3n, pero carecen de recursos etiquetados, lo que complica a\u00fan m\u00e1s la recuperaci\u00f3n del sector en un contexto afectado por el coronavirus.<br>Desde 2019, los 121 municipios con la denominaci\u00f3n de Pueblo M\u00e1gico ya no fueron contemplados dentro del Proyecto de Presupuesto de Egresos de la Federaci\u00f3n, tampoco en 2020 y 2021 se consider\u00f3 destinar recursos para el Programa de Desarrollo Regional Tur\u00edstico Sustentable y Pueblos M\u00e1gicos (Proderm\u00e1gico), dejando a las localidades con dicho reconocimiento a la deriva.<br>El \u00faltimo a\u00f1o que los Pueblos M\u00e1gicos recibieron recursos fue en 2018, cuando se le otorgaron 500 millones de pesos, que ten\u00edan como objetivo la construcci\u00f3n de infraestructura y ordenamientos de estas localidades.<br>El Estado de M\u00e9xico, Guanajuato, Hidalgo, Jalisco, Michoac\u00e1n, Puebla, Quer\u00e9taro, Veracruz y Zacatecas son las entidades m\u00e1s afectadas con la desaparici\u00f3n del programa federal Proderm\u00e1gico. Estos nueve estados albergan la mitad de los Pueblos M\u00e1gicos del pa\u00eds.<br>El pr\u00f3ximo 5 de octubre se celebrar\u00e1 el D\u00eda Nacional de los Pueblos M\u00e1gicos, luego de que se emitiera un decreto presidencial; ser\u00e1n los ayuntamientos los que deber\u00e1n implementar acciones y destinar dinero para llevar a cabo las actividades y que no pase desapercibido.<br>En el caso del estado de Veracruz, existen 6 municipios con dicha denominaci\u00f3n: Zozocolco, Orizaba, Coscomatepec, Xico, Coatepec y Papantla.<br>Ante el abandono de la Federaci\u00f3n, los estados, pero particularmente los municipios deber\u00e1n buscar y establecer alianzas cooperativas, as\u00ed como inversiones promocionales, para evitar que el nombramiento se quede s\u00f3lo de membrete.<br><\/p>\n\n\n\n<div class=\"wp-block-image\"><figure class=\"alignleft size-large is-resized\"><a href=\"https:\/\/drive.google.com\/file\/d\/1Q9mJWAbAAcSE5Xy3gLetz4G7zcZVnOr5\/view?fbclid=IwAR21RCgSVy7rnC7mFt72TIVuewikDvUknkwyTne89f8AwxPGge10KkDXXhI\"><img loading=\"lazy\" decoding=\"async\" src=\"http:\/\/www.lospoliticosveracruz.com.mx\/wp-content\/uploads\/2021\/04\/CLASES-MAGISTRALES.jpg\" alt=\"\" class=\"wp-image-70534\" width=\"350\" height=\"232\"\/><\/a><\/figure><\/div>\n\n\n\n<p>Adem\u00e1s, para que los Pueblos M\u00e1gicos puedan atraer el turismo nacional e internacional, tambi\u00e9n debe existir colaboraci\u00f3n permanente de la Iniciativa Privada y el gobierno federal para lograr una recuperaci\u00f3n paulatina en el sector en los siguientes meses, ya que ha sido uno de los rubros m\u00e1s afectados por la crisis sanitaria.<br>La existencia de los 132 Pueblos M\u00e1gicos en M\u00e9xico posiciona al pa\u00eds como un centro tur\u00edstico internacional de relevancia, por ello, deben destinarse recursos suficientes para atenderlos con la finalidad de que no pierdan su estatus que, adem\u00e1s, impulsa el desarrollo econ\u00f3mico de esas poblaciones.<\/p>\n\n\n\n<p><strong>PODEMOS, AVANZA<br><\/strong>De los cuatro nuevos partidos pol\u00edticos locales en Veracruz, PODEMOS es el que m\u00e1s activo se encuentra y sin hacer tanto ruido avanza para posicionarse entre el electorado rumbo a las elecciones del 6 de junio.<br>Francisco \u201cPaco\u201d Garrido tiene claro que las y los veracruzanos \u201cno buscan volver al pasado desastroso, pero tampoco est\u00e1n dispuestos a permanecer en el presente populista\u201d.<br>De esa manera, construyen una tercera v\u00eda, \u201cdonde el equilibrio sea nuestra meta, generando el desarrollo econ\u00f3mico y tecnol\u00f3gico, logrando solidaridad, legalidad y justicia social, dando paso a la profesionalizaci\u00f3n de servicio p\u00fablico y a las oportunidades\u201d.<br>A lo largo y ancho del territorio veracruzano ha nombrado a delegados distritales, municipales y especiales, adem\u00e1s de conformar los comit\u00e9s en cada localidad.<br>Por ello, el presidente del Comit\u00e9 Central Ejecutivo en el estado de Veracruz, Francisco Garrido, tiene claro que se puede consolidar la tercera v\u00eda, a trav\u00e9s de la plataforma pol\u00edtica social de PODEMOS.<\/p>\n\n\n\n<p>enriquepompeyo@hotmail.com<\/p>\n","protected":false},"excerpt":{"rendered":"<p>Enrique Yasser Pompeyo Mesa de Redacci\u00f3n La Secretar\u00eda de Turismo federal public\u00f3 en diciembre del a\u00f1o pasado una lista con las 11 localidades que se suman a los 121 Pueblos M\u00e1gicos existentes, como parte de la estrategia para reactivar el turismo, sin embargo, no cuentan con presupuesto. Actualmente son 132 municipios con esa denominaci\u00f3n, pero [&hellip;]<\/p>\n","protected":false},"author":2,"featured_media":0,"comment_status":"closed","ping_status":"closed","sticky":false,"template":"","format":"standard","meta":{"tdm_status":"","tdm_grid_status":"","footnotes":""},"categories":[70],"tags":[3610,13365,330,27302,27301,195],"class_list":{"0":"post-70838","1":"post","2":"type-post","3":"status-publish","4":"format-standard","6":"category-de-opinion","7":"tag-francisco-garrido","8":"tag-podemos","9":"tag-pueblos-magicos","10":"tag-reactivar-el-turismo","11":"tag-turismo-federal","12":"tag-veracruz"},"yoast_head":"<!-- This site is optimized with the Yoast SEO plugin v27.4 - https:\/\/yoast.com\/product\/yoast-seo-wordpress\/ -->\n<title>Pueblos M\u00e1gicos, sin recursos \/ Podemos, avanza - Los pol\u00edticos Veracruz<\/title>\n<meta name=\"robots\" content=\"index, follow, max-snippet:-1, max-image-preview:large, max-video-preview:-1\" \/>\n<link rel=\"canonical\" href=\"https:\/\/lospoliticosveracruz.com\/?p=70838\" \/>\n<meta property=\"og:locale\" content=\"es_ES\" \/>\n<meta property=\"og:type\" content=\"article\" \/>\n<meta property=\"og:title\" content=\"Pueblos M\u00e1gicos, sin recursos \/ Podemos, avanza - Los pol\u00edticos Veracruz\" \/>\n<meta property=\"og:description\" content=\"Enrique Yasser Pompeyo Mesa de Redacci\u00f3n La Secretar\u00eda de Turismo federal public\u00f3 en diciembre del a\u00f1o pasado una lista con las 11 localidades que se suman a los 121 Pueblos M\u00e1gicos existentes, como parte de la estrategia para reactivar el turismo, sin embargo, no cuentan con presupuesto. Actualmente son 132 municipios con esa denominaci\u00f3n, pero [&hellip;]\" \/>\n<meta property=\"og:url\" content=\"https:\/\/lospoliticosveracruz.com\/?p=70838\" \/>\n<meta property=\"og:site_name\" content=\"Los pol\u00edticos Veracruz\" \/>\n<meta property=\"article:publisher\" content=\"https:\/\/www.facebook.com\/people\/Notimemes-de-los-Polticos\/61565672886568\/\" \/>\n<meta property=\"article:published_time\" content=\"2021-04-12T03:12:53+00:00\" \/>\n<meta property=\"article:modified_time\" content=\"2021-04-12T03:12:57+00:00\" \/>\n<meta property=\"og:image\" content=\"http:\/\/www.lospoliticosveracruz.com.mx\/wp-content\/uploads\/2021\/04\/Cordoba-403-anos-01.png\" \/>\n<meta name=\"author\" content=\"Lo viste en Los Pol\u00edticos\" \/>\n<meta name=\"twitter:card\" content=\"summary_large_image\" \/>\n<meta name=\"twitter:creator\" content=\"@LosPoliticosVer\" \/>\n<meta name=\"twitter:site\" content=\"@LosPoliticosVer\" \/>\n<meta name=\"twitter:label1\" content=\"Escrito por\" \/>\n\t<meta name=\"twitter:data1\" content=\"Lo viste en Los Pol\u00edticos\" \/>\n\t<meta name=\"twitter:label2\" content=\"Tiempo de lectura\" \/>\n\t<meta name=\"twitter:data2\" content=\"3 minutos\" \/>\n<script type=\"application\/ld+json\" class=\"yoast-schema-graph\">{\"@context\":\"https:\\\/\\\/schema.org\",\"@graph\":[{\"@type\":\"Article\",\"@id\":\"https:\\\/\\\/lospoliticosveracruz.com\\\/?p=70838#article\",\"isPartOf\":{\"@id\":\"https:\\\/\\\/lospoliticosveracruz.com\\\/?p=70838\"},\"author\":{\"name\":\"Lo viste en Los Pol\u00edticos\",\"@id\":\"https:\\\/\\\/lospoliticosveracruz.com\\\/#\\\/schema\\\/person\\\/b8702bb0e538456e6efd07080bf2a4a2\"},\"headline\":\"Pueblos M\u00e1gicos, sin recursos \\\/ Podemos, avanza\",\"datePublished\":\"2021-04-12T03:12:53+00:00\",\"dateModified\":\"2021-04-12T03:12:57+00:00\",\"mainEntityOfPage\":{\"@id\":\"https:\\\/\\\/lospoliticosveracruz.com\\\/?p=70838\"},\"wordCount\":609,\"publisher\":{\"@id\":\"https:\\\/\\\/lospoliticosveracruz.com\\\/#organization\"},\"image\":{\"@id\":\"https:\\\/\\\/lospoliticosveracruz.com\\\/?p=70838#primaryimage\"},\"thumbnailUrl\":\"http:\\\/\\\/www.lospoliticosveracruz.com.mx\\\/wp-content\\\/uploads\\\/2021\\\/04\\\/Cordoba-403-anos-01.png\",\"keywords\":[\"Francisco Garrido\",\"Podemos\",\"Pueblos M\u00e1gicos\",\"Reactivar el turismo\",\"Turismo federal\",\"Veracruz\"],\"articleSection\":[\"De Opini\u00f3n\"],\"inLanguage\":\"es\"},{\"@type\":\"WebPage\",\"@id\":\"https:\\\/\\\/lospoliticosveracruz.com\\\/?p=70838\",\"url\":\"https:\\\/\\\/lospoliticosveracruz.com\\\/?p=70838\",\"name\":\"Pueblos M\u00e1gicos, sin recursos \\\/ Podemos, avanza - Los pol\u00edticos Veracruz\",\"isPartOf\":{\"@id\":\"https:\\\/\\\/lospoliticosveracruz.com\\\/#website\"},\"primaryImageOfPage\":{\"@id\":\"https:\\\/\\\/lospoliticosveracruz.com\\\/?p=70838#primaryimage\"},\"image\":{\"@id\":\"https:\\\/\\\/lospoliticosveracruz.com\\\/?p=70838#primaryimage\"},\"thumbnailUrl\":\"http:\\\/\\\/www.lospoliticosveracruz.com.mx\\\/wp-content\\\/uploads\\\/2021\\\/04\\\/Cordoba-403-anos-01.png\",\"datePublished\":\"2021-04-12T03:12:53+00:00\",\"dateModified\":\"2021-04-12T03:12:57+00:00\",\"breadcrumb\":{\"@id\":\"https:\\\/\\\/lospoliticosveracruz.com\\\/?p=70838#breadcrumb\"},\"inLanguage\":\"es\",\"potentialAction\":[{\"@type\":\"ReadAction\",\"target\":[\"https:\\\/\\\/lospoliticosveracruz.com\\\/?p=70838\"]}]},{\"@type\":\"ImageObject\",\"inLanguage\":\"es\",\"@id\":\"https:\\\/\\\/lospoliticosveracruz.com\\\/?p=70838#primaryimage\",\"url\":\"http:\\\/\\\/www.lospoliticosveracruz.com.mx\\\/wp-content\\\/uploads\\\/2021\\\/04\\\/Cordoba-403-anos-01.png\",\"contentUrl\":\"http:\\\/\\\/www.lospoliticosveracruz.com.mx\\\/wp-content\\\/uploads\\\/2021\\\/04\\\/Cordoba-403-anos-01.png\"},{\"@type\":\"BreadcrumbList\",\"@id\":\"https:\\\/\\\/lospoliticosveracruz.com\\\/?p=70838#breadcrumb\",\"itemListElement\":[{\"@type\":\"ListItem\",\"position\":1,\"name\":\"Portada\",\"item\":\"https:\\\/\\\/lospoliticosveracruz.com\\\/\"},{\"@type\":\"ListItem\",\"position\":2,\"name\":\"Pueblos M\u00e1gicos, sin recursos \\\/ Podemos, avanza\"}]},{\"@type\":\"WebSite\",\"@id\":\"https:\\\/\\\/lospoliticosveracruz.com\\\/#website\",\"url\":\"https:\\\/\\\/lospoliticosveracruz.com\\\/\",\"name\":\"Los pol\u00edticos Veracruz\",\"description\":\"\",\"publisher\":{\"@id\":\"https:\\\/\\\/lospoliticosveracruz.com\\\/#organization\"},\"potentialAction\":[{\"@type\":\"SearchAction\",\"target\":{\"@type\":\"EntryPoint\",\"urlTemplate\":\"https:\\\/\\\/lospoliticosveracruz.com\\\/?s={search_term_string}\"},\"query-input\":{\"@type\":\"PropertyValueSpecification\",\"valueRequired\":true,\"valueName\":\"search_term_string\"}}],\"inLanguage\":\"es\"},{\"@type\":\"Organization\",\"@id\":\"https:\\\/\\\/lospoliticosveracruz.com\\\/#organization\",\"name\":\"Los pol\u00edticos Veracruz\",\"url\":\"https:\\\/\\\/lospoliticosveracruz.com\\\/\",\"logo\":{\"@type\":\"ImageObject\",\"inLanguage\":\"es\",\"@id\":\"https:\\\/\\\/lospoliticosveracruz.com\\\/#\\\/schema\\\/logo\\\/image\\\/\",\"url\":\"https:\\\/\\\/lospoliticosveracruz.com\\\/wp-content\\\/uploads\\\/2025\\\/12\\\/Logo-Nuevo-LOS-POLITICOS-1.jpg\",\"contentUrl\":\"https:\\\/\\\/lospoliticosveracruz.com\\\/wp-content\\\/uploads\\\/2025\\\/12\\\/Logo-Nuevo-LOS-POLITICOS-1.jpg\",\"width\":260,\"height\":70,\"caption\":\"Los pol\u00edticos Veracruz\"},\"image\":{\"@id\":\"https:\\\/\\\/lospoliticosveracruz.com\\\/#\\\/schema\\\/logo\\\/image\\\/\"},\"sameAs\":[\"https:\\\/\\\/www.facebook.com\\\/people\\\/Notimemes-de-los-Polticos\\\/61565672886568\\\/\",\"https:\\\/\\\/x.com\\\/LosPoliticosVer\"]},{\"@type\":\"Person\",\"@id\":\"https:\\\/\\\/lospoliticosveracruz.com\\\/#\\\/schema\\\/person\\\/b8702bb0e538456e6efd07080bf2a4a2\",\"name\":\"Lo viste en Los Pol\u00edticos\",\"image\":{\"@type\":\"ImageObject\",\"inLanguage\":\"es\",\"@id\":\"https:\\\/\\\/secure.gravatar.com\\\/avatar\\\/3a8de04a2656d44082be478bd6c086daa447c4651605818287b9532d3d0bd435?s=96&d=mm&r=g\",\"url\":\"https:\\\/\\\/secure.gravatar.com\\\/avatar\\\/3a8de04a2656d44082be478bd6c086daa447c4651605818287b9532d3d0bd435?s=96&d=mm&r=g\",\"contentUrl\":\"https:\\\/\\\/secure.gravatar.com\\\/avatar\\\/3a8de04a2656d44082be478bd6c086daa447c4651605818287b9532d3d0bd435?s=96&d=mm&r=g\",\"caption\":\"Lo viste en Los Pol\u00edticos\"},\"url\":\"https:\\\/\\\/lospoliticosveracruz.com\\\/?author=2\"}]}<\/script>\n<!-- \/ Yoast SEO plugin. -->","yoast_head_json":{"title":"Pueblos M\u00e1gicos, sin recursos \/ Podemos, avanza - Los pol\u00edticos Veracruz","robots":{"index":"index","follow":"follow","max-snippet":"max-snippet:-1","max-image-preview":"max-image-preview:large","max-video-preview":"max-video-preview:-1"},"canonical":"https:\/\/lospoliticosveracruz.com\/?p=70838","og_locale":"es_ES","og_type":"article","og_title":"Pueblos M\u00e1gicos, sin recursos \/ Podemos, avanza - Los pol\u00edticos Veracruz","og_description":"Enrique Yasser Pompeyo Mesa de Redacci\u00f3n La Secretar\u00eda de Turismo federal public\u00f3 en diciembre del a\u00f1o pasado una lista con las 11 localidades que se suman a los 121 Pueblos M\u00e1gicos existentes, como parte de la estrategia para reactivar el turismo, sin embargo, no cuentan con presupuesto. Actualmente son 132 municipios con esa denominaci\u00f3n, pero [&hellip;]","og_url":"https:\/\/lospoliticosveracruz.com\/?p=70838","og_site_name":"Los pol\u00edticos Veracruz","article_publisher":"https:\/\/www.facebook.com\/people\/Notimemes-de-los-Polticos\/61565672886568\/","article_published_time":"2021-04-12T03:12:53+00:00","article_modified_time":"2021-04-12T03:12:57+00:00","og_image":[{"url":"http:\/\/www.lospoliticosveracruz.com.mx\/wp-content\/uploads\/2021\/04\/Cordoba-403-anos-01.png","type":"","width":"","height":""}],"author":"Lo viste en Los Pol\u00edticos","twitter_card":"summary_large_image","twitter_creator":"@LosPoliticosVer","twitter_site":"@LosPoliticosVer","twitter_misc":{"Escrito por":"Lo viste en Los Pol\u00edticos","Tiempo de lectura":"3 minutos"},"schema":{"@context":"https:\/\/schema.org","@graph":[{"@type":"Article","@id":"https:\/\/lospoliticosveracruz.com\/?p=70838#article","isPartOf":{"@id":"https:\/\/lospoliticosveracruz.com\/?p=70838"},"author":{"name":"Lo viste en Los Pol\u00edticos","@id":"https:\/\/lospoliticosveracruz.com\/#\/schema\/person\/b8702bb0e538456e6efd07080bf2a4a2"},"headline":"Pueblos M\u00e1gicos, sin recursos \/ Podemos, avanza","datePublished":"2021-04-12T03:12:53+00:00","dateModified":"2021-04-12T03:12:57+00:00","mainEntityOfPage":{"@id":"https:\/\/lospoliticosveracruz.com\/?p=70838"},"wordCount":609,"publisher":{"@id":"https:\/\/lospoliticosveracruz.com\/#organization"},"image":{"@id":"https:\/\/lospoliticosveracruz.com\/?p=70838#primaryimage"},"thumbnailUrl":"http:\/\/www.lospoliticosveracruz.com.mx\/wp-content\/uploads\/2021\/04\/Cordoba-403-anos-01.png","keywords":["Francisco Garrido","Podemos","Pueblos M\u00e1gicos","Reactivar el turismo","Turismo federal","Veracruz"],"articleSection":["De Opini\u00f3n"],"inLanguage":"es"},{"@type":"WebPage","@id":"https:\/\/lospoliticosveracruz.com\/?p=70838","url":"https:\/\/lospoliticosveracruz.com\/?p=70838","name":"Pueblos M\u00e1gicos, sin recursos \/ Podemos, avanza - Los pol\u00edticos Veracruz","isPartOf":{"@id":"https:\/\/lospoliticosveracruz.com\/#website"},"primaryImageOfPage":{"@id":"https:\/\/lospoliticosveracruz.com\/?p=70838#primaryimage"},"image":{"@id":"https:\/\/lospoliticosveracruz.com\/?p=70838#primaryimage"},"thumbnailUrl":"http:\/\/www.lospoliticosveracruz.com.mx\/wp-content\/uploads\/2021\/04\/Cordoba-403-anos-01.png","datePublished":"2021-04-12T03:12:53+00:00","dateModified":"2021-04-12T03:12:57+00:00","breadcrumb":{"@id":"https:\/\/lospoliticosveracruz.com\/?p=70838#breadcrumb"},"inLanguage":"es","potentialAction":[{"@type":"ReadAction","target":["https:\/\/lospoliticosveracruz.com\/?p=70838"]}]},{"@type":"ImageObject","inLanguage":"es","@id":"https:\/\/lospoliticosveracruz.com\/?p=70838#primaryimage","url":"http:\/\/www.lospoliticosveracruz.com.mx\/wp-content\/uploads\/2021\/04\/Cordoba-403-anos-01.png","contentUrl":"http:\/\/www.lospoliticosveracruz.com.mx\/wp-content\/uploads\/2021\/04\/Cordoba-403-anos-01.png"},{"@type":"BreadcrumbList","@id":"https:\/\/lospoliticosveracruz.com\/?p=70838#breadcrumb","itemListElement":[{"@type":"ListItem","position":1,"name":"Portada","item":"https:\/\/lospoliticosveracruz.com\/"},{"@type":"ListItem","position":2,"name":"Pueblos M\u00e1gicos, sin recursos \/ Podemos, avanza"}]},{"@type":"WebSite","@id":"https:\/\/lospoliticosveracruz.com\/#website","url":"https:\/\/lospoliticosveracruz.com\/","name":"Los pol\u00edticos Veracruz","description":"","publisher":{"@id":"https:\/\/lospoliticosveracruz.com\/#organization"},"potentialAction":[{"@type":"SearchAction","target":{"@type":"EntryPoint","urlTemplate":"https:\/\/lospoliticosveracruz.com\/?s={search_term_string}"},"query-input":{"@type":"PropertyValueSpecification","valueRequired":true,"valueName":"search_term_string"}}],"inLanguage":"es"},{"@type":"Organization","@id":"https:\/\/lospoliticosveracruz.com\/#organization","name":"Los pol\u00edticos Veracruz","url":"https:\/\/lospoliticosveracruz.com\/","logo":{"@type":"ImageObject","inLanguage":"es","@id":"https:\/\/lospoliticosveracruz.com\/#\/schema\/logo\/image\/","url":"https:\/\/lospoliticosveracruz.com\/wp-content\/uploads\/2025\/12\/Logo-Nuevo-LOS-POLITICOS-1.jpg","contentUrl":"https:\/\/lospoliticosveracruz.com\/wp-content\/uploads\/2025\/12\/Logo-Nuevo-LOS-POLITICOS-1.jpg","width":260,"height":70,"caption":"Los pol\u00edticos Veracruz"},"image":{"@id":"https:\/\/lospoliticosveracruz.com\/#\/schema\/logo\/image\/"},"sameAs":["https:\/\/www.facebook.com\/people\/Notimemes-de-los-Polticos\/61565672886568\/","https:\/\/x.com\/LosPoliticosVer"]},{"@type":"Person","@id":"https:\/\/lospoliticosveracruz.com\/#\/schema\/person\/b8702bb0e538456e6efd07080bf2a4a2","name":"Lo viste en Los Pol\u00edticos","image":{"@type":"ImageObject","inLanguage":"es","@id":"https:\/\/secure.gravatar.com\/avatar\/3a8de04a2656d44082be478bd6c086daa447c4651605818287b9532d3d0bd435?s=96&d=mm&r=g","url":"https:\/\/secure.gravatar.com\/avatar\/3a8de04a2656d44082be478bd6c086daa447c4651605818287b9532d3d0bd435?s=96&d=mm&r=g","contentUrl":"https:\/\/secure.gravatar.com\/avatar\/3a8de04a2656d44082be478bd6c086daa447c4651605818287b9532d3d0bd435?s=96&d=mm&r=g","caption":"Lo viste en Los Pol\u00edticos"},"url":"https:\/\/lospoliticosveracruz.com\/?author=2"}]}},"_links":{"self":[{"href":"https:\/\/lospoliticosveracruz.com\/index.php?rest_route=\/wp\/v2\/posts\/70838","targetHints":{"allow":["GET"]}}],"collection":[{"href":"https:\/\/lospoliticosveracruz.com\/index.php?rest_route=\/wp\/v2\/posts"}],"about":[{"href":"https:\/\/lospoliticosveracruz.com\/index.php?rest_route=\/wp\/v2\/types\/post"}],"author":[{"embeddable":true,"href":"https:\/\/lospoliticosveracruz.com\/index.php?rest_route=\/wp\/v2\/users\/2"}],"replies":[{"embeddable":true,"href":"https:\/\/lospoliticosveracruz.com\/index.php?rest_route=%2Fwp%2Fv2%2Fcomments&post=70838"}],"version-history":[{"count":1,"href":"https:\/\/lospoliticosveracruz.com\/index.php?rest_route=\/wp\/v2\/posts\/70838\/revisions"}],"predecessor-version":[{"id":70841,"href":"https:\/\/lospoliticosveracruz.com\/index.php?rest_route=\/wp\/v2\/posts\/70838\/revisions\/70841"}],"wp:attachment":[{"href":"https:\/\/lospoliticosveracruz.com\/index.php?rest_route=%2Fwp%2Fv2%2Fmedia&parent=70838"}],"wp:term":[{"taxonomy":"category","embeddable":true,"href":"https:\/\/lospoliticosveracruz.com\/index.php?rest_route=%2Fwp%2Fv2%2Fcategories&post=70838"},{"taxonomy":"post_tag","embeddable":true,"href":"https:\/\/lospoliticosveracruz.com\/index.php?rest_route=%2Fwp%2Fv2%2Ftags&post=70838"}],"curies":[{"name":"wp","href":"https:\/\/api.w.org\/{rel}","templated":true}]}}