{"id":70903,"date":"2021-04-12T22:27:19","date_gmt":"2021-04-13T03:27:19","guid":{"rendered":"http:\/\/www.lospoliticosveracruz.com.mx\/?p=70903"},"modified":"2021-04-12T22:28:27","modified_gmt":"2021-04-13T03:28:27","slug":"jsvier-herrera-de-cristal","status":"publish","type":"post","link":"https:\/\/lospoliticosveracruz.com\/?p=70903","title":{"rendered":"Javier Herrera, de cristal"},"content":{"rendered":"\n<p><strong>Salvador Mu\u00f1oz<\/strong><\/p>\n\n\n\n<p><em>Los Pol\u00edticos<br><\/em><\/p>\n\n\n\n<p>El mensaje de Javier Herrera Borunda pudo tener la mejor de las intenciones: \u201cPara hacer frente a los problemas de Veracruz, yo les pido su voto para los candidatos del Verde. Votos que se van a traducir en buenas acciones y en muy buenos resultados\u201d, salvo por dos ligeros detalles:<\/p>\n\n\n\n<div class=\"wp-block-image\"><figure class=\"alignleft size-large\"><a href=\"http:\/\/www.lospoliticosveracruz.com.mx\/wp-content\/uploads\/2021\/04\/Cordoba-403-anos-02.png\"><img decoding=\"async\" src=\"http:\/\/www.lospoliticosveracruz.com.mx\/wp-content\/uploads\/2021\/04\/Cordoba-403-anos-02.png\" alt=\"\" class=\"wp-image-70674\"\/><\/a><\/figure><\/div>\n\n\n\n<p><br>El primero) Si hay problemas en Veracruz es porque quienes est\u00e1n encargados de resolverlos o evitarlos, no lo hacen y son en el mayor campo de estas elecciones, los aliados del PVEM.<br>El segundo) Si est\u00e1 pidiendo los votos para su partido, es porque sabe que si hay boletas en las urnas para el PVEM, hay lugar para asegurar a\u00fan m\u00e1s una curul en San L\u00e1zaro\u2026 como diputado plurinominal\u2026 algo as\u00ed como \u201ccon el sudor del de enfrente\u201d\u2026<br><strong>II<\/strong><br>En caso de que Javier Herrera Borunda llegue a ser diputado federal, estar\u00eda a una repetici\u00f3n en el cargo de igualar la marca de su padre, Fidel Herrera Beltr\u00e1n, quien ocup\u00f3 una curul de la C\u00e1mara baja por tres ocasiones\u2026 \u00a1claro! \u00a1\u00e9ste s\u00ed, con el sudor de su marcada frente! legislador federal por Cosamaloapan, por P\u00e1nuco y Boca del R\u00edo, donde seg\u00fan cuenta la leyenda, en esa ocasi\u00f3n, lo mandaron a perder, pero dicen los que estuvieron all\u00ed que no, pues era amigo de Patricio Chirinos y le dio todo el apoyo; prueba de ello, 27 diputados veracruzanos (20 de mayor\u00eda y 7 pluris, perdiendo Veracruz y C\u00f3rdoba (PAN) y Coatzacoalcos (PRD).<br><\/p>\n\n\n\n<div class=\"wp-block-image\"><figure class=\"alignleft size-large is-resized\"><a href=\"https:\/\/www.facebook.com\/235572229830246\/posts\/3695468387173929\/?d=n\"><img loading=\"lazy\" decoding=\"async\" src=\"http:\/\/www.lospoliticosveracruz.com.mx\/wp-content\/uploads\/2021\/04\/Concurso.jpg\" alt=\"\" class=\"wp-image-70543\" width=\"350\" height=\"220\"\/><\/a><\/figure><\/div>\n\n\n\n<p><strong>III<\/strong><br>Se puede criticar mucho a la Yuniorcracia, pero tanto Chiquinando como Chiquiyunes se han medido en las urnas\u2026 lo mismo puede aplicar para el hijo de Atanasio Garc\u00eda Dur\u00e1n, Cuitl\u00e1huac, quien ha probado lo mismo las hieles de la derrota que las mieles de los triunfos \u00a1haiga sido como haiga sido! dijera el Pr\u00f3cer de la Cuba-Cuba\u2026 en el mismo escenario entran Rodri y Ricky (Rodrigo y Ricardo Garc\u00eda Escalante), hijos de don Ricardo Garc\u00eda Guzm\u00e1n, que no le sacan al juicio ciudadano v\u00eda boletas electorales\u2026 O qu\u00e9 decir del mismo Am\u00e9rico Z\u00fa\u00f1iga Mart\u00ednez, quien ya se ha puesto a disposici\u00f3n de las boletas tanto para diputado local y para alcalde, y en esta ocasi\u00f3n est\u00e1 para buscar la federal\u2026 hasta donde recuerde, ninguno de estos hijos de pol\u00edticos ha sido \u201cpluri\u201d salvo que la historia me corrija.<br><strong>IV<\/strong><br>Tratar de entender el porqu\u00e9 el joven Herrera Borunda simplemente no ha querido participar en el verdadero juego de la democracia como uninominal, es complejo\u2026 uno pudiera pensar que al menos en su distrito, si hay un personaje que haya dejado buenos recuerdos, sin duda alguna lo debe ser Fidel Herrera Beltr\u00e1n, quien adem\u00e1s de haber sido tres veces diputado federal, igual fue Senador y Gobernador\u2026 con todos estos antecedentes, \u00bfpor qu\u00e9 dudar que Cosamaloapan le pueda dar una desconocida al cachorro del Hijo Pr\u00f3digo de Nopaltepec? \u00a1Ni idea! lo m\u00e1s f\u00e1cil que puede uno pensar es que al final, Javier Herrera fue educado de tal modo que no est\u00e1 preparado para entender que en la democracia, se gana y se pierde y por lo mismo, tampoco est\u00e1 preparado para contender\u2026 en una de \u00e9sas estemos en presencia del primer caso de Pol\u00edtico de Cristal, digo, si tenemos una Generaci\u00f3n de Cristal, \u00bfpor qu\u00e9 no pensar en este fen\u00f3meno dentro de los mismos partidos? Quiz\u00e1s por eso es m\u00e1s f\u00e1cil hacerla de matraquero que tratar de ganarse la confianza del ciudadano: \u201cyo les pido su voto para los candidatos del Verde\u2026\u201d<\/p>\n\n\n\n<p>smcainito@gmail.com<\/p>\n","protected":false},"excerpt":{"rendered":"<p>Salvador Mu\u00f1oz Los Pol\u00edticos El mensaje de Javier Herrera Borunda pudo tener la mejor de las intenciones: \u201cPara hacer frente a los problemas de Veracruz, yo les pido su voto para los candidatos del Verde. Votos que se van a traducir en buenas acciones y en muy buenos resultados\u201d, salvo por dos ligeros detalles: El [&hellip;]<\/p>\n","protected":false},"author":2,"featured_media":0,"comment_status":"closed","ping_status":"closed","sticky":false,"template":"","format":"standard","meta":{"tdm_status":"","tdm_grid_status":"","footnotes":""},"categories":[70],"tags":[539,27329,1124,264,934,2646,195],"class_list":{"0":"post-70903","1":"post","2":"type-post","3":"status-publish","4":"format-standard","6":"category-de-opinion","7":"tag-americo-zuniga-martinez","8":"tag-diputado-plurinominal","9":"tag-javier-herrera-borunda","10":"tag-pvem","11":"tag-ricardo-garcia-escalante","12":"tag-salvador-munoz","13":"tag-veracruz"},"yoast_head":"<!-- This site is optimized with the Yoast SEO plugin v27.4 - https:\/\/yoast.com\/product\/yoast-seo-wordpress\/ -->\n<title>Javier Herrera, de cristal - Los pol\u00edticos Veracruz<\/title>\n<meta name=\"robots\" content=\"index, follow, max-snippet:-1, max-image-preview:large, max-video-preview:-1\" \/>\n<link rel=\"canonical\" href=\"https:\/\/lospoliticosveracruz.com\/?p=70903\" \/>\n<meta property=\"og:locale\" content=\"es_ES\" \/>\n<meta property=\"og:type\" content=\"article\" \/>\n<meta property=\"og:title\" content=\"Javier Herrera, de cristal - Los pol\u00edticos Veracruz\" \/>\n<meta property=\"og:description\" content=\"Salvador Mu\u00f1oz Los Pol\u00edticos El mensaje de Javier Herrera Borunda pudo tener la mejor de las intenciones: \u201cPara hacer frente a los problemas de Veracruz, yo les pido su voto para los candidatos del Verde. Votos que se van a traducir en buenas acciones y en muy buenos resultados\u201d, salvo por dos ligeros detalles: El [&hellip;]\" \/>\n<meta property=\"og:url\" content=\"https:\/\/lospoliticosveracruz.com\/?p=70903\" \/>\n<meta property=\"og:site_name\" content=\"Los pol\u00edticos Veracruz\" \/>\n<meta property=\"article:publisher\" content=\"https:\/\/www.facebook.com\/people\/Notimemes-de-los-Polticos\/61565672886568\/\" \/>\n<meta property=\"article:published_time\" content=\"2021-04-13T03:27:19+00:00\" \/>\n<meta property=\"article:modified_time\" content=\"2021-04-13T03:28:27+00:00\" \/>\n<meta property=\"og:image\" content=\"http:\/\/www.lospoliticosveracruz.com.mx\/wp-content\/uploads\/2021\/04\/Cordoba-403-anos-02.png\" \/>\n<meta name=\"author\" content=\"Lo viste en Los Pol\u00edticos\" \/>\n<meta name=\"twitter:card\" content=\"summary_large_image\" \/>\n<meta name=\"twitter:creator\" content=\"@LosPoliticosVer\" \/>\n<meta name=\"twitter:site\" content=\"@LosPoliticosVer\" \/>\n<meta name=\"twitter:label1\" content=\"Escrito por\" \/>\n\t<meta name=\"twitter:data1\" content=\"Lo viste en Los Pol\u00edticos\" \/>\n\t<meta name=\"twitter:label2\" content=\"Tiempo de lectura\" \/>\n\t<meta name=\"twitter:data2\" content=\"3 minutos\" \/>\n<script type=\"application\/ld+json\" class=\"yoast-schema-graph\">{\"@context\":\"https:\\\/\\\/schema.org\",\"@graph\":[{\"@type\":\"Article\",\"@id\":\"https:\\\/\\\/lospoliticosveracruz.com\\\/?p=70903#article\",\"isPartOf\":{\"@id\":\"https:\\\/\\\/lospoliticosveracruz.com\\\/?p=70903\"},\"author\":{\"name\":\"Lo viste en Los Pol\u00edticos\",\"@id\":\"https:\\\/\\\/lospoliticosveracruz.com\\\/#\\\/schema\\\/person\\\/b8702bb0e538456e6efd07080bf2a4a2\"},\"headline\":\"Javier Herrera, de cristal\",\"datePublished\":\"2021-04-13T03:27:19+00:00\",\"dateModified\":\"2021-04-13T03:28:27+00:00\",\"mainEntityOfPage\":{\"@id\":\"https:\\\/\\\/lospoliticosveracruz.com\\\/?p=70903\"},\"wordCount\":621,\"publisher\":{\"@id\":\"https:\\\/\\\/lospoliticosveracruz.com\\\/#organization\"},\"image\":{\"@id\":\"https:\\\/\\\/lospoliticosveracruz.com\\\/?p=70903#primaryimage\"},\"thumbnailUrl\":\"http:\\\/\\\/www.lospoliticosveracruz.com.mx\\\/wp-content\\\/uploads\\\/2021\\\/04\\\/Cordoba-403-anos-02.png\",\"keywords\":[\"Am\u00e9rico Z\u00fa\u00f1iga Mart\u00ednez\",\"Diputado Plurinominal\",\"Javier Herrera Borunda\",\"PVEM\",\"Ricardo Garc\u00eda Escalante\",\"Salvador Mu\u00f1oz\",\"Veracruz\"],\"articleSection\":[\"De Opini\u00f3n\"],\"inLanguage\":\"es\"},{\"@type\":\"WebPage\",\"@id\":\"https:\\\/\\\/lospoliticosveracruz.com\\\/?p=70903\",\"url\":\"https:\\\/\\\/lospoliticosveracruz.com\\\/?p=70903\",\"name\":\"Javier Herrera, de cristal - Los pol\u00edticos Veracruz\",\"isPartOf\":{\"@id\":\"https:\\\/\\\/lospoliticosveracruz.com\\\/#website\"},\"primaryImageOfPage\":{\"@id\":\"https:\\\/\\\/lospoliticosveracruz.com\\\/?p=70903#primaryimage\"},\"image\":{\"@id\":\"https:\\\/\\\/lospoliticosveracruz.com\\\/?p=70903#primaryimage\"},\"thumbnailUrl\":\"http:\\\/\\\/www.lospoliticosveracruz.com.mx\\\/wp-content\\\/uploads\\\/2021\\\/04\\\/Cordoba-403-anos-02.png\",\"datePublished\":\"2021-04-13T03:27:19+00:00\",\"dateModified\":\"2021-04-13T03:28:27+00:00\",\"breadcrumb\":{\"@id\":\"https:\\\/\\\/lospoliticosveracruz.com\\\/?p=70903#breadcrumb\"},\"inLanguage\":\"es\",\"potentialAction\":[{\"@type\":\"ReadAction\",\"target\":[\"https:\\\/\\\/lospoliticosveracruz.com\\\/?p=70903\"]}]},{\"@type\":\"ImageObject\",\"inLanguage\":\"es\",\"@id\":\"https:\\\/\\\/lospoliticosveracruz.com\\\/?p=70903#primaryimage\",\"url\":\"http:\\\/\\\/www.lospoliticosveracruz.com.mx\\\/wp-content\\\/uploads\\\/2021\\\/04\\\/Cordoba-403-anos-02.png\",\"contentUrl\":\"http:\\\/\\\/www.lospoliticosveracruz.com.mx\\\/wp-content\\\/uploads\\\/2021\\\/04\\\/Cordoba-403-anos-02.png\"},{\"@type\":\"BreadcrumbList\",\"@id\":\"https:\\\/\\\/lospoliticosveracruz.com\\\/?p=70903#breadcrumb\",\"itemListElement\":[{\"@type\":\"ListItem\",\"position\":1,\"name\":\"Portada\",\"item\":\"https:\\\/\\\/lospoliticosveracruz.com\\\/\"},{\"@type\":\"ListItem\",\"position\":2,\"name\":\"Javier Herrera, de cristal\"}]},{\"@type\":\"WebSite\",\"@id\":\"https:\\\/\\\/lospoliticosveracruz.com\\\/#website\",\"url\":\"https:\\\/\\\/lospoliticosveracruz.com\\\/\",\"name\":\"Los pol\u00edticos Veracruz\",\"description\":\"\",\"publisher\":{\"@id\":\"https:\\\/\\\/lospoliticosveracruz.com\\\/#organization\"},\"potentialAction\":[{\"@type\":\"SearchAction\",\"target\":{\"@type\":\"EntryPoint\",\"urlTemplate\":\"https:\\\/\\\/lospoliticosveracruz.com\\\/?s={search_term_string}\"},\"query-input\":{\"@type\":\"PropertyValueSpecification\",\"valueRequired\":true,\"valueName\":\"search_term_string\"}}],\"inLanguage\":\"es\"},{\"@type\":\"Organization\",\"@id\":\"https:\\\/\\\/lospoliticosveracruz.com\\\/#organization\",\"name\":\"Los pol\u00edticos Veracruz\",\"url\":\"https:\\\/\\\/lospoliticosveracruz.com\\\/\",\"logo\":{\"@type\":\"ImageObject\",\"inLanguage\":\"es\",\"@id\":\"https:\\\/\\\/lospoliticosveracruz.com\\\/#\\\/schema\\\/logo\\\/image\\\/\",\"url\":\"https:\\\/\\\/lospoliticosveracruz.com\\\/wp-content\\\/uploads\\\/2025\\\/12\\\/Logo-Nuevo-LOS-POLITICOS-1.jpg\",\"contentUrl\":\"https:\\\/\\\/lospoliticosveracruz.com\\\/wp-content\\\/uploads\\\/2025\\\/12\\\/Logo-Nuevo-LOS-POLITICOS-1.jpg\",\"width\":260,\"height\":70,\"caption\":\"Los pol\u00edticos Veracruz\"},\"image\":{\"@id\":\"https:\\\/\\\/lospoliticosveracruz.com\\\/#\\\/schema\\\/logo\\\/image\\\/\"},\"sameAs\":[\"https:\\\/\\\/www.facebook.com\\\/people\\\/Notimemes-de-los-Polticos\\\/61565672886568\\\/\",\"https:\\\/\\\/x.com\\\/LosPoliticosVer\"]},{\"@type\":\"Person\",\"@id\":\"https:\\\/\\\/lospoliticosveracruz.com\\\/#\\\/schema\\\/person\\\/b8702bb0e538456e6efd07080bf2a4a2\",\"name\":\"Lo viste en Los Pol\u00edticos\",\"image\":{\"@type\":\"ImageObject\",\"inLanguage\":\"es\",\"@id\":\"https:\\\/\\\/secure.gravatar.com\\\/avatar\\\/3a8de04a2656d44082be478bd6c086daa447c4651605818287b9532d3d0bd435?s=96&d=mm&r=g\",\"url\":\"https:\\\/\\\/secure.gravatar.com\\\/avatar\\\/3a8de04a2656d44082be478bd6c086daa447c4651605818287b9532d3d0bd435?s=96&d=mm&r=g\",\"contentUrl\":\"https:\\\/\\\/secure.gravatar.com\\\/avatar\\\/3a8de04a2656d44082be478bd6c086daa447c4651605818287b9532d3d0bd435?s=96&d=mm&r=g\",\"caption\":\"Lo viste en Los Pol\u00edticos\"},\"url\":\"https:\\\/\\\/lospoliticosveracruz.com\\\/?author=2\"}]}<\/script>\n<!-- \/ Yoast SEO plugin. -->","yoast_head_json":{"title":"Javier Herrera, de cristal - Los pol\u00edticos Veracruz","robots":{"index":"index","follow":"follow","max-snippet":"max-snippet:-1","max-image-preview":"max-image-preview:large","max-video-preview":"max-video-preview:-1"},"canonical":"https:\/\/lospoliticosveracruz.com\/?p=70903","og_locale":"es_ES","og_type":"article","og_title":"Javier Herrera, de cristal - Los pol\u00edticos Veracruz","og_description":"Salvador Mu\u00f1oz Los Pol\u00edticos El mensaje de Javier Herrera Borunda pudo tener la mejor de las intenciones: \u201cPara hacer frente a los problemas de Veracruz, yo les pido su voto para los candidatos del Verde. Votos que se van a traducir en buenas acciones y en muy buenos resultados\u201d, salvo por dos ligeros detalles: El [&hellip;]","og_url":"https:\/\/lospoliticosveracruz.com\/?p=70903","og_site_name":"Los pol\u00edticos Veracruz","article_publisher":"https:\/\/www.facebook.com\/people\/Notimemes-de-los-Polticos\/61565672886568\/","article_published_time":"2021-04-13T03:27:19+00:00","article_modified_time":"2021-04-13T03:28:27+00:00","og_image":[{"url":"http:\/\/www.lospoliticosveracruz.com.mx\/wp-content\/uploads\/2021\/04\/Cordoba-403-anos-02.png","type":"","width":"","height":""}],"author":"Lo viste en Los Pol\u00edticos","twitter_card":"summary_large_image","twitter_creator":"@LosPoliticosVer","twitter_site":"@LosPoliticosVer","twitter_misc":{"Escrito por":"Lo viste en Los Pol\u00edticos","Tiempo de lectura":"3 minutos"},"schema":{"@context":"https:\/\/schema.org","@graph":[{"@type":"Article","@id":"https:\/\/lospoliticosveracruz.com\/?p=70903#article","isPartOf":{"@id":"https:\/\/lospoliticosveracruz.com\/?p=70903"},"author":{"name":"Lo viste en Los Pol\u00edticos","@id":"https:\/\/lospoliticosveracruz.com\/#\/schema\/person\/b8702bb0e538456e6efd07080bf2a4a2"},"headline":"Javier Herrera, de cristal","datePublished":"2021-04-13T03:27:19+00:00","dateModified":"2021-04-13T03:28:27+00:00","mainEntityOfPage":{"@id":"https:\/\/lospoliticosveracruz.com\/?p=70903"},"wordCount":621,"publisher":{"@id":"https:\/\/lospoliticosveracruz.com\/#organization"},"image":{"@id":"https:\/\/lospoliticosveracruz.com\/?p=70903#primaryimage"},"thumbnailUrl":"http:\/\/www.lospoliticosveracruz.com.mx\/wp-content\/uploads\/2021\/04\/Cordoba-403-anos-02.png","keywords":["Am\u00e9rico Z\u00fa\u00f1iga Mart\u00ednez","Diputado Plurinominal","Javier Herrera Borunda","PVEM","Ricardo Garc\u00eda Escalante","Salvador Mu\u00f1oz","Veracruz"],"articleSection":["De Opini\u00f3n"],"inLanguage":"es"},{"@type":"WebPage","@id":"https:\/\/lospoliticosveracruz.com\/?p=70903","url":"https:\/\/lospoliticosveracruz.com\/?p=70903","name":"Javier Herrera, de cristal - Los pol\u00edticos Veracruz","isPartOf":{"@id":"https:\/\/lospoliticosveracruz.com\/#website"},"primaryImageOfPage":{"@id":"https:\/\/lospoliticosveracruz.com\/?p=70903#primaryimage"},"image":{"@id":"https:\/\/lospoliticosveracruz.com\/?p=70903#primaryimage"},"thumbnailUrl":"http:\/\/www.lospoliticosveracruz.com.mx\/wp-content\/uploads\/2021\/04\/Cordoba-403-anos-02.png","datePublished":"2021-04-13T03:27:19+00:00","dateModified":"2021-04-13T03:28:27+00:00","breadcrumb":{"@id":"https:\/\/lospoliticosveracruz.com\/?p=70903#breadcrumb"},"inLanguage":"es","potentialAction":[{"@type":"ReadAction","target":["https:\/\/lospoliticosveracruz.com\/?p=70903"]}]},{"@type":"ImageObject","inLanguage":"es","@id":"https:\/\/lospoliticosveracruz.com\/?p=70903#primaryimage","url":"http:\/\/www.lospoliticosveracruz.com.mx\/wp-content\/uploads\/2021\/04\/Cordoba-403-anos-02.png","contentUrl":"http:\/\/www.lospoliticosveracruz.com.mx\/wp-content\/uploads\/2021\/04\/Cordoba-403-anos-02.png"},{"@type":"BreadcrumbList","@id":"https:\/\/lospoliticosveracruz.com\/?p=70903#breadcrumb","itemListElement":[{"@type":"ListItem","position":1,"name":"Portada","item":"https:\/\/lospoliticosveracruz.com\/"},{"@type":"ListItem","position":2,"name":"Javier Herrera, de cristal"}]},{"@type":"WebSite","@id":"https:\/\/lospoliticosveracruz.com\/#website","url":"https:\/\/lospoliticosveracruz.com\/","name":"Los pol\u00edticos Veracruz","description":"","publisher":{"@id":"https:\/\/lospoliticosveracruz.com\/#organization"},"potentialAction":[{"@type":"SearchAction","target":{"@type":"EntryPoint","urlTemplate":"https:\/\/lospoliticosveracruz.com\/?s={search_term_string}"},"query-input":{"@type":"PropertyValueSpecification","valueRequired":true,"valueName":"search_term_string"}}],"inLanguage":"es"},{"@type":"Organization","@id":"https:\/\/lospoliticosveracruz.com\/#organization","name":"Los pol\u00edticos Veracruz","url":"https:\/\/lospoliticosveracruz.com\/","logo":{"@type":"ImageObject","inLanguage":"es","@id":"https:\/\/lospoliticosveracruz.com\/#\/schema\/logo\/image\/","url":"https:\/\/lospoliticosveracruz.com\/wp-content\/uploads\/2025\/12\/Logo-Nuevo-LOS-POLITICOS-1.jpg","contentUrl":"https:\/\/lospoliticosveracruz.com\/wp-content\/uploads\/2025\/12\/Logo-Nuevo-LOS-POLITICOS-1.jpg","width":260,"height":70,"caption":"Los pol\u00edticos Veracruz"},"image":{"@id":"https:\/\/lospoliticosveracruz.com\/#\/schema\/logo\/image\/"},"sameAs":["https:\/\/www.facebook.com\/people\/Notimemes-de-los-Polticos\/61565672886568\/","https:\/\/x.com\/LosPoliticosVer"]},{"@type":"Person","@id":"https:\/\/lospoliticosveracruz.com\/#\/schema\/person\/b8702bb0e538456e6efd07080bf2a4a2","name":"Lo viste en Los Pol\u00edticos","image":{"@type":"ImageObject","inLanguage":"es","@id":"https:\/\/secure.gravatar.com\/avatar\/3a8de04a2656d44082be478bd6c086daa447c4651605818287b9532d3d0bd435?s=96&d=mm&r=g","url":"https:\/\/secure.gravatar.com\/avatar\/3a8de04a2656d44082be478bd6c086daa447c4651605818287b9532d3d0bd435?s=96&d=mm&r=g","contentUrl":"https:\/\/secure.gravatar.com\/avatar\/3a8de04a2656d44082be478bd6c086daa447c4651605818287b9532d3d0bd435?s=96&d=mm&r=g","caption":"Lo viste en Los Pol\u00edticos"},"url":"https:\/\/lospoliticosveracruz.com\/?author=2"}]}},"_links":{"self":[{"href":"https:\/\/lospoliticosveracruz.com\/index.php?rest_route=\/wp\/v2\/posts\/70903","targetHints":{"allow":["GET"]}}],"collection":[{"href":"https:\/\/lospoliticosveracruz.com\/index.php?rest_route=\/wp\/v2\/posts"}],"about":[{"href":"https:\/\/lospoliticosveracruz.com\/index.php?rest_route=\/wp\/v2\/types\/post"}],"author":[{"embeddable":true,"href":"https:\/\/lospoliticosveracruz.com\/index.php?rest_route=\/wp\/v2\/users\/2"}],"replies":[{"embeddable":true,"href":"https:\/\/lospoliticosveracruz.com\/index.php?rest_route=%2Fwp%2Fv2%2Fcomments&post=70903"}],"version-history":[{"count":2,"href":"https:\/\/lospoliticosveracruz.com\/index.php?rest_route=\/wp\/v2\/posts\/70903\/revisions"}],"predecessor-version":[{"id":70905,"href":"https:\/\/lospoliticosveracruz.com\/index.php?rest_route=\/wp\/v2\/posts\/70903\/revisions\/70905"}],"wp:attachment":[{"href":"https:\/\/lospoliticosveracruz.com\/index.php?rest_route=%2Fwp%2Fv2%2Fmedia&parent=70903"}],"wp:term":[{"taxonomy":"category","embeddable":true,"href":"https:\/\/lospoliticosveracruz.com\/index.php?rest_route=%2Fwp%2Fv2%2Fcategories&post=70903"},{"taxonomy":"post_tag","embeddable":true,"href":"https:\/\/lospoliticosveracruz.com\/index.php?rest_route=%2Fwp%2Fv2%2Ftags&post=70903"}],"curies":[{"name":"wp","href":"https:\/\/api.w.org\/{rel}","templated":true}]}}