{"id":70906,"date":"2021-04-13T07:57:44","date_gmt":"2021-04-13T12:57:44","guid":{"rendered":"http:\/\/www.lospoliticosveracruz.com.mx\/?p=70906"},"modified":"2021-04-13T09:26:33","modified_gmt":"2021-04-13T14:26:33","slug":"el-cerebro-del-caron","status":"publish","type":"post","link":"https:\/\/lospoliticosveracruz.com\/?p=70906","title":{"rendered":"El cerebro del Car\u00f3n"},"content":{"rendered":"\n<p><strong>Ricardo Ch\u00faa<\/strong><br><em>Sale y Vale<\/em><\/p>\n\n\n\n<p>\u00abHUMO BLANCO\u00bb AZUL\u2026 Ya empiezan a \u00abcuadrar\u00bb los candidatos del PAN a las alcald\u00edas de Veracruz y Boca del R\u00edo\u2026 Si no hubo cambios en la madrugada de hoy\u2026 Es un hecho que el panista porte\u00f1o, Pepe Medina, ser\u00e1 el coordinador de campa\u00f1a de la candidatura de Miguel \u00c1ngel Yunes, a la alcald\u00eda porte\u00f1a\u2026 Un ex regidor de este municipio, que conoce bien las \u00abentra\u00f1as\u00bb del PAN y que le sabe a la operaci\u00f3n pol\u00edtica con la militancia que le es leal a Los Yunes Azules\u2026<br><br><\/p>\n\n\n\n<div class=\"wp-block-image\"><figure class=\"alignleft size-large\"><a href=\"http:\/\/www.lospoliticosveracruz.com.mx\/wp-content\/uploads\/2021\/04\/Cordoba-403-anos-04.png\"><img decoding=\"async\" src=\"http:\/\/www.lospoliticosveracruz.com.mx\/wp-content\/uploads\/2021\/04\/Cordoba-403-anos-04.png\" alt=\"\" class=\"wp-image-70675\"\/><\/a><\/figure><\/div>\n\n\n\n<p>Mientras que se dice, que ayer por la noche, ya dieron \u00abluz verde\u00bb para que el coordinador de campa\u00f1a de Juan Manuel Unanue Abascal, a la alcald\u00eda de Boca del R\u00edo, sea el empresario ligado tambi\u00e9n a Acci\u00f3n Nacional, Jos\u00e9 Antonio G\u00f3mez Ruiz\u2026 Pariente de los Ruiz \u00abSlim\u00bb de Veracruz\u2026 Pero tambi\u00e9n con muchos a\u00f1os dentro de ese partido como simpatizante y que ha buscado cargos de elecci\u00f3n popular con este organismo pol\u00edtico\u2026 Unanue se ha destacado por la seriedad de sus decisiones\u2026 Lo cual quiere decir, que Pepe To\u00f1o, le va a sumar\u2026<br>As\u00ed que con Pepe Medina y G\u00f3mez Ruiz es un hecho que el panismo est\u00e1 \u00abcerrando el c\u00edrculo\u00bb para poder enfrentar los procesos electorales municipales\u2026 Donde todo pareciera que el \u00abviento sopla a su favor\u00bb para quedarse con los ayuntamientos\u2026 De esa manera, Miguel Junior y Unanue fortalecen su equipo al interior a unos d\u00edas de empezar la elecci\u00f3n\u2026 Con ello, ahora, \u00abjalaran\u00bb a los que ser\u00e1n aspirantes oficiales a diputados locales de la alianza \u00abVa por Veracruz\u00bb: Jaime de la Garza, Miguel Hermida y Ver\u00f3nica Pulido\u2026 CONSUMATUM EST\u2026<\/p>\n\n\n\n<p>CAZARIN, EL MAL NECESARIO\u2026 Hay voces al interior del Congreso del Estado, que dicen que el verdadero \u00abENEMIGO\u00bb de los altos funcionarios del Palacio de Gobierno\u2026 No es Juan Javier G\u00f3mez Cazar\u00edn\u2026 Este s\u00f3lo hace lo que le dicen, su capacidad para las perversidades \u00abfinas\u00bb o \u00abfideli\u00f1as\u00bb ES MUY LIMITADA\u2026 La verdadera \u00abmente maestra\u00bb de todas esas acciones es el ex panista, Domingo Bahena, el secretario General de esta Legislatura Local\u2026 Es al \u00fanico que le \u00abcamina la ardilla\u00bb, en lo que cabe, ah\u00ed con los Morenos\u2026<br>Bahena ha conducido a Cazar\u00edn hasta donde se encuentra ahorita.. Con sus defectos, negativos y virtudes que pueda tener en este momento, que est\u00e1 en la \u00abplenitud del pinche poder\u00bb\u2026 Cazar\u00edn no es un operador pol\u00edtico, pero si un \u00abvendedor de ilusiones\u00bb\u2026 Se faja s\u00f3lo por sus intereses y de MORENA\u2026 Eso lo ha llevado a ser la \u00abSegadora\u00bb de los designios del Palacio de Gobierno en el Congreso Local.. Haiga como haiga sido\u2026 No importando las consecuencias\u2026 El ejecuta las \u00f3rdenes sean o no anticonstitucionales\u2026 \u00c9l lo hace y ya..<br>Todo eso llev\u00f3 a que el propio Cuitl\u00e1huac Garc\u00eda Jim\u00e9nez, HICIERA EL COMPROMISO con Cazar\u00edn\u2026 De que si algo se dificultaba en este 2021, si por \u00abX\u00bb o \u00abY\u00bb, no pudiera repetir en el cargo de diputado local por cualquier raz\u00f3n, entonces, la SECRETAR\u00cdA DE GOBIERNO ser\u00eda para \u00e9l\u2026 As\u00ed como lo leen\u2026 Y como compromiso es compromiso\u2026 Domingo Bahena, sabiendo que todo lo perder\u00eda si Cazar\u00edn se va a Palacio de Gobierno\u2026 Esta \u00abnegociando\u00bb para que el diputado sea de nuevo l\u00edder de la bancada de MORENA y la juegue \u00abpluri\u00bb\u2026<br>Bahena est\u00e1 \u00abjugando\u00bb con Cazar\u00edn para que \u00abpresione\u00bb en Palacio de Gobierno y MORENA de que no lo dejen fuera de esa lista \u00abpluri\u00bb, si no entonces le tendr\u00e1n que cumplir con la secretar\u00eda de Gobierno pasada la elecci\u00f3n y que Eric Cisneros, vaya a un cargo f\u00e1cilmente en el gobierno federal\u2026 As\u00ed todos \u00abfelices y contentos\u00bb\u2026 De esa manera, Cazar\u00edn se sube al juego sucesorio del 2024\u2026 Dejando atr\u00e1s a Zenyazen y a otros del gabinete estatal\u2026. Enredado el tema\u2026 Pero muy probable por los \u00abfavores\u00bb hechos por el de Hueyapan de Ocampo\u2026<br>Finalmente, Domingo Bahena quiere hacer su \u00abjugada de tres bandas\u00bb como en el billar\u2026 Dejando fuera prospectos que le puedan \u00abestorbar\u00bb a su \u00abasesorado\u00bb para futuras contiendas y si mal les va, entonces, se queda, 3 a\u00f1os m\u00e1s en el Congreso Local, esperando que MORENA logre la mayor\u00eda de nuevo en Veracruz\u2026 Y Cazar\u00edn contin\u00fae como coordinador de la bancada con una diputaci\u00f3n \u00abPluri\u00bb\u2026 Con este compromiso a cuestas\u2026 \u00bfSe atrever\u00e1n a sacar a Cazar\u00edn de la \u00ablista pluri\u00bb de MORENA en Palacio de Gobierno?\u2026 HAGAN SUS APUESTAS\u2026<\/p>\n\n\n\n<div class=\"wp-block-image\"><figure class=\"alignleft size-large is-resized\"><a href=\"https:\/\/drive.google.com\/file\/d\/1Q9mJWAbAAcSE5Xy3gLetz4G7zcZVnOr5\/view?fbclid=IwAR21RCgSVy7rnC7mFt72TIVuewikDvUknkwyTne89f8AwxPGge10KkDXXhI\"><img loading=\"lazy\" decoding=\"async\" src=\"http:\/\/www.lospoliticosveracruz.com.mx\/wp-content\/uploads\/2021\/04\/CLASES-MAGISTRALES.jpg\" alt=\"\" class=\"wp-image-70534\" width=\"350\" height=\"232\"\/><\/a><\/figure><\/div>\n\n\n\n<p>OPERACI\u00d3N MORENA\u2026 Cuentan que operadores pol\u00edticos de \u00abtierra\u00bb de MORENA est\u00e1n ofreciendo en la conurbaci\u00f3n de Veracruz y Boca del R\u00edo.. Sobre todo en colonias y zonas populares, a los vecinos, que lo deseen, el pago de una \u00abrenta\u00bb por pintar la barda de sus domicilios con logos o mensajes que aluden a este partido pol\u00edtico\u2026 El pago por este \u00abservicio\u00bb es de 2 mil pesos\u2026 Si los vecinos no quieren pinta de barda, tambi\u00e9n pueden canjearlo por lonas en sus portones o en las mismas bardas\u2026<br>Esto obviamente por necesidad muchos de los habitantes aceptan el dinero\u2026 Mucha de esta publicidad ya se ha visto en Casas Tamsa\u2026 Y que a pesar de las denuncias que puedan hacer los partidos de oposici\u00f3n, como los Morenos tienen el control del OPLE y del Tribunal Electoral de Veracruz, presuntamente, los van a dejar hacer lo que quieran y no va a pasar nada\u2026 Como en muchas ocasiones tampoco pas\u00f3 nada con los partidos que dominaban en el \u00abviejo r\u00e9gimen\u00bb\u2026 Los jugadores cambian\u2026 El juego no\u2026<\/p>\n\n\n\n<p>PD\u2026 El empresario con ligas priista, Arcadio Andrade, ayer se estren\u00f3 como el vocero ciudadano de la alianza \u00abVe por M\u00e9xico\u00bb (PRI-PAN-PRD) en Veracruz\u2026 Este personaje ligado con una poderosa empresa cafetalera, oriundo de C\u00f3rdoba, tiene la labor de llevar el mensaje de las propuestas de esta coalici\u00f3n y debatir los programas e ideas que pretende enarbolar la alianza entre MORENA-PVEM-PT\u2026 Andrade ser\u00e1 el personaje que enfrente este tema pol\u00edtica y medi\u00e1ticamente\u2026 Mientras Marlon se dedica hacer campa\u00f1a en 30 distritos locales de la entidad\u2026<br>Muchos se preguntaron los m\u00e9ritos de Arcadio Andrade para que el PRI nacional lo nombrara su vocero en Veracruz de esta coalici\u00f3n\u2026 Este pol\u00edtico aspir\u00f3 a ser candidato a diputado local y alcalde de C\u00f3rdoba\u2026 En su momento ligado con \u00abLos Yunes Rojos\u00bb en Veracruz (H\u00e9ctor y Pepe)\u2026 Estuvo un tiempo colaborando de cerca con la ex delegada del CEN del PRI, Lorena Mart\u00ednez, qui\u00e9n se lo llev\u00f3 a Hidalgo por un tiempo\u2026 Despu\u00e9s regres\u00f3 a C\u00f3rdoba y atender sus negocios en CDMX como vocero de Canaco\u2026 Obvio aliado de Anil\u00fa y Fernando Kuri\u2026<\/p>\n","protected":false},"excerpt":{"rendered":"<p>Ricardo Ch\u00faaSale y Vale \u00abHUMO BLANCO\u00bb AZUL\u2026 Ya empiezan a \u00abcuadrar\u00bb los candidatos del PAN a las alcald\u00edas de Veracruz y Boca del R\u00edo\u2026 Si no hubo cambios en la madrugada de hoy\u2026 Es un hecho que el panista porte\u00f1o, Pepe Medina, ser\u00e1 el coordinador de campa\u00f1a de la candidatura de Miguel \u00c1ngel Yunes, a [&hellip;]<\/p>\n","protected":false},"author":2,"featured_media":0,"comment_status":"closed","ping_status":"closed","sticky":false,"template":"","format":"standard","meta":{"tdm_status":"","tdm_grid_status":"","footnotes":""},"categories":[70],"tags":[2223,12299,27330,12695,8456,536,266,7643,12372],"class_list":{"0":"post-70906","1":"post","2":"type-post","3":"status-publish","4":"format-standard","6":"category-de-opinion","7":"tag-domingo-bahena-corbala","8":"tag-eric-cisneros-burgos","9":"tag-jose-antonio-gomez-ruiz","10":"tag-juan-javier-gomez-cazarin","11":"tag-juan-manuel-de-unanue-abascal","12":"tag-miguel-angel-yunes-marquez","13":"tag-pan","14":"tag-pepe-medina","15":"tag-zenyazen-escobar-garcia"},"yoast_head":"<!-- This site is optimized with the Yoast SEO plugin v27.4 - https:\/\/yoast.com\/product\/yoast-seo-wordpress\/ -->\n<title>El cerebro del Car\u00f3n - Los pol\u00edticos Veracruz<\/title>\n<meta name=\"robots\" content=\"index, follow, max-snippet:-1, max-image-preview:large, max-video-preview:-1\" \/>\n<link rel=\"canonical\" href=\"https:\/\/lospoliticosveracruz.com\/?p=70906\" \/>\n<meta property=\"og:locale\" content=\"es_ES\" \/>\n<meta property=\"og:type\" content=\"article\" \/>\n<meta property=\"og:title\" content=\"El cerebro del Car\u00f3n - Los pol\u00edticos Veracruz\" \/>\n<meta property=\"og:description\" content=\"Ricardo Ch\u00faaSale y Vale \u00abHUMO BLANCO\u00bb AZUL\u2026 Ya empiezan a \u00abcuadrar\u00bb los candidatos del PAN a las alcald\u00edas de Veracruz y Boca del R\u00edo\u2026 Si no hubo cambios en la madrugada de hoy\u2026 Es un hecho que el panista porte\u00f1o, Pepe Medina, ser\u00e1 el coordinador de campa\u00f1a de la candidatura de Miguel \u00c1ngel Yunes, a [&hellip;]\" \/>\n<meta property=\"og:url\" content=\"https:\/\/lospoliticosveracruz.com\/?p=70906\" \/>\n<meta property=\"og:site_name\" content=\"Los pol\u00edticos Veracruz\" \/>\n<meta property=\"article:publisher\" content=\"https:\/\/www.facebook.com\/people\/Notimemes-de-los-Polticos\/61565672886568\/\" \/>\n<meta property=\"article:published_time\" content=\"2021-04-13T12:57:44+00:00\" \/>\n<meta property=\"article:modified_time\" content=\"2021-04-13T14:26:33+00:00\" \/>\n<meta property=\"og:image\" content=\"http:\/\/www.lospoliticosveracruz.com.mx\/wp-content\/uploads\/2021\/04\/Cordoba-403-anos-04.png\" \/>\n<meta name=\"author\" content=\"Lo viste en Los Pol\u00edticos\" \/>\n<meta name=\"twitter:card\" content=\"summary_large_image\" \/>\n<meta name=\"twitter:creator\" content=\"@LosPoliticosVer\" \/>\n<meta name=\"twitter:site\" content=\"@LosPoliticosVer\" \/>\n<meta name=\"twitter:label1\" content=\"Escrito por\" \/>\n\t<meta name=\"twitter:data1\" content=\"Lo viste en Los Pol\u00edticos\" \/>\n\t<meta name=\"twitter:label2\" content=\"Tiempo de lectura\" \/>\n\t<meta name=\"twitter:data2\" content=\"6 minutos\" \/>\n<script type=\"application\/ld+json\" class=\"yoast-schema-graph\">{\"@context\":\"https:\\\/\\\/schema.org\",\"@graph\":[{\"@type\":\"Article\",\"@id\":\"https:\\\/\\\/lospoliticosveracruz.com\\\/?p=70906#article\",\"isPartOf\":{\"@id\":\"https:\\\/\\\/lospoliticosveracruz.com\\\/?p=70906\"},\"author\":{\"name\":\"Lo viste en Los Pol\u00edticos\",\"@id\":\"https:\\\/\\\/lospoliticosveracruz.com\\\/#\\\/schema\\\/person\\\/b8702bb0e538456e6efd07080bf2a4a2\"},\"headline\":\"El cerebro del Car\u00f3n\",\"datePublished\":\"2021-04-13T12:57:44+00:00\",\"dateModified\":\"2021-04-13T14:26:33+00:00\",\"mainEntityOfPage\":{\"@id\":\"https:\\\/\\\/lospoliticosveracruz.com\\\/?p=70906\"},\"wordCount\":1163,\"publisher\":{\"@id\":\"https:\\\/\\\/lospoliticosveracruz.com\\\/#organization\"},\"image\":{\"@id\":\"https:\\\/\\\/lospoliticosveracruz.com\\\/?p=70906#primaryimage\"},\"thumbnailUrl\":\"http:\\\/\\\/www.lospoliticosveracruz.com.mx\\\/wp-content\\\/uploads\\\/2021\\\/04\\\/Cordoba-403-anos-04.png\",\"keywords\":[\"Domingo Bahena Corbal\u00e1\",\"Eric Cisneros Burgos\",\"Jos\u00e9 Antonio G\u00f3mez Ruiz\",\"Juan Javier G\u00f3mez Cazar\u00edn\",\"Juan Manuel de Unanue Abascal\",\"Miguel \u00c1ngel Yunes M\u00e1rquez\",\"PAN\",\"Pepe Medina\",\"Zenyazen Escobar Garc\u00eda\"],\"articleSection\":[\"De Opini\u00f3n\"],\"inLanguage\":\"es\"},{\"@type\":\"WebPage\",\"@id\":\"https:\\\/\\\/lospoliticosveracruz.com\\\/?p=70906\",\"url\":\"https:\\\/\\\/lospoliticosveracruz.com\\\/?p=70906\",\"name\":\"El cerebro del Car\u00f3n - Los pol\u00edticos Veracruz\",\"isPartOf\":{\"@id\":\"https:\\\/\\\/lospoliticosveracruz.com\\\/#website\"},\"primaryImageOfPage\":{\"@id\":\"https:\\\/\\\/lospoliticosveracruz.com\\\/?p=70906#primaryimage\"},\"image\":{\"@id\":\"https:\\\/\\\/lospoliticosveracruz.com\\\/?p=70906#primaryimage\"},\"thumbnailUrl\":\"http:\\\/\\\/www.lospoliticosveracruz.com.mx\\\/wp-content\\\/uploads\\\/2021\\\/04\\\/Cordoba-403-anos-04.png\",\"datePublished\":\"2021-04-13T12:57:44+00:00\",\"dateModified\":\"2021-04-13T14:26:33+00:00\",\"breadcrumb\":{\"@id\":\"https:\\\/\\\/lospoliticosveracruz.com\\\/?p=70906#breadcrumb\"},\"inLanguage\":\"es\",\"potentialAction\":[{\"@type\":\"ReadAction\",\"target\":[\"https:\\\/\\\/lospoliticosveracruz.com\\\/?p=70906\"]}]},{\"@type\":\"ImageObject\",\"inLanguage\":\"es\",\"@id\":\"https:\\\/\\\/lospoliticosveracruz.com\\\/?p=70906#primaryimage\",\"url\":\"http:\\\/\\\/www.lospoliticosveracruz.com.mx\\\/wp-content\\\/uploads\\\/2021\\\/04\\\/Cordoba-403-anos-04.png\",\"contentUrl\":\"http:\\\/\\\/www.lospoliticosveracruz.com.mx\\\/wp-content\\\/uploads\\\/2021\\\/04\\\/Cordoba-403-anos-04.png\"},{\"@type\":\"BreadcrumbList\",\"@id\":\"https:\\\/\\\/lospoliticosveracruz.com\\\/?p=70906#breadcrumb\",\"itemListElement\":[{\"@type\":\"ListItem\",\"position\":1,\"name\":\"Portada\",\"item\":\"https:\\\/\\\/lospoliticosveracruz.com\\\/\"},{\"@type\":\"ListItem\",\"position\":2,\"name\":\"El cerebro del Car\u00f3n\"}]},{\"@type\":\"WebSite\",\"@id\":\"https:\\\/\\\/lospoliticosveracruz.com\\\/#website\",\"url\":\"https:\\\/\\\/lospoliticosveracruz.com\\\/\",\"name\":\"Los pol\u00edticos Veracruz\",\"description\":\"\",\"publisher\":{\"@id\":\"https:\\\/\\\/lospoliticosveracruz.com\\\/#organization\"},\"potentialAction\":[{\"@type\":\"SearchAction\",\"target\":{\"@type\":\"EntryPoint\",\"urlTemplate\":\"https:\\\/\\\/lospoliticosveracruz.com\\\/?s={search_term_string}\"},\"query-input\":{\"@type\":\"PropertyValueSpecification\",\"valueRequired\":true,\"valueName\":\"search_term_string\"}}],\"inLanguage\":\"es\"},{\"@type\":\"Organization\",\"@id\":\"https:\\\/\\\/lospoliticosveracruz.com\\\/#organization\",\"name\":\"Los pol\u00edticos Veracruz\",\"url\":\"https:\\\/\\\/lospoliticosveracruz.com\\\/\",\"logo\":{\"@type\":\"ImageObject\",\"inLanguage\":\"es\",\"@id\":\"https:\\\/\\\/lospoliticosveracruz.com\\\/#\\\/schema\\\/logo\\\/image\\\/\",\"url\":\"https:\\\/\\\/lospoliticosveracruz.com\\\/wp-content\\\/uploads\\\/2025\\\/12\\\/Logo-Nuevo-LOS-POLITICOS-1.jpg\",\"contentUrl\":\"https:\\\/\\\/lospoliticosveracruz.com\\\/wp-content\\\/uploads\\\/2025\\\/12\\\/Logo-Nuevo-LOS-POLITICOS-1.jpg\",\"width\":260,\"height\":70,\"caption\":\"Los pol\u00edticos Veracruz\"},\"image\":{\"@id\":\"https:\\\/\\\/lospoliticosveracruz.com\\\/#\\\/schema\\\/logo\\\/image\\\/\"},\"sameAs\":[\"https:\\\/\\\/www.facebook.com\\\/people\\\/Notimemes-de-los-Polticos\\\/61565672886568\\\/\",\"https:\\\/\\\/x.com\\\/LosPoliticosVer\"]},{\"@type\":\"Person\",\"@id\":\"https:\\\/\\\/lospoliticosveracruz.com\\\/#\\\/schema\\\/person\\\/b8702bb0e538456e6efd07080bf2a4a2\",\"name\":\"Lo viste en Los Pol\u00edticos\",\"image\":{\"@type\":\"ImageObject\",\"inLanguage\":\"es\",\"@id\":\"https:\\\/\\\/secure.gravatar.com\\\/avatar\\\/3a8de04a2656d44082be478bd6c086daa447c4651605818287b9532d3d0bd435?s=96&d=mm&r=g\",\"url\":\"https:\\\/\\\/secure.gravatar.com\\\/avatar\\\/3a8de04a2656d44082be478bd6c086daa447c4651605818287b9532d3d0bd435?s=96&d=mm&r=g\",\"contentUrl\":\"https:\\\/\\\/secure.gravatar.com\\\/avatar\\\/3a8de04a2656d44082be478bd6c086daa447c4651605818287b9532d3d0bd435?s=96&d=mm&r=g\",\"caption\":\"Lo viste en Los Pol\u00edticos\"},\"url\":\"https:\\\/\\\/lospoliticosveracruz.com\\\/?author=2\"}]}<\/script>\n<!-- \/ Yoast SEO plugin. -->","yoast_head_json":{"title":"El cerebro del Car\u00f3n - Los pol\u00edticos Veracruz","robots":{"index":"index","follow":"follow","max-snippet":"max-snippet:-1","max-image-preview":"max-image-preview:large","max-video-preview":"max-video-preview:-1"},"canonical":"https:\/\/lospoliticosveracruz.com\/?p=70906","og_locale":"es_ES","og_type":"article","og_title":"El cerebro del Car\u00f3n - Los pol\u00edticos Veracruz","og_description":"Ricardo Ch\u00faaSale y Vale \u00abHUMO BLANCO\u00bb AZUL\u2026 Ya empiezan a \u00abcuadrar\u00bb los candidatos del PAN a las alcald\u00edas de Veracruz y Boca del R\u00edo\u2026 Si no hubo cambios en la madrugada de hoy\u2026 Es un hecho que el panista porte\u00f1o, Pepe Medina, ser\u00e1 el coordinador de campa\u00f1a de la candidatura de Miguel \u00c1ngel Yunes, a [&hellip;]","og_url":"https:\/\/lospoliticosveracruz.com\/?p=70906","og_site_name":"Los pol\u00edticos Veracruz","article_publisher":"https:\/\/www.facebook.com\/people\/Notimemes-de-los-Polticos\/61565672886568\/","article_published_time":"2021-04-13T12:57:44+00:00","article_modified_time":"2021-04-13T14:26:33+00:00","og_image":[{"url":"http:\/\/www.lospoliticosveracruz.com.mx\/wp-content\/uploads\/2021\/04\/Cordoba-403-anos-04.png","type":"","width":"","height":""}],"author":"Lo viste en Los Pol\u00edticos","twitter_card":"summary_large_image","twitter_creator":"@LosPoliticosVer","twitter_site":"@LosPoliticosVer","twitter_misc":{"Escrito por":"Lo viste en Los Pol\u00edticos","Tiempo de lectura":"6 minutos"},"schema":{"@context":"https:\/\/schema.org","@graph":[{"@type":"Article","@id":"https:\/\/lospoliticosveracruz.com\/?p=70906#article","isPartOf":{"@id":"https:\/\/lospoliticosveracruz.com\/?p=70906"},"author":{"name":"Lo viste en Los Pol\u00edticos","@id":"https:\/\/lospoliticosveracruz.com\/#\/schema\/person\/b8702bb0e538456e6efd07080bf2a4a2"},"headline":"El cerebro del Car\u00f3n","datePublished":"2021-04-13T12:57:44+00:00","dateModified":"2021-04-13T14:26:33+00:00","mainEntityOfPage":{"@id":"https:\/\/lospoliticosveracruz.com\/?p=70906"},"wordCount":1163,"publisher":{"@id":"https:\/\/lospoliticosveracruz.com\/#organization"},"image":{"@id":"https:\/\/lospoliticosveracruz.com\/?p=70906#primaryimage"},"thumbnailUrl":"http:\/\/www.lospoliticosveracruz.com.mx\/wp-content\/uploads\/2021\/04\/Cordoba-403-anos-04.png","keywords":["Domingo Bahena Corbal\u00e1","Eric Cisneros Burgos","Jos\u00e9 Antonio G\u00f3mez Ruiz","Juan Javier G\u00f3mez Cazar\u00edn","Juan Manuel de Unanue Abascal","Miguel \u00c1ngel Yunes M\u00e1rquez","PAN","Pepe Medina","Zenyazen Escobar Garc\u00eda"],"articleSection":["De Opini\u00f3n"],"inLanguage":"es"},{"@type":"WebPage","@id":"https:\/\/lospoliticosveracruz.com\/?p=70906","url":"https:\/\/lospoliticosveracruz.com\/?p=70906","name":"El cerebro del Car\u00f3n - Los pol\u00edticos Veracruz","isPartOf":{"@id":"https:\/\/lospoliticosveracruz.com\/#website"},"primaryImageOfPage":{"@id":"https:\/\/lospoliticosveracruz.com\/?p=70906#primaryimage"},"image":{"@id":"https:\/\/lospoliticosveracruz.com\/?p=70906#primaryimage"},"thumbnailUrl":"http:\/\/www.lospoliticosveracruz.com.mx\/wp-content\/uploads\/2021\/04\/Cordoba-403-anos-04.png","datePublished":"2021-04-13T12:57:44+00:00","dateModified":"2021-04-13T14:26:33+00:00","breadcrumb":{"@id":"https:\/\/lospoliticosveracruz.com\/?p=70906#breadcrumb"},"inLanguage":"es","potentialAction":[{"@type":"ReadAction","target":["https:\/\/lospoliticosveracruz.com\/?p=70906"]}]},{"@type":"ImageObject","inLanguage":"es","@id":"https:\/\/lospoliticosveracruz.com\/?p=70906#primaryimage","url":"http:\/\/www.lospoliticosveracruz.com.mx\/wp-content\/uploads\/2021\/04\/Cordoba-403-anos-04.png","contentUrl":"http:\/\/www.lospoliticosveracruz.com.mx\/wp-content\/uploads\/2021\/04\/Cordoba-403-anos-04.png"},{"@type":"BreadcrumbList","@id":"https:\/\/lospoliticosveracruz.com\/?p=70906#breadcrumb","itemListElement":[{"@type":"ListItem","position":1,"name":"Portada","item":"https:\/\/lospoliticosveracruz.com\/"},{"@type":"ListItem","position":2,"name":"El cerebro del Car\u00f3n"}]},{"@type":"WebSite","@id":"https:\/\/lospoliticosveracruz.com\/#website","url":"https:\/\/lospoliticosveracruz.com\/","name":"Los pol\u00edticos Veracruz","description":"","publisher":{"@id":"https:\/\/lospoliticosveracruz.com\/#organization"},"potentialAction":[{"@type":"SearchAction","target":{"@type":"EntryPoint","urlTemplate":"https:\/\/lospoliticosveracruz.com\/?s={search_term_string}"},"query-input":{"@type":"PropertyValueSpecification","valueRequired":true,"valueName":"search_term_string"}}],"inLanguage":"es"},{"@type":"Organization","@id":"https:\/\/lospoliticosveracruz.com\/#organization","name":"Los pol\u00edticos Veracruz","url":"https:\/\/lospoliticosveracruz.com\/","logo":{"@type":"ImageObject","inLanguage":"es","@id":"https:\/\/lospoliticosveracruz.com\/#\/schema\/logo\/image\/","url":"https:\/\/lospoliticosveracruz.com\/wp-content\/uploads\/2025\/12\/Logo-Nuevo-LOS-POLITICOS-1.jpg","contentUrl":"https:\/\/lospoliticosveracruz.com\/wp-content\/uploads\/2025\/12\/Logo-Nuevo-LOS-POLITICOS-1.jpg","width":260,"height":70,"caption":"Los pol\u00edticos Veracruz"},"image":{"@id":"https:\/\/lospoliticosveracruz.com\/#\/schema\/logo\/image\/"},"sameAs":["https:\/\/www.facebook.com\/people\/Notimemes-de-los-Polticos\/61565672886568\/","https:\/\/x.com\/LosPoliticosVer"]},{"@type":"Person","@id":"https:\/\/lospoliticosveracruz.com\/#\/schema\/person\/b8702bb0e538456e6efd07080bf2a4a2","name":"Lo viste en Los Pol\u00edticos","image":{"@type":"ImageObject","inLanguage":"es","@id":"https:\/\/secure.gravatar.com\/avatar\/3a8de04a2656d44082be478bd6c086daa447c4651605818287b9532d3d0bd435?s=96&d=mm&r=g","url":"https:\/\/secure.gravatar.com\/avatar\/3a8de04a2656d44082be478bd6c086daa447c4651605818287b9532d3d0bd435?s=96&d=mm&r=g","contentUrl":"https:\/\/secure.gravatar.com\/avatar\/3a8de04a2656d44082be478bd6c086daa447c4651605818287b9532d3d0bd435?s=96&d=mm&r=g","caption":"Lo viste en Los Pol\u00edticos"},"url":"https:\/\/lospoliticosveracruz.com\/?author=2"}]}},"_links":{"self":[{"href":"https:\/\/lospoliticosveracruz.com\/index.php?rest_route=\/wp\/v2\/posts\/70906","targetHints":{"allow":["GET"]}}],"collection":[{"href":"https:\/\/lospoliticosveracruz.com\/index.php?rest_route=\/wp\/v2\/posts"}],"about":[{"href":"https:\/\/lospoliticosveracruz.com\/index.php?rest_route=\/wp\/v2\/types\/post"}],"author":[{"embeddable":true,"href":"https:\/\/lospoliticosveracruz.com\/index.php?rest_route=\/wp\/v2\/users\/2"}],"replies":[{"embeddable":true,"href":"https:\/\/lospoliticosveracruz.com\/index.php?rest_route=%2Fwp%2Fv2%2Fcomments&post=70906"}],"version-history":[{"count":2,"href":"https:\/\/lospoliticosveracruz.com\/index.php?rest_route=\/wp\/v2\/posts\/70906\/revisions"}],"predecessor-version":[{"id":70909,"href":"https:\/\/lospoliticosveracruz.com\/index.php?rest_route=\/wp\/v2\/posts\/70906\/revisions\/70909"}],"wp:attachment":[{"href":"https:\/\/lospoliticosveracruz.com\/index.php?rest_route=%2Fwp%2Fv2%2Fmedia&parent=70906"}],"wp:term":[{"taxonomy":"category","embeddable":true,"href":"https:\/\/lospoliticosveracruz.com\/index.php?rest_route=%2Fwp%2Fv2%2Fcategories&post=70906"},{"taxonomy":"post_tag","embeddable":true,"href":"https:\/\/lospoliticosveracruz.com\/index.php?rest_route=%2Fwp%2Fv2%2Ftags&post=70906"}],"curies":[{"name":"wp","href":"https:\/\/api.w.org\/{rel}","templated":true}]}}