{"id":70915,"date":"2021-04-13T09:50:21","date_gmt":"2021-04-13T14:50:21","guid":{"rendered":"http:\/\/www.lospoliticosveracruz.com.mx\/?p=70915"},"modified":"2021-04-13T09:50:24","modified_gmt":"2021-04-13T14:50:24","slug":"mas-y-mejor-democracia-y-universidad-participar-y-evaluar","status":"publish","type":"post","link":"https:\/\/lospoliticosveracruz.com\/?p=70915","title":{"rendered":"M\u00e1s y mejor democracia y Universidad \/ Participar y evaluar"},"content":{"rendered":"\n<p><\/p>\n\n\n\n<p><strong>Rafael Arias Hern\u00e1ndez<\/strong><\/p>\n\n\n\n<p><em>Mutatis mutandis<\/em><\/p>\n\n\n\n<p>Ante las importantes elecciones a realizar este 2021, empecemos por la inocultable e imparable&nbsp; pregunta: \u00bfes la Universidad P\u00fablica democr\u00e1tica?<\/p>\n\n\n\n<p>Estamos inmersos en un amplio proceso electoral, en donde todo ciudadano es factor de decisi\u00f3n; esto es, millones y millones de personas tienen y ejercen&nbsp; libertades, derechos y obligaciones, para elegir y ser electo.<\/p>\n\n\n\n<div class=\"wp-block-image\"><figure class=\"alignleft size-large is-resized\"><a href=\"http:\/\/www.lospoliticosveracruz.com.mx\/wp-content\/uploads\/2021\/04\/Cordoba-403-anos-06.png\"><img loading=\"lazy\" decoding=\"async\" src=\"http:\/\/www.lospoliticosveracruz.com.mx\/wp-content\/uploads\/2021\/04\/Cordoba-403-anos-06.png\" alt=\"\" class=\"wp-image-70677\" width=\"330\" height=\"330\"\/><\/a><\/figure><\/div>\n\n\n\n<p>En dichas elecciones, se eligen diferentes cargos o representaciones (diputados federales y locales, presidencias municipales y sus cabildos), sujetos a renovaci\u00f3n en plazos determinados. \u00bfQu\u00e9 sucede en la Universidad?<\/p>\n\n\n\n<p>En Veracruz, casi 6 millones eligen democr\u00e1ticamente, cuando menos,&nbsp; 1,124 cargos p\u00fablicos.<\/p>\n\n\n\n<p>\u00bfY los casi 75 mil universitarios, &nbsp;participan en el cambio de autoridad de la Universidad Veracruzana?<\/p>\n\n\n\n<p><strong>Sentido y alcance<\/strong><\/p>\n\n\n\n<p>En principio, es importante advertir y distinguir que la Democracia no es solo elegir. No es \u00fanicamente votar y expresar decisi\u00f3n. Imprescindible entender,&nbsp; establecer y aprovechar&nbsp; lo que la Democracia es y puede ser.<\/p>\n\n\n\n<p>As\u00ed, por ejemplo, para identificar su presencia y evoluci\u00f3n, se construyen y utilizan, formulas, o \u00edndices,&nbsp; que profesionales y expertos construyen y utilizan, a partir de indicadores obtenidos de fuentes confiables, para definir importantes aspectos o categor\u00edas,&nbsp; como las de: garantizar y fortalecer libertades y derechos ciudadanos; realizar y consolidar procesos electorales y pluralismo; sostener &nbsp;funcionamiento y fiscalizaci\u00f3n del gobierno;&nbsp; fortalecer participaci\u00f3n y evaluaci\u00f3n&nbsp; pol\u00edtica y social permanentes; y, apoyar afianzamiento y expansi\u00f3n de la cultura pol\u00edtica. (Democracy Index 2020. The Economist Inteligence Unit)<\/p>\n\n\n\n<div class=\"wp-block-image\"><figure class=\"alignleft size-large is-resized\"><a href=\"https:\/\/drive.google.com\/file\/d\/1Q9mJWAbAAcSE5Xy3gLetz4G7zcZVnOr5\/view?fbclid=IwAR21RCgSVy7rnC7mFt72TIVuewikDvUknkwyTne89f8AwxPGge10KkDXXhI\"><img loading=\"lazy\" decoding=\"async\" src=\"http:\/\/www.lospoliticosveracruz.com.mx\/wp-content\/uploads\/2021\/04\/CLASES-MAGISTRALES.jpg\" alt=\"\" class=\"wp-image-70534\" width=\"350\" height=\"232\"\/><\/a><\/figure><\/div>\n\n\n\n<p>As\u00ed, es posible constatar, que pocas son las instituciones, en las que se habla tan amplia, intensa y abiertamente de la Democracia, como en las Universidades P\u00fablicas; aunque a su vez, parad\u00f3jicamente, se puede comprobar que solo es, en algunas de ellas, donde se le observa y pone en pr\u00e1ctica, o se vive y aplica. En otras, no es as\u00ed, se alega y sostiene que saber, conocer y ser capaz no es un atributo de las mayor\u00edas.<\/p>\n\n\n\n<p>Podr\u00eda decirse que algunas instituciones p\u00fablicas de educaci\u00f3n superior lo intentan; y otras, adoptan y adaptan, sistemas y estructuras de organizaci\u00f3n y&nbsp; trabajo, que incorporan algunos&nbsp; aspectos de democratizaci\u00f3n de su estructura y funcionamiento. Sin duda todo un reto imposible de ocultar o posponer.<\/p>\n\n\n\n<p>En todo caso, se estaca y defiende su autonom\u00eda, como punto de partida, caracter\u00edstica y definici\u00f3n central.<\/p>\n\n\n\n<p>Entendi\u00e9ndose en esencia, que su administraci\u00f3n y gobierno depende de los mismos universitarios; que se garantiza respeto y apoyo, de sociedad y gobierno, al ejercicio de sus&nbsp; libertades y derechos, tanto en la difusi\u00f3n y asimilaci\u00f3n de ideas y conocimientos, como en la&nbsp; exploraci\u00f3n e investigaci\u00f3n; y que en su operaci\u00f3n y desarrollo,&nbsp; se facilita o permite,&nbsp; existencia y&nbsp; funcionamiento de aspectos y caracter\u00edsticas de la Democracia.&nbsp;<\/p>\n\n\n\n<p>En efecto, son pocos los espacios, de coexistencia de&nbsp; teor\u00eda y pr\u00e1ctica, donde se aplica lo que se dice o analiza, estudia e investiga, un sinn\u00famero de conceptos y aspectos,&nbsp; de la democracia. Lo mismo se defiende o cuestiona, que se aprueba o critica, se dialoga o debate,&nbsp; sobre pasado, presente y futuro de esta importante y actual forma de organizaci\u00f3n&nbsp; gubernamental y representaci\u00f3n p\u00fablica. \u00bfDemocracia&nbsp; hacia el interior de la Universidad, en verdad, se aplica y pone en pr\u00e1ctica?<\/p>\n\n\n\n<p>Hasta hoy, la Democracia est\u00e1 presente y avanza,&nbsp; desplaza a otras &nbsp;de formas de gobernar, como autoritarismo, discrecionalidad, ocurrencias, concentraci\u00f3n de poder y, en general, las formas t\u00edpicas del uso y abuso gubernamental, para beneficio y ventaja de unos cuantos. En esencia, indispensable participar y evaluar siempre, todo asunto oficial, inter\u00e9s social o bien p\u00fablico.<\/p>\n\n\n\n<p>Bajo el principio universal de que quien gobierna, por elecci\u00f3n o designaci\u00f3n,&nbsp; es antes que todo, servidor p\u00fablico, no due\u00f1o, amo,&nbsp; patr\u00f3n, concesionario o propietario del poder y representaci\u00f3n p\u00fablicos.<\/p>\n\n\n\n<p>Servidores que deben servir, en el amplio sentido de la palabra, y no servirse, ni aprovechar la confianza y credibilidad que se les otorga.&nbsp;<\/p>\n\n\n\n<p><strong>Democracia&nbsp; y Universidad, hoy<\/strong><\/p>\n\n\n\n<p>Participaci\u00f3n y evaluaci\u00f3n verdaderas, no simuladas, que faciliten y permitan fortalecer actitud y capacidad, frente a la realidad. Toda Universidad debe pasar a la determinaci\u00f3n de temas y objetivos de reacci\u00f3n o previsi\u00f3n, de presente o futuro. Considerando siempre, oportunidades y recursos disponibles; as\u00ed como, alcances e importancia &nbsp;del sistema conceptual utilizados; as\u00ed como beneficios &nbsp;y limitaciones de la metodolog\u00eda aplicada en su proceso democratizador.<\/p>\n\n\n\n<p>Al asociar Democracia con Universidad P\u00fablica, empezar por determinar y clasificar su situaci\u00f3n, condiciones y resultados alcanzados,&nbsp; para la revisi\u00f3n, reinterpretaci\u00f3n y reinvenci\u00f3n. \u00bfAnte la nueva realidad, hacia donde orientar la Universidad?<\/p>\n\n\n\n<p>Considerar siempre, razones y condiciones propias de la existencia de cada instituci\u00f3n; y, el por qu\u00e9 y para qu\u00e9 se realiza el esfuerzo democratizador. Evitar, &nbsp;confundir o tergiversar, las caracter\u00edsticas del o los problemas analizados.<\/p>\n\n\n\n<p>Esencial, mantener unidad y coherencia de las diversas actividades universitarias, que conforman su proceso democratizador.<\/p>\n\n\n\n<p>Reconocer &nbsp;existencia y afectaciones de los problemas, &nbsp;es el primer paso para enfrentarlos y solucionarlos. Las discusiones conceptuales, metodol\u00f3gicas y otros aspectos te\u00f3ricos y de aplicaci\u00f3n misma, ser\u00e1n m\u00e1s valorados o apreciados, por sus aportaciones y resultados.<\/p>\n\n\n\n<p>Cada Universidad debe ubicar los retos, en su correspondiente espacio y tiempo, teniendo siempre presentes aciertos y errores, oportunidades y propuestas.<\/p>\n\n\n\n<p>Conveniente tener en cuenta, valiosas aportaciones. La&nbsp;educaci\u00f3n&nbsp;a lo largo de la vida se basa en cuatro&nbsp;pilares: aprender a conocer, aprender a hacer, aprender a vivir juntos, aprender a ser. Y tambi\u00e9n, en fomentar los siete saberes para la educaci\u00f3n del futuro, esto es: enfrentar las cegueras del conocimiento: el error y la ilusi\u00f3n;&nbsp; alimentar los principios de un conocimiento pertinente; ense\u00f1ar la condici\u00f3n humana; ense\u00f1ar la identidad terrenal;&nbsp; enfrentar las incertidumbres; ense\u00f1ar&nbsp; la comprensi\u00f3n; y cultivar la \u00e9tica del g\u00e9nero humano. Y m\u00e1s, mucho m\u00e1s aportaciones que hay que considerar tanto para el debate, como para la teor\u00eda educativa.<\/p>\n\n\n\n<p>Se debe intentar, en participaci\u00f3n libre y abierta, &nbsp;provocar, generar y aprovechar una interactividad abierta, cr\u00edtica y propositiva. Impedir el uso y abuso de complicidad, encubrimiento y simulaci\u00f3n. Imprescindible evaluaci\u00f3n estricta, real e independiente para reconocer logros y se\u00f1alar errores y pendientes.<\/p>\n\n\n\n<p>Es la hora de la Universidad Veracruzana\u2026continuaremos.<\/p>\n\n\n\n<p>. -Academico.IIESESUV @RafaelAriasH,Facebook:VeracruzHoydeRafaelAriasH<\/p>\n","protected":false},"excerpt":{"rendered":"<p>Rafael Arias Hern\u00e1ndez Mutatis mutandis Ante las importantes elecciones a realizar este 2021, empecemos por la inocultable e imparable&nbsp; pregunta: \u00bfes la Universidad P\u00fablica democr\u00e1tica? Estamos inmersos en un amplio proceso electoral, en donde todo ciudadano es factor de decisi\u00f3n; esto es, millones y millones de personas tienen y ejercen&nbsp; libertades, derechos y obligaciones, para [&hellip;]<\/p>\n","protected":false},"author":2,"featured_media":0,"comment_status":"closed","ping_status":"closed","sticky":false,"template":"","format":"standard","meta":{"tdm_status":"","tdm_grid_status":"","footnotes":""},"categories":[70],"tags":[207,1030,27331,219],"class_list":{"0":"post-70915","1":"post","2":"type-post","3":"status-publish","4":"format-standard","6":"category-de-opinion","7":"tag-democracia","8":"tag-educacion","9":"tag-participacion","10":"tag-universidad-veracruzana"},"yoast_head":"<!-- This site is optimized with the Yoast SEO plugin v27.4 - https:\/\/yoast.com\/product\/yoast-seo-wordpress\/ -->\n<title>M\u00e1s y mejor democracia y Universidad \/ Participar y evaluar - Los pol\u00edticos Veracruz<\/title>\n<meta name=\"robots\" content=\"index, follow, max-snippet:-1, max-image-preview:large, max-video-preview:-1\" \/>\n<link rel=\"canonical\" href=\"https:\/\/lospoliticosveracruz.com\/?p=70915\" \/>\n<meta property=\"og:locale\" content=\"es_ES\" \/>\n<meta property=\"og:type\" content=\"article\" \/>\n<meta property=\"og:title\" content=\"M\u00e1s y mejor democracia y Universidad \/ Participar y evaluar - Los pol\u00edticos Veracruz\" \/>\n<meta property=\"og:description\" content=\"Rafael Arias Hern\u00e1ndez Mutatis mutandis Ante las importantes elecciones a realizar este 2021, empecemos por la inocultable e imparable&nbsp; pregunta: \u00bfes la Universidad P\u00fablica democr\u00e1tica? Estamos inmersos en un amplio proceso electoral, en donde todo ciudadano es factor de decisi\u00f3n; esto es, millones y millones de personas tienen y ejercen&nbsp; libertades, derechos y obligaciones, para [&hellip;]\" \/>\n<meta property=\"og:url\" content=\"https:\/\/lospoliticosveracruz.com\/?p=70915\" \/>\n<meta property=\"og:site_name\" content=\"Los pol\u00edticos Veracruz\" \/>\n<meta property=\"article:publisher\" content=\"https:\/\/www.facebook.com\/people\/Notimemes-de-los-Polticos\/61565672886568\/\" \/>\n<meta property=\"article:published_time\" content=\"2021-04-13T14:50:21+00:00\" \/>\n<meta property=\"article:modified_time\" content=\"2021-04-13T14:50:24+00:00\" \/>\n<meta property=\"og:image\" content=\"http:\/\/www.lospoliticosveracruz.com.mx\/wp-content\/uploads\/2021\/04\/Cordoba-403-anos-06.png\" \/>\n<meta name=\"author\" content=\"Lo viste en Los Pol\u00edticos\" \/>\n<meta name=\"twitter:card\" content=\"summary_large_image\" \/>\n<meta name=\"twitter:creator\" content=\"@LosPoliticosVer\" \/>\n<meta name=\"twitter:site\" content=\"@LosPoliticosVer\" \/>\n<meta name=\"twitter:label1\" content=\"Escrito por\" \/>\n\t<meta name=\"twitter:data1\" content=\"Lo viste en Los Pol\u00edticos\" \/>\n\t<meta name=\"twitter:label2\" content=\"Tiempo de lectura\" \/>\n\t<meta name=\"twitter:data2\" content=\"6 minutos\" \/>\n<script type=\"application\/ld+json\" class=\"yoast-schema-graph\">{\"@context\":\"https:\\\/\\\/schema.org\",\"@graph\":[{\"@type\":\"Article\",\"@id\":\"https:\\\/\\\/lospoliticosveracruz.com\\\/?p=70915#article\",\"isPartOf\":{\"@id\":\"https:\\\/\\\/lospoliticosveracruz.com\\\/?p=70915\"},\"author\":{\"name\":\"Lo viste en Los Pol\u00edticos\",\"@id\":\"https:\\\/\\\/lospoliticosveracruz.com\\\/#\\\/schema\\\/person\\\/b8702bb0e538456e6efd07080bf2a4a2\"},\"headline\":\"M\u00e1s y mejor democracia y Universidad \\\/ Participar y evaluar\",\"datePublished\":\"2021-04-13T14:50:21+00:00\",\"dateModified\":\"2021-04-13T14:50:24+00:00\",\"mainEntityOfPage\":{\"@id\":\"https:\\\/\\\/lospoliticosveracruz.com\\\/?p=70915\"},\"wordCount\":1135,\"publisher\":{\"@id\":\"https:\\\/\\\/lospoliticosveracruz.com\\\/#organization\"},\"image\":{\"@id\":\"https:\\\/\\\/lospoliticosveracruz.com\\\/?p=70915#primaryimage\"},\"thumbnailUrl\":\"http:\\\/\\\/www.lospoliticosveracruz.com.mx\\\/wp-content\\\/uploads\\\/2021\\\/04\\\/Cordoba-403-anos-06.png\",\"keywords\":[\"democracia\",\"educaci\u00f3n\",\"Participaci\u00f3n\",\"Universidad Veracruzana\"],\"articleSection\":[\"De Opini\u00f3n\"],\"inLanguage\":\"es\"},{\"@type\":\"WebPage\",\"@id\":\"https:\\\/\\\/lospoliticosveracruz.com\\\/?p=70915\",\"url\":\"https:\\\/\\\/lospoliticosveracruz.com\\\/?p=70915\",\"name\":\"M\u00e1s y mejor democracia y Universidad \\\/ Participar y evaluar - Los pol\u00edticos Veracruz\",\"isPartOf\":{\"@id\":\"https:\\\/\\\/lospoliticosveracruz.com\\\/#website\"},\"primaryImageOfPage\":{\"@id\":\"https:\\\/\\\/lospoliticosveracruz.com\\\/?p=70915#primaryimage\"},\"image\":{\"@id\":\"https:\\\/\\\/lospoliticosveracruz.com\\\/?p=70915#primaryimage\"},\"thumbnailUrl\":\"http:\\\/\\\/www.lospoliticosveracruz.com.mx\\\/wp-content\\\/uploads\\\/2021\\\/04\\\/Cordoba-403-anos-06.png\",\"datePublished\":\"2021-04-13T14:50:21+00:00\",\"dateModified\":\"2021-04-13T14:50:24+00:00\",\"breadcrumb\":{\"@id\":\"https:\\\/\\\/lospoliticosveracruz.com\\\/?p=70915#breadcrumb\"},\"inLanguage\":\"es\",\"potentialAction\":[{\"@type\":\"ReadAction\",\"target\":[\"https:\\\/\\\/lospoliticosveracruz.com\\\/?p=70915\"]}]},{\"@type\":\"ImageObject\",\"inLanguage\":\"es\",\"@id\":\"https:\\\/\\\/lospoliticosveracruz.com\\\/?p=70915#primaryimage\",\"url\":\"http:\\\/\\\/www.lospoliticosveracruz.com.mx\\\/wp-content\\\/uploads\\\/2021\\\/04\\\/Cordoba-403-anos-06.png\",\"contentUrl\":\"http:\\\/\\\/www.lospoliticosveracruz.com.mx\\\/wp-content\\\/uploads\\\/2021\\\/04\\\/Cordoba-403-anos-06.png\"},{\"@type\":\"BreadcrumbList\",\"@id\":\"https:\\\/\\\/lospoliticosveracruz.com\\\/?p=70915#breadcrumb\",\"itemListElement\":[{\"@type\":\"ListItem\",\"position\":1,\"name\":\"Portada\",\"item\":\"https:\\\/\\\/lospoliticosveracruz.com\\\/\"},{\"@type\":\"ListItem\",\"position\":2,\"name\":\"M\u00e1s y mejor democracia y Universidad \\\/ Participar y evaluar\"}]},{\"@type\":\"WebSite\",\"@id\":\"https:\\\/\\\/lospoliticosveracruz.com\\\/#website\",\"url\":\"https:\\\/\\\/lospoliticosveracruz.com\\\/\",\"name\":\"Los pol\u00edticos Veracruz\",\"description\":\"\",\"publisher\":{\"@id\":\"https:\\\/\\\/lospoliticosveracruz.com\\\/#organization\"},\"potentialAction\":[{\"@type\":\"SearchAction\",\"target\":{\"@type\":\"EntryPoint\",\"urlTemplate\":\"https:\\\/\\\/lospoliticosveracruz.com\\\/?s={search_term_string}\"},\"query-input\":{\"@type\":\"PropertyValueSpecification\",\"valueRequired\":true,\"valueName\":\"search_term_string\"}}],\"inLanguage\":\"es\"},{\"@type\":\"Organization\",\"@id\":\"https:\\\/\\\/lospoliticosveracruz.com\\\/#organization\",\"name\":\"Los pol\u00edticos Veracruz\",\"url\":\"https:\\\/\\\/lospoliticosveracruz.com\\\/\",\"logo\":{\"@type\":\"ImageObject\",\"inLanguage\":\"es\",\"@id\":\"https:\\\/\\\/lospoliticosveracruz.com\\\/#\\\/schema\\\/logo\\\/image\\\/\",\"url\":\"https:\\\/\\\/lospoliticosveracruz.com\\\/wp-content\\\/uploads\\\/2025\\\/12\\\/Logo-Nuevo-LOS-POLITICOS-1.jpg\",\"contentUrl\":\"https:\\\/\\\/lospoliticosveracruz.com\\\/wp-content\\\/uploads\\\/2025\\\/12\\\/Logo-Nuevo-LOS-POLITICOS-1.jpg\",\"width\":260,\"height\":70,\"caption\":\"Los pol\u00edticos Veracruz\"},\"image\":{\"@id\":\"https:\\\/\\\/lospoliticosveracruz.com\\\/#\\\/schema\\\/logo\\\/image\\\/\"},\"sameAs\":[\"https:\\\/\\\/www.facebook.com\\\/people\\\/Notimemes-de-los-Polticos\\\/61565672886568\\\/\",\"https:\\\/\\\/x.com\\\/LosPoliticosVer\"]},{\"@type\":\"Person\",\"@id\":\"https:\\\/\\\/lospoliticosveracruz.com\\\/#\\\/schema\\\/person\\\/b8702bb0e538456e6efd07080bf2a4a2\",\"name\":\"Lo viste en Los Pol\u00edticos\",\"image\":{\"@type\":\"ImageObject\",\"inLanguage\":\"es\",\"@id\":\"https:\\\/\\\/secure.gravatar.com\\\/avatar\\\/3a8de04a2656d44082be478bd6c086daa447c4651605818287b9532d3d0bd435?s=96&d=mm&r=g\",\"url\":\"https:\\\/\\\/secure.gravatar.com\\\/avatar\\\/3a8de04a2656d44082be478bd6c086daa447c4651605818287b9532d3d0bd435?s=96&d=mm&r=g\",\"contentUrl\":\"https:\\\/\\\/secure.gravatar.com\\\/avatar\\\/3a8de04a2656d44082be478bd6c086daa447c4651605818287b9532d3d0bd435?s=96&d=mm&r=g\",\"caption\":\"Lo viste en Los Pol\u00edticos\"},\"url\":\"https:\\\/\\\/lospoliticosveracruz.com\\\/?author=2\"}]}<\/script>\n<!-- \/ Yoast SEO plugin. -->","yoast_head_json":{"title":"M\u00e1s y mejor democracia y Universidad \/ Participar y evaluar - Los pol\u00edticos Veracruz","robots":{"index":"index","follow":"follow","max-snippet":"max-snippet:-1","max-image-preview":"max-image-preview:large","max-video-preview":"max-video-preview:-1"},"canonical":"https:\/\/lospoliticosveracruz.com\/?p=70915","og_locale":"es_ES","og_type":"article","og_title":"M\u00e1s y mejor democracia y Universidad \/ Participar y evaluar - Los pol\u00edticos Veracruz","og_description":"Rafael Arias Hern\u00e1ndez Mutatis mutandis Ante las importantes elecciones a realizar este 2021, empecemos por la inocultable e imparable&nbsp; pregunta: \u00bfes la Universidad P\u00fablica democr\u00e1tica? Estamos inmersos en un amplio proceso electoral, en donde todo ciudadano es factor de decisi\u00f3n; esto es, millones y millones de personas tienen y ejercen&nbsp; libertades, derechos y obligaciones, para [&hellip;]","og_url":"https:\/\/lospoliticosveracruz.com\/?p=70915","og_site_name":"Los pol\u00edticos Veracruz","article_publisher":"https:\/\/www.facebook.com\/people\/Notimemes-de-los-Polticos\/61565672886568\/","article_published_time":"2021-04-13T14:50:21+00:00","article_modified_time":"2021-04-13T14:50:24+00:00","og_image":[{"url":"http:\/\/www.lospoliticosveracruz.com.mx\/wp-content\/uploads\/2021\/04\/Cordoba-403-anos-06.png","type":"","width":"","height":""}],"author":"Lo viste en Los Pol\u00edticos","twitter_card":"summary_large_image","twitter_creator":"@LosPoliticosVer","twitter_site":"@LosPoliticosVer","twitter_misc":{"Escrito por":"Lo viste en Los Pol\u00edticos","Tiempo de lectura":"6 minutos"},"schema":{"@context":"https:\/\/schema.org","@graph":[{"@type":"Article","@id":"https:\/\/lospoliticosveracruz.com\/?p=70915#article","isPartOf":{"@id":"https:\/\/lospoliticosveracruz.com\/?p=70915"},"author":{"name":"Lo viste en Los Pol\u00edticos","@id":"https:\/\/lospoliticosveracruz.com\/#\/schema\/person\/b8702bb0e538456e6efd07080bf2a4a2"},"headline":"M\u00e1s y mejor democracia y Universidad \/ Participar y evaluar","datePublished":"2021-04-13T14:50:21+00:00","dateModified":"2021-04-13T14:50:24+00:00","mainEntityOfPage":{"@id":"https:\/\/lospoliticosveracruz.com\/?p=70915"},"wordCount":1135,"publisher":{"@id":"https:\/\/lospoliticosveracruz.com\/#organization"},"image":{"@id":"https:\/\/lospoliticosveracruz.com\/?p=70915#primaryimage"},"thumbnailUrl":"http:\/\/www.lospoliticosveracruz.com.mx\/wp-content\/uploads\/2021\/04\/Cordoba-403-anos-06.png","keywords":["democracia","educaci\u00f3n","Participaci\u00f3n","Universidad Veracruzana"],"articleSection":["De Opini\u00f3n"],"inLanguage":"es"},{"@type":"WebPage","@id":"https:\/\/lospoliticosveracruz.com\/?p=70915","url":"https:\/\/lospoliticosveracruz.com\/?p=70915","name":"M\u00e1s y mejor democracia y Universidad \/ Participar y evaluar - Los pol\u00edticos Veracruz","isPartOf":{"@id":"https:\/\/lospoliticosveracruz.com\/#website"},"primaryImageOfPage":{"@id":"https:\/\/lospoliticosveracruz.com\/?p=70915#primaryimage"},"image":{"@id":"https:\/\/lospoliticosveracruz.com\/?p=70915#primaryimage"},"thumbnailUrl":"http:\/\/www.lospoliticosveracruz.com.mx\/wp-content\/uploads\/2021\/04\/Cordoba-403-anos-06.png","datePublished":"2021-04-13T14:50:21+00:00","dateModified":"2021-04-13T14:50:24+00:00","breadcrumb":{"@id":"https:\/\/lospoliticosveracruz.com\/?p=70915#breadcrumb"},"inLanguage":"es","potentialAction":[{"@type":"ReadAction","target":["https:\/\/lospoliticosveracruz.com\/?p=70915"]}]},{"@type":"ImageObject","inLanguage":"es","@id":"https:\/\/lospoliticosveracruz.com\/?p=70915#primaryimage","url":"http:\/\/www.lospoliticosveracruz.com.mx\/wp-content\/uploads\/2021\/04\/Cordoba-403-anos-06.png","contentUrl":"http:\/\/www.lospoliticosveracruz.com.mx\/wp-content\/uploads\/2021\/04\/Cordoba-403-anos-06.png"},{"@type":"BreadcrumbList","@id":"https:\/\/lospoliticosveracruz.com\/?p=70915#breadcrumb","itemListElement":[{"@type":"ListItem","position":1,"name":"Portada","item":"https:\/\/lospoliticosveracruz.com\/"},{"@type":"ListItem","position":2,"name":"M\u00e1s y mejor democracia y Universidad \/ Participar y evaluar"}]},{"@type":"WebSite","@id":"https:\/\/lospoliticosveracruz.com\/#website","url":"https:\/\/lospoliticosveracruz.com\/","name":"Los pol\u00edticos Veracruz","description":"","publisher":{"@id":"https:\/\/lospoliticosveracruz.com\/#organization"},"potentialAction":[{"@type":"SearchAction","target":{"@type":"EntryPoint","urlTemplate":"https:\/\/lospoliticosveracruz.com\/?s={search_term_string}"},"query-input":{"@type":"PropertyValueSpecification","valueRequired":true,"valueName":"search_term_string"}}],"inLanguage":"es"},{"@type":"Organization","@id":"https:\/\/lospoliticosveracruz.com\/#organization","name":"Los pol\u00edticos Veracruz","url":"https:\/\/lospoliticosveracruz.com\/","logo":{"@type":"ImageObject","inLanguage":"es","@id":"https:\/\/lospoliticosveracruz.com\/#\/schema\/logo\/image\/","url":"https:\/\/lospoliticosveracruz.com\/wp-content\/uploads\/2025\/12\/Logo-Nuevo-LOS-POLITICOS-1.jpg","contentUrl":"https:\/\/lospoliticosveracruz.com\/wp-content\/uploads\/2025\/12\/Logo-Nuevo-LOS-POLITICOS-1.jpg","width":260,"height":70,"caption":"Los pol\u00edticos Veracruz"},"image":{"@id":"https:\/\/lospoliticosveracruz.com\/#\/schema\/logo\/image\/"},"sameAs":["https:\/\/www.facebook.com\/people\/Notimemes-de-los-Polticos\/61565672886568\/","https:\/\/x.com\/LosPoliticosVer"]},{"@type":"Person","@id":"https:\/\/lospoliticosveracruz.com\/#\/schema\/person\/b8702bb0e538456e6efd07080bf2a4a2","name":"Lo viste en Los Pol\u00edticos","image":{"@type":"ImageObject","inLanguage":"es","@id":"https:\/\/secure.gravatar.com\/avatar\/3a8de04a2656d44082be478bd6c086daa447c4651605818287b9532d3d0bd435?s=96&d=mm&r=g","url":"https:\/\/secure.gravatar.com\/avatar\/3a8de04a2656d44082be478bd6c086daa447c4651605818287b9532d3d0bd435?s=96&d=mm&r=g","contentUrl":"https:\/\/secure.gravatar.com\/avatar\/3a8de04a2656d44082be478bd6c086daa447c4651605818287b9532d3d0bd435?s=96&d=mm&r=g","caption":"Lo viste en Los Pol\u00edticos"},"url":"https:\/\/lospoliticosveracruz.com\/?author=2"}]}},"_links":{"self":[{"href":"https:\/\/lospoliticosveracruz.com\/index.php?rest_route=\/wp\/v2\/posts\/70915","targetHints":{"allow":["GET"]}}],"collection":[{"href":"https:\/\/lospoliticosveracruz.com\/index.php?rest_route=\/wp\/v2\/posts"}],"about":[{"href":"https:\/\/lospoliticosveracruz.com\/index.php?rest_route=\/wp\/v2\/types\/post"}],"author":[{"embeddable":true,"href":"https:\/\/lospoliticosveracruz.com\/index.php?rest_route=\/wp\/v2\/users\/2"}],"replies":[{"embeddable":true,"href":"https:\/\/lospoliticosveracruz.com\/index.php?rest_route=%2Fwp%2Fv2%2Fcomments&post=70915"}],"version-history":[{"count":1,"href":"https:\/\/lospoliticosveracruz.com\/index.php?rest_route=\/wp\/v2\/posts\/70915\/revisions"}],"predecessor-version":[{"id":70917,"href":"https:\/\/lospoliticosveracruz.com\/index.php?rest_route=\/wp\/v2\/posts\/70915\/revisions\/70917"}],"wp:attachment":[{"href":"https:\/\/lospoliticosveracruz.com\/index.php?rest_route=%2Fwp%2Fv2%2Fmedia&parent=70915"}],"wp:term":[{"taxonomy":"category","embeddable":true,"href":"https:\/\/lospoliticosveracruz.com\/index.php?rest_route=%2Fwp%2Fv2%2Fcategories&post=70915"},{"taxonomy":"post_tag","embeddable":true,"href":"https:\/\/lospoliticosveracruz.com\/index.php?rest_route=%2Fwp%2Fv2%2Ftags&post=70915"}],"curies":[{"name":"wp","href":"https:\/\/api.w.org\/{rel}","templated":true}]}}