{"id":71004,"date":"2021-04-14T16:24:12","date_gmt":"2021-04-14T21:24:12","guid":{"rendered":"http:\/\/www.lospoliticosveracruz.com.mx\/?p=71004"},"modified":"2021-04-20T18:45:24","modified_gmt":"2021-04-20T23:45:24","slug":"falta-de-agua-la-proxima-gran-crisis-para-xalapa-americo","status":"publish","type":"post","link":"https:\/\/lospoliticosveracruz.com\/?p=71004","title":{"rendered":"Falta de agua, la pr\u00f3xima gran crisis para Xalapa: Am\u00e9rico"},"content":{"rendered":"\n<p><strong>Xalapa<\/strong><br>La crisis del agua en Xalapa es algo que quiero llevar a la discusi\u00f3n en San L\u00e1zaro, porque es un tema fundamental que nos tiene que preocupar a todos, el cual no se est\u00e1 viendo con la seriedad que se merece a pesar de que constituye un problema para las siguientes generaciones, consider\u00f3 el candidato de la Alianza Va por M\u00e9xico a la Diputaci\u00f3n Federal del Distrito 10, Am\u00e9rico Z\u00fa\u00f1iga Mart\u00ednez.<\/p>\n\n\n\n<div class=\"wp-block-image\"><figure class=\"alignleft size-large is-resized\"><a href=\"http:\/\/www.lospoliticosveracruz.com.mx\/wp-content\/uploads\/2021\/04\/Cordoba-403-anos-08.png\"><img loading=\"lazy\" decoding=\"async\" src=\"http:\/\/www.lospoliticosveracruz.com.mx\/wp-content\/uploads\/2021\/04\/Cordoba-403-anos-08.png\" alt=\"\" class=\"wp-image-70678\" width=\"300\" height=\"501\"\/><\/a><\/figure><\/div>\n\n\n\n<p><br>En ese sentido, indic\u00f3 que \u00absi no tomamos acci\u00f3n hoy, la capital no va a ser una ciudad saludable, ni econ\u00f3micamente viable\u00bb, por ello se debe de hacer un esfuerzo por orientar el Presupuesto de Egresos de la Federaci\u00f3n para que tenga entre sus consideraciones un proyecto de estudio, viabilidad y construcci\u00f3n de una nueva fuente de abastecimiento de agua para la ciudad.<br>Z\u00fa\u00f1iga Mart\u00ednez record\u00f3 que, en los a\u00f1os 80&#8217;s la principal preocupaci\u00f3n en la ciudad no era la inseguridad ni la movilidad, era el agua. En ese entonces se analiz\u00f3 y se consider\u00f3 que hab\u00eda una urgencia de encontrar una fuente de abastecimiento para la ciudad, la cual se ubic\u00f3 en el r\u00edo de las Mariposas, que nace en Chilchotla, Puebla, y que pasa por Quimixtl\u00e1n, tambi\u00e9n en Puebla, donde se construyeron unas presas que hacen que haya una correcta distribuci\u00f3n de agua a trav\u00e9s de m\u00e1s de 40 estaciones desde esa ciudad hasta Xalapa, lo que le est\u00e1 dando a nuestro municipio la posibilidad de un consumo de 1,200 metros c\u00fabicos por segundo.<br>Cuando se entreg\u00f3 esta gran obra en los 90&#8217;s, explicaron que esta presa permitir\u00eda que el municipio no se preocupara por el agua en los siguientes 25 a\u00f1os. \u00abEs importante recordarlo porque esos 25 a\u00f1os ya pasaron. Estamos ahora en el momento de las consecuencias, ahora que vemos que el estiaje es peor que nunca\u00bb, aclar\u00f3.<br>El candidato a la Diputaci\u00f3n Federal por Xalapa Urbano refiri\u00f3 que tambi\u00e9n es necesario preservar el agua que llega a la ciudad y para ello se deben de sembrar m\u00e1s \u00e1rboles. \u00abPor ejemplo, durante mi administraci\u00f3n se plantaron m\u00e1s de 200 mil \u00e1rboles, no tan solo en Xalapa, tambi\u00e9n en las cuencas, para asegurar los servicios ambientales que nos prestan\u00bb.<br>Adem\u00e1s, Z\u00fa\u00f1iga Mart\u00ednez dijo que se tiene que revisar toda la red de distribuci\u00f3n de agua, porque un porcentaje alto se pierde en fugas y esto no puede ser cuando tenemos tanta necesidad del vital l\u00edquido. \u00abImaginemos que esta pandemia se hubiese complicado con una crisis de agua, se hubiese agravado much\u00edsimo m\u00e1s, porque hoy la necesitamos como el principal sanitizante que hay\u00bb. Adem\u00e1s, a\u00f1adi\u00f3 que las medidas que se est\u00e1n tomando ahorita de \u00abtandeos severos\u00bb, no \u00abnormales\u00bb, lo que hacen es da\u00f1ar las redes, provocando fugas, reduciendo de manera importante la vida \u00fatil de las tuber\u00edas, concluy\u00f3.<\/p>\n","protected":false},"excerpt":{"rendered":"<p>XalapaLa crisis del agua en Xalapa es algo que quiero llevar a la discusi\u00f3n en San L\u00e1zaro, porque es un tema fundamental que nos tiene que preocupar a todos, el cual no se est\u00e1 viendo con la seriedad que se merece a pesar de que constituye un problema para las siguientes generaciones, consider\u00f3 el candidato [&hellip;]<\/p>\n","protected":false},"author":2,"featured_media":0,"comment_status":"closed","ping_status":"closed","sticky":false,"template":"","format":"standard","meta":{"tdm_status":"","tdm_grid_status":"","footnotes":""},"categories":[73],"tags":[6725,539,871,27371,25054,96],"class_list":{"0":"post-71004","1":"post","2":"type-post","3":"status-publish","4":"format-standard","6":"category-de-boleto","7":"tag-agua","8":"tag-americo-zuniga-martinez","9":"tag-crisis","10":"tag-diputacion","11":"tag-va-por-veracruz","12":"tag-xalapa"},"yoast_head":"<!-- This site is optimized with the Yoast SEO plugin v27.4 - https:\/\/yoast.com\/product\/yoast-seo-wordpress\/ -->\n<title>Falta de agua, la pr\u00f3xima gran crisis para Xalapa: Am\u00e9rico - Los pol\u00edticos Veracruz<\/title>\n<meta name=\"robots\" content=\"index, follow, max-snippet:-1, max-image-preview:large, max-video-preview:-1\" \/>\n<link rel=\"canonical\" href=\"https:\/\/lospoliticosveracruz.com\/?p=71004\" \/>\n<meta property=\"og:locale\" content=\"es_ES\" \/>\n<meta property=\"og:type\" content=\"article\" \/>\n<meta property=\"og:title\" content=\"Falta de agua, la pr\u00f3xima gran crisis para Xalapa: Am\u00e9rico - Los pol\u00edticos Veracruz\" \/>\n<meta property=\"og:description\" content=\"XalapaLa crisis del agua en Xalapa es algo que quiero llevar a la discusi\u00f3n en San L\u00e1zaro, porque es un tema fundamental que nos tiene que preocupar a todos, el cual no se est\u00e1 viendo con la seriedad que se merece a pesar de que constituye un problema para las siguientes generaciones, consider\u00f3 el candidato [&hellip;]\" \/>\n<meta property=\"og:url\" content=\"https:\/\/lospoliticosveracruz.com\/?p=71004\" \/>\n<meta property=\"og:site_name\" content=\"Los pol\u00edticos Veracruz\" \/>\n<meta property=\"article:publisher\" content=\"https:\/\/www.facebook.com\/people\/Notimemes-de-los-Polticos\/61565672886568\/\" \/>\n<meta property=\"article:published_time\" content=\"2021-04-14T21:24:12+00:00\" \/>\n<meta property=\"article:modified_time\" content=\"2021-04-20T23:45:24+00:00\" \/>\n<meta property=\"og:image\" content=\"http:\/\/www.lospoliticosveracruz.com.mx\/wp-content\/uploads\/2021\/04\/Cordoba-403-anos-08.png\" \/>\n<meta name=\"author\" content=\"Lo viste en Los Pol\u00edticos\" \/>\n<meta name=\"twitter:card\" content=\"summary_large_image\" \/>\n<meta name=\"twitter:creator\" content=\"@LosPoliticosVer\" \/>\n<meta name=\"twitter:site\" content=\"@LosPoliticosVer\" \/>\n<meta name=\"twitter:label1\" content=\"Escrito por\" \/>\n\t<meta name=\"twitter:data1\" content=\"Lo viste en Los Pol\u00edticos\" \/>\n\t<meta name=\"twitter:label2\" content=\"Tiempo de lectura\" \/>\n\t<meta name=\"twitter:data2\" content=\"2 minutos\" \/>\n<script type=\"application\/ld+json\" class=\"yoast-schema-graph\">{\"@context\":\"https:\\\/\\\/schema.org\",\"@graph\":[{\"@type\":\"Article\",\"@id\":\"https:\\\/\\\/lospoliticosveracruz.com\\\/?p=71004#article\",\"isPartOf\":{\"@id\":\"https:\\\/\\\/lospoliticosveracruz.com\\\/?p=71004\"},\"author\":{\"name\":\"Lo viste en Los Pol\u00edticos\",\"@id\":\"https:\\\/\\\/lospoliticosveracruz.com\\\/#\\\/schema\\\/person\\\/b8702bb0e538456e6efd07080bf2a4a2\"},\"headline\":\"Falta de agua, la pr\u00f3xima gran crisis para Xalapa: Am\u00e9rico\",\"datePublished\":\"2021-04-14T21:24:12+00:00\",\"dateModified\":\"2021-04-20T23:45:24+00:00\",\"mainEntityOfPage\":{\"@id\":\"https:\\\/\\\/lospoliticosveracruz.com\\\/?p=71004\"},\"wordCount\":512,\"publisher\":{\"@id\":\"https:\\\/\\\/lospoliticosveracruz.com\\\/#organization\"},\"image\":{\"@id\":\"https:\\\/\\\/lospoliticosveracruz.com\\\/?p=71004#primaryimage\"},\"thumbnailUrl\":\"http:\\\/\\\/www.lospoliticosveracruz.com.mx\\\/wp-content\\\/uploads\\\/2021\\\/04\\\/Cordoba-403-anos-08.png\",\"keywords\":[\"Agua\",\"Am\u00e9rico Z\u00fa\u00f1iga Mart\u00ednez\",\"crisis\",\"Diputacion\",\"Va por Veracruz\",\"Xalapa\"],\"articleSection\":[\"De Boleto\"],\"inLanguage\":\"es\"},{\"@type\":\"WebPage\",\"@id\":\"https:\\\/\\\/lospoliticosveracruz.com\\\/?p=71004\",\"url\":\"https:\\\/\\\/lospoliticosveracruz.com\\\/?p=71004\",\"name\":\"Falta de agua, la pr\u00f3xima gran crisis para Xalapa: Am\u00e9rico - Los pol\u00edticos Veracruz\",\"isPartOf\":{\"@id\":\"https:\\\/\\\/lospoliticosveracruz.com\\\/#website\"},\"primaryImageOfPage\":{\"@id\":\"https:\\\/\\\/lospoliticosveracruz.com\\\/?p=71004#primaryimage\"},\"image\":{\"@id\":\"https:\\\/\\\/lospoliticosveracruz.com\\\/?p=71004#primaryimage\"},\"thumbnailUrl\":\"http:\\\/\\\/www.lospoliticosveracruz.com.mx\\\/wp-content\\\/uploads\\\/2021\\\/04\\\/Cordoba-403-anos-08.png\",\"datePublished\":\"2021-04-14T21:24:12+00:00\",\"dateModified\":\"2021-04-20T23:45:24+00:00\",\"breadcrumb\":{\"@id\":\"https:\\\/\\\/lospoliticosveracruz.com\\\/?p=71004#breadcrumb\"},\"inLanguage\":\"es\",\"potentialAction\":[{\"@type\":\"ReadAction\",\"target\":[\"https:\\\/\\\/lospoliticosveracruz.com\\\/?p=71004\"]}]},{\"@type\":\"ImageObject\",\"inLanguage\":\"es\",\"@id\":\"https:\\\/\\\/lospoliticosveracruz.com\\\/?p=71004#primaryimage\",\"url\":\"http:\\\/\\\/www.lospoliticosveracruz.com.mx\\\/wp-content\\\/uploads\\\/2021\\\/04\\\/Cordoba-403-anos-08.png\",\"contentUrl\":\"http:\\\/\\\/www.lospoliticosveracruz.com.mx\\\/wp-content\\\/uploads\\\/2021\\\/04\\\/Cordoba-403-anos-08.png\"},{\"@type\":\"BreadcrumbList\",\"@id\":\"https:\\\/\\\/lospoliticosveracruz.com\\\/?p=71004#breadcrumb\",\"itemListElement\":[{\"@type\":\"ListItem\",\"position\":1,\"name\":\"Portada\",\"item\":\"https:\\\/\\\/lospoliticosveracruz.com\\\/\"},{\"@type\":\"ListItem\",\"position\":2,\"name\":\"Falta de agua, la pr\u00f3xima gran crisis para Xalapa: Am\u00e9rico\"}]},{\"@type\":\"WebSite\",\"@id\":\"https:\\\/\\\/lospoliticosveracruz.com\\\/#website\",\"url\":\"https:\\\/\\\/lospoliticosveracruz.com\\\/\",\"name\":\"Los pol\u00edticos Veracruz\",\"description\":\"\",\"publisher\":{\"@id\":\"https:\\\/\\\/lospoliticosveracruz.com\\\/#organization\"},\"potentialAction\":[{\"@type\":\"SearchAction\",\"target\":{\"@type\":\"EntryPoint\",\"urlTemplate\":\"https:\\\/\\\/lospoliticosveracruz.com\\\/?s={search_term_string}\"},\"query-input\":{\"@type\":\"PropertyValueSpecification\",\"valueRequired\":true,\"valueName\":\"search_term_string\"}}],\"inLanguage\":\"es\"},{\"@type\":\"Organization\",\"@id\":\"https:\\\/\\\/lospoliticosveracruz.com\\\/#organization\",\"name\":\"Los pol\u00edticos Veracruz\",\"url\":\"https:\\\/\\\/lospoliticosveracruz.com\\\/\",\"logo\":{\"@type\":\"ImageObject\",\"inLanguage\":\"es\",\"@id\":\"https:\\\/\\\/lospoliticosveracruz.com\\\/#\\\/schema\\\/logo\\\/image\\\/\",\"url\":\"https:\\\/\\\/lospoliticosveracruz.com\\\/wp-content\\\/uploads\\\/2025\\\/12\\\/Logo-Nuevo-LOS-POLITICOS-1.jpg\",\"contentUrl\":\"https:\\\/\\\/lospoliticosveracruz.com\\\/wp-content\\\/uploads\\\/2025\\\/12\\\/Logo-Nuevo-LOS-POLITICOS-1.jpg\",\"width\":260,\"height\":70,\"caption\":\"Los pol\u00edticos Veracruz\"},\"image\":{\"@id\":\"https:\\\/\\\/lospoliticosveracruz.com\\\/#\\\/schema\\\/logo\\\/image\\\/\"},\"sameAs\":[\"https:\\\/\\\/www.facebook.com\\\/people\\\/Notimemes-de-los-Polticos\\\/61565672886568\\\/\",\"https:\\\/\\\/x.com\\\/LosPoliticosVer\"]},{\"@type\":\"Person\",\"@id\":\"https:\\\/\\\/lospoliticosveracruz.com\\\/#\\\/schema\\\/person\\\/b8702bb0e538456e6efd07080bf2a4a2\",\"name\":\"Lo viste en Los Pol\u00edticos\",\"image\":{\"@type\":\"ImageObject\",\"inLanguage\":\"es\",\"@id\":\"https:\\\/\\\/secure.gravatar.com\\\/avatar\\\/3a8de04a2656d44082be478bd6c086daa447c4651605818287b9532d3d0bd435?s=96&d=mm&r=g\",\"url\":\"https:\\\/\\\/secure.gravatar.com\\\/avatar\\\/3a8de04a2656d44082be478bd6c086daa447c4651605818287b9532d3d0bd435?s=96&d=mm&r=g\",\"contentUrl\":\"https:\\\/\\\/secure.gravatar.com\\\/avatar\\\/3a8de04a2656d44082be478bd6c086daa447c4651605818287b9532d3d0bd435?s=96&d=mm&r=g\",\"caption\":\"Lo viste en Los Pol\u00edticos\"},\"url\":\"https:\\\/\\\/lospoliticosveracruz.com\\\/?author=2\"}]}<\/script>\n<!-- \/ Yoast SEO plugin. -->","yoast_head_json":{"title":"Falta de agua, la pr\u00f3xima gran crisis para Xalapa: Am\u00e9rico - Los pol\u00edticos Veracruz","robots":{"index":"index","follow":"follow","max-snippet":"max-snippet:-1","max-image-preview":"max-image-preview:large","max-video-preview":"max-video-preview:-1"},"canonical":"https:\/\/lospoliticosveracruz.com\/?p=71004","og_locale":"es_ES","og_type":"article","og_title":"Falta de agua, la pr\u00f3xima gran crisis para Xalapa: Am\u00e9rico - Los pol\u00edticos Veracruz","og_description":"XalapaLa crisis del agua en Xalapa es algo que quiero llevar a la discusi\u00f3n en San L\u00e1zaro, porque es un tema fundamental que nos tiene que preocupar a todos, el cual no se est\u00e1 viendo con la seriedad que se merece a pesar de que constituye un problema para las siguientes generaciones, consider\u00f3 el candidato [&hellip;]","og_url":"https:\/\/lospoliticosveracruz.com\/?p=71004","og_site_name":"Los pol\u00edticos Veracruz","article_publisher":"https:\/\/www.facebook.com\/people\/Notimemes-de-los-Polticos\/61565672886568\/","article_published_time":"2021-04-14T21:24:12+00:00","article_modified_time":"2021-04-20T23:45:24+00:00","og_image":[{"url":"http:\/\/www.lospoliticosveracruz.com.mx\/wp-content\/uploads\/2021\/04\/Cordoba-403-anos-08.png","type":"","width":"","height":""}],"author":"Lo viste en Los Pol\u00edticos","twitter_card":"summary_large_image","twitter_creator":"@LosPoliticosVer","twitter_site":"@LosPoliticosVer","twitter_misc":{"Escrito por":"Lo viste en Los Pol\u00edticos","Tiempo de lectura":"2 minutos"},"schema":{"@context":"https:\/\/schema.org","@graph":[{"@type":"Article","@id":"https:\/\/lospoliticosveracruz.com\/?p=71004#article","isPartOf":{"@id":"https:\/\/lospoliticosveracruz.com\/?p=71004"},"author":{"name":"Lo viste en Los Pol\u00edticos","@id":"https:\/\/lospoliticosveracruz.com\/#\/schema\/person\/b8702bb0e538456e6efd07080bf2a4a2"},"headline":"Falta de agua, la pr\u00f3xima gran crisis para Xalapa: Am\u00e9rico","datePublished":"2021-04-14T21:24:12+00:00","dateModified":"2021-04-20T23:45:24+00:00","mainEntityOfPage":{"@id":"https:\/\/lospoliticosveracruz.com\/?p=71004"},"wordCount":512,"publisher":{"@id":"https:\/\/lospoliticosveracruz.com\/#organization"},"image":{"@id":"https:\/\/lospoliticosveracruz.com\/?p=71004#primaryimage"},"thumbnailUrl":"http:\/\/www.lospoliticosveracruz.com.mx\/wp-content\/uploads\/2021\/04\/Cordoba-403-anos-08.png","keywords":["Agua","Am\u00e9rico Z\u00fa\u00f1iga Mart\u00ednez","crisis","Diputacion","Va por Veracruz","Xalapa"],"articleSection":["De Boleto"],"inLanguage":"es"},{"@type":"WebPage","@id":"https:\/\/lospoliticosveracruz.com\/?p=71004","url":"https:\/\/lospoliticosveracruz.com\/?p=71004","name":"Falta de agua, la pr\u00f3xima gran crisis para Xalapa: Am\u00e9rico - Los pol\u00edticos Veracruz","isPartOf":{"@id":"https:\/\/lospoliticosveracruz.com\/#website"},"primaryImageOfPage":{"@id":"https:\/\/lospoliticosveracruz.com\/?p=71004#primaryimage"},"image":{"@id":"https:\/\/lospoliticosveracruz.com\/?p=71004#primaryimage"},"thumbnailUrl":"http:\/\/www.lospoliticosveracruz.com.mx\/wp-content\/uploads\/2021\/04\/Cordoba-403-anos-08.png","datePublished":"2021-04-14T21:24:12+00:00","dateModified":"2021-04-20T23:45:24+00:00","breadcrumb":{"@id":"https:\/\/lospoliticosveracruz.com\/?p=71004#breadcrumb"},"inLanguage":"es","potentialAction":[{"@type":"ReadAction","target":["https:\/\/lospoliticosveracruz.com\/?p=71004"]}]},{"@type":"ImageObject","inLanguage":"es","@id":"https:\/\/lospoliticosveracruz.com\/?p=71004#primaryimage","url":"http:\/\/www.lospoliticosveracruz.com.mx\/wp-content\/uploads\/2021\/04\/Cordoba-403-anos-08.png","contentUrl":"http:\/\/www.lospoliticosveracruz.com.mx\/wp-content\/uploads\/2021\/04\/Cordoba-403-anos-08.png"},{"@type":"BreadcrumbList","@id":"https:\/\/lospoliticosveracruz.com\/?p=71004#breadcrumb","itemListElement":[{"@type":"ListItem","position":1,"name":"Portada","item":"https:\/\/lospoliticosveracruz.com\/"},{"@type":"ListItem","position":2,"name":"Falta de agua, la pr\u00f3xima gran crisis para Xalapa: Am\u00e9rico"}]},{"@type":"WebSite","@id":"https:\/\/lospoliticosveracruz.com\/#website","url":"https:\/\/lospoliticosveracruz.com\/","name":"Los pol\u00edticos Veracruz","description":"","publisher":{"@id":"https:\/\/lospoliticosveracruz.com\/#organization"},"potentialAction":[{"@type":"SearchAction","target":{"@type":"EntryPoint","urlTemplate":"https:\/\/lospoliticosveracruz.com\/?s={search_term_string}"},"query-input":{"@type":"PropertyValueSpecification","valueRequired":true,"valueName":"search_term_string"}}],"inLanguage":"es"},{"@type":"Organization","@id":"https:\/\/lospoliticosveracruz.com\/#organization","name":"Los pol\u00edticos Veracruz","url":"https:\/\/lospoliticosveracruz.com\/","logo":{"@type":"ImageObject","inLanguage":"es","@id":"https:\/\/lospoliticosveracruz.com\/#\/schema\/logo\/image\/","url":"https:\/\/lospoliticosveracruz.com\/wp-content\/uploads\/2025\/12\/Logo-Nuevo-LOS-POLITICOS-1.jpg","contentUrl":"https:\/\/lospoliticosveracruz.com\/wp-content\/uploads\/2025\/12\/Logo-Nuevo-LOS-POLITICOS-1.jpg","width":260,"height":70,"caption":"Los pol\u00edticos Veracruz"},"image":{"@id":"https:\/\/lospoliticosveracruz.com\/#\/schema\/logo\/image\/"},"sameAs":["https:\/\/www.facebook.com\/people\/Notimemes-de-los-Polticos\/61565672886568\/","https:\/\/x.com\/LosPoliticosVer"]},{"@type":"Person","@id":"https:\/\/lospoliticosveracruz.com\/#\/schema\/person\/b8702bb0e538456e6efd07080bf2a4a2","name":"Lo viste en Los Pol\u00edticos","image":{"@type":"ImageObject","inLanguage":"es","@id":"https:\/\/secure.gravatar.com\/avatar\/3a8de04a2656d44082be478bd6c086daa447c4651605818287b9532d3d0bd435?s=96&d=mm&r=g","url":"https:\/\/secure.gravatar.com\/avatar\/3a8de04a2656d44082be478bd6c086daa447c4651605818287b9532d3d0bd435?s=96&d=mm&r=g","contentUrl":"https:\/\/secure.gravatar.com\/avatar\/3a8de04a2656d44082be478bd6c086daa447c4651605818287b9532d3d0bd435?s=96&d=mm&r=g","caption":"Lo viste en Los Pol\u00edticos"},"url":"https:\/\/lospoliticosveracruz.com\/?author=2"}]}},"_links":{"self":[{"href":"https:\/\/lospoliticosveracruz.com\/index.php?rest_route=\/wp\/v2\/posts\/71004","targetHints":{"allow":["GET"]}}],"collection":[{"href":"https:\/\/lospoliticosveracruz.com\/index.php?rest_route=\/wp\/v2\/posts"}],"about":[{"href":"https:\/\/lospoliticosveracruz.com\/index.php?rest_route=\/wp\/v2\/types\/post"}],"author":[{"embeddable":true,"href":"https:\/\/lospoliticosveracruz.com\/index.php?rest_route=\/wp\/v2\/users\/2"}],"replies":[{"embeddable":true,"href":"https:\/\/lospoliticosveracruz.com\/index.php?rest_route=%2Fwp%2Fv2%2Fcomments&post=71004"}],"version-history":[{"count":2,"href":"https:\/\/lospoliticosveracruz.com\/index.php?rest_route=\/wp\/v2\/posts\/71004\/revisions"}],"predecessor-version":[{"id":71301,"href":"https:\/\/lospoliticosveracruz.com\/index.php?rest_route=\/wp\/v2\/posts\/71004\/revisions\/71301"}],"wp:attachment":[{"href":"https:\/\/lospoliticosveracruz.com\/index.php?rest_route=%2Fwp%2Fv2%2Fmedia&parent=71004"}],"wp:term":[{"taxonomy":"category","embeddable":true,"href":"https:\/\/lospoliticosveracruz.com\/index.php?rest_route=%2Fwp%2Fv2%2Fcategories&post=71004"},{"taxonomy":"post_tag","embeddable":true,"href":"https:\/\/lospoliticosveracruz.com\/index.php?rest_route=%2Fwp%2Fv2%2Ftags&post=71004"}],"curies":[{"name":"wp","href":"https:\/\/api.w.org\/{rel}","templated":true}]}}