{"id":71007,"date":"2021-04-14T19:17:59","date_gmt":"2021-04-15T00:17:59","guid":{"rendered":"http:\/\/www.lospoliticosveracruz.com.mx\/?p=71007"},"modified":"2021-04-14T19:21:52","modified_gmt":"2021-04-15T00:21:52","slug":"los-pluris-locales-de-mc","status":"publish","type":"post","link":"https:\/\/lospoliticosveracruz.com\/?p=71007","title":{"rendered":"Los Pluris locales de MC"},"content":{"rendered":"\n<p><strong>Salvador Mu\u00f1oz<\/strong><\/p>\n\n\n\n<p><em>Los Pol\u00edticos<br><\/em><\/p>\n\n\n\n<p>Hay dos temas que ciudadanos como militantes empiezan a cuestionar seriamente en estas pr\u00f3ximas elecciones: La reelecci\u00f3n as\u00ed como la designaci\u00f3n de candidatos a plurinominales.<br><\/p>\n\n\n\n<div class=\"wp-block-image\"><figure class=\"alignleft size-large\"><a href=\"http:\/\/www.lospoliticosveracruz.com.mx\/wp-content\/uploads\/2021\/04\/Cordoba-403-anos-06.png\"><img decoding=\"async\" src=\"http:\/\/www.lospoliticosveracruz.com.mx\/wp-content\/uploads\/2021\/04\/Cordoba-403-anos-06.png\" alt=\"\" class=\"wp-image-70677\"\/><\/a><\/figure><\/div>\n\n\n\n<p>Se ha de cuestionar el porqu\u00e9 precisamente en estas elecciones y no en las anteriores\u2026 la raz\u00f3n que esgrimen los que las cuestionan se puede concretar f\u00e1cilmente en esta oraci\u00f3n: por la trascendencia hist\u00f3rica que implican tras m\u00e1s de dos a\u00f1os de Gobierno de Andr\u00e9s Manuel L\u00f3pez Obrador y su tendencia constante y sonante al autoritarismo y la concentraci\u00f3n de poder.<br>En el primer caso, la reelecci\u00f3n, con muchos diputados, la mayor\u00eda de Morena, que est\u00e1n ocupando esta figura legislativa (aunque los de la 4T abrazaban el \u201csufragio efectivo, no reelecci\u00f3n\u201d antes de probar las mieles del poder) para tratar de repetir en el cargo aun cuando con su trabajo en la C\u00e1mara Baja ponga en duda la apuesta de la \u201cprofesionalizaci\u00f3n del Congreso\u201d que en estos casi dos a\u00f1os y medio bien debiera ser la \u201cProfesionalizaci\u00f3n del Levantadedos\u201d.<br><\/p>\n\n\n\n<p>A ello agregue que en muchos partidos, los de la llamada Oposici\u00f3n, la reelecci\u00f3n no est\u00e1 considerada para los mejores perfiles que bien se puede traducir en los y las mejores legisladoras que cuentan con mayor experiencia, resultados y por ende, mayor productividad\u2026 estos y estas diputadas sencillamente no est\u00e1n tomadas en cuenta por sus partidos. \u00bfPor qu\u00e9? Pues la dirigencia, sea nacional o estatal, tiene un solo inter\u00e9s: el control del partido, el control de los puestos, y los acuerdos de grupos.<br>En cuanto a las plurinominales, las reacciones ya se han dado con respecto a las federales\u2026<br><\/p>\n\n\n\n<div class=\"wp-block-image\"><figure class=\"alignleft size-large is-resized\"><a href=\"http:\/\/www.lospoliticosveracruz.com.mx\/wp-content\/uploads\/2021\/04\/Tecajetes.jpeg\"><img loading=\"lazy\" decoding=\"async\" src=\"http:\/\/www.lospoliticosveracruz.com.mx\/wp-content\/uploads\/2021\/04\/Tecajetes.jpeg\" alt=\"\" class=\"wp-image-71008\" width=\"296\" height=\"432\"\/><\/a><\/figure><\/div>\n\n\n\n<p>Por ejemplo, en el caso de la circunscripci\u00f3n que nos interesa, la tercera, para muchos pri\u00edstas qued\u00f3 claro que las pluris fueron para los y las cercanas al dirigente nacional, Alito Moreno\u2026 no para la militancia.<br>En el caso de Morena, algo apesta en Dinamarca como para ningunear a la entidad que 17 curules federales por mayor\u00eda le dio al partido y al presidente, pues no se vio alg\u00fan jarocho de la 4T ocupando los primeros lugares de la lista pero s\u00ed mandando a Ivonne Cisneros Luj\u00e1n al lugar 15.<br>Y eso a grosso modo con las federales\u2026<br>En las locales, donde se ventil\u00f3 una lista panista, igual hubo ruido por los tres primeros lugares (Cambranis, Nora Lagunes y Bingen Rementer\u00eda) repercutiendo en el 7 (Sergio Hern\u00e1ndez) y 11 (Omar Miranda, coordinador de bancada)\u2026<br>En el resto de los partidos, las reservas a\u00fan se dan, salvo el caso de Movimiento Ciudadano, donde una militante efusiva, soltaba a sus allegados, parientes y amigos, una lista que ac\u00e1 repetimos:<br>Como 1, Maribel Ram\u00edrez Topete, xalape\u00f1a y Presidenta del Cap\u00edtulo Veracruz del Colectivo 50+1. De cierto modo, se podr\u00eda decir que los reclamos hacia el partido, que alguna vez hizo su padre Mario Ram\u00edrez Bret\u00f3n porque sus hijas fueran contempladas (ella o Marisol), tuvieron eco\u2026<br>En el n\u00famero 2, Adri\u00e1n \u201cEl Chino\u201d Avila, ex candidato a la alcald\u00eda boque\u00f1a as\u00ed como dirigente estatal del partido del \u00e1guila negra\u2026 No recuerdo si en aquella ocasi\u00f3n que busc\u00f3 la alcald\u00eda sac\u00f3 sus promocionales con una leyenda que dec\u00eda as\u00ed: \u201cVotas o cuellos\u201d\u2026<br>En el n\u00famero 3, Ruth Callejas Rold\u00e1n, a quien tambi\u00e9n cantan como candidata al distrito local de Emiliano Zapata\u2026 La famosa \u201cMadrastra\u201d (como as\u00ed la conocen entre sus amigos y familiares) de cierto modo guarda una relaci\u00f3n muy estrecha con Dante Delgado Rannauro, pues cont\u00f3 a Brenda Caballero (<a href=\"http:\/\/www.lospoliticosveracruz.com.mx\/?p=64648\"><strong><em>http:\/\/www.lospoliticosveracruz.com.mx\/?p=64648<\/em><\/strong><\/a>) que conoce al senador desde que ella era ni\u00f1a: \u201cComo mi mam\u00e1 trabajaba, muchas veces me pasaba a dejar a Casa Veracruz con Teresita. En la noche pasaba a recogerme. Incluso, cuando estuvo preso, yo ped\u00ed a mi madre me llevara a verlo. \u00bfC\u00f3mo hacer que le permitieran el acceso a una ni\u00f1a de 7 a\u00f1os? No lo s\u00e9, pero lo pude ver\u201d.<br><\/p>\n\n\n\n<div class=\"wp-block-image\"><figure class=\"alignleft size-large is-resized\"><a href=\"https:\/\/drive.google.com\/file\/d\/1Q9mJWAbAAcSE5Xy3gLetz4G7zcZVnOr5\/view?fbclid=IwAR21RCgSVy7rnC7mFt72TIVuewikDvUknkwyTne89f8AwxPGge10KkDXXhI\"><img loading=\"lazy\" decoding=\"async\" src=\"http:\/\/www.lospoliticosveracruz.com.mx\/wp-content\/uploads\/2021\/04\/CLASES-MAGISTRALES.jpg\" alt=\"\" class=\"wp-image-70534\" width=\"350\" height=\"232\"\/><\/a><\/figure><\/div>\n\n\n\n<p>En el n\u00famero 4, Bautista Neira Quevedo, candidato a diputado local por Poza Rica y ex regidor en el ayuntamiento de Sergio Lorenzo Quiroz. Joven, deportista, y si me apuran, en unos diez d\u00edas, ha de festejar 12 a\u00f1os de matrimonio\u2026<br>Y en el 5\u2026 lo dejamos all\u00ed, pero todo indica que tambi\u00e9n ser\u00e1 para una norte\u00f1a\u2026 \u00bfquiz\u00e1s de P\u00e1nuco? \u00a1Qui\u00e9n sabe!<br>El asunto es saber y entender cada una de las razones para que si son, est\u00e9n donde la lista los puso\u2026 y es seguro que muchos celebren pero tambi\u00e9n, muchos lo contrario, porque en estos menesteres, nunca se tiene a todos contentos.<\/p>\n\n\n\n<p>smcainito@gmail.com<\/p>\n","protected":false},"excerpt":{"rendered":"<p>Salvador Mu\u00f1oz Los Pol\u00edticos Hay dos temas que ciudadanos como militantes empiezan a cuestionar seriamente en estas pr\u00f3ximas elecciones: La reelecci\u00f3n as\u00ed como la designaci\u00f3n de candidatos a plurinominales. Se ha de cuestionar el porqu\u00e9 precisamente en estas elecciones y no en las anteriores\u2026 la raz\u00f3n que esgrimen los que las cuestionan se puede concretar [&hellip;]<\/p>\n","protected":false},"author":2,"featured_media":0,"comment_status":"closed","ping_status":"closed","sticky":false,"template":"","format":"standard","meta":{"tdm_status":"","tdm_grid_status":"","footnotes":""},"categories":[70],"tags":[17426,618,1818,1006,12776,10808,1817,10559,2646],"class_list":{"0":"post-71007","1":"post","2":"type-post","3":"status-publish","4":"format-standard","6":"category-de-opinion","7":"tag-4t","8":"tag-andres-manuel-lopez-obrador","9":"tag-candidatos","10":"tag-dante-delgado-rannauro","11":"tag-ivonne-cisneros-lujan","12":"tag-maribel-ramirez-topete","13":"tag-plurinominales","14":"tag-ruth-callejas-roldan","15":"tag-salvador-munoz"},"yoast_head":"<!-- This site is optimized with the Yoast SEO plugin v27.4 - https:\/\/yoast.com\/product\/yoast-seo-wordpress\/ -->\n<title>Los Pluris locales de MC - Los pol\u00edticos Veracruz<\/title>\n<meta name=\"robots\" content=\"index, follow, max-snippet:-1, max-image-preview:large, max-video-preview:-1\" \/>\n<link rel=\"canonical\" href=\"https:\/\/lospoliticosveracruz.com\/?p=71007\" \/>\n<meta property=\"og:locale\" content=\"es_ES\" \/>\n<meta property=\"og:type\" content=\"article\" \/>\n<meta property=\"og:title\" content=\"Los Pluris locales de MC - Los pol\u00edticos Veracruz\" \/>\n<meta property=\"og:description\" content=\"Salvador Mu\u00f1oz Los Pol\u00edticos Hay dos temas que ciudadanos como militantes empiezan a cuestionar seriamente en estas pr\u00f3ximas elecciones: La reelecci\u00f3n as\u00ed como la designaci\u00f3n de candidatos a plurinominales. Se ha de cuestionar el porqu\u00e9 precisamente en estas elecciones y no en las anteriores\u2026 la raz\u00f3n que esgrimen los que las cuestionan se puede concretar [&hellip;]\" \/>\n<meta property=\"og:url\" content=\"https:\/\/lospoliticosveracruz.com\/?p=71007\" \/>\n<meta property=\"og:site_name\" content=\"Los pol\u00edticos Veracruz\" \/>\n<meta property=\"article:publisher\" content=\"https:\/\/www.facebook.com\/people\/Notimemes-de-los-Polticos\/61565672886568\/\" \/>\n<meta property=\"article:published_time\" content=\"2021-04-15T00:17:59+00:00\" \/>\n<meta property=\"article:modified_time\" content=\"2021-04-15T00:21:52+00:00\" \/>\n<meta property=\"og:image\" content=\"http:\/\/www.lospoliticosveracruz.com.mx\/wp-content\/uploads\/2021\/04\/Cordoba-403-anos-06.png\" \/>\n<meta name=\"author\" content=\"Lo viste en Los Pol\u00edticos\" \/>\n<meta name=\"twitter:card\" content=\"summary_large_image\" \/>\n<meta name=\"twitter:creator\" content=\"@LosPoliticosVer\" \/>\n<meta name=\"twitter:site\" content=\"@LosPoliticosVer\" \/>\n<meta name=\"twitter:label1\" content=\"Escrito por\" \/>\n\t<meta name=\"twitter:data1\" content=\"Lo viste en Los Pol\u00edticos\" \/>\n\t<meta name=\"twitter:label2\" content=\"Tiempo de lectura\" \/>\n\t<meta name=\"twitter:data2\" content=\"4 minutos\" \/>\n<script type=\"application\/ld+json\" class=\"yoast-schema-graph\">{\"@context\":\"https:\\\/\\\/schema.org\",\"@graph\":[{\"@type\":\"Article\",\"@id\":\"https:\\\/\\\/lospoliticosveracruz.com\\\/?p=71007#article\",\"isPartOf\":{\"@id\":\"https:\\\/\\\/lospoliticosveracruz.com\\\/?p=71007\"},\"author\":{\"name\":\"Lo viste en Los Pol\u00edticos\",\"@id\":\"https:\\\/\\\/lospoliticosveracruz.com\\\/#\\\/schema\\\/person\\\/b8702bb0e538456e6efd07080bf2a4a2\"},\"headline\":\"Los Pluris locales de MC\",\"datePublished\":\"2021-04-15T00:17:59+00:00\",\"dateModified\":\"2021-04-15T00:21:52+00:00\",\"mainEntityOfPage\":{\"@id\":\"https:\\\/\\\/lospoliticosveracruz.com\\\/?p=71007\"},\"wordCount\":806,\"publisher\":{\"@id\":\"https:\\\/\\\/lospoliticosveracruz.com\\\/#organization\"},\"image\":{\"@id\":\"https:\\\/\\\/lospoliticosveracruz.com\\\/?p=71007#primaryimage\"},\"thumbnailUrl\":\"http:\\\/\\\/www.lospoliticosveracruz.com.mx\\\/wp-content\\\/uploads\\\/2021\\\/04\\\/Cordoba-403-anos-06.png\",\"keywords\":[\"4T\",\"Andr\u00e9s Manuel L\u00f3pez Obrador\",\"candidatos\",\"Dante Delgado Rannauro\",\"Ivonne Cisneros Luj\u00e1n\",\"Maribel Ram\u00edrez Topete\",\"plurinominales\",\"Ruth Callejas Rold\u00e1n\",\"Salvador Mu\u00f1oz\"],\"articleSection\":[\"De Opini\u00f3n\"],\"inLanguage\":\"es\"},{\"@type\":\"WebPage\",\"@id\":\"https:\\\/\\\/lospoliticosveracruz.com\\\/?p=71007\",\"url\":\"https:\\\/\\\/lospoliticosveracruz.com\\\/?p=71007\",\"name\":\"Los Pluris locales de MC - Los pol\u00edticos Veracruz\",\"isPartOf\":{\"@id\":\"https:\\\/\\\/lospoliticosveracruz.com\\\/#website\"},\"primaryImageOfPage\":{\"@id\":\"https:\\\/\\\/lospoliticosveracruz.com\\\/?p=71007#primaryimage\"},\"image\":{\"@id\":\"https:\\\/\\\/lospoliticosveracruz.com\\\/?p=71007#primaryimage\"},\"thumbnailUrl\":\"http:\\\/\\\/www.lospoliticosveracruz.com.mx\\\/wp-content\\\/uploads\\\/2021\\\/04\\\/Cordoba-403-anos-06.png\",\"datePublished\":\"2021-04-15T00:17:59+00:00\",\"dateModified\":\"2021-04-15T00:21:52+00:00\",\"breadcrumb\":{\"@id\":\"https:\\\/\\\/lospoliticosveracruz.com\\\/?p=71007#breadcrumb\"},\"inLanguage\":\"es\",\"potentialAction\":[{\"@type\":\"ReadAction\",\"target\":[\"https:\\\/\\\/lospoliticosveracruz.com\\\/?p=71007\"]}]},{\"@type\":\"ImageObject\",\"inLanguage\":\"es\",\"@id\":\"https:\\\/\\\/lospoliticosveracruz.com\\\/?p=71007#primaryimage\",\"url\":\"http:\\\/\\\/www.lospoliticosveracruz.com.mx\\\/wp-content\\\/uploads\\\/2021\\\/04\\\/Cordoba-403-anos-06.png\",\"contentUrl\":\"http:\\\/\\\/www.lospoliticosveracruz.com.mx\\\/wp-content\\\/uploads\\\/2021\\\/04\\\/Cordoba-403-anos-06.png\"},{\"@type\":\"BreadcrumbList\",\"@id\":\"https:\\\/\\\/lospoliticosveracruz.com\\\/?p=71007#breadcrumb\",\"itemListElement\":[{\"@type\":\"ListItem\",\"position\":1,\"name\":\"Portada\",\"item\":\"https:\\\/\\\/lospoliticosveracruz.com\\\/\"},{\"@type\":\"ListItem\",\"position\":2,\"name\":\"Los Pluris locales de MC\"}]},{\"@type\":\"WebSite\",\"@id\":\"https:\\\/\\\/lospoliticosveracruz.com\\\/#website\",\"url\":\"https:\\\/\\\/lospoliticosveracruz.com\\\/\",\"name\":\"Los pol\u00edticos Veracruz\",\"description\":\"\",\"publisher\":{\"@id\":\"https:\\\/\\\/lospoliticosveracruz.com\\\/#organization\"},\"potentialAction\":[{\"@type\":\"SearchAction\",\"target\":{\"@type\":\"EntryPoint\",\"urlTemplate\":\"https:\\\/\\\/lospoliticosveracruz.com\\\/?s={search_term_string}\"},\"query-input\":{\"@type\":\"PropertyValueSpecification\",\"valueRequired\":true,\"valueName\":\"search_term_string\"}}],\"inLanguage\":\"es\"},{\"@type\":\"Organization\",\"@id\":\"https:\\\/\\\/lospoliticosveracruz.com\\\/#organization\",\"name\":\"Los pol\u00edticos Veracruz\",\"url\":\"https:\\\/\\\/lospoliticosveracruz.com\\\/\",\"logo\":{\"@type\":\"ImageObject\",\"inLanguage\":\"es\",\"@id\":\"https:\\\/\\\/lospoliticosveracruz.com\\\/#\\\/schema\\\/logo\\\/image\\\/\",\"url\":\"https:\\\/\\\/lospoliticosveracruz.com\\\/wp-content\\\/uploads\\\/2025\\\/12\\\/Logo-Nuevo-LOS-POLITICOS-1.jpg\",\"contentUrl\":\"https:\\\/\\\/lospoliticosveracruz.com\\\/wp-content\\\/uploads\\\/2025\\\/12\\\/Logo-Nuevo-LOS-POLITICOS-1.jpg\",\"width\":260,\"height\":70,\"caption\":\"Los pol\u00edticos Veracruz\"},\"image\":{\"@id\":\"https:\\\/\\\/lospoliticosveracruz.com\\\/#\\\/schema\\\/logo\\\/image\\\/\"},\"sameAs\":[\"https:\\\/\\\/www.facebook.com\\\/people\\\/Notimemes-de-los-Polticos\\\/61565672886568\\\/\",\"https:\\\/\\\/x.com\\\/LosPoliticosVer\"]},{\"@type\":\"Person\",\"@id\":\"https:\\\/\\\/lospoliticosveracruz.com\\\/#\\\/schema\\\/person\\\/b8702bb0e538456e6efd07080bf2a4a2\",\"name\":\"Lo viste en Los Pol\u00edticos\",\"image\":{\"@type\":\"ImageObject\",\"inLanguage\":\"es\",\"@id\":\"https:\\\/\\\/secure.gravatar.com\\\/avatar\\\/3a8de04a2656d44082be478bd6c086daa447c4651605818287b9532d3d0bd435?s=96&d=mm&r=g\",\"url\":\"https:\\\/\\\/secure.gravatar.com\\\/avatar\\\/3a8de04a2656d44082be478bd6c086daa447c4651605818287b9532d3d0bd435?s=96&d=mm&r=g\",\"contentUrl\":\"https:\\\/\\\/secure.gravatar.com\\\/avatar\\\/3a8de04a2656d44082be478bd6c086daa447c4651605818287b9532d3d0bd435?s=96&d=mm&r=g\",\"caption\":\"Lo viste en Los Pol\u00edticos\"},\"url\":\"https:\\\/\\\/lospoliticosveracruz.com\\\/?author=2\"}]}<\/script>\n<!-- \/ Yoast SEO plugin. -->","yoast_head_json":{"title":"Los Pluris locales de MC - Los pol\u00edticos Veracruz","robots":{"index":"index","follow":"follow","max-snippet":"max-snippet:-1","max-image-preview":"max-image-preview:large","max-video-preview":"max-video-preview:-1"},"canonical":"https:\/\/lospoliticosveracruz.com\/?p=71007","og_locale":"es_ES","og_type":"article","og_title":"Los Pluris locales de MC - Los pol\u00edticos Veracruz","og_description":"Salvador Mu\u00f1oz Los Pol\u00edticos Hay dos temas que ciudadanos como militantes empiezan a cuestionar seriamente en estas pr\u00f3ximas elecciones: La reelecci\u00f3n as\u00ed como la designaci\u00f3n de candidatos a plurinominales. Se ha de cuestionar el porqu\u00e9 precisamente en estas elecciones y no en las anteriores\u2026 la raz\u00f3n que esgrimen los que las cuestionan se puede concretar [&hellip;]","og_url":"https:\/\/lospoliticosveracruz.com\/?p=71007","og_site_name":"Los pol\u00edticos Veracruz","article_publisher":"https:\/\/www.facebook.com\/people\/Notimemes-de-los-Polticos\/61565672886568\/","article_published_time":"2021-04-15T00:17:59+00:00","article_modified_time":"2021-04-15T00:21:52+00:00","og_image":[{"url":"http:\/\/www.lospoliticosveracruz.com.mx\/wp-content\/uploads\/2021\/04\/Cordoba-403-anos-06.png","type":"","width":"","height":""}],"author":"Lo viste en Los Pol\u00edticos","twitter_card":"summary_large_image","twitter_creator":"@LosPoliticosVer","twitter_site":"@LosPoliticosVer","twitter_misc":{"Escrito por":"Lo viste en Los Pol\u00edticos","Tiempo de lectura":"4 minutos"},"schema":{"@context":"https:\/\/schema.org","@graph":[{"@type":"Article","@id":"https:\/\/lospoliticosveracruz.com\/?p=71007#article","isPartOf":{"@id":"https:\/\/lospoliticosveracruz.com\/?p=71007"},"author":{"name":"Lo viste en Los Pol\u00edticos","@id":"https:\/\/lospoliticosveracruz.com\/#\/schema\/person\/b8702bb0e538456e6efd07080bf2a4a2"},"headline":"Los Pluris locales de MC","datePublished":"2021-04-15T00:17:59+00:00","dateModified":"2021-04-15T00:21:52+00:00","mainEntityOfPage":{"@id":"https:\/\/lospoliticosveracruz.com\/?p=71007"},"wordCount":806,"publisher":{"@id":"https:\/\/lospoliticosveracruz.com\/#organization"},"image":{"@id":"https:\/\/lospoliticosveracruz.com\/?p=71007#primaryimage"},"thumbnailUrl":"http:\/\/www.lospoliticosveracruz.com.mx\/wp-content\/uploads\/2021\/04\/Cordoba-403-anos-06.png","keywords":["4T","Andr\u00e9s Manuel L\u00f3pez Obrador","candidatos","Dante Delgado Rannauro","Ivonne Cisneros Luj\u00e1n","Maribel Ram\u00edrez Topete","plurinominales","Ruth Callejas Rold\u00e1n","Salvador Mu\u00f1oz"],"articleSection":["De Opini\u00f3n"],"inLanguage":"es"},{"@type":"WebPage","@id":"https:\/\/lospoliticosveracruz.com\/?p=71007","url":"https:\/\/lospoliticosveracruz.com\/?p=71007","name":"Los Pluris locales de MC - Los pol\u00edticos Veracruz","isPartOf":{"@id":"https:\/\/lospoliticosveracruz.com\/#website"},"primaryImageOfPage":{"@id":"https:\/\/lospoliticosveracruz.com\/?p=71007#primaryimage"},"image":{"@id":"https:\/\/lospoliticosveracruz.com\/?p=71007#primaryimage"},"thumbnailUrl":"http:\/\/www.lospoliticosveracruz.com.mx\/wp-content\/uploads\/2021\/04\/Cordoba-403-anos-06.png","datePublished":"2021-04-15T00:17:59+00:00","dateModified":"2021-04-15T00:21:52+00:00","breadcrumb":{"@id":"https:\/\/lospoliticosveracruz.com\/?p=71007#breadcrumb"},"inLanguage":"es","potentialAction":[{"@type":"ReadAction","target":["https:\/\/lospoliticosveracruz.com\/?p=71007"]}]},{"@type":"ImageObject","inLanguage":"es","@id":"https:\/\/lospoliticosveracruz.com\/?p=71007#primaryimage","url":"http:\/\/www.lospoliticosveracruz.com.mx\/wp-content\/uploads\/2021\/04\/Cordoba-403-anos-06.png","contentUrl":"http:\/\/www.lospoliticosveracruz.com.mx\/wp-content\/uploads\/2021\/04\/Cordoba-403-anos-06.png"},{"@type":"BreadcrumbList","@id":"https:\/\/lospoliticosveracruz.com\/?p=71007#breadcrumb","itemListElement":[{"@type":"ListItem","position":1,"name":"Portada","item":"https:\/\/lospoliticosveracruz.com\/"},{"@type":"ListItem","position":2,"name":"Los Pluris locales de MC"}]},{"@type":"WebSite","@id":"https:\/\/lospoliticosveracruz.com\/#website","url":"https:\/\/lospoliticosveracruz.com\/","name":"Los pol\u00edticos Veracruz","description":"","publisher":{"@id":"https:\/\/lospoliticosveracruz.com\/#organization"},"potentialAction":[{"@type":"SearchAction","target":{"@type":"EntryPoint","urlTemplate":"https:\/\/lospoliticosveracruz.com\/?s={search_term_string}"},"query-input":{"@type":"PropertyValueSpecification","valueRequired":true,"valueName":"search_term_string"}}],"inLanguage":"es"},{"@type":"Organization","@id":"https:\/\/lospoliticosveracruz.com\/#organization","name":"Los pol\u00edticos Veracruz","url":"https:\/\/lospoliticosveracruz.com\/","logo":{"@type":"ImageObject","inLanguage":"es","@id":"https:\/\/lospoliticosveracruz.com\/#\/schema\/logo\/image\/","url":"https:\/\/lospoliticosveracruz.com\/wp-content\/uploads\/2025\/12\/Logo-Nuevo-LOS-POLITICOS-1.jpg","contentUrl":"https:\/\/lospoliticosveracruz.com\/wp-content\/uploads\/2025\/12\/Logo-Nuevo-LOS-POLITICOS-1.jpg","width":260,"height":70,"caption":"Los pol\u00edticos Veracruz"},"image":{"@id":"https:\/\/lospoliticosveracruz.com\/#\/schema\/logo\/image\/"},"sameAs":["https:\/\/www.facebook.com\/people\/Notimemes-de-los-Polticos\/61565672886568\/","https:\/\/x.com\/LosPoliticosVer"]},{"@type":"Person","@id":"https:\/\/lospoliticosveracruz.com\/#\/schema\/person\/b8702bb0e538456e6efd07080bf2a4a2","name":"Lo viste en Los Pol\u00edticos","image":{"@type":"ImageObject","inLanguage":"es","@id":"https:\/\/secure.gravatar.com\/avatar\/3a8de04a2656d44082be478bd6c086daa447c4651605818287b9532d3d0bd435?s=96&d=mm&r=g","url":"https:\/\/secure.gravatar.com\/avatar\/3a8de04a2656d44082be478bd6c086daa447c4651605818287b9532d3d0bd435?s=96&d=mm&r=g","contentUrl":"https:\/\/secure.gravatar.com\/avatar\/3a8de04a2656d44082be478bd6c086daa447c4651605818287b9532d3d0bd435?s=96&d=mm&r=g","caption":"Lo viste en Los Pol\u00edticos"},"url":"https:\/\/lospoliticosveracruz.com\/?author=2"}]}},"_links":{"self":[{"href":"https:\/\/lospoliticosveracruz.com\/index.php?rest_route=\/wp\/v2\/posts\/71007","targetHints":{"allow":["GET"]}}],"collection":[{"href":"https:\/\/lospoliticosveracruz.com\/index.php?rest_route=\/wp\/v2\/posts"}],"about":[{"href":"https:\/\/lospoliticosveracruz.com\/index.php?rest_route=\/wp\/v2\/types\/post"}],"author":[{"embeddable":true,"href":"https:\/\/lospoliticosveracruz.com\/index.php?rest_route=\/wp\/v2\/users\/2"}],"replies":[{"embeddable":true,"href":"https:\/\/lospoliticosveracruz.com\/index.php?rest_route=%2Fwp%2Fv2%2Fcomments&post=71007"}],"version-history":[{"count":2,"href":"https:\/\/lospoliticosveracruz.com\/index.php?rest_route=\/wp\/v2\/posts\/71007\/revisions"}],"predecessor-version":[{"id":71010,"href":"https:\/\/lospoliticosveracruz.com\/index.php?rest_route=\/wp\/v2\/posts\/71007\/revisions\/71010"}],"wp:attachment":[{"href":"https:\/\/lospoliticosveracruz.com\/index.php?rest_route=%2Fwp%2Fv2%2Fmedia&parent=71007"}],"wp:term":[{"taxonomy":"category","embeddable":true,"href":"https:\/\/lospoliticosveracruz.com\/index.php?rest_route=%2Fwp%2Fv2%2Fcategories&post=71007"},{"taxonomy":"post_tag","embeddable":true,"href":"https:\/\/lospoliticosveracruz.com\/index.php?rest_route=%2Fwp%2Fv2%2Ftags&post=71007"}],"curies":[{"name":"wp","href":"https:\/\/api.w.org\/{rel}","templated":true}]}}