{"id":71015,"date":"2021-04-14T22:51:48","date_gmt":"2021-04-15T03:51:48","guid":{"rendered":"http:\/\/www.lospoliticosveracruz.com.mx\/?p=71015"},"modified":"2021-04-14T22:51:51","modified_gmt":"2021-04-15T03:51:51","slug":"luis-zarate-irresponsable-llamado-al-ople","status":"publish","type":"post","link":"https:\/\/lospoliticosveracruz.com\/?p=71015","title":{"rendered":"Luis Z\u00e1rate, irresponsable \/ Llamado al OPLE"},"content":{"rendered":"\n<p><strong>Enrique Yasser Pompeyo<\/strong><\/p>\n\n\n\n<p><em>Mesa de Redacci\u00f3n<br><\/em><\/p>\n\n\n\n<p>A las denuncias de los militantes y aspirantes a los diferentes cargos de elecci\u00f3n popular de Morena por la imposici\u00f3n de candidatos grises, desconocidos y sin arraigo, ahora se suman actos anticipados disfrazados.<br>Es el caso de Luis Ronaldo Z\u00e1rate D\u00edaz, a quien pretenden imponer como candidato a la diputaci\u00f3n local por Coatepec.<br><\/p>\n\n\n\n<div class=\"wp-block-image\"><figure class=\"alignleft size-large is-resized\"><a href=\"http:\/\/www.lospoliticosveracruz.com.mx\/wp-content\/uploads\/2021\/04\/Cordoba-403-anos-01.png\"><img loading=\"lazy\" decoding=\"async\" src=\"http:\/\/www.lospoliticosveracruz.com.mx\/wp-content\/uploads\/2021\/04\/Cordoba-403-anos-01.png\" alt=\"\" class=\"wp-image-70673\" width=\"300\" height=\"250\"\/><\/a><\/figure><\/div>\n\n\n\n<p>El joven, cercan\u00edsimo al gobernador Cuitl\u00e1huac Garc\u00eda Jim\u00e9nez y a Esteban Ram\u00edrez Zepeta, ante la desesperaci\u00f3n porque la gente lo conozca y con la intenci\u00f3n de promoverse, organiza un supuesto festival del caf\u00e9 y el pan.<br>Por lo que se observa, no se han escatimado recursos para la producci\u00f3n de los videos que se promocionan en las redes sociales, aunque pretender\u00e1n decir que no les cost\u00f3 nada.<br>Pero, adem\u00e1s, incurre en una gran irresponsabilidad.<br>A pesar de la crisis sanitaria en la que se encuentra la entidad y el alto n\u00famero de veracruzanos muertos por el covid-19, coatepecanos y xique\u00f1os incluidos, el joven convoca a un evento que, pese a que dice que cuidar\u00e1n las medidas de higiene, provocar\u00eda que m\u00e1s gente se infecte.<br>\u00bfA qui\u00e9n se le ocurri\u00f3 tan irresponsable idea? \u00bfY las autoridades sanitarias?<br>\u00bfPor qu\u00e9 arriesgar la vida de ni\u00f1os, j\u00f3venes y adultos, s\u00f3lo con la intenci\u00f3n de promover a una persona a quien pretenden imponer como candidato a una diputaci\u00f3n?<br>En plena pandemia, \u00bfpor qu\u00e9 organizar un evento de esa naturaleza? Las justificaciones sobrar\u00e1n seguramente.<br>Como ya se ha mencionado, desde hace varias semanas Luis Z\u00e1rate recorre los municipios del distrito 12 y realiza un derroche de recursos, pues entrega tr\u00edpticos donde se especifica que busca el referido cargo, as\u00ed como playeras, botellas con l\u00edquido desinfectante y calendarios con su nombre y los colores de Morena; adem\u00e1s, hasta lonas se han colocado en casas y bardas.<br><\/p>\n\n\n\n<div class=\"wp-block-image\"><figure class=\"alignleft size-large is-resized\"><a href=\"http:\/\/www.lospoliticosveracruz.com.mx\/wp-content\/uploads\/2021\/04\/Tecajetes.jpeg\"><img loading=\"lazy\" decoding=\"async\" src=\"http:\/\/www.lospoliticosveracruz.com.mx\/wp-content\/uploads\/2021\/04\/Tecajetes.jpeg\" alt=\"\" class=\"wp-image-71008\" width=\"296\" height=\"432\"\/><\/a><\/figure><\/div>\n\n\n\n<p>Pese a que dicho partido pol\u00edtico no contempl\u00f3 una etapa de precampa\u00f1as, el joven se ha promocionado como tal.<br>\u00bfEl Organismo P\u00fablico Local Electoral y el Tribunal Electoral de Veracruz ser\u00e1n omisos? \u00bfLos entes electorales se har\u00e1n de la vista gorda? \u00bfEl OPLE y el TEV lo encubrir\u00e1n?<br>Los hechos est\u00e1n a la vista. Pese a todo el derroche de dinero que se hace por tratar de posicionar a los \u201cdelfines\u201d, las inconformidades de las bases morenistas aumentan cada d\u00eda y podr\u00edan darle al partido un rev\u00e9s.<\/p>\n\n\n\n<p><strong>EN COATEPEC CIERRAN CALLE POR OBRA DE CMAS<\/strong><\/p>\n\n\n\n<p>La c\u00e9ntrica calle de Cuauht\u00e9moc en el municipio de Coatepec, entre las calles Jim\u00e9nez del Campillo y Aldama, en pleno coraz\u00f3n del pueblo m\u00e1gico ser\u00e1 cerrada tres d\u00edas.<br>Por trabajos de mantenimiento que realiza la Comisi\u00f3n Municipal de Agua y Saneamiento de Coatepec, la calle permanece cerrada desde este mi\u00e9rcoles y hasta el viernes.<br>Debido a lo anterior, se recomienda a la poblaci\u00f3n, as\u00ed como a todos los visitantes que anticipen el tr\u00e1nsito y utilicen v\u00edas alternas para llegar a sus diferentes destinos.<\/p>\n\n\n\n<p><strong>LLAMA PRD AL OPLE A MANTENER SU IMPARCIALIDAD<\/strong><\/p>\n\n\n\n<p>Es innegable que M\u00e9xico y Veracruz viven tiempos de incertidumbre, ya que hemos transitado por una serie de acontecimientos que enrarecen el proceso electoral actual, afirm\u00f3 el presidente estatal del PRD, Sergio Cadena Mart\u00ednez, al referir que dichos acontecimientos han evidenciado conductas \u201cque nos remiten a las \u00e9pocas de mayor represi\u00f3n, centralistas y antidemocr\u00e1ticas en la historia del pa\u00eds\u201d.<br>Luego de los se\u00f1alamientos del presidente Andr\u00e9s Manuel L\u00f3pez Obrador contra el INE, suscitados tras el retiro de la candidatura a F\u00e9lix Salgado Macedonio, ratificada este martes 13 de abril; el l\u00edder perredista afirm\u00f3 que dichos antecedentes exhiben no solo intolerancia a la cr\u00edtica, sino que tambi\u00e9n \u201cson se\u00f1ales claras del uso del Poder a favor de intereses personales y quiz\u00e1s, incluso, perversos\u201d. Destac\u00f3 que el \u00f3rgano electoral del pa\u00eds se encuentra bajo ataque de personajes con carpetas abiertas en la Fiscal\u00eda General de la Rep\u00fablica, como es el caso de Salgado Macedonio, arropado por el propio presidente de la Rep\u00fablica, utilizando la intimidaci\u00f3n y las amenazas para socavar la credibilidad de dicha instituci\u00f3n y poner a la sociedad en su contra, lo cual es inaceptable.<br><\/p>\n\n\n\n<div class=\"wp-block-image\"><figure class=\"alignleft size-large is-resized\"><a href=\"https:\/\/www.facebook.com\/235572229830246\/posts\/3695468387173929\/?d=n\"><img loading=\"lazy\" decoding=\"async\" src=\"http:\/\/www.lospoliticosveracruz.com.mx\/wp-content\/uploads\/2021\/04\/Concurso.jpg\" alt=\"\" class=\"wp-image-70543\" width=\"350\" height=\"220\"\/><\/a><\/figure><\/div>\n\n\n\n<p>\u201cAunque pareciera que Veracruz est\u00e1 al margen de estas situaciones, como entidad donde est\u00e1n en juego tambi\u00e9n diputaciones locales y ayuntamientos, adem\u00e1s de las curules federales; es imposible eximirlo de la tensi\u00f3n y hostilidad generada tras los citados se\u00f1alamientos presidenciales al INE\u201d, detall\u00f3. Por ello -dijo- el PRD hace un llamado enf\u00e1tico y en el marco del respeto a las Leyes y el Estado de Derecho, para que el OPLE de Veracruz conserve su imparcialidad, mantenga el orden y denuncie cualquier intento de intromisi\u00f3n que pudiera darse, desde cualquiera de los Poderes del Estado, con la intenci\u00f3n de entorpecer o ejercer autoritarismo.<br>\u201cEs importante decirlo de esta manera, pues si el OPLE desatiende este llamamiento, afianzar\u00eda la desconfianza en un proceso que debe ser una fiesta c\u00edvica regida por la participaci\u00f3n de las y los veracruzanos en las urnas\u201d, puntualiz\u00f3. Cadena Mart\u00ednez reiter\u00f3 que el PRD continuar\u00e1 sus campa\u00f1as priorizando las propuestas, no obstante, todos los sucesos en los que se han visto inmersos sus militantes y liderazgos, en los que se cuestiona el respeto de sus derechos humanos y el juego limpio entre partidos y Gobierno.<br>Conmin\u00f3 al Consejo General del OPLE y a su consejero presidente a conducirse en la legalidad, como lo han hecho hasta ahora, pero tambi\u00e9n alzando la voz si hubiere irregularidades que deban ser denunciadas y privilegiando su posici\u00f3n como \u00e1rbitro electoral con una \u00fanica tendencia: garantizar la democracia en Veracruz.<\/p>\n\n\n\n<p>enriquepompeyo@hotmail.com<\/p>\n","protected":false},"excerpt":{"rendered":"<p>Enrique Yasser Pompeyo Mesa de Redacci\u00f3n A las denuncias de los militantes y aspirantes a los diferentes cargos de elecci\u00f3n popular de Morena por la imposici\u00f3n de candidatos grises, desconocidos y sin arraigo, ahora se suman actos anticipados disfrazados.Es el caso de Luis Ronaldo Z\u00e1rate D\u00edaz, a quien pretenden imponer como candidato a la diputaci\u00f3n [&hellip;]<\/p>\n","protected":false},"author":2,"featured_media":0,"comment_status":"closed","ping_status":"closed","sticky":false,"template":"","format":"standard","meta":{"tdm_status":"","tdm_grid_status":"","footnotes":""},"categories":[70],"tags":[277,1563,15477,26907,3272,107,7887,8317],"class_list":{"0":"post-71015","1":"post","2":"type-post","3":"status-publish","4":"format-standard","6":"category-de-opinion","7":"tag-coatepec","8":"tag-cuitlahuac-garcia-jimenez","9":"tag-enrique-yasser-pompeyo","10":"tag-luis-ronaldo-zarate-diaz","11":"tag-ople","12":"tag-prd","13":"tag-sergio-cadena-martinez","14":"tag-tev"},"yoast_head":"<!-- This site is optimized with the Yoast SEO plugin v27.4 - https:\/\/yoast.com\/product\/yoast-seo-wordpress\/ -->\n<title>Luis Z\u00e1rate, irresponsable \/ Llamado al OPLE - Los pol\u00edticos Veracruz<\/title>\n<meta name=\"robots\" content=\"index, follow, max-snippet:-1, max-image-preview:large, max-video-preview:-1\" \/>\n<link rel=\"canonical\" href=\"https:\/\/lospoliticosveracruz.com\/?p=71015\" \/>\n<meta property=\"og:locale\" content=\"es_ES\" \/>\n<meta property=\"og:type\" content=\"article\" \/>\n<meta property=\"og:title\" content=\"Luis Z\u00e1rate, irresponsable \/ Llamado al OPLE - Los pol\u00edticos Veracruz\" \/>\n<meta property=\"og:description\" content=\"Enrique Yasser Pompeyo Mesa de Redacci\u00f3n A las denuncias de los militantes y aspirantes a los diferentes cargos de elecci\u00f3n popular de Morena por la imposici\u00f3n de candidatos grises, desconocidos y sin arraigo, ahora se suman actos anticipados disfrazados.Es el caso de Luis Ronaldo Z\u00e1rate D\u00edaz, a quien pretenden imponer como candidato a la diputaci\u00f3n [&hellip;]\" \/>\n<meta property=\"og:url\" content=\"https:\/\/lospoliticosveracruz.com\/?p=71015\" \/>\n<meta property=\"og:site_name\" content=\"Los pol\u00edticos Veracruz\" \/>\n<meta property=\"article:publisher\" content=\"https:\/\/www.facebook.com\/people\/Notimemes-de-los-Polticos\/61565672886568\/\" \/>\n<meta property=\"article:published_time\" content=\"2021-04-15T03:51:48+00:00\" \/>\n<meta property=\"article:modified_time\" content=\"2021-04-15T03:51:51+00:00\" \/>\n<meta property=\"og:image\" content=\"http:\/\/www.lospoliticosveracruz.com.mx\/wp-content\/uploads\/2021\/04\/Cordoba-403-anos-01.png\" \/>\n<meta name=\"author\" content=\"Lo viste en Los Pol\u00edticos\" \/>\n<meta name=\"twitter:card\" content=\"summary_large_image\" \/>\n<meta name=\"twitter:creator\" content=\"@LosPoliticosVer\" \/>\n<meta name=\"twitter:site\" content=\"@LosPoliticosVer\" \/>\n<meta name=\"twitter:label1\" content=\"Escrito por\" \/>\n\t<meta name=\"twitter:data1\" content=\"Lo viste en Los Pol\u00edticos\" \/>\n\t<meta name=\"twitter:label2\" content=\"Tiempo de lectura\" \/>\n\t<meta name=\"twitter:data2\" content=\"5 minutos\" \/>\n<script type=\"application\/ld+json\" class=\"yoast-schema-graph\">{\"@context\":\"https:\\\/\\\/schema.org\",\"@graph\":[{\"@type\":\"Article\",\"@id\":\"https:\\\/\\\/lospoliticosveracruz.com\\\/?p=71015#article\",\"isPartOf\":{\"@id\":\"https:\\\/\\\/lospoliticosveracruz.com\\\/?p=71015\"},\"author\":{\"name\":\"Lo viste en Los Pol\u00edticos\",\"@id\":\"https:\\\/\\\/lospoliticosveracruz.com\\\/#\\\/schema\\\/person\\\/b8702bb0e538456e6efd07080bf2a4a2\"},\"headline\":\"Luis Z\u00e1rate, irresponsable \\\/ Llamado al OPLE\",\"datePublished\":\"2021-04-15T03:51:48+00:00\",\"dateModified\":\"2021-04-15T03:51:51+00:00\",\"mainEntityOfPage\":{\"@id\":\"https:\\\/\\\/lospoliticosveracruz.com\\\/?p=71015\"},\"wordCount\":1003,\"publisher\":{\"@id\":\"https:\\\/\\\/lospoliticosveracruz.com\\\/#organization\"},\"image\":{\"@id\":\"https:\\\/\\\/lospoliticosveracruz.com\\\/?p=71015#primaryimage\"},\"thumbnailUrl\":\"http:\\\/\\\/www.lospoliticosveracruz.com.mx\\\/wp-content\\\/uploads\\\/2021\\\/04\\\/Cordoba-403-anos-01.png\",\"keywords\":[\"Coatepec\",\"Cuitl\u00e1huac Garc\u00eda Jim\u00e9nez\",\"Enrique Yasser Pompeyo\",\"Luis Ronaldo Z\u00e1rate D\u00edaz\",\"OPLE\",\"PRD\",\"Sergio Cadena Mart\u00ednez\",\"TEV\"],\"articleSection\":[\"De Opini\u00f3n\"],\"inLanguage\":\"es\"},{\"@type\":\"WebPage\",\"@id\":\"https:\\\/\\\/lospoliticosveracruz.com\\\/?p=71015\",\"url\":\"https:\\\/\\\/lospoliticosveracruz.com\\\/?p=71015\",\"name\":\"Luis Z\u00e1rate, irresponsable \\\/ Llamado al OPLE - Los pol\u00edticos Veracruz\",\"isPartOf\":{\"@id\":\"https:\\\/\\\/lospoliticosveracruz.com\\\/#website\"},\"primaryImageOfPage\":{\"@id\":\"https:\\\/\\\/lospoliticosveracruz.com\\\/?p=71015#primaryimage\"},\"image\":{\"@id\":\"https:\\\/\\\/lospoliticosveracruz.com\\\/?p=71015#primaryimage\"},\"thumbnailUrl\":\"http:\\\/\\\/www.lospoliticosveracruz.com.mx\\\/wp-content\\\/uploads\\\/2021\\\/04\\\/Cordoba-403-anos-01.png\",\"datePublished\":\"2021-04-15T03:51:48+00:00\",\"dateModified\":\"2021-04-15T03:51:51+00:00\",\"breadcrumb\":{\"@id\":\"https:\\\/\\\/lospoliticosveracruz.com\\\/?p=71015#breadcrumb\"},\"inLanguage\":\"es\",\"potentialAction\":[{\"@type\":\"ReadAction\",\"target\":[\"https:\\\/\\\/lospoliticosveracruz.com\\\/?p=71015\"]}]},{\"@type\":\"ImageObject\",\"inLanguage\":\"es\",\"@id\":\"https:\\\/\\\/lospoliticosveracruz.com\\\/?p=71015#primaryimage\",\"url\":\"http:\\\/\\\/www.lospoliticosveracruz.com.mx\\\/wp-content\\\/uploads\\\/2021\\\/04\\\/Cordoba-403-anos-01.png\",\"contentUrl\":\"http:\\\/\\\/www.lospoliticosveracruz.com.mx\\\/wp-content\\\/uploads\\\/2021\\\/04\\\/Cordoba-403-anos-01.png\"},{\"@type\":\"BreadcrumbList\",\"@id\":\"https:\\\/\\\/lospoliticosveracruz.com\\\/?p=71015#breadcrumb\",\"itemListElement\":[{\"@type\":\"ListItem\",\"position\":1,\"name\":\"Portada\",\"item\":\"https:\\\/\\\/lospoliticosveracruz.com\\\/\"},{\"@type\":\"ListItem\",\"position\":2,\"name\":\"Luis Z\u00e1rate, irresponsable \\\/ Llamado al OPLE\"}]},{\"@type\":\"WebSite\",\"@id\":\"https:\\\/\\\/lospoliticosveracruz.com\\\/#website\",\"url\":\"https:\\\/\\\/lospoliticosveracruz.com\\\/\",\"name\":\"Los pol\u00edticos Veracruz\",\"description\":\"\",\"publisher\":{\"@id\":\"https:\\\/\\\/lospoliticosveracruz.com\\\/#organization\"},\"potentialAction\":[{\"@type\":\"SearchAction\",\"target\":{\"@type\":\"EntryPoint\",\"urlTemplate\":\"https:\\\/\\\/lospoliticosveracruz.com\\\/?s={search_term_string}\"},\"query-input\":{\"@type\":\"PropertyValueSpecification\",\"valueRequired\":true,\"valueName\":\"search_term_string\"}}],\"inLanguage\":\"es\"},{\"@type\":\"Organization\",\"@id\":\"https:\\\/\\\/lospoliticosveracruz.com\\\/#organization\",\"name\":\"Los pol\u00edticos Veracruz\",\"url\":\"https:\\\/\\\/lospoliticosveracruz.com\\\/\",\"logo\":{\"@type\":\"ImageObject\",\"inLanguage\":\"es\",\"@id\":\"https:\\\/\\\/lospoliticosveracruz.com\\\/#\\\/schema\\\/logo\\\/image\\\/\",\"url\":\"https:\\\/\\\/lospoliticosveracruz.com\\\/wp-content\\\/uploads\\\/2025\\\/12\\\/Logo-Nuevo-LOS-POLITICOS-1.jpg\",\"contentUrl\":\"https:\\\/\\\/lospoliticosveracruz.com\\\/wp-content\\\/uploads\\\/2025\\\/12\\\/Logo-Nuevo-LOS-POLITICOS-1.jpg\",\"width\":260,\"height\":70,\"caption\":\"Los pol\u00edticos Veracruz\"},\"image\":{\"@id\":\"https:\\\/\\\/lospoliticosveracruz.com\\\/#\\\/schema\\\/logo\\\/image\\\/\"},\"sameAs\":[\"https:\\\/\\\/www.facebook.com\\\/people\\\/Notimemes-de-los-Polticos\\\/61565672886568\\\/\",\"https:\\\/\\\/x.com\\\/LosPoliticosVer\"]},{\"@type\":\"Person\",\"@id\":\"https:\\\/\\\/lospoliticosveracruz.com\\\/#\\\/schema\\\/person\\\/b8702bb0e538456e6efd07080bf2a4a2\",\"name\":\"Lo viste en Los Pol\u00edticos\",\"image\":{\"@type\":\"ImageObject\",\"inLanguage\":\"es\",\"@id\":\"https:\\\/\\\/secure.gravatar.com\\\/avatar\\\/3a8de04a2656d44082be478bd6c086daa447c4651605818287b9532d3d0bd435?s=96&d=mm&r=g\",\"url\":\"https:\\\/\\\/secure.gravatar.com\\\/avatar\\\/3a8de04a2656d44082be478bd6c086daa447c4651605818287b9532d3d0bd435?s=96&d=mm&r=g\",\"contentUrl\":\"https:\\\/\\\/secure.gravatar.com\\\/avatar\\\/3a8de04a2656d44082be478bd6c086daa447c4651605818287b9532d3d0bd435?s=96&d=mm&r=g\",\"caption\":\"Lo viste en Los Pol\u00edticos\"},\"url\":\"https:\\\/\\\/lospoliticosveracruz.com\\\/?author=2\"}]}<\/script>\n<!-- \/ Yoast SEO plugin. -->","yoast_head_json":{"title":"Luis Z\u00e1rate, irresponsable \/ Llamado al OPLE - Los pol\u00edticos Veracruz","robots":{"index":"index","follow":"follow","max-snippet":"max-snippet:-1","max-image-preview":"max-image-preview:large","max-video-preview":"max-video-preview:-1"},"canonical":"https:\/\/lospoliticosveracruz.com\/?p=71015","og_locale":"es_ES","og_type":"article","og_title":"Luis Z\u00e1rate, irresponsable \/ Llamado al OPLE - Los pol\u00edticos Veracruz","og_description":"Enrique Yasser Pompeyo Mesa de Redacci\u00f3n A las denuncias de los militantes y aspirantes a los diferentes cargos de elecci\u00f3n popular de Morena por la imposici\u00f3n de candidatos grises, desconocidos y sin arraigo, ahora se suman actos anticipados disfrazados.Es el caso de Luis Ronaldo Z\u00e1rate D\u00edaz, a quien pretenden imponer como candidato a la diputaci\u00f3n [&hellip;]","og_url":"https:\/\/lospoliticosveracruz.com\/?p=71015","og_site_name":"Los pol\u00edticos Veracruz","article_publisher":"https:\/\/www.facebook.com\/people\/Notimemes-de-los-Polticos\/61565672886568\/","article_published_time":"2021-04-15T03:51:48+00:00","article_modified_time":"2021-04-15T03:51:51+00:00","og_image":[{"url":"http:\/\/www.lospoliticosveracruz.com.mx\/wp-content\/uploads\/2021\/04\/Cordoba-403-anos-01.png","type":"","width":"","height":""}],"author":"Lo viste en Los Pol\u00edticos","twitter_card":"summary_large_image","twitter_creator":"@LosPoliticosVer","twitter_site":"@LosPoliticosVer","twitter_misc":{"Escrito por":"Lo viste en Los Pol\u00edticos","Tiempo de lectura":"5 minutos"},"schema":{"@context":"https:\/\/schema.org","@graph":[{"@type":"Article","@id":"https:\/\/lospoliticosveracruz.com\/?p=71015#article","isPartOf":{"@id":"https:\/\/lospoliticosveracruz.com\/?p=71015"},"author":{"name":"Lo viste en Los Pol\u00edticos","@id":"https:\/\/lospoliticosveracruz.com\/#\/schema\/person\/b8702bb0e538456e6efd07080bf2a4a2"},"headline":"Luis Z\u00e1rate, irresponsable \/ Llamado al OPLE","datePublished":"2021-04-15T03:51:48+00:00","dateModified":"2021-04-15T03:51:51+00:00","mainEntityOfPage":{"@id":"https:\/\/lospoliticosveracruz.com\/?p=71015"},"wordCount":1003,"publisher":{"@id":"https:\/\/lospoliticosveracruz.com\/#organization"},"image":{"@id":"https:\/\/lospoliticosveracruz.com\/?p=71015#primaryimage"},"thumbnailUrl":"http:\/\/www.lospoliticosveracruz.com.mx\/wp-content\/uploads\/2021\/04\/Cordoba-403-anos-01.png","keywords":["Coatepec","Cuitl\u00e1huac Garc\u00eda Jim\u00e9nez","Enrique Yasser Pompeyo","Luis Ronaldo Z\u00e1rate D\u00edaz","OPLE","PRD","Sergio Cadena Mart\u00ednez","TEV"],"articleSection":["De Opini\u00f3n"],"inLanguage":"es"},{"@type":"WebPage","@id":"https:\/\/lospoliticosveracruz.com\/?p=71015","url":"https:\/\/lospoliticosveracruz.com\/?p=71015","name":"Luis Z\u00e1rate, irresponsable \/ Llamado al OPLE - Los pol\u00edticos Veracruz","isPartOf":{"@id":"https:\/\/lospoliticosveracruz.com\/#website"},"primaryImageOfPage":{"@id":"https:\/\/lospoliticosveracruz.com\/?p=71015#primaryimage"},"image":{"@id":"https:\/\/lospoliticosveracruz.com\/?p=71015#primaryimage"},"thumbnailUrl":"http:\/\/www.lospoliticosveracruz.com.mx\/wp-content\/uploads\/2021\/04\/Cordoba-403-anos-01.png","datePublished":"2021-04-15T03:51:48+00:00","dateModified":"2021-04-15T03:51:51+00:00","breadcrumb":{"@id":"https:\/\/lospoliticosveracruz.com\/?p=71015#breadcrumb"},"inLanguage":"es","potentialAction":[{"@type":"ReadAction","target":["https:\/\/lospoliticosveracruz.com\/?p=71015"]}]},{"@type":"ImageObject","inLanguage":"es","@id":"https:\/\/lospoliticosveracruz.com\/?p=71015#primaryimage","url":"http:\/\/www.lospoliticosveracruz.com.mx\/wp-content\/uploads\/2021\/04\/Cordoba-403-anos-01.png","contentUrl":"http:\/\/www.lospoliticosveracruz.com.mx\/wp-content\/uploads\/2021\/04\/Cordoba-403-anos-01.png"},{"@type":"BreadcrumbList","@id":"https:\/\/lospoliticosveracruz.com\/?p=71015#breadcrumb","itemListElement":[{"@type":"ListItem","position":1,"name":"Portada","item":"https:\/\/lospoliticosveracruz.com\/"},{"@type":"ListItem","position":2,"name":"Luis Z\u00e1rate, irresponsable \/ Llamado al OPLE"}]},{"@type":"WebSite","@id":"https:\/\/lospoliticosveracruz.com\/#website","url":"https:\/\/lospoliticosveracruz.com\/","name":"Los pol\u00edticos Veracruz","description":"","publisher":{"@id":"https:\/\/lospoliticosveracruz.com\/#organization"},"potentialAction":[{"@type":"SearchAction","target":{"@type":"EntryPoint","urlTemplate":"https:\/\/lospoliticosveracruz.com\/?s={search_term_string}"},"query-input":{"@type":"PropertyValueSpecification","valueRequired":true,"valueName":"search_term_string"}}],"inLanguage":"es"},{"@type":"Organization","@id":"https:\/\/lospoliticosveracruz.com\/#organization","name":"Los pol\u00edticos Veracruz","url":"https:\/\/lospoliticosveracruz.com\/","logo":{"@type":"ImageObject","inLanguage":"es","@id":"https:\/\/lospoliticosveracruz.com\/#\/schema\/logo\/image\/","url":"https:\/\/lospoliticosveracruz.com\/wp-content\/uploads\/2025\/12\/Logo-Nuevo-LOS-POLITICOS-1.jpg","contentUrl":"https:\/\/lospoliticosveracruz.com\/wp-content\/uploads\/2025\/12\/Logo-Nuevo-LOS-POLITICOS-1.jpg","width":260,"height":70,"caption":"Los pol\u00edticos Veracruz"},"image":{"@id":"https:\/\/lospoliticosveracruz.com\/#\/schema\/logo\/image\/"},"sameAs":["https:\/\/www.facebook.com\/people\/Notimemes-de-los-Polticos\/61565672886568\/","https:\/\/x.com\/LosPoliticosVer"]},{"@type":"Person","@id":"https:\/\/lospoliticosveracruz.com\/#\/schema\/person\/b8702bb0e538456e6efd07080bf2a4a2","name":"Lo viste en Los Pol\u00edticos","image":{"@type":"ImageObject","inLanguage":"es","@id":"https:\/\/secure.gravatar.com\/avatar\/3a8de04a2656d44082be478bd6c086daa447c4651605818287b9532d3d0bd435?s=96&d=mm&r=g","url":"https:\/\/secure.gravatar.com\/avatar\/3a8de04a2656d44082be478bd6c086daa447c4651605818287b9532d3d0bd435?s=96&d=mm&r=g","contentUrl":"https:\/\/secure.gravatar.com\/avatar\/3a8de04a2656d44082be478bd6c086daa447c4651605818287b9532d3d0bd435?s=96&d=mm&r=g","caption":"Lo viste en Los Pol\u00edticos"},"url":"https:\/\/lospoliticosveracruz.com\/?author=2"}]}},"_links":{"self":[{"href":"https:\/\/lospoliticosveracruz.com\/index.php?rest_route=\/wp\/v2\/posts\/71015","targetHints":{"allow":["GET"]}}],"collection":[{"href":"https:\/\/lospoliticosveracruz.com\/index.php?rest_route=\/wp\/v2\/posts"}],"about":[{"href":"https:\/\/lospoliticosveracruz.com\/index.php?rest_route=\/wp\/v2\/types\/post"}],"author":[{"embeddable":true,"href":"https:\/\/lospoliticosveracruz.com\/index.php?rest_route=\/wp\/v2\/users\/2"}],"replies":[{"embeddable":true,"href":"https:\/\/lospoliticosveracruz.com\/index.php?rest_route=%2Fwp%2Fv2%2Fcomments&post=71015"}],"version-history":[{"count":1,"href":"https:\/\/lospoliticosveracruz.com\/index.php?rest_route=\/wp\/v2\/posts\/71015\/revisions"}],"predecessor-version":[{"id":71017,"href":"https:\/\/lospoliticosveracruz.com\/index.php?rest_route=\/wp\/v2\/posts\/71015\/revisions\/71017"}],"wp:attachment":[{"href":"https:\/\/lospoliticosveracruz.com\/index.php?rest_route=%2Fwp%2Fv2%2Fmedia&parent=71015"}],"wp:term":[{"taxonomy":"category","embeddable":true,"href":"https:\/\/lospoliticosveracruz.com\/index.php?rest_route=%2Fwp%2Fv2%2Fcategories&post=71015"},{"taxonomy":"post_tag","embeddable":true,"href":"https:\/\/lospoliticosveracruz.com\/index.php?rest_route=%2Fwp%2Fv2%2Ftags&post=71015"}],"curies":[{"name":"wp","href":"https:\/\/api.w.org\/{rel}","templated":true}]}}