{"id":71023,"date":"2021-04-15T08:26:58","date_gmt":"2021-04-15T13:26:58","guid":{"rendered":"http:\/\/www.lospoliticosveracruz.com.mx\/?p=71023"},"modified":"2021-04-15T08:27:03","modified_gmt":"2021-04-15T13:27:03","slug":"fondo-para-mercados-y-tianguis-propondra-maryjose","status":"publish","type":"post","link":"https:\/\/lospoliticosveracruz.com\/?p=71023","title":{"rendered":"Fondo para mercados y tianguis, propondr\u00e1 Maryjose"},"content":{"rendered":"\n<p><strong>Veracruz<\/strong><br>Durante su recorrido de campa\u00f1a por el mercado Malibr\u00e1n, la candidata a la diputaci\u00f3n federal por el Distrito 12 Veracruz de la alianza \u201cVa por M\u00e9xico\u201d integrada por el PAN-PRI-PRD, Maryjose Gamboa Torales, se comprometi\u00f3 con los comerciantes llevar su voz a la M\u00e1xima Tribuna del pa\u00eds y proponer la creaci\u00f3n de un fondo para apoyar a los locatarios de mercados y tianguis, con la finalidad de que se reduzcan los da\u00f1os econ\u00f3micos ocasionados por la pandemia.<br><\/p>\n\n\n\n<div class=\"wp-block-image\"><figure class=\"alignleft size-large\"><a href=\"http:\/\/www.lospoliticosveracruz.com.mx\/wp-content\/uploads\/2021\/04\/Cordoba-403-anos-06.png\"><img decoding=\"async\" src=\"http:\/\/www.lospoliticosveracruz.com.mx\/wp-content\/uploads\/2021\/04\/Cordoba-403-anos-06.png\" alt=\"\" class=\"wp-image-70677\"\/><\/a><\/figure><\/div>\n\n\n\n<p>Maryjose Gamboa dijo que esta propuesta ser\u00e1 integrada en su agenda legislativa, adem\u00e1s de realizar las gestiones necesarias para algunos otros temas que tambi\u00e9n le externaron durante su visita.<br>\u201cLa verdad es que son muchas las necesidades que se tienen, se ha ido avanzando en algunos temas, como la obra del drenaje, por las propias gestiones que hemos podido hacer ante el Ayuntamiento el drenaje ya va al 50% de la obra, pero se qued\u00f3 atorada por un tema externo y lo que tenemos que hacer es buscar que se termine\u201d.<br>Expres\u00f3 que el mercado Malibr\u00e1n es que el concentra la carga de todos los productos que llegan y de ah\u00ed se surte a todos los otros mercados de la ciudad. \u201cEllos tiene tambi\u00e9n aqu\u00ed en el mercado un tr\u00e1fico constante de los camiones y tr\u00e1iler de carga pesada y hay que buscar la reducci\u00f3n de los permisos para que \u00e9stos puedan ingresar\u201d.<br>La candidata a la diputaci\u00f3n federal por el Distrito 12 Veracruz de la alianza \u201cVa por M\u00e9xico\u201d tambi\u00e9n recorri\u00f3 las colonias Ortiz Rubio y C\u00e1ndido Aguilar del municipio de Veracruz, y manifest\u00f3 que su campa\u00f1a es cercana a la gente, para escuchar y atender sus necesidades. \u201cAs\u00ed es como tenemos que estar, cerca, para poder despu\u00e9s ser buenos representantes\u201d, concluy\u00f3.<\/p>\n","protected":false},"excerpt":{"rendered":"<p>VeracruzDurante su recorrido de campa\u00f1a por el mercado Malibr\u00e1n, la candidata a la diputaci\u00f3n federal por el Distrito 12 Veracruz de la alianza \u201cVa por M\u00e9xico\u201d integrada por el PAN-PRI-PRD, Maryjose Gamboa Torales, se comprometi\u00f3 con los comerciantes llevar su voz a la M\u00e1xima Tribuna del pa\u00eds y proponer la creaci\u00f3n de un fondo para [&hellip;]<\/p>\n","protected":false},"author":2,"featured_media":0,"comment_status":"closed","ping_status":"closed","sticky":false,"template":"","format":"standard","meta":{"tdm_status":"","tdm_grid_status":"","footnotes":""},"categories":[73],"tags":[27138,27136,11375,22333,24697],"class_list":{"0":"post-71023","1":"post","2":"type-post","3":"status-publish","4":"format-standard","6":"category-de-boleto","7":"tag-distrito-12-veracruz","8":"tag-maryjose-gamboa-torales-2","9":"tag-mercado-malibran","10":"tag-pan-pri-prd","11":"tag-va-por-mexico"},"yoast_head":"<!-- This site is optimized with the Yoast SEO plugin v27.4 - https:\/\/yoast.com\/product\/yoast-seo-wordpress\/ -->\n<title>Fondo para mercados y tianguis, propondr\u00e1 Maryjose - Los pol\u00edticos Veracruz<\/title>\n<meta name=\"robots\" content=\"index, follow, max-snippet:-1, max-image-preview:large, max-video-preview:-1\" \/>\n<link rel=\"canonical\" href=\"https:\/\/lospoliticosveracruz.com\/?p=71023\" \/>\n<meta property=\"og:locale\" content=\"es_ES\" \/>\n<meta property=\"og:type\" content=\"article\" \/>\n<meta property=\"og:title\" content=\"Fondo para mercados y tianguis, propondr\u00e1 Maryjose - Los pol\u00edticos Veracruz\" \/>\n<meta property=\"og:description\" content=\"VeracruzDurante su recorrido de campa\u00f1a por el mercado Malibr\u00e1n, la candidata a la diputaci\u00f3n federal por el Distrito 12 Veracruz de la alianza \u201cVa por M\u00e9xico\u201d integrada por el PAN-PRI-PRD, Maryjose Gamboa Torales, se comprometi\u00f3 con los comerciantes llevar su voz a la M\u00e1xima Tribuna del pa\u00eds y proponer la creaci\u00f3n de un fondo para [&hellip;]\" \/>\n<meta property=\"og:url\" content=\"https:\/\/lospoliticosveracruz.com\/?p=71023\" \/>\n<meta property=\"og:site_name\" content=\"Los pol\u00edticos Veracruz\" \/>\n<meta property=\"article:publisher\" content=\"https:\/\/www.facebook.com\/people\/Notimemes-de-los-Polticos\/61565672886568\/\" \/>\n<meta property=\"article:published_time\" content=\"2021-04-15T13:26:58+00:00\" \/>\n<meta property=\"article:modified_time\" content=\"2021-04-15T13:27:03+00:00\" \/>\n<meta property=\"og:image\" content=\"http:\/\/www.lospoliticosveracruz.com.mx\/wp-content\/uploads\/2021\/04\/Cordoba-403-anos-06.png\" \/>\n<meta name=\"author\" content=\"Lo viste en Los Pol\u00edticos\" \/>\n<meta name=\"twitter:card\" content=\"summary_large_image\" \/>\n<meta name=\"twitter:creator\" content=\"@LosPoliticosVer\" \/>\n<meta name=\"twitter:site\" content=\"@LosPoliticosVer\" \/>\n<meta name=\"twitter:label1\" content=\"Escrito por\" \/>\n\t<meta name=\"twitter:data1\" content=\"Lo viste en Los Pol\u00edticos\" \/>\n\t<meta name=\"twitter:label2\" content=\"Tiempo de lectura\" \/>\n\t<meta name=\"twitter:data2\" content=\"2 minutos\" \/>\n<script type=\"application\/ld+json\" class=\"yoast-schema-graph\">{\"@context\":\"https:\\\/\\\/schema.org\",\"@graph\":[{\"@type\":\"Article\",\"@id\":\"https:\\\/\\\/lospoliticosveracruz.com\\\/?p=71023#article\",\"isPartOf\":{\"@id\":\"https:\\\/\\\/lospoliticosveracruz.com\\\/?p=71023\"},\"author\":{\"name\":\"Lo viste en Los Pol\u00edticos\",\"@id\":\"https:\\\/\\\/lospoliticosveracruz.com\\\/#\\\/schema\\\/person\\\/b8702bb0e538456e6efd07080bf2a4a2\"},\"headline\":\"Fondo para mercados y tianguis, propondr\u00e1 Maryjose\",\"datePublished\":\"2021-04-15T13:26:58+00:00\",\"dateModified\":\"2021-04-15T13:27:03+00:00\",\"mainEntityOfPage\":{\"@id\":\"https:\\\/\\\/lospoliticosveracruz.com\\\/?p=71023\"},\"wordCount\":317,\"publisher\":{\"@id\":\"https:\\\/\\\/lospoliticosveracruz.com\\\/#organization\"},\"image\":{\"@id\":\"https:\\\/\\\/lospoliticosveracruz.com\\\/?p=71023#primaryimage\"},\"thumbnailUrl\":\"http:\\\/\\\/www.lospoliticosveracruz.com.mx\\\/wp-content\\\/uploads\\\/2021\\\/04\\\/Cordoba-403-anos-06.png\",\"keywords\":[\"Distrito 12 Veracruz\",\"Maryjose Gamboa Torales\",\"Mercado Malibr\u00e1n\",\"PAN-PRI-PRD\",\"Va por M\u00e9xico\"],\"articleSection\":[\"De Boleto\"],\"inLanguage\":\"es\"},{\"@type\":\"WebPage\",\"@id\":\"https:\\\/\\\/lospoliticosveracruz.com\\\/?p=71023\",\"url\":\"https:\\\/\\\/lospoliticosveracruz.com\\\/?p=71023\",\"name\":\"Fondo para mercados y tianguis, propondr\u00e1 Maryjose - Los pol\u00edticos Veracruz\",\"isPartOf\":{\"@id\":\"https:\\\/\\\/lospoliticosveracruz.com\\\/#website\"},\"primaryImageOfPage\":{\"@id\":\"https:\\\/\\\/lospoliticosveracruz.com\\\/?p=71023#primaryimage\"},\"image\":{\"@id\":\"https:\\\/\\\/lospoliticosveracruz.com\\\/?p=71023#primaryimage\"},\"thumbnailUrl\":\"http:\\\/\\\/www.lospoliticosveracruz.com.mx\\\/wp-content\\\/uploads\\\/2021\\\/04\\\/Cordoba-403-anos-06.png\",\"datePublished\":\"2021-04-15T13:26:58+00:00\",\"dateModified\":\"2021-04-15T13:27:03+00:00\",\"breadcrumb\":{\"@id\":\"https:\\\/\\\/lospoliticosveracruz.com\\\/?p=71023#breadcrumb\"},\"inLanguage\":\"es\",\"potentialAction\":[{\"@type\":\"ReadAction\",\"target\":[\"https:\\\/\\\/lospoliticosveracruz.com\\\/?p=71023\"]}]},{\"@type\":\"ImageObject\",\"inLanguage\":\"es\",\"@id\":\"https:\\\/\\\/lospoliticosveracruz.com\\\/?p=71023#primaryimage\",\"url\":\"http:\\\/\\\/www.lospoliticosveracruz.com.mx\\\/wp-content\\\/uploads\\\/2021\\\/04\\\/Cordoba-403-anos-06.png\",\"contentUrl\":\"http:\\\/\\\/www.lospoliticosveracruz.com.mx\\\/wp-content\\\/uploads\\\/2021\\\/04\\\/Cordoba-403-anos-06.png\"},{\"@type\":\"BreadcrumbList\",\"@id\":\"https:\\\/\\\/lospoliticosveracruz.com\\\/?p=71023#breadcrumb\",\"itemListElement\":[{\"@type\":\"ListItem\",\"position\":1,\"name\":\"Portada\",\"item\":\"https:\\\/\\\/lospoliticosveracruz.com\\\/\"},{\"@type\":\"ListItem\",\"position\":2,\"name\":\"Fondo para mercados y tianguis, propondr\u00e1 Maryjose\"}]},{\"@type\":\"WebSite\",\"@id\":\"https:\\\/\\\/lospoliticosveracruz.com\\\/#website\",\"url\":\"https:\\\/\\\/lospoliticosveracruz.com\\\/\",\"name\":\"Los pol\u00edticos Veracruz\",\"description\":\"\",\"publisher\":{\"@id\":\"https:\\\/\\\/lospoliticosveracruz.com\\\/#organization\"},\"potentialAction\":[{\"@type\":\"SearchAction\",\"target\":{\"@type\":\"EntryPoint\",\"urlTemplate\":\"https:\\\/\\\/lospoliticosveracruz.com\\\/?s={search_term_string}\"},\"query-input\":{\"@type\":\"PropertyValueSpecification\",\"valueRequired\":true,\"valueName\":\"search_term_string\"}}],\"inLanguage\":\"es\"},{\"@type\":\"Organization\",\"@id\":\"https:\\\/\\\/lospoliticosveracruz.com\\\/#organization\",\"name\":\"Los pol\u00edticos Veracruz\",\"url\":\"https:\\\/\\\/lospoliticosveracruz.com\\\/\",\"logo\":{\"@type\":\"ImageObject\",\"inLanguage\":\"es\",\"@id\":\"https:\\\/\\\/lospoliticosveracruz.com\\\/#\\\/schema\\\/logo\\\/image\\\/\",\"url\":\"https:\\\/\\\/lospoliticosveracruz.com\\\/wp-content\\\/uploads\\\/2025\\\/12\\\/Logo-Nuevo-LOS-POLITICOS-1.jpg\",\"contentUrl\":\"https:\\\/\\\/lospoliticosveracruz.com\\\/wp-content\\\/uploads\\\/2025\\\/12\\\/Logo-Nuevo-LOS-POLITICOS-1.jpg\",\"width\":260,\"height\":70,\"caption\":\"Los pol\u00edticos Veracruz\"},\"image\":{\"@id\":\"https:\\\/\\\/lospoliticosveracruz.com\\\/#\\\/schema\\\/logo\\\/image\\\/\"},\"sameAs\":[\"https:\\\/\\\/www.facebook.com\\\/people\\\/Notimemes-de-los-Polticos\\\/61565672886568\\\/\",\"https:\\\/\\\/x.com\\\/LosPoliticosVer\"]},{\"@type\":\"Person\",\"@id\":\"https:\\\/\\\/lospoliticosveracruz.com\\\/#\\\/schema\\\/person\\\/b8702bb0e538456e6efd07080bf2a4a2\",\"name\":\"Lo viste en Los Pol\u00edticos\",\"image\":{\"@type\":\"ImageObject\",\"inLanguage\":\"es\",\"@id\":\"https:\\\/\\\/secure.gravatar.com\\\/avatar\\\/3a8de04a2656d44082be478bd6c086daa447c4651605818287b9532d3d0bd435?s=96&d=mm&r=g\",\"url\":\"https:\\\/\\\/secure.gravatar.com\\\/avatar\\\/3a8de04a2656d44082be478bd6c086daa447c4651605818287b9532d3d0bd435?s=96&d=mm&r=g\",\"contentUrl\":\"https:\\\/\\\/secure.gravatar.com\\\/avatar\\\/3a8de04a2656d44082be478bd6c086daa447c4651605818287b9532d3d0bd435?s=96&d=mm&r=g\",\"caption\":\"Lo viste en Los Pol\u00edticos\"},\"url\":\"https:\\\/\\\/lospoliticosveracruz.com\\\/?author=2\"}]}<\/script>\n<!-- \/ Yoast SEO plugin. -->","yoast_head_json":{"title":"Fondo para mercados y tianguis, propondr\u00e1 Maryjose - Los pol\u00edticos Veracruz","robots":{"index":"index","follow":"follow","max-snippet":"max-snippet:-1","max-image-preview":"max-image-preview:large","max-video-preview":"max-video-preview:-1"},"canonical":"https:\/\/lospoliticosveracruz.com\/?p=71023","og_locale":"es_ES","og_type":"article","og_title":"Fondo para mercados y tianguis, propondr\u00e1 Maryjose - Los pol\u00edticos Veracruz","og_description":"VeracruzDurante su recorrido de campa\u00f1a por el mercado Malibr\u00e1n, la candidata a la diputaci\u00f3n federal por el Distrito 12 Veracruz de la alianza \u201cVa por M\u00e9xico\u201d integrada por el PAN-PRI-PRD, Maryjose Gamboa Torales, se comprometi\u00f3 con los comerciantes llevar su voz a la M\u00e1xima Tribuna del pa\u00eds y proponer la creaci\u00f3n de un fondo para [&hellip;]","og_url":"https:\/\/lospoliticosveracruz.com\/?p=71023","og_site_name":"Los pol\u00edticos Veracruz","article_publisher":"https:\/\/www.facebook.com\/people\/Notimemes-de-los-Polticos\/61565672886568\/","article_published_time":"2021-04-15T13:26:58+00:00","article_modified_time":"2021-04-15T13:27:03+00:00","og_image":[{"url":"http:\/\/www.lospoliticosveracruz.com.mx\/wp-content\/uploads\/2021\/04\/Cordoba-403-anos-06.png","type":"","width":"","height":""}],"author":"Lo viste en Los Pol\u00edticos","twitter_card":"summary_large_image","twitter_creator":"@LosPoliticosVer","twitter_site":"@LosPoliticosVer","twitter_misc":{"Escrito por":"Lo viste en Los Pol\u00edticos","Tiempo de lectura":"2 minutos"},"schema":{"@context":"https:\/\/schema.org","@graph":[{"@type":"Article","@id":"https:\/\/lospoliticosveracruz.com\/?p=71023#article","isPartOf":{"@id":"https:\/\/lospoliticosveracruz.com\/?p=71023"},"author":{"name":"Lo viste en Los Pol\u00edticos","@id":"https:\/\/lospoliticosveracruz.com\/#\/schema\/person\/b8702bb0e538456e6efd07080bf2a4a2"},"headline":"Fondo para mercados y tianguis, propondr\u00e1 Maryjose","datePublished":"2021-04-15T13:26:58+00:00","dateModified":"2021-04-15T13:27:03+00:00","mainEntityOfPage":{"@id":"https:\/\/lospoliticosveracruz.com\/?p=71023"},"wordCount":317,"publisher":{"@id":"https:\/\/lospoliticosveracruz.com\/#organization"},"image":{"@id":"https:\/\/lospoliticosveracruz.com\/?p=71023#primaryimage"},"thumbnailUrl":"http:\/\/www.lospoliticosveracruz.com.mx\/wp-content\/uploads\/2021\/04\/Cordoba-403-anos-06.png","keywords":["Distrito 12 Veracruz","Maryjose Gamboa Torales","Mercado Malibr\u00e1n","PAN-PRI-PRD","Va por M\u00e9xico"],"articleSection":["De Boleto"],"inLanguage":"es"},{"@type":"WebPage","@id":"https:\/\/lospoliticosveracruz.com\/?p=71023","url":"https:\/\/lospoliticosveracruz.com\/?p=71023","name":"Fondo para mercados y tianguis, propondr\u00e1 Maryjose - Los pol\u00edticos Veracruz","isPartOf":{"@id":"https:\/\/lospoliticosveracruz.com\/#website"},"primaryImageOfPage":{"@id":"https:\/\/lospoliticosveracruz.com\/?p=71023#primaryimage"},"image":{"@id":"https:\/\/lospoliticosveracruz.com\/?p=71023#primaryimage"},"thumbnailUrl":"http:\/\/www.lospoliticosveracruz.com.mx\/wp-content\/uploads\/2021\/04\/Cordoba-403-anos-06.png","datePublished":"2021-04-15T13:26:58+00:00","dateModified":"2021-04-15T13:27:03+00:00","breadcrumb":{"@id":"https:\/\/lospoliticosveracruz.com\/?p=71023#breadcrumb"},"inLanguage":"es","potentialAction":[{"@type":"ReadAction","target":["https:\/\/lospoliticosveracruz.com\/?p=71023"]}]},{"@type":"ImageObject","inLanguage":"es","@id":"https:\/\/lospoliticosveracruz.com\/?p=71023#primaryimage","url":"http:\/\/www.lospoliticosveracruz.com.mx\/wp-content\/uploads\/2021\/04\/Cordoba-403-anos-06.png","contentUrl":"http:\/\/www.lospoliticosveracruz.com.mx\/wp-content\/uploads\/2021\/04\/Cordoba-403-anos-06.png"},{"@type":"BreadcrumbList","@id":"https:\/\/lospoliticosveracruz.com\/?p=71023#breadcrumb","itemListElement":[{"@type":"ListItem","position":1,"name":"Portada","item":"https:\/\/lospoliticosveracruz.com\/"},{"@type":"ListItem","position":2,"name":"Fondo para mercados y tianguis, propondr\u00e1 Maryjose"}]},{"@type":"WebSite","@id":"https:\/\/lospoliticosveracruz.com\/#website","url":"https:\/\/lospoliticosveracruz.com\/","name":"Los pol\u00edticos Veracruz","description":"","publisher":{"@id":"https:\/\/lospoliticosveracruz.com\/#organization"},"potentialAction":[{"@type":"SearchAction","target":{"@type":"EntryPoint","urlTemplate":"https:\/\/lospoliticosveracruz.com\/?s={search_term_string}"},"query-input":{"@type":"PropertyValueSpecification","valueRequired":true,"valueName":"search_term_string"}}],"inLanguage":"es"},{"@type":"Organization","@id":"https:\/\/lospoliticosveracruz.com\/#organization","name":"Los pol\u00edticos Veracruz","url":"https:\/\/lospoliticosveracruz.com\/","logo":{"@type":"ImageObject","inLanguage":"es","@id":"https:\/\/lospoliticosveracruz.com\/#\/schema\/logo\/image\/","url":"https:\/\/lospoliticosveracruz.com\/wp-content\/uploads\/2025\/12\/Logo-Nuevo-LOS-POLITICOS-1.jpg","contentUrl":"https:\/\/lospoliticosveracruz.com\/wp-content\/uploads\/2025\/12\/Logo-Nuevo-LOS-POLITICOS-1.jpg","width":260,"height":70,"caption":"Los pol\u00edticos Veracruz"},"image":{"@id":"https:\/\/lospoliticosveracruz.com\/#\/schema\/logo\/image\/"},"sameAs":["https:\/\/www.facebook.com\/people\/Notimemes-de-los-Polticos\/61565672886568\/","https:\/\/x.com\/LosPoliticosVer"]},{"@type":"Person","@id":"https:\/\/lospoliticosveracruz.com\/#\/schema\/person\/b8702bb0e538456e6efd07080bf2a4a2","name":"Lo viste en Los Pol\u00edticos","image":{"@type":"ImageObject","inLanguage":"es","@id":"https:\/\/secure.gravatar.com\/avatar\/3a8de04a2656d44082be478bd6c086daa447c4651605818287b9532d3d0bd435?s=96&d=mm&r=g","url":"https:\/\/secure.gravatar.com\/avatar\/3a8de04a2656d44082be478bd6c086daa447c4651605818287b9532d3d0bd435?s=96&d=mm&r=g","contentUrl":"https:\/\/secure.gravatar.com\/avatar\/3a8de04a2656d44082be478bd6c086daa447c4651605818287b9532d3d0bd435?s=96&d=mm&r=g","caption":"Lo viste en Los Pol\u00edticos"},"url":"https:\/\/lospoliticosveracruz.com\/?author=2"}]}},"_links":{"self":[{"href":"https:\/\/lospoliticosveracruz.com\/index.php?rest_route=\/wp\/v2\/posts\/71023","targetHints":{"allow":["GET"]}}],"collection":[{"href":"https:\/\/lospoliticosveracruz.com\/index.php?rest_route=\/wp\/v2\/posts"}],"about":[{"href":"https:\/\/lospoliticosveracruz.com\/index.php?rest_route=\/wp\/v2\/types\/post"}],"author":[{"embeddable":true,"href":"https:\/\/lospoliticosveracruz.com\/index.php?rest_route=\/wp\/v2\/users\/2"}],"replies":[{"embeddable":true,"href":"https:\/\/lospoliticosveracruz.com\/index.php?rest_route=%2Fwp%2Fv2%2Fcomments&post=71023"}],"version-history":[{"count":1,"href":"https:\/\/lospoliticosveracruz.com\/index.php?rest_route=\/wp\/v2\/posts\/71023\/revisions"}],"predecessor-version":[{"id":71025,"href":"https:\/\/lospoliticosveracruz.com\/index.php?rest_route=\/wp\/v2\/posts\/71023\/revisions\/71025"}],"wp:attachment":[{"href":"https:\/\/lospoliticosveracruz.com\/index.php?rest_route=%2Fwp%2Fv2%2Fmedia&parent=71023"}],"wp:term":[{"taxonomy":"category","embeddable":true,"href":"https:\/\/lospoliticosveracruz.com\/index.php?rest_route=%2Fwp%2Fv2%2Fcategories&post=71023"},{"taxonomy":"post_tag","embeddable":true,"href":"https:\/\/lospoliticosveracruz.com\/index.php?rest_route=%2Fwp%2Fv2%2Ftags&post=71023"}],"curies":[{"name":"wp","href":"https:\/\/api.w.org\/{rel}","templated":true}]}}