{"id":71143,"date":"2021-04-18T14:14:22","date_gmt":"2021-04-18T19:14:22","guid":{"rendered":"http:\/\/www.lospoliticosveracruz.com.mx\/?p=71143"},"modified":"2021-04-20T18:05:12","modified_gmt":"2021-04-20T23:05:12","slug":"morena-pone-al-presidente-de-la-scjn-en-el-ojo-del-huracan","status":"publish","type":"post","link":"https:\/\/lospoliticosveracruz.com\/?p=71143","title":{"rendered":"Morena pone al presidente de la SCJN en el ojo del hurac\u00e1n"},"content":{"rendered":"\n<p><strong>Emilio C\u00e1rdenas Escobosa&nbsp;<\/strong><\/p>\n\n\n\n<p><em>De Inter\u00e9s P\u00fablico&nbsp;<\/em><strong>&nbsp;<\/strong><\/p>\n\n\n\n<p>Un elemento central para que la relaci\u00f3n entre gobernantes y gobernados transite sin mayores sobresaltos en cualquier naci\u00f3n que se precie de ser democr\u00e1tica es la confianza en la aplicaci\u00f3n de la ley. Sin embargo, en M\u00e9xico su plena vigencia y el funcionamiento de un sistema judicial justo, predecible y confiable, sigue siendo a\u00fan una aspiraci\u00f3n constitucional y demanda cotidiana de la poblaci\u00f3n.&nbsp;<\/p>\n\n\n\n<div class=\"wp-block-image\"><figure class=\"alignleft size-large is-resized\"><a href=\"http:\/\/www.lospoliticosveracruz.com.mx\/wp-content\/uploads\/2021\/04\/Cordoba-403-anos-01.png\"><img loading=\"lazy\" decoding=\"async\" src=\"http:\/\/www.lospoliticosveracruz.com.mx\/wp-content\/uploads\/2021\/04\/Cordoba-403-anos-01.png\" alt=\"\" class=\"wp-image-70673\" width=\"300\" height=\"250\"\/><\/a><\/figure><\/div>\n\n\n\n<p>Ante ese grave d\u00e9ficit de nuestra vida democr\u00e1tica, la pertinencia de avanzar en la reforma al Poder Judicial est\u00e1 fuera de toda duda. Por lo general al Judicial se le sigue considerando un espacio aparte, en el que a sus miembros se les ve ocupados s\u00f3lo en conservar inmensos privilegios salariales y exorbitantes prestaciones que no se otorgan al com\u00fan de los trabajadores mortales. Y ello a pesar de que en la nueva relaci\u00f3n entre los poderes Ejecutivo y Legislativo y entre estos y los \u00f3rdenes de gobierno se reclama la constante intervenci\u00f3n de la Suprema Corte de Justicia en la resoluci\u00f3n de conflictos.&nbsp;<\/p>\n\n\n\n<p>La genuina transformaci\u00f3n M\u00e9xico, no la del discurso auto celebratorio de la llamada Cuarta Transformaci\u00f3n, supone como requisito indispensable la existencia de equilibrio entre poderes, de un Poder Judicial independiente, sometido \u00fanicamente al imperio de la ley.&nbsp;&nbsp;<\/p>\n\n\n\n<div class=\"wp-block-image\"><figure class=\"alignleft size-large is-resized\"><a href=\"http:\/\/www.lospoliticosveracruz.com.mx\/wp-content\/uploads\/2021\/04\/Tecajetes.jpeg\"><img loading=\"lazy\" decoding=\"async\" src=\"http:\/\/www.lospoliticosveracruz.com.mx\/wp-content\/uploads\/2021\/04\/Tecajetes.jpeg\" alt=\"\" class=\"wp-image-71008\" width=\"296\" height=\"432\"\/><\/a><\/figure><\/div>\n\n\n\n<p>No obstante, lo acontecido este pasado jueves en el Senado de la Rep\u00fablica, nos indica lo contrario.&nbsp;<\/p>\n\n\n\n<p>En una pol\u00e9mica votaci\u00f3n, denunciada como \u201calbazo\u201d e incluso como un \u201cgolpe de estado\u201d, Morena y aliados, el grupo mayoritario en la C\u00e1mara Alta, impuls\u00f3 un apartado en la reforma secundaria al Poder Judicial para ampliar el mandato del ministro Arturo Zald\u00edvar como presidente de la Suprema Corte de Justicia de la Naci\u00f3n (SCJN) de cuatro a\u00f1os a seis a\u00f1os.&nbsp;<\/p>\n\n\n\n<p>El Senado aprob\u00f3 en lo general y en lo espec\u00edfico las modificaciones a las leyes secundarias del Poder Judicial, para completar la reforma m\u00e1s ambiciosa en los \u00faltimos 25 a\u00f1os, con lo que buscan principalmente el combate al nepotismo, la corrupci\u00f3n y el acoso y abuso sexuales. Con 92 votos a favor, 19 en contra y dos abstenciones, se aprob\u00f3 en lo general y los art\u00edculos no reservados de la Ley Org\u00e1nica del Poder Judicial de la Federaci\u00f3n, parte de las leyes secundarias de la Reforma Judicial.&nbsp;<\/p>\n\n\n\n<p>Sin embargo, en la discusi\u00f3n en lo espec\u00edfico, Morena agreg\u00f3 subrepticiamente un art\u00edculo transitorio para ampliar la presidencia del ministro Arturo Zald\u00edvar al frente de la Suprema Corte de Justicia de la Naci\u00f3n (SCJN), lo que provoc\u00f3 pol\u00e9mica, acusaciones e incluso cruce de insultos entre los legisladores en el Pleno de la C\u00e1mara Alta.&nbsp;<\/p>\n\n\n\n<div class=\"wp-block-image\"><figure class=\"alignleft size-large is-resized\"><a href=\"https:\/\/www.facebook.com\/235572229830246\/posts\/3695468387173929\/?d=n\"><img loading=\"lazy\" decoding=\"async\" src=\"http:\/\/www.lospoliticosveracruz.com.mx\/wp-content\/uploads\/2021\/04\/Concurso.jpg\" alt=\"\" class=\"wp-image-70543\" width=\"350\" height=\"220\"\/><\/a><\/figure><\/div>\n\n\n\n<p>El art\u00edculo transitorio argumenta que la ampliaci\u00f3n de los mandatos es con el fin de implementar la reforma constitucional al Poder Judicial de la Federaci\u00f3n publicada en el Diario Oficial de la Federaci\u00f3n de 11 de marzo de 2021 y las leyes reglamentarias, de acuerdo con el documento que la oposici\u00f3n denunci\u00f3 que no fue compartido con ellos hasta el final de la votaci\u00f3n.&nbsp;<\/p>\n\n\n\n<p>Con esta pr\u00f3rroga el actual presidente de la Corte concluir\u00eda su periodo a la par que el del presidente L\u00f3pez Obrador, quien en su conferencia ma\u00f1anera defendi\u00f3, como es l\u00f3gico, la pr\u00f3rroga.&nbsp;<\/p>\n\n\n\n<p>Sin embargo, dado lo pol\u00e9mico y escandaloso del tema que insertaron los senadores de Morena y sus aliados en la reforma, el propio Consejo de la Judicatura Federal se deslind\u00f3 de la ampliaci\u00f3n de mandato para su presidente, Arturo Zald\u00edvar, y sostuvo que el art\u00edculo transitorio \u201cno solo no fue elaborado por el equipo redactor de las propuestas originales, sino tampoco fue solicitado por el Poder Judicial Federal\u201d.&nbsp;<\/p>\n\n\n\n<p>Como era previsible diversas senadoras y senadores consideraron como un acto inconstitucional la aprobaci\u00f3n del art\u00edculo transitorio que ampl\u00eda el cargo del ministro presidente de la SCJN. Opini\u00f3n en la que coinciden expertos y destacados juristas.&nbsp;<\/p>\n\n\n\n<p>Jos\u00e9 Ram\u00f3n Coss\u00edo, exministro de la Suprema Corte de la Naci\u00f3n entre 2003 y 2018, calific\u00f3 la ampliaci\u00f3n del periodo de Zald\u00edvar como un acto de \u201creelecci\u00f3n\u201d, al citar una parte del art\u00edculo 97 de la Constituci\u00f3n, el cual refiere que el presidente de la Suprema Corte de Justicia de la Naci\u00f3n, no podr\u00e1 ser reelecto para el per\u00edodo inmediato posterior. Diego Valadez, tambi\u00e9n exministro de la Suprema Corte, sostuvo que el periodo del ministro presidente es \u201cimprorrogable\u201d y fue m\u00e1s all\u00e1 al acusar que la ampliaci\u00f3n del periodo del presidente denota una falta de respeto por la Constituci\u00f3n y es un acto de ignorancia y un \u201cllamativo descuido\u201d en el proceso legislativo.&nbsp;&nbsp;<\/p>\n\n\n\n<p>Emilio \u00c1lvarez Icaza, senador y exsecretario ejecutivo de la Comisi\u00f3n Interamericana de Derechos Humanos, mencion\u00f3 que el presidente de la Corte \u201cdebe de rechazar\u201d la ampliaci\u00f3n de su periodo y \u201crechazar el Golpe de Estado de los senadores de Morena\u201d&nbsp;<\/p>\n\n\n\n<p>La Ley Org\u00e1nica del Poder Judicial de la Federaci\u00f3n no puede modificar la Constituci\u00f3n, coinciden los expertos y esperan que en la C\u00e1mara de Diputados ser\u00e1 corregido este art\u00edculo transitorio y, en todo caso, si el caso llegara a la propia SCJN deber\u00e1 ser rechazado por unanimidad por ser inconstitucional.&nbsp;<\/p>\n\n\n\n<p>Argumentar, como lo hicieron las bancadas aliadas a Morena en el Senado, que la pandemia ralentiz\u00f3 el trabajo de la SJCN y por ello hay que darle un \u201ctiempo de compensaci\u00f3n\u201d a su presidente es jugar con la Constituci\u00f3n de manera muy irresponsable.&nbsp;&nbsp;<\/p>\n\n\n\n<p>Lo menos que se ha dicho es que con la ampliaci\u00f3n del periodo del presidente de la Suprema Corte prosigue el proceso de concentraci\u00f3n de poder y de sometimiento de los poderes al Ejecutivo Federal. Morena puso innecesariamente al presidente de la SCJN en el ojo del hurac\u00e1n.&nbsp;<\/p>\n\n\n\n<p>Bajo esa l\u00f3gica, con la mano en la cintura, y si conservan la mayor\u00eda de la C\u00e1mara de Diputados tras las elecciones del 6 de junio, pueden plantear exactamente lo mismo en el caso del mandato del presidente de la rep\u00fablica: que hay que darle tambi\u00e9n tiempo extra para que complete la Cuarta Transformaci\u00f3n.&nbsp;<\/p>\n\n\n\n<p>El prop\u00f3sito de un retorno al pasado, a tiempo del presidencialismo sin controles ni contrapesos, no descansa ni en tiempos de pandemia.&nbsp;<\/p>\n\n\n\n<p><a href=\"mailto:jecesco@hotmail.com\" target=\"_blank\" rel=\"noreferrer noopener\">jecesco@hotmail.com<\/a>&nbsp;<\/p>\n\n\n\n<p><a href=\"http:\/\/www.deinterespublico.com\/\" target=\"_blank\" rel=\"noreferrer noopener\">www.deinterespublico.com<\/a><\/p>\n","protected":false},"excerpt":{"rendered":"<p>Emilio C\u00e1rdenas Escobosa&nbsp; De Inter\u00e9s P\u00fablico&nbsp;&nbsp; Un elemento central para que la relaci\u00f3n entre gobernantes y gobernados transite sin mayores sobresaltos en cualquier naci\u00f3n que se precie de ser democr\u00e1tica es la confianza en la aplicaci\u00f3n de la ley. Sin embargo, en M\u00e9xico su plena vigencia y el funcionamiento de un sistema judicial justo, predecible [&hellip;]<\/p>\n","protected":false},"author":2,"featured_media":65620,"comment_status":"closed","ping_status":"closed","sticky":false,"template":"","format":"standard","meta":{"tdm_status":"","tdm_grid_status":"","footnotes":""},"categories":[70],"tags":[12744,27423,1432,27426,395,1026,82,3965,711],"class_list":{"0":"post-71143","1":"post","2":"type-post","3":"status-publish","4":"format-standard","5":"has-post-thumbnail","7":"category-de-opinion","8":"tag-cuarta-transformacion","9":"tag-de-interes-publico","10":"tag-emilio-cardenas-escobosa","11":"tag-jose-ramon-cossio","12":"tag-mexico","13":"tag-morena","14":"tag-poder-judicial","15":"tag-scjn","16":"tag-senado"},"yoast_head":"<!-- This site is optimized with the Yoast SEO plugin v27.4 - https:\/\/yoast.com\/product\/yoast-seo-wordpress\/ -->\n<title>Morena pone al presidente de la SCJN en el ojo del hurac\u00e1n - Los pol\u00edticos Veracruz<\/title>\n<meta name=\"robots\" content=\"index, follow, max-snippet:-1, max-image-preview:large, max-video-preview:-1\" \/>\n<link rel=\"canonical\" href=\"https:\/\/lospoliticosveracruz.com\/?p=71143\" \/>\n<meta property=\"og:locale\" content=\"es_ES\" \/>\n<meta property=\"og:type\" content=\"article\" \/>\n<meta property=\"og:title\" content=\"Morena pone al presidente de la SCJN en el ojo del hurac\u00e1n - Los pol\u00edticos Veracruz\" \/>\n<meta property=\"og:description\" content=\"Emilio C\u00e1rdenas Escobosa&nbsp; De Inter\u00e9s P\u00fablico&nbsp;&nbsp; Un elemento central para que la relaci\u00f3n entre gobernantes y gobernados transite sin mayores sobresaltos en cualquier naci\u00f3n que se precie de ser democr\u00e1tica es la confianza en la aplicaci\u00f3n de la ley. Sin embargo, en M\u00e9xico su plena vigencia y el funcionamiento de un sistema judicial justo, predecible [&hellip;]\" \/>\n<meta property=\"og:url\" content=\"https:\/\/lospoliticosveracruz.com\/?p=71143\" \/>\n<meta property=\"og:site_name\" content=\"Los pol\u00edticos Veracruz\" \/>\n<meta property=\"article:publisher\" content=\"https:\/\/www.facebook.com\/people\/Notimemes-de-los-Polticos\/61565672886568\/\" \/>\n<meta property=\"article:published_time\" content=\"2021-04-18T19:14:22+00:00\" \/>\n<meta property=\"article:modified_time\" content=\"2021-04-20T23:05:12+00:00\" \/>\n<meta property=\"og:image\" content=\"https:\/\/lospoliticosveracruz.com\/wp-content\/uploads\/2020\/12\/Arturo-Zald\u00edvar-Lelo-de-Larrea.jpg\" \/>\n\t<meta property=\"og:image:width\" content=\"650\" \/>\n\t<meta property=\"og:image:height\" content=\"350\" \/>\n\t<meta property=\"og:image:type\" content=\"image\/jpeg\" \/>\n<meta name=\"author\" content=\"Lo viste en Los Pol\u00edticos\" \/>\n<meta name=\"twitter:card\" content=\"summary_large_image\" \/>\n<meta name=\"twitter:creator\" content=\"@LosPoliticosVer\" \/>\n<meta name=\"twitter:site\" content=\"@LosPoliticosVer\" \/>\n<meta name=\"twitter:label1\" content=\"Escrito por\" \/>\n\t<meta name=\"twitter:data1\" content=\"Lo viste en Los Pol\u00edticos\" \/>\n\t<meta name=\"twitter:label2\" content=\"Tiempo de lectura\" \/>\n\t<meta name=\"twitter:data2\" content=\"6 minutos\" \/>\n<script type=\"application\/ld+json\" class=\"yoast-schema-graph\">{\"@context\":\"https:\\\/\\\/schema.org\",\"@graph\":[{\"@type\":\"Article\",\"@id\":\"https:\\\/\\\/lospoliticosveracruz.com\\\/?p=71143#article\",\"isPartOf\":{\"@id\":\"https:\\\/\\\/lospoliticosveracruz.com\\\/?p=71143\"},\"author\":{\"name\":\"Lo viste en Los Pol\u00edticos\",\"@id\":\"https:\\\/\\\/lospoliticosveracruz.com\\\/#\\\/schema\\\/person\\\/b8702bb0e538456e6efd07080bf2a4a2\"},\"headline\":\"Morena pone al presidente de la SCJN en el ojo del hurac\u00e1n\",\"datePublished\":\"2021-04-18T19:14:22+00:00\",\"dateModified\":\"2021-04-20T23:05:12+00:00\",\"mainEntityOfPage\":{\"@id\":\"https:\\\/\\\/lospoliticosveracruz.com\\\/?p=71143\"},\"wordCount\":1129,\"publisher\":{\"@id\":\"https:\\\/\\\/lospoliticosveracruz.com\\\/#organization\"},\"image\":{\"@id\":\"https:\\\/\\\/lospoliticosveracruz.com\\\/?p=71143#primaryimage\"},\"thumbnailUrl\":\"https:\\\/\\\/lospoliticosveracruz.com\\\/wp-content\\\/uploads\\\/2020\\\/12\\\/Arturo-Zald\u00edvar-Lelo-de-Larrea.jpg\",\"keywords\":[\"Cuarta Transformaci\u00f3n\",\"De Inter\u00e9s P\u00fablico\",\"Emilio C\u00e1rdenas Escobosa\",\"Jos\u00e9 Ram\u00f3n Coss\u00edo\",\"M\u00e9xico\",\"Morena\",\"Poder Judicial\",\"SCJN\",\"Senado\"],\"articleSection\":[\"De Opini\u00f3n\"],\"inLanguage\":\"es\"},{\"@type\":\"WebPage\",\"@id\":\"https:\\\/\\\/lospoliticosveracruz.com\\\/?p=71143\",\"url\":\"https:\\\/\\\/lospoliticosveracruz.com\\\/?p=71143\",\"name\":\"Morena pone al presidente de la SCJN en el ojo del hurac\u00e1n - Los pol\u00edticos Veracruz\",\"isPartOf\":{\"@id\":\"https:\\\/\\\/lospoliticosveracruz.com\\\/#website\"},\"primaryImageOfPage\":{\"@id\":\"https:\\\/\\\/lospoliticosveracruz.com\\\/?p=71143#primaryimage\"},\"image\":{\"@id\":\"https:\\\/\\\/lospoliticosveracruz.com\\\/?p=71143#primaryimage\"},\"thumbnailUrl\":\"https:\\\/\\\/lospoliticosveracruz.com\\\/wp-content\\\/uploads\\\/2020\\\/12\\\/Arturo-Zald\u00edvar-Lelo-de-Larrea.jpg\",\"datePublished\":\"2021-04-18T19:14:22+00:00\",\"dateModified\":\"2021-04-20T23:05:12+00:00\",\"breadcrumb\":{\"@id\":\"https:\\\/\\\/lospoliticosveracruz.com\\\/?p=71143#breadcrumb\"},\"inLanguage\":\"es\",\"potentialAction\":[{\"@type\":\"ReadAction\",\"target\":[\"https:\\\/\\\/lospoliticosveracruz.com\\\/?p=71143\"]}]},{\"@type\":\"ImageObject\",\"inLanguage\":\"es\",\"@id\":\"https:\\\/\\\/lospoliticosveracruz.com\\\/?p=71143#primaryimage\",\"url\":\"https:\\\/\\\/lospoliticosveracruz.com\\\/wp-content\\\/uploads\\\/2020\\\/12\\\/Arturo-Zald\u00edvar-Lelo-de-Larrea.jpg\",\"contentUrl\":\"https:\\\/\\\/lospoliticosveracruz.com\\\/wp-content\\\/uploads\\\/2020\\\/12\\\/Arturo-Zald\u00edvar-Lelo-de-Larrea.jpg\",\"width\":650,\"height\":350},{\"@type\":\"BreadcrumbList\",\"@id\":\"https:\\\/\\\/lospoliticosveracruz.com\\\/?p=71143#breadcrumb\",\"itemListElement\":[{\"@type\":\"ListItem\",\"position\":1,\"name\":\"Portada\",\"item\":\"https:\\\/\\\/lospoliticosveracruz.com\\\/\"},{\"@type\":\"ListItem\",\"position\":2,\"name\":\"Morena pone al presidente de la SCJN en el ojo del hurac\u00e1n\"}]},{\"@type\":\"WebSite\",\"@id\":\"https:\\\/\\\/lospoliticosveracruz.com\\\/#website\",\"url\":\"https:\\\/\\\/lospoliticosveracruz.com\\\/\",\"name\":\"Los pol\u00edticos Veracruz\",\"description\":\"\",\"publisher\":{\"@id\":\"https:\\\/\\\/lospoliticosveracruz.com\\\/#organization\"},\"potentialAction\":[{\"@type\":\"SearchAction\",\"target\":{\"@type\":\"EntryPoint\",\"urlTemplate\":\"https:\\\/\\\/lospoliticosveracruz.com\\\/?s={search_term_string}\"},\"query-input\":{\"@type\":\"PropertyValueSpecification\",\"valueRequired\":true,\"valueName\":\"search_term_string\"}}],\"inLanguage\":\"es\"},{\"@type\":\"Organization\",\"@id\":\"https:\\\/\\\/lospoliticosveracruz.com\\\/#organization\",\"name\":\"Los pol\u00edticos Veracruz\",\"url\":\"https:\\\/\\\/lospoliticosveracruz.com\\\/\",\"logo\":{\"@type\":\"ImageObject\",\"inLanguage\":\"es\",\"@id\":\"https:\\\/\\\/lospoliticosveracruz.com\\\/#\\\/schema\\\/logo\\\/image\\\/\",\"url\":\"https:\\\/\\\/lospoliticosveracruz.com\\\/wp-content\\\/uploads\\\/2025\\\/12\\\/Logo-Nuevo-LOS-POLITICOS-1.jpg\",\"contentUrl\":\"https:\\\/\\\/lospoliticosveracruz.com\\\/wp-content\\\/uploads\\\/2025\\\/12\\\/Logo-Nuevo-LOS-POLITICOS-1.jpg\",\"width\":260,\"height\":70,\"caption\":\"Los pol\u00edticos Veracruz\"},\"image\":{\"@id\":\"https:\\\/\\\/lospoliticosveracruz.com\\\/#\\\/schema\\\/logo\\\/image\\\/\"},\"sameAs\":[\"https:\\\/\\\/www.facebook.com\\\/people\\\/Notimemes-de-los-Polticos\\\/61565672886568\\\/\",\"https:\\\/\\\/x.com\\\/LosPoliticosVer\"]},{\"@type\":\"Person\",\"@id\":\"https:\\\/\\\/lospoliticosveracruz.com\\\/#\\\/schema\\\/person\\\/b8702bb0e538456e6efd07080bf2a4a2\",\"name\":\"Lo viste en Los Pol\u00edticos\",\"image\":{\"@type\":\"ImageObject\",\"inLanguage\":\"es\",\"@id\":\"https:\\\/\\\/secure.gravatar.com\\\/avatar\\\/3a8de04a2656d44082be478bd6c086daa447c4651605818287b9532d3d0bd435?s=96&d=mm&r=g\",\"url\":\"https:\\\/\\\/secure.gravatar.com\\\/avatar\\\/3a8de04a2656d44082be478bd6c086daa447c4651605818287b9532d3d0bd435?s=96&d=mm&r=g\",\"contentUrl\":\"https:\\\/\\\/secure.gravatar.com\\\/avatar\\\/3a8de04a2656d44082be478bd6c086daa447c4651605818287b9532d3d0bd435?s=96&d=mm&r=g\",\"caption\":\"Lo viste en Los Pol\u00edticos\"},\"url\":\"https:\\\/\\\/lospoliticosveracruz.com\\\/?author=2\"}]}<\/script>\n<!-- \/ Yoast SEO plugin. -->","yoast_head_json":{"title":"Morena pone al presidente de la SCJN en el ojo del hurac\u00e1n - Los pol\u00edticos Veracruz","robots":{"index":"index","follow":"follow","max-snippet":"max-snippet:-1","max-image-preview":"max-image-preview:large","max-video-preview":"max-video-preview:-1"},"canonical":"https:\/\/lospoliticosveracruz.com\/?p=71143","og_locale":"es_ES","og_type":"article","og_title":"Morena pone al presidente de la SCJN en el ojo del hurac\u00e1n - Los pol\u00edticos Veracruz","og_description":"Emilio C\u00e1rdenas Escobosa&nbsp; De Inter\u00e9s P\u00fablico&nbsp;&nbsp; Un elemento central para que la relaci\u00f3n entre gobernantes y gobernados transite sin mayores sobresaltos en cualquier naci\u00f3n que se precie de ser democr\u00e1tica es la confianza en la aplicaci\u00f3n de la ley. Sin embargo, en M\u00e9xico su plena vigencia y el funcionamiento de un sistema judicial justo, predecible [&hellip;]","og_url":"https:\/\/lospoliticosveracruz.com\/?p=71143","og_site_name":"Los pol\u00edticos Veracruz","article_publisher":"https:\/\/www.facebook.com\/people\/Notimemes-de-los-Polticos\/61565672886568\/","article_published_time":"2021-04-18T19:14:22+00:00","article_modified_time":"2021-04-20T23:05:12+00:00","og_image":[{"width":650,"height":350,"url":"https:\/\/lospoliticosveracruz.com\/wp-content\/uploads\/2020\/12\/Arturo-Zald\u00edvar-Lelo-de-Larrea.jpg","type":"image\/jpeg"}],"author":"Lo viste en Los Pol\u00edticos","twitter_card":"summary_large_image","twitter_creator":"@LosPoliticosVer","twitter_site":"@LosPoliticosVer","twitter_misc":{"Escrito por":"Lo viste en Los Pol\u00edticos","Tiempo de lectura":"6 minutos"},"schema":{"@context":"https:\/\/schema.org","@graph":[{"@type":"Article","@id":"https:\/\/lospoliticosveracruz.com\/?p=71143#article","isPartOf":{"@id":"https:\/\/lospoliticosveracruz.com\/?p=71143"},"author":{"name":"Lo viste en Los Pol\u00edticos","@id":"https:\/\/lospoliticosveracruz.com\/#\/schema\/person\/b8702bb0e538456e6efd07080bf2a4a2"},"headline":"Morena pone al presidente de la SCJN en el ojo del hurac\u00e1n","datePublished":"2021-04-18T19:14:22+00:00","dateModified":"2021-04-20T23:05:12+00:00","mainEntityOfPage":{"@id":"https:\/\/lospoliticosveracruz.com\/?p=71143"},"wordCount":1129,"publisher":{"@id":"https:\/\/lospoliticosveracruz.com\/#organization"},"image":{"@id":"https:\/\/lospoliticosveracruz.com\/?p=71143#primaryimage"},"thumbnailUrl":"https:\/\/lospoliticosveracruz.com\/wp-content\/uploads\/2020\/12\/Arturo-Zald\u00edvar-Lelo-de-Larrea.jpg","keywords":["Cuarta Transformaci\u00f3n","De Inter\u00e9s P\u00fablico","Emilio C\u00e1rdenas Escobosa","Jos\u00e9 Ram\u00f3n Coss\u00edo","M\u00e9xico","Morena","Poder Judicial","SCJN","Senado"],"articleSection":["De Opini\u00f3n"],"inLanguage":"es"},{"@type":"WebPage","@id":"https:\/\/lospoliticosveracruz.com\/?p=71143","url":"https:\/\/lospoliticosveracruz.com\/?p=71143","name":"Morena pone al presidente de la SCJN en el ojo del hurac\u00e1n - Los pol\u00edticos Veracruz","isPartOf":{"@id":"https:\/\/lospoliticosveracruz.com\/#website"},"primaryImageOfPage":{"@id":"https:\/\/lospoliticosveracruz.com\/?p=71143#primaryimage"},"image":{"@id":"https:\/\/lospoliticosveracruz.com\/?p=71143#primaryimage"},"thumbnailUrl":"https:\/\/lospoliticosveracruz.com\/wp-content\/uploads\/2020\/12\/Arturo-Zald\u00edvar-Lelo-de-Larrea.jpg","datePublished":"2021-04-18T19:14:22+00:00","dateModified":"2021-04-20T23:05:12+00:00","breadcrumb":{"@id":"https:\/\/lospoliticosveracruz.com\/?p=71143#breadcrumb"},"inLanguage":"es","potentialAction":[{"@type":"ReadAction","target":["https:\/\/lospoliticosveracruz.com\/?p=71143"]}]},{"@type":"ImageObject","inLanguage":"es","@id":"https:\/\/lospoliticosveracruz.com\/?p=71143#primaryimage","url":"https:\/\/lospoliticosveracruz.com\/wp-content\/uploads\/2020\/12\/Arturo-Zald\u00edvar-Lelo-de-Larrea.jpg","contentUrl":"https:\/\/lospoliticosveracruz.com\/wp-content\/uploads\/2020\/12\/Arturo-Zald\u00edvar-Lelo-de-Larrea.jpg","width":650,"height":350},{"@type":"BreadcrumbList","@id":"https:\/\/lospoliticosveracruz.com\/?p=71143#breadcrumb","itemListElement":[{"@type":"ListItem","position":1,"name":"Portada","item":"https:\/\/lospoliticosveracruz.com\/"},{"@type":"ListItem","position":2,"name":"Morena pone al presidente de la SCJN en el ojo del hurac\u00e1n"}]},{"@type":"WebSite","@id":"https:\/\/lospoliticosveracruz.com\/#website","url":"https:\/\/lospoliticosveracruz.com\/","name":"Los pol\u00edticos Veracruz","description":"","publisher":{"@id":"https:\/\/lospoliticosveracruz.com\/#organization"},"potentialAction":[{"@type":"SearchAction","target":{"@type":"EntryPoint","urlTemplate":"https:\/\/lospoliticosveracruz.com\/?s={search_term_string}"},"query-input":{"@type":"PropertyValueSpecification","valueRequired":true,"valueName":"search_term_string"}}],"inLanguage":"es"},{"@type":"Organization","@id":"https:\/\/lospoliticosveracruz.com\/#organization","name":"Los pol\u00edticos Veracruz","url":"https:\/\/lospoliticosveracruz.com\/","logo":{"@type":"ImageObject","inLanguage":"es","@id":"https:\/\/lospoliticosveracruz.com\/#\/schema\/logo\/image\/","url":"https:\/\/lospoliticosveracruz.com\/wp-content\/uploads\/2025\/12\/Logo-Nuevo-LOS-POLITICOS-1.jpg","contentUrl":"https:\/\/lospoliticosveracruz.com\/wp-content\/uploads\/2025\/12\/Logo-Nuevo-LOS-POLITICOS-1.jpg","width":260,"height":70,"caption":"Los pol\u00edticos Veracruz"},"image":{"@id":"https:\/\/lospoliticosveracruz.com\/#\/schema\/logo\/image\/"},"sameAs":["https:\/\/www.facebook.com\/people\/Notimemes-de-los-Polticos\/61565672886568\/","https:\/\/x.com\/LosPoliticosVer"]},{"@type":"Person","@id":"https:\/\/lospoliticosveracruz.com\/#\/schema\/person\/b8702bb0e538456e6efd07080bf2a4a2","name":"Lo viste en Los Pol\u00edticos","image":{"@type":"ImageObject","inLanguage":"es","@id":"https:\/\/secure.gravatar.com\/avatar\/3a8de04a2656d44082be478bd6c086daa447c4651605818287b9532d3d0bd435?s=96&d=mm&r=g","url":"https:\/\/secure.gravatar.com\/avatar\/3a8de04a2656d44082be478bd6c086daa447c4651605818287b9532d3d0bd435?s=96&d=mm&r=g","contentUrl":"https:\/\/secure.gravatar.com\/avatar\/3a8de04a2656d44082be478bd6c086daa447c4651605818287b9532d3d0bd435?s=96&d=mm&r=g","caption":"Lo viste en Los Pol\u00edticos"},"url":"https:\/\/lospoliticosveracruz.com\/?author=2"}]}},"_links":{"self":[{"href":"https:\/\/lospoliticosveracruz.com\/index.php?rest_route=\/wp\/v2\/posts\/71143","targetHints":{"allow":["GET"]}}],"collection":[{"href":"https:\/\/lospoliticosveracruz.com\/index.php?rest_route=\/wp\/v2\/posts"}],"about":[{"href":"https:\/\/lospoliticosveracruz.com\/index.php?rest_route=\/wp\/v2\/types\/post"}],"author":[{"embeddable":true,"href":"https:\/\/lospoliticosveracruz.com\/index.php?rest_route=\/wp\/v2\/users\/2"}],"replies":[{"embeddable":true,"href":"https:\/\/lospoliticosveracruz.com\/index.php?rest_route=%2Fwp%2Fv2%2Fcomments&post=71143"}],"version-history":[{"count":2,"href":"https:\/\/lospoliticosveracruz.com\/index.php?rest_route=\/wp\/v2\/posts\/71143\/revisions"}],"predecessor-version":[{"id":71275,"href":"https:\/\/lospoliticosveracruz.com\/index.php?rest_route=\/wp\/v2\/posts\/71143\/revisions\/71275"}],"wp:featuredmedia":[{"embeddable":true,"href":"https:\/\/lospoliticosveracruz.com\/index.php?rest_route=\/wp\/v2\/media\/65620"}],"wp:attachment":[{"href":"https:\/\/lospoliticosveracruz.com\/index.php?rest_route=%2Fwp%2Fv2%2Fmedia&parent=71143"}],"wp:term":[{"taxonomy":"category","embeddable":true,"href":"https:\/\/lospoliticosveracruz.com\/index.php?rest_route=%2Fwp%2Fv2%2Fcategories&post=71143"},{"taxonomy":"post_tag","embeddable":true,"href":"https:\/\/lospoliticosveracruz.com\/index.php?rest_route=%2Fwp%2Fv2%2Ftags&post=71143"}],"curies":[{"name":"wp","href":"https:\/\/api.w.org\/{rel}","templated":true}]}}