{"id":71228,"date":"2021-04-20T10:03:49","date_gmt":"2021-04-20T15:03:49","guid":{"rendered":"http:\/\/www.lospoliticosveracruz.com.mx\/?p=71228"},"modified":"2021-04-20T17:56:00","modified_gmt":"2021-04-20T22:56:00","slug":"entender-y-atener-economia-en-crisis","status":"publish","type":"post","link":"https:\/\/lospoliticosveracruz.com\/?p=71228","title":{"rendered":"Entender y atener econom\u00eda en crisis"},"content":{"rendered":"\n<p><strong>Rafael Arias Hern\u00e1ndez<\/strong><\/p>\n\n\n\n<p><em>Mutatis mutandis<\/em><br><br>Crece la econom\u00eda en el primer trimestre, al fortalecerse y hacerse efectiva la acci\u00f3n de los productores y consumidores, al interior y al exterior del pa\u00eds.<br>De acuerdo a lo pronosticado por diversos especialistas, el Producto Interno Bruto (PIB), aument\u00f3 significativamente, a un 18.3%, en el primer trimestre del 2021, respecto al a\u00f1o anterior.<\/p>\n\n\n\n<div class=\"wp-block-image\"><figure class=\"alignleft size-large is-resized\"><a href=\"http:\/\/www.lospoliticosveracruz.com.mx\/wp-content\/uploads\/2021\/04\/Cordoba-403-anos-01.png\"><img loading=\"lazy\" decoding=\"async\" src=\"http:\/\/www.lospoliticosveracruz.com.mx\/wp-content\/uploads\/2021\/04\/Cordoba-403-anos-01.png\" alt=\"\" class=\"wp-image-70673\" width=\"300\" height=\"250\"\/><\/a><\/figure><\/div>\n\n\n\n<p><br>Esto, antes de levantar falsas expectativas mexicanas, se refiere, a la econom\u00eda China, que simplemente comprueba lo previsto por especialistas, como los de Bloomberg. Hay que saber y entender qu\u00e9 hacen, los que obtienen los mayores \u00e9xitos.<br>En efecto, dicha econom\u00eda sigue articul\u00e1ndose, con la importante presencia, tambi\u00e9n impulsada, de la producci\u00f3n y la inversi\u00f3n, para marcar el inici\u00f3 de 2021 en perspectivas de recuperaci\u00f3n y crecimiento, por encima de los efectos pand\u00e9micos.<br>Al mismo trimestre, respecto al a\u00f1o anterior, entre otras variables, se registran incrementos en: producci\u00f3n industrial (14.1%); inversi\u00f3n en activos fijos (25.6%); y ventas minoristas (34.2%).<br>De todo esto y m\u00e1s, se sabe que la econom\u00eda de China se impuls\u00f3 en forma sostenida, hasta alcanzar el liderazgo mundial en este terreno.<br>A pesar de haber padecido una significativa contracci\u00f3n, al primer trimestre de 2020, reconquistando lo perdido a septiembre de ese a\u00f1o.<br>Como se ha mencionado, en esta econom\u00eda destacan desarrollo industrial y exportaciones, con complicaciones en inflaci\u00f3n y deuda, que alertan a todos. Esper\u00e1ndose ajustes en las pol\u00edticas fiscal y monetaria, que afectaran cr\u00e9ditos y liquidez, tanto internamente como en el mundo.<br><\/p>\n\n\n\n<div class=\"wp-block-image\"><figure class=\"alignleft size-large is-resized\"><a href=\"http:\/\/www.lospoliticosveracruz.com.mx\/wp-content\/uploads\/2021\/04\/Tecajetes.jpeg\"><img loading=\"lazy\" decoding=\"async\" src=\"http:\/\/www.lospoliticosveracruz.com.mx\/wp-content\/uploads\/2021\/04\/Tecajetes.jpeg\" alt=\"\" class=\"wp-image-71008\" width=\"296\" height=\"432\"\/><\/a><\/figure><\/div>\n\n\n\n<p>China es, el mayor exportador y con un alto crecimiento econ\u00f3mico. Su experiencia, comportamiento y ejemplo deben analizarse y tomarse en cuenta.<br>Las preguntas se hacen presentes de inmediato. \u00bfQu\u00e9 hace China que no hace M\u00e9xico? \u00bfQu\u00e9 oportunidades tiene y aprovecha cada uno?<br>Respecto al estado de su econom\u00eda nacional, M\u00e9xico ha registrado su peor comportamiento en 2020, previ\u00e9ndose en su momento, un desplome en el PIB de 10% que, finalmente termin\u00f3 en una ca\u00edda de 8.5%, la mayor desde la Gran Depresi\u00f3n.<br>\u00abEl a\u00f1o que acaba de terminar quedar\u00e1 marcado en rojo. El pa\u00eds latinoamericano no ve\u00eda una crisis de esta magnitud desde los a\u00f1os treinta, cuando el PIB se contrajo un 14,9%, seg\u00fan un an\u00e1lisis de Banco Base. Con la ca\u00edda de 2020, el pa\u00eds hila dos a\u00f1os consecutivos de contracci\u00f3n. Tras un lustro de crecimiento an\u00edmico, 2019 cerr\u00f3 con una ca\u00edda del 0,1%, el primer retroceso desde la crisis financiera de 2009\u2026\u00bb (El Pais.220121)<br>Ya desde mediados de 2020, se pronosticaba que tendr\u00eda, bajos niveles de desempe\u00f1o su econom\u00eda. Es m\u00e1s, en su momento, entre otras fuentes confiables, proyect\u00f3 la Conferencia de Naciones Unidas sobre Comercio y Desarrollo (UNCTAD), proyecto estimaciones, en las que M\u00e9xico registrar\u00eda una singular ca\u00edda de 10% en 2020 y un posible crecimiento de 3% en 2021.<br>Las considerables diferencias entre las econom\u00edas, china y mexicana, van m\u00e1s all\u00e1 del tama\u00f1o y las cifras, se extienden a los tipos de comportamiento y la efectividad de las pol\u00edticas econ\u00f3micas, que se ponen en pr\u00e1ctica.<br>Como quiera, en todo an\u00e1lisis y comparaci\u00f3n, sobresalen los niveles de crecimiento del PIB, y otras variables representativas.<br>Por ejemplo, \u00abdesde entonces la UNCTAD indic\u00f3 que la productividad laboral mexicana aument\u00f3 10.73% de 1990 a 1999, descendi\u00f3 6.85% de 2000 a 2009 y escal\u00f3 1.34 de 2010 a 2019\u2026En contrapunto con el caso m\u00e1s exitoso, la productividad laboral de China subi\u00f3 130.77, 161.39 y 99.05%, respectivamente, en esos periodos\u2026\u00bb(El economista. 220920)<br>Una forma r\u00e1pida para apreciar la crisis, es considerar los resultados en variaci\u00f3n porcentual, del crecimiento del PIB, por trimestre en t\u00e9rminos anuales del INEGI.<br>Enero-marzo, de -1.4: abril-junio, de -18.7; julio- septiembre, de -8.6; y octubre-diciembre, de -4.5.<br>Todo 2020, fue de crecimiento negativo y 2019 parecido.<br>Lo \u00faltimo de INEGI, reporta la estimaci\u00f3n de que para marzo de 2021, la econom\u00eda volvi\u00f3 a caer, &#8211; 2.1% anual.<\/p>\n\n\n\n<div class=\"wp-block-image\"><figure class=\"alignleft size-large is-resized\"><a href=\"Este link es para que por favor lo intercales con la diguiente imagen... https:\/\/www.facebook.com\/235572229830246\/posts\/3695468387173929\/?d=n\"><img loading=\"lazy\" decoding=\"async\" src=\"http:\/\/www.lospoliticosveracruz.com.mx\/wp-content\/uploads\/2021\/04\/Concurso.jpg\" alt=\"\" class=\"wp-image-70543\" width=\"350\" height=\"220\"\/><\/a><\/figure><\/div>\n\n\n\n<p>Entre las pocas y limitadas pol\u00edticas econ\u00f3micas oficiales destacan: la de la promoci\u00f3n de microcr\u00e9ditos para peque\u00f1as y medianas empresas; la de existencia creciente de programas sociales destinados a m\u00e1s de 30 millones de mexicanos; la pol\u00edtica de austeridad, anticorrupci\u00f3n y control del gasto p\u00fablico; y algunas contadas acciones de coordinaci\u00f3n de inversi\u00f3n p\u00fablica, con el sector privado, anunci\u00e1ndose un plan, que pod\u00eda superar los 14 mil millones de d\u00f3lares. Insuficiencia como resultados y errores que evitar. Mucho por hacer. Es m\u00e1s que evidente que urge repensar actitud y acci\u00f3n.<\/p>\n\n\n\n<p>Ante una nueva realidad. Mucho que hacer respecto a la econom\u00eda..<br>\u00bfQu\u00e9 pol\u00edtica econ\u00f3mica, municipal, estatal y nacional?<br>\u00bfCu\u00e1les formas de unificaci\u00f3n y coordinaci\u00f3n entre empresarios, trabajadores y gobiernos?<br>\u00bfC\u00f3mo fortalecer, apoyar e incorporar, la imprescindible participaci\u00f3n y evaluaci\u00f3n ciudadana y social?<br>Preocupante el avance de la pobreza, en donde destaca su vinculaci\u00f3n con el hambre, tambi\u00e9n creciente. As\u00ed, se sostiene y crece, la pobreza laboral, que para 2020, se estima alcanza 45% de la poblaci\u00f3n, con ingresos inferiores al valor de alimentos y productos b\u00e1sicos. Importante afectaci\u00f3n ya que a principios del mismo a\u00f1o, en el primer trimestre, se estimaba en casi el 35%.<br>Recomendable la consulta actualizada de estos temas de hambre y pobreza, para ello se sugiere, entre otras, la consulta de lo que difunde y publica el Consejo Nacional de Evaluaci\u00f3n de la Pol\u00edtica Social (CONEVAL) y el INEGI.<br>En fin, indiscutible crisis econ\u00f3mica internacional y mundial.<br>A pesar de los esfuerzos realizados, notoria y persistente recesi\u00f3n y crisis econ\u00f3mica nacional, con pobreza y deuda p\u00fablica en aumento.<br>Ni qu\u00e9 decir, de las dependientes y limitadas econom\u00edas estatales y municipales, con crisis en sus finanzas p\u00fablicas y falta de control y eficiencia del gasto p\u00fablico.<br>Todo indica, que la econom\u00eda es, con otros, tema central que entender y atender bien y a tiempo.<br>Por lo que, es lamentable y perjudicial, costoso y peligroso, seguir en m\u00e1s de lo mismo. Ante nueva realidad, no m\u00e1s rollo del desarrollo.<br>\u00bfY LA ECONOM\u00cdA DE VERACRUZ?<br>Solo como adelanto, habr\u00eda que decir que tanto la econom\u00eda estatal, como las municipales, tambi\u00e9n est\u00e1n en crisis. En los \u00faltimos a\u00f1os su retroceso y debilitamiento son evidentes.<br>Veracruz pobre y pobre Veracruz, es el tema pendiente.<\/p>\n\n\n\n<p>-Acad\u00e9mico. IIESESUV Twitter@RafaelAriasH, Facebook:Veracruz HoydeRafaelAriasH<\/p>\n","protected":false},"excerpt":{"rendered":"<p>Rafael Arias Hern\u00e1ndez Mutatis mutandis Crece la econom\u00eda en el primer trimestre, al fortalecerse y hacerse efectiva la acci\u00f3n de los productores y consumidores, al interior y al exterior del pa\u00eds.De acuerdo a lo pronosticado por diversos especialistas, el Producto Interno Bruto (PIB), aument\u00f3 significativamente, a un 18.3%, en el primer trimestre del 2021, respecto [&hellip;]<\/p>\n","protected":false},"author":2,"featured_media":0,"comment_status":"closed","ping_status":"closed","sticky":false,"template":"","format":"standard","meta":{"tdm_status":"","tdm_grid_status":"","footnotes":""},"categories":[70],"tags":[27458,6748,624],"class_list":{"0":"post-71228","1":"post","2":"type-post","3":"status-publish","4":"format-standard","6":"category-de-opinion","7":"tag-crecimiento","8":"tag-crisis-economica","9":"tag-producto-interno-bruto"},"yoast_head":"<!-- This site is optimized with the Yoast SEO plugin v27.4 - https:\/\/yoast.com\/product\/yoast-seo-wordpress\/ -->\n<title>Entender y atener econom\u00eda en crisis - Los pol\u00edticos Veracruz<\/title>\n<meta name=\"robots\" content=\"index, follow, max-snippet:-1, max-image-preview:large, max-video-preview:-1\" \/>\n<link rel=\"canonical\" href=\"https:\/\/lospoliticosveracruz.com\/?p=71228\" \/>\n<meta property=\"og:locale\" content=\"es_ES\" \/>\n<meta property=\"og:type\" content=\"article\" \/>\n<meta property=\"og:title\" content=\"Entender y atener econom\u00eda en crisis - Los pol\u00edticos Veracruz\" \/>\n<meta property=\"og:description\" content=\"Rafael Arias Hern\u00e1ndez Mutatis mutandis Crece la econom\u00eda en el primer trimestre, al fortalecerse y hacerse efectiva la acci\u00f3n de los productores y consumidores, al interior y al exterior del pa\u00eds.De acuerdo a lo pronosticado por diversos especialistas, el Producto Interno Bruto (PIB), aument\u00f3 significativamente, a un 18.3%, en el primer trimestre del 2021, respecto [&hellip;]\" \/>\n<meta property=\"og:url\" content=\"https:\/\/lospoliticosveracruz.com\/?p=71228\" \/>\n<meta property=\"og:site_name\" content=\"Los pol\u00edticos Veracruz\" \/>\n<meta property=\"article:publisher\" content=\"https:\/\/www.facebook.com\/people\/Notimemes-de-los-Polticos\/61565672886568\/\" \/>\n<meta property=\"article:published_time\" content=\"2021-04-20T15:03:49+00:00\" \/>\n<meta property=\"article:modified_time\" content=\"2021-04-20T22:56:00+00:00\" \/>\n<meta property=\"og:image\" content=\"http:\/\/www.lospoliticosveracruz.com.mx\/wp-content\/uploads\/2021\/04\/Cordoba-403-anos-01.png\" \/>\n<meta name=\"author\" content=\"Lo viste en Los Pol\u00edticos\" \/>\n<meta name=\"twitter:card\" content=\"summary_large_image\" \/>\n<meta name=\"twitter:creator\" content=\"@LosPoliticosVer\" \/>\n<meta name=\"twitter:site\" content=\"@LosPoliticosVer\" \/>\n<meta name=\"twitter:label1\" content=\"Escrito por\" \/>\n\t<meta name=\"twitter:data1\" content=\"Lo viste en Los Pol\u00edticos\" \/>\n\t<meta name=\"twitter:label2\" content=\"Tiempo de lectura\" \/>\n\t<meta name=\"twitter:data2\" content=\"5 minutos\" \/>\n<script type=\"application\/ld+json\" class=\"yoast-schema-graph\">{\"@context\":\"https:\\\/\\\/schema.org\",\"@graph\":[{\"@type\":\"Article\",\"@id\":\"https:\\\/\\\/lospoliticosveracruz.com\\\/?p=71228#article\",\"isPartOf\":{\"@id\":\"https:\\\/\\\/lospoliticosveracruz.com\\\/?p=71228\"},\"author\":{\"name\":\"Lo viste en Los Pol\u00edticos\",\"@id\":\"https:\\\/\\\/lospoliticosveracruz.com\\\/#\\\/schema\\\/person\\\/b8702bb0e538456e6efd07080bf2a4a2\"},\"headline\":\"Entender y atener econom\u00eda en crisis\",\"datePublished\":\"2021-04-20T15:03:49+00:00\",\"dateModified\":\"2021-04-20T22:56:00+00:00\",\"mainEntityOfPage\":{\"@id\":\"https:\\\/\\\/lospoliticosveracruz.com\\\/?p=71228\"},\"wordCount\":1098,\"publisher\":{\"@id\":\"https:\\\/\\\/lospoliticosveracruz.com\\\/#organization\"},\"image\":{\"@id\":\"https:\\\/\\\/lospoliticosveracruz.com\\\/?p=71228#primaryimage\"},\"thumbnailUrl\":\"http:\\\/\\\/www.lospoliticosveracruz.com.mx\\\/wp-content\\\/uploads\\\/2021\\\/04\\\/Cordoba-403-anos-01.png\",\"keywords\":[\"Crecimiento\",\"Crisis econ\u00f3mica\",\"Producto Interno Bruto\"],\"articleSection\":[\"De Opini\u00f3n\"],\"inLanguage\":\"es\"},{\"@type\":\"WebPage\",\"@id\":\"https:\\\/\\\/lospoliticosveracruz.com\\\/?p=71228\",\"url\":\"https:\\\/\\\/lospoliticosveracruz.com\\\/?p=71228\",\"name\":\"Entender y atener econom\u00eda en crisis - Los pol\u00edticos Veracruz\",\"isPartOf\":{\"@id\":\"https:\\\/\\\/lospoliticosveracruz.com\\\/#website\"},\"primaryImageOfPage\":{\"@id\":\"https:\\\/\\\/lospoliticosveracruz.com\\\/?p=71228#primaryimage\"},\"image\":{\"@id\":\"https:\\\/\\\/lospoliticosveracruz.com\\\/?p=71228#primaryimage\"},\"thumbnailUrl\":\"http:\\\/\\\/www.lospoliticosveracruz.com.mx\\\/wp-content\\\/uploads\\\/2021\\\/04\\\/Cordoba-403-anos-01.png\",\"datePublished\":\"2021-04-20T15:03:49+00:00\",\"dateModified\":\"2021-04-20T22:56:00+00:00\",\"breadcrumb\":{\"@id\":\"https:\\\/\\\/lospoliticosveracruz.com\\\/?p=71228#breadcrumb\"},\"inLanguage\":\"es\",\"potentialAction\":[{\"@type\":\"ReadAction\",\"target\":[\"https:\\\/\\\/lospoliticosveracruz.com\\\/?p=71228\"]}]},{\"@type\":\"ImageObject\",\"inLanguage\":\"es\",\"@id\":\"https:\\\/\\\/lospoliticosveracruz.com\\\/?p=71228#primaryimage\",\"url\":\"http:\\\/\\\/www.lospoliticosveracruz.com.mx\\\/wp-content\\\/uploads\\\/2021\\\/04\\\/Cordoba-403-anos-01.png\",\"contentUrl\":\"http:\\\/\\\/www.lospoliticosveracruz.com.mx\\\/wp-content\\\/uploads\\\/2021\\\/04\\\/Cordoba-403-anos-01.png\"},{\"@type\":\"BreadcrumbList\",\"@id\":\"https:\\\/\\\/lospoliticosveracruz.com\\\/?p=71228#breadcrumb\",\"itemListElement\":[{\"@type\":\"ListItem\",\"position\":1,\"name\":\"Portada\",\"item\":\"https:\\\/\\\/lospoliticosveracruz.com\\\/\"},{\"@type\":\"ListItem\",\"position\":2,\"name\":\"Entender y atener econom\u00eda en crisis\"}]},{\"@type\":\"WebSite\",\"@id\":\"https:\\\/\\\/lospoliticosveracruz.com\\\/#website\",\"url\":\"https:\\\/\\\/lospoliticosveracruz.com\\\/\",\"name\":\"Los pol\u00edticos Veracruz\",\"description\":\"\",\"publisher\":{\"@id\":\"https:\\\/\\\/lospoliticosveracruz.com\\\/#organization\"},\"potentialAction\":[{\"@type\":\"SearchAction\",\"target\":{\"@type\":\"EntryPoint\",\"urlTemplate\":\"https:\\\/\\\/lospoliticosveracruz.com\\\/?s={search_term_string}\"},\"query-input\":{\"@type\":\"PropertyValueSpecification\",\"valueRequired\":true,\"valueName\":\"search_term_string\"}}],\"inLanguage\":\"es\"},{\"@type\":\"Organization\",\"@id\":\"https:\\\/\\\/lospoliticosveracruz.com\\\/#organization\",\"name\":\"Los pol\u00edticos Veracruz\",\"url\":\"https:\\\/\\\/lospoliticosveracruz.com\\\/\",\"logo\":{\"@type\":\"ImageObject\",\"inLanguage\":\"es\",\"@id\":\"https:\\\/\\\/lospoliticosveracruz.com\\\/#\\\/schema\\\/logo\\\/image\\\/\",\"url\":\"https:\\\/\\\/lospoliticosveracruz.com\\\/wp-content\\\/uploads\\\/2025\\\/12\\\/Logo-Nuevo-LOS-POLITICOS-1.jpg\",\"contentUrl\":\"https:\\\/\\\/lospoliticosveracruz.com\\\/wp-content\\\/uploads\\\/2025\\\/12\\\/Logo-Nuevo-LOS-POLITICOS-1.jpg\",\"width\":260,\"height\":70,\"caption\":\"Los pol\u00edticos Veracruz\"},\"image\":{\"@id\":\"https:\\\/\\\/lospoliticosveracruz.com\\\/#\\\/schema\\\/logo\\\/image\\\/\"},\"sameAs\":[\"https:\\\/\\\/www.facebook.com\\\/people\\\/Notimemes-de-los-Polticos\\\/61565672886568\\\/\",\"https:\\\/\\\/x.com\\\/LosPoliticosVer\"]},{\"@type\":\"Person\",\"@id\":\"https:\\\/\\\/lospoliticosveracruz.com\\\/#\\\/schema\\\/person\\\/b8702bb0e538456e6efd07080bf2a4a2\",\"name\":\"Lo viste en Los Pol\u00edticos\",\"image\":{\"@type\":\"ImageObject\",\"inLanguage\":\"es\",\"@id\":\"https:\\\/\\\/secure.gravatar.com\\\/avatar\\\/3a8de04a2656d44082be478bd6c086daa447c4651605818287b9532d3d0bd435?s=96&d=mm&r=g\",\"url\":\"https:\\\/\\\/secure.gravatar.com\\\/avatar\\\/3a8de04a2656d44082be478bd6c086daa447c4651605818287b9532d3d0bd435?s=96&d=mm&r=g\",\"contentUrl\":\"https:\\\/\\\/secure.gravatar.com\\\/avatar\\\/3a8de04a2656d44082be478bd6c086daa447c4651605818287b9532d3d0bd435?s=96&d=mm&r=g\",\"caption\":\"Lo viste en Los Pol\u00edticos\"},\"url\":\"https:\\\/\\\/lospoliticosveracruz.com\\\/?author=2\"}]}<\/script>\n<!-- \/ Yoast SEO plugin. -->","yoast_head_json":{"title":"Entender y atener econom\u00eda en crisis - Los pol\u00edticos Veracruz","robots":{"index":"index","follow":"follow","max-snippet":"max-snippet:-1","max-image-preview":"max-image-preview:large","max-video-preview":"max-video-preview:-1"},"canonical":"https:\/\/lospoliticosveracruz.com\/?p=71228","og_locale":"es_ES","og_type":"article","og_title":"Entender y atener econom\u00eda en crisis - Los pol\u00edticos Veracruz","og_description":"Rafael Arias Hern\u00e1ndez Mutatis mutandis Crece la econom\u00eda en el primer trimestre, al fortalecerse y hacerse efectiva la acci\u00f3n de los productores y consumidores, al interior y al exterior del pa\u00eds.De acuerdo a lo pronosticado por diversos especialistas, el Producto Interno Bruto (PIB), aument\u00f3 significativamente, a un 18.3%, en el primer trimestre del 2021, respecto [&hellip;]","og_url":"https:\/\/lospoliticosveracruz.com\/?p=71228","og_site_name":"Los pol\u00edticos Veracruz","article_publisher":"https:\/\/www.facebook.com\/people\/Notimemes-de-los-Polticos\/61565672886568\/","article_published_time":"2021-04-20T15:03:49+00:00","article_modified_time":"2021-04-20T22:56:00+00:00","og_image":[{"url":"http:\/\/www.lospoliticosveracruz.com.mx\/wp-content\/uploads\/2021\/04\/Cordoba-403-anos-01.png","type":"","width":"","height":""}],"author":"Lo viste en Los Pol\u00edticos","twitter_card":"summary_large_image","twitter_creator":"@LosPoliticosVer","twitter_site":"@LosPoliticosVer","twitter_misc":{"Escrito por":"Lo viste en Los Pol\u00edticos","Tiempo de lectura":"5 minutos"},"schema":{"@context":"https:\/\/schema.org","@graph":[{"@type":"Article","@id":"https:\/\/lospoliticosveracruz.com\/?p=71228#article","isPartOf":{"@id":"https:\/\/lospoliticosveracruz.com\/?p=71228"},"author":{"name":"Lo viste en Los Pol\u00edticos","@id":"https:\/\/lospoliticosveracruz.com\/#\/schema\/person\/b8702bb0e538456e6efd07080bf2a4a2"},"headline":"Entender y atener econom\u00eda en crisis","datePublished":"2021-04-20T15:03:49+00:00","dateModified":"2021-04-20T22:56:00+00:00","mainEntityOfPage":{"@id":"https:\/\/lospoliticosveracruz.com\/?p=71228"},"wordCount":1098,"publisher":{"@id":"https:\/\/lospoliticosveracruz.com\/#organization"},"image":{"@id":"https:\/\/lospoliticosveracruz.com\/?p=71228#primaryimage"},"thumbnailUrl":"http:\/\/www.lospoliticosveracruz.com.mx\/wp-content\/uploads\/2021\/04\/Cordoba-403-anos-01.png","keywords":["Crecimiento","Crisis econ\u00f3mica","Producto Interno Bruto"],"articleSection":["De Opini\u00f3n"],"inLanguage":"es"},{"@type":"WebPage","@id":"https:\/\/lospoliticosveracruz.com\/?p=71228","url":"https:\/\/lospoliticosveracruz.com\/?p=71228","name":"Entender y atener econom\u00eda en crisis - Los pol\u00edticos Veracruz","isPartOf":{"@id":"https:\/\/lospoliticosveracruz.com\/#website"},"primaryImageOfPage":{"@id":"https:\/\/lospoliticosveracruz.com\/?p=71228#primaryimage"},"image":{"@id":"https:\/\/lospoliticosveracruz.com\/?p=71228#primaryimage"},"thumbnailUrl":"http:\/\/www.lospoliticosveracruz.com.mx\/wp-content\/uploads\/2021\/04\/Cordoba-403-anos-01.png","datePublished":"2021-04-20T15:03:49+00:00","dateModified":"2021-04-20T22:56:00+00:00","breadcrumb":{"@id":"https:\/\/lospoliticosveracruz.com\/?p=71228#breadcrumb"},"inLanguage":"es","potentialAction":[{"@type":"ReadAction","target":["https:\/\/lospoliticosveracruz.com\/?p=71228"]}]},{"@type":"ImageObject","inLanguage":"es","@id":"https:\/\/lospoliticosveracruz.com\/?p=71228#primaryimage","url":"http:\/\/www.lospoliticosveracruz.com.mx\/wp-content\/uploads\/2021\/04\/Cordoba-403-anos-01.png","contentUrl":"http:\/\/www.lospoliticosveracruz.com.mx\/wp-content\/uploads\/2021\/04\/Cordoba-403-anos-01.png"},{"@type":"BreadcrumbList","@id":"https:\/\/lospoliticosveracruz.com\/?p=71228#breadcrumb","itemListElement":[{"@type":"ListItem","position":1,"name":"Portada","item":"https:\/\/lospoliticosveracruz.com\/"},{"@type":"ListItem","position":2,"name":"Entender y atener econom\u00eda en crisis"}]},{"@type":"WebSite","@id":"https:\/\/lospoliticosveracruz.com\/#website","url":"https:\/\/lospoliticosveracruz.com\/","name":"Los pol\u00edticos Veracruz","description":"","publisher":{"@id":"https:\/\/lospoliticosveracruz.com\/#organization"},"potentialAction":[{"@type":"SearchAction","target":{"@type":"EntryPoint","urlTemplate":"https:\/\/lospoliticosveracruz.com\/?s={search_term_string}"},"query-input":{"@type":"PropertyValueSpecification","valueRequired":true,"valueName":"search_term_string"}}],"inLanguage":"es"},{"@type":"Organization","@id":"https:\/\/lospoliticosveracruz.com\/#organization","name":"Los pol\u00edticos Veracruz","url":"https:\/\/lospoliticosveracruz.com\/","logo":{"@type":"ImageObject","inLanguage":"es","@id":"https:\/\/lospoliticosveracruz.com\/#\/schema\/logo\/image\/","url":"https:\/\/lospoliticosveracruz.com\/wp-content\/uploads\/2025\/12\/Logo-Nuevo-LOS-POLITICOS-1.jpg","contentUrl":"https:\/\/lospoliticosveracruz.com\/wp-content\/uploads\/2025\/12\/Logo-Nuevo-LOS-POLITICOS-1.jpg","width":260,"height":70,"caption":"Los pol\u00edticos Veracruz"},"image":{"@id":"https:\/\/lospoliticosveracruz.com\/#\/schema\/logo\/image\/"},"sameAs":["https:\/\/www.facebook.com\/people\/Notimemes-de-los-Polticos\/61565672886568\/","https:\/\/x.com\/LosPoliticosVer"]},{"@type":"Person","@id":"https:\/\/lospoliticosveracruz.com\/#\/schema\/person\/b8702bb0e538456e6efd07080bf2a4a2","name":"Lo viste en Los Pol\u00edticos","image":{"@type":"ImageObject","inLanguage":"es","@id":"https:\/\/secure.gravatar.com\/avatar\/3a8de04a2656d44082be478bd6c086daa447c4651605818287b9532d3d0bd435?s=96&d=mm&r=g","url":"https:\/\/secure.gravatar.com\/avatar\/3a8de04a2656d44082be478bd6c086daa447c4651605818287b9532d3d0bd435?s=96&d=mm&r=g","contentUrl":"https:\/\/secure.gravatar.com\/avatar\/3a8de04a2656d44082be478bd6c086daa447c4651605818287b9532d3d0bd435?s=96&d=mm&r=g","caption":"Lo viste en Los Pol\u00edticos"},"url":"https:\/\/lospoliticosveracruz.com\/?author=2"}]}},"_links":{"self":[{"href":"https:\/\/lospoliticosveracruz.com\/index.php?rest_route=\/wp\/v2\/posts\/71228","targetHints":{"allow":["GET"]}}],"collection":[{"href":"https:\/\/lospoliticosveracruz.com\/index.php?rest_route=\/wp\/v2\/posts"}],"about":[{"href":"https:\/\/lospoliticosveracruz.com\/index.php?rest_route=\/wp\/v2\/types\/post"}],"author":[{"embeddable":true,"href":"https:\/\/lospoliticosveracruz.com\/index.php?rest_route=\/wp\/v2\/users\/2"}],"replies":[{"embeddable":true,"href":"https:\/\/lospoliticosveracruz.com\/index.php?rest_route=%2Fwp%2Fv2%2Fcomments&post=71228"}],"version-history":[{"count":3,"href":"https:\/\/lospoliticosveracruz.com\/index.php?rest_route=\/wp\/v2\/posts\/71228\/revisions"}],"predecessor-version":[{"id":71268,"href":"https:\/\/lospoliticosveracruz.com\/index.php?rest_route=\/wp\/v2\/posts\/71228\/revisions\/71268"}],"wp:attachment":[{"href":"https:\/\/lospoliticosveracruz.com\/index.php?rest_route=%2Fwp%2Fv2%2Fmedia&parent=71228"}],"wp:term":[{"taxonomy":"category","embeddable":true,"href":"https:\/\/lospoliticosveracruz.com\/index.php?rest_route=%2Fwp%2Fv2%2Fcategories&post=71228"},{"taxonomy":"post_tag","embeddable":true,"href":"https:\/\/lospoliticosveracruz.com\/index.php?rest_route=%2Fwp%2Fv2%2Ftags&post=71228"}],"curies":[{"name":"wp","href":"https:\/\/api.w.org\/{rel}","templated":true}]}}