{"id":71325,"date":"2021-04-21T07:46:49","date_gmt":"2021-04-21T12:46:49","guid":{"rendered":"http:\/\/www.lospoliticosveracruz.com.mx\/?p=71325"},"modified":"2021-04-21T07:46:53","modified_gmt":"2021-04-21T12:46:53","slug":"ley-de-la-fgr-defectuosa","status":"publish","type":"post","link":"https:\/\/lospoliticosveracruz.com\/?p=71325","title":{"rendered":"Ley de la FGR, defectuosa"},"content":{"rendered":"\n<p><strong>Veracruz<br><\/strong>La Diputada Federal por el Distrito XII de Veracruz, e integrante de la Comisi\u00f3n de Justicia en la C\u00e1mara de Diputados, Mariana Dunyaska Garc\u00eda Rojas, consider\u00f3 que la iniciativa llevada a comisiones en materia de la Fiscal\u00eda General de la Rep\u00fablica, contiene demasiadas carencias y ha llevado un proceso legislativo lleno de contradicciones, por lo que no apoyar\u00e1 su aprobaci\u00f3n.<br><\/p>\n\n\n\n<div class=\"wp-block-image\"><figure class=\"alignleft size-large\"><a href=\"http:\/\/www.lospoliticosveracruz.com.mx\/wp-content\/uploads\/2021\/04\/Celebremos-Cordoba-B.png\"><img decoding=\"async\" src=\"http:\/\/www.lospoliticosveracruz.com.mx\/wp-content\/uploads\/2021\/04\/Celebremos-Cordoba-B.png\" alt=\"\" class=\"wp-image-71293\"\/><\/a><\/figure><\/div>\n\n\n\n<p>\u201cEn primer lugar, la Minuta que recibimos por parte del Senado de la Rep\u00fablica, sujeta a todos los agentes del Ministerio P\u00fablico a la autoridad jer\u00e1rquica de la Fiscal\u00eda General, al cual adem\u00e1s le dan la facultad de autorizar el no ejercicio de acci\u00f3n penal, atentando en todo sentido contra la autonom\u00eda de los Fiscales en las decisiones de su encargo\u201d<br>\u201cEste tipo de problemas contin\u00faa en la minuta, como lo ha se\u00f1alado el Alto Comisionado de la ONU en materia de Derechos Humanos, ya que la Minuta incluye a\u00fan m\u00e9todos anticuados en su estructura. Por ejemplo, elimina principios de transparencia, buena reputaci\u00f3n y no discriminaci\u00f3n en los procedimientos para la elecci\u00f3n del Fiscal General y Fiscales Especiales; igualmente fragmenta las investigaciones al dividir al pa\u00eds en unidades territoriales, lo que puede conllevar a deficiencias a la hora de abordar casos que trasciendan las fronteras estatales.\u201d<br>Mariana Dunyaska hizo principal hincapi\u00e9 en el tema de los Coelctivos de Desaparecidos y la Protecci\u00f3n de Periodistas: \u201cEs muy preocupante que la Minuta no contempla la coordinaci\u00f3n con las v\u00edctimas para la elaboraci\u00f3n de planes de investigaci\u00f3n, as\u00ed como deja ambigua la participaci\u00f3n de la FGR en materia de desaparici\u00f3n de personas.\u201d<br>\u201cEl tema de la protecci\u00f3n de periodistas y defensores de derechos humanos es otro problema que contiene la Minuta, ya que contiene una cl\u00e1usula que permite que la FGR se desvincule de la Junta de Gobierno del Mecanismo de Protecci\u00f3n para Personas Defensoras de Derechos Humanos y Periodistas.\u201d<br>La Diputada Federal hizo hincapi\u00e9 especial en el desaseo legislativo en el que incurri\u00f3 el procedimiento de an\u00e1lisis de la Reforma: \u201cEs lamentable la actitud de los Legisladores de Morena al buscar imponer, incluso en contra de los intereses de sus propios legisladores, una Reforma apresurada, violentando el proceso legislativo y que podr\u00eda llevar a que, de nuevo, una Reforma levante controversias por los problemas de procedimiento en el que ha ca\u00eddo la C\u00e1mara de Diputados desde el inicio de esta LXIV Legislatura.\u201d<br>\u201c\u00bfCu\u00e1l es la prisa? \u00bfPara que soborna Morena a sus propios Legisladores con puestos? Simple, saben que en 2021 no podr\u00e1n refrendar su mayor\u00eda, y ahora buscan pasar de manera express la mayor cantidad de Reformas a modo.\u201d<\/p>\n","protected":false},"excerpt":{"rendered":"<p>VeracruzLa Diputada Federal por el Distrito XII de Veracruz, e integrante de la Comisi\u00f3n de Justicia en la C\u00e1mara de Diputados, Mariana Dunyaska Garc\u00eda Rojas, consider\u00f3 que la iniciativa llevada a comisiones en materia de la Fiscal\u00eda General de la Rep\u00fablica, contiene demasiadas carencias y ha llevado un proceso legislativo lleno de contradicciones, por lo [&hellip;]<\/p>\n","protected":false},"author":2,"featured_media":0,"comment_status":"closed","ping_status":"closed","sticky":false,"template":"","format":"standard","meta":{"tdm_status":"","tdm_grid_status":"","footnotes":""},"categories":[73],"tags":[2661,13146,5541,1026,385],"class_list":{"0":"post-71325","1":"post","2":"type-post","3":"status-publish","4":"format-standard","6":"category-de-boleto","7":"tag-camara-de-diputados","8":"tag-fiscalia-general-de-la-republica","9":"tag-mariana-dunyaska-garcia-rojas","10":"tag-morena","11":"tag-onu"},"yoast_head":"<!-- This site is optimized with the Yoast SEO plugin v27.4 - https:\/\/yoast.com\/product\/yoast-seo-wordpress\/ -->\n<title>Ley de la FGR, defectuosa - Los pol\u00edticos Veracruz<\/title>\n<meta name=\"robots\" content=\"index, follow, max-snippet:-1, max-image-preview:large, max-video-preview:-1\" \/>\n<link rel=\"canonical\" href=\"https:\/\/lospoliticosveracruz.com\/?p=71325\" \/>\n<meta property=\"og:locale\" content=\"es_ES\" \/>\n<meta property=\"og:type\" content=\"article\" \/>\n<meta property=\"og:title\" content=\"Ley de la FGR, defectuosa - Los pol\u00edticos Veracruz\" \/>\n<meta property=\"og:description\" content=\"VeracruzLa Diputada Federal por el Distrito XII de Veracruz, e integrante de la Comisi\u00f3n de Justicia en la C\u00e1mara de Diputados, Mariana Dunyaska Garc\u00eda Rojas, consider\u00f3 que la iniciativa llevada a comisiones en materia de la Fiscal\u00eda General de la Rep\u00fablica, contiene demasiadas carencias y ha llevado un proceso legislativo lleno de contradicciones, por lo [&hellip;]\" \/>\n<meta property=\"og:url\" content=\"https:\/\/lospoliticosveracruz.com\/?p=71325\" \/>\n<meta property=\"og:site_name\" content=\"Los pol\u00edticos Veracruz\" \/>\n<meta property=\"article:publisher\" content=\"https:\/\/www.facebook.com\/people\/Notimemes-de-los-Polticos\/61565672886568\/\" \/>\n<meta property=\"article:published_time\" content=\"2021-04-21T12:46:49+00:00\" \/>\n<meta property=\"article:modified_time\" content=\"2021-04-21T12:46:53+00:00\" \/>\n<meta property=\"og:image\" content=\"http:\/\/www.lospoliticosveracruz.com.mx\/wp-content\/uploads\/2021\/04\/Celebremos-Cordoba-B.png\" \/>\n<meta name=\"author\" content=\"Lo viste en Los Pol\u00edticos\" \/>\n<meta name=\"twitter:card\" content=\"summary_large_image\" \/>\n<meta name=\"twitter:creator\" content=\"@LosPoliticosVer\" \/>\n<meta name=\"twitter:site\" content=\"@LosPoliticosVer\" \/>\n<meta name=\"twitter:label1\" content=\"Escrito por\" \/>\n\t<meta name=\"twitter:data1\" content=\"Lo viste en Los Pol\u00edticos\" \/>\n\t<meta name=\"twitter:label2\" content=\"Tiempo de lectura\" \/>\n\t<meta name=\"twitter:data2\" content=\"2 minutos\" \/>\n<script type=\"application\/ld+json\" class=\"yoast-schema-graph\">{\"@context\":\"https:\\\/\\\/schema.org\",\"@graph\":[{\"@type\":\"Article\",\"@id\":\"https:\\\/\\\/lospoliticosveracruz.com\\\/?p=71325#article\",\"isPartOf\":{\"@id\":\"https:\\\/\\\/lospoliticosveracruz.com\\\/?p=71325\"},\"author\":{\"name\":\"Lo viste en Los Pol\u00edticos\",\"@id\":\"https:\\\/\\\/lospoliticosveracruz.com\\\/#\\\/schema\\\/person\\\/b8702bb0e538456e6efd07080bf2a4a2\"},\"headline\":\"Ley de la FGR, defectuosa\",\"datePublished\":\"2021-04-21T12:46:49+00:00\",\"dateModified\":\"2021-04-21T12:46:53+00:00\",\"mainEntityOfPage\":{\"@id\":\"https:\\\/\\\/lospoliticosveracruz.com\\\/?p=71325\"},\"wordCount\":471,\"publisher\":{\"@id\":\"https:\\\/\\\/lospoliticosveracruz.com\\\/#organization\"},\"image\":{\"@id\":\"https:\\\/\\\/lospoliticosveracruz.com\\\/?p=71325#primaryimage\"},\"thumbnailUrl\":\"http:\\\/\\\/www.lospoliticosveracruz.com.mx\\\/wp-content\\\/uploads\\\/2021\\\/04\\\/Celebremos-Cordoba-B.png\",\"keywords\":[\"C\u00e1mara de Diputados\",\"Fiscal\u00eda General de la Rep\u00fablica\",\"Mariana Dunyaska Garc\u00eda Rojas\",\"Morena\",\"ONU\"],\"articleSection\":[\"De Boleto\"],\"inLanguage\":\"es\"},{\"@type\":\"WebPage\",\"@id\":\"https:\\\/\\\/lospoliticosveracruz.com\\\/?p=71325\",\"url\":\"https:\\\/\\\/lospoliticosveracruz.com\\\/?p=71325\",\"name\":\"Ley de la FGR, defectuosa - Los pol\u00edticos Veracruz\",\"isPartOf\":{\"@id\":\"https:\\\/\\\/lospoliticosveracruz.com\\\/#website\"},\"primaryImageOfPage\":{\"@id\":\"https:\\\/\\\/lospoliticosveracruz.com\\\/?p=71325#primaryimage\"},\"image\":{\"@id\":\"https:\\\/\\\/lospoliticosveracruz.com\\\/?p=71325#primaryimage\"},\"thumbnailUrl\":\"http:\\\/\\\/www.lospoliticosveracruz.com.mx\\\/wp-content\\\/uploads\\\/2021\\\/04\\\/Celebremos-Cordoba-B.png\",\"datePublished\":\"2021-04-21T12:46:49+00:00\",\"dateModified\":\"2021-04-21T12:46:53+00:00\",\"breadcrumb\":{\"@id\":\"https:\\\/\\\/lospoliticosveracruz.com\\\/?p=71325#breadcrumb\"},\"inLanguage\":\"es\",\"potentialAction\":[{\"@type\":\"ReadAction\",\"target\":[\"https:\\\/\\\/lospoliticosveracruz.com\\\/?p=71325\"]}]},{\"@type\":\"ImageObject\",\"inLanguage\":\"es\",\"@id\":\"https:\\\/\\\/lospoliticosveracruz.com\\\/?p=71325#primaryimage\",\"url\":\"http:\\\/\\\/www.lospoliticosveracruz.com.mx\\\/wp-content\\\/uploads\\\/2021\\\/04\\\/Celebremos-Cordoba-B.png\",\"contentUrl\":\"http:\\\/\\\/www.lospoliticosveracruz.com.mx\\\/wp-content\\\/uploads\\\/2021\\\/04\\\/Celebremos-Cordoba-B.png\"},{\"@type\":\"BreadcrumbList\",\"@id\":\"https:\\\/\\\/lospoliticosveracruz.com\\\/?p=71325#breadcrumb\",\"itemListElement\":[{\"@type\":\"ListItem\",\"position\":1,\"name\":\"Portada\",\"item\":\"https:\\\/\\\/lospoliticosveracruz.com\\\/\"},{\"@type\":\"ListItem\",\"position\":2,\"name\":\"Ley de la FGR, defectuosa\"}]},{\"@type\":\"WebSite\",\"@id\":\"https:\\\/\\\/lospoliticosveracruz.com\\\/#website\",\"url\":\"https:\\\/\\\/lospoliticosveracruz.com\\\/\",\"name\":\"Los pol\u00edticos Veracruz\",\"description\":\"\",\"publisher\":{\"@id\":\"https:\\\/\\\/lospoliticosveracruz.com\\\/#organization\"},\"potentialAction\":[{\"@type\":\"SearchAction\",\"target\":{\"@type\":\"EntryPoint\",\"urlTemplate\":\"https:\\\/\\\/lospoliticosveracruz.com\\\/?s={search_term_string}\"},\"query-input\":{\"@type\":\"PropertyValueSpecification\",\"valueRequired\":true,\"valueName\":\"search_term_string\"}}],\"inLanguage\":\"es\"},{\"@type\":\"Organization\",\"@id\":\"https:\\\/\\\/lospoliticosveracruz.com\\\/#organization\",\"name\":\"Los pol\u00edticos Veracruz\",\"url\":\"https:\\\/\\\/lospoliticosveracruz.com\\\/\",\"logo\":{\"@type\":\"ImageObject\",\"inLanguage\":\"es\",\"@id\":\"https:\\\/\\\/lospoliticosveracruz.com\\\/#\\\/schema\\\/logo\\\/image\\\/\",\"url\":\"https:\\\/\\\/lospoliticosveracruz.com\\\/wp-content\\\/uploads\\\/2025\\\/12\\\/Logo-Nuevo-LOS-POLITICOS-1.jpg\",\"contentUrl\":\"https:\\\/\\\/lospoliticosveracruz.com\\\/wp-content\\\/uploads\\\/2025\\\/12\\\/Logo-Nuevo-LOS-POLITICOS-1.jpg\",\"width\":260,\"height\":70,\"caption\":\"Los pol\u00edticos Veracruz\"},\"image\":{\"@id\":\"https:\\\/\\\/lospoliticosveracruz.com\\\/#\\\/schema\\\/logo\\\/image\\\/\"},\"sameAs\":[\"https:\\\/\\\/www.facebook.com\\\/people\\\/Notimemes-de-los-Polticos\\\/61565672886568\\\/\",\"https:\\\/\\\/x.com\\\/LosPoliticosVer\"]},{\"@type\":\"Person\",\"@id\":\"https:\\\/\\\/lospoliticosveracruz.com\\\/#\\\/schema\\\/person\\\/b8702bb0e538456e6efd07080bf2a4a2\",\"name\":\"Lo viste en Los Pol\u00edticos\",\"image\":{\"@type\":\"ImageObject\",\"inLanguage\":\"es\",\"@id\":\"https:\\\/\\\/secure.gravatar.com\\\/avatar\\\/3a8de04a2656d44082be478bd6c086daa447c4651605818287b9532d3d0bd435?s=96&d=mm&r=g\",\"url\":\"https:\\\/\\\/secure.gravatar.com\\\/avatar\\\/3a8de04a2656d44082be478bd6c086daa447c4651605818287b9532d3d0bd435?s=96&d=mm&r=g\",\"contentUrl\":\"https:\\\/\\\/secure.gravatar.com\\\/avatar\\\/3a8de04a2656d44082be478bd6c086daa447c4651605818287b9532d3d0bd435?s=96&d=mm&r=g\",\"caption\":\"Lo viste en Los Pol\u00edticos\"},\"url\":\"https:\\\/\\\/lospoliticosveracruz.com\\\/?author=2\"}]}<\/script>\n<!-- \/ Yoast SEO plugin. -->","yoast_head_json":{"title":"Ley de la FGR, defectuosa - Los pol\u00edticos Veracruz","robots":{"index":"index","follow":"follow","max-snippet":"max-snippet:-1","max-image-preview":"max-image-preview:large","max-video-preview":"max-video-preview:-1"},"canonical":"https:\/\/lospoliticosveracruz.com\/?p=71325","og_locale":"es_ES","og_type":"article","og_title":"Ley de la FGR, defectuosa - Los pol\u00edticos Veracruz","og_description":"VeracruzLa Diputada Federal por el Distrito XII de Veracruz, e integrante de la Comisi\u00f3n de Justicia en la C\u00e1mara de Diputados, Mariana Dunyaska Garc\u00eda Rojas, consider\u00f3 que la iniciativa llevada a comisiones en materia de la Fiscal\u00eda General de la Rep\u00fablica, contiene demasiadas carencias y ha llevado un proceso legislativo lleno de contradicciones, por lo [&hellip;]","og_url":"https:\/\/lospoliticosveracruz.com\/?p=71325","og_site_name":"Los pol\u00edticos Veracruz","article_publisher":"https:\/\/www.facebook.com\/people\/Notimemes-de-los-Polticos\/61565672886568\/","article_published_time":"2021-04-21T12:46:49+00:00","article_modified_time":"2021-04-21T12:46:53+00:00","og_image":[{"url":"http:\/\/www.lospoliticosveracruz.com.mx\/wp-content\/uploads\/2021\/04\/Celebremos-Cordoba-B.png","type":"","width":"","height":""}],"author":"Lo viste en Los Pol\u00edticos","twitter_card":"summary_large_image","twitter_creator":"@LosPoliticosVer","twitter_site":"@LosPoliticosVer","twitter_misc":{"Escrito por":"Lo viste en Los Pol\u00edticos","Tiempo de lectura":"2 minutos"},"schema":{"@context":"https:\/\/schema.org","@graph":[{"@type":"Article","@id":"https:\/\/lospoliticosveracruz.com\/?p=71325#article","isPartOf":{"@id":"https:\/\/lospoliticosveracruz.com\/?p=71325"},"author":{"name":"Lo viste en Los Pol\u00edticos","@id":"https:\/\/lospoliticosveracruz.com\/#\/schema\/person\/b8702bb0e538456e6efd07080bf2a4a2"},"headline":"Ley de la FGR, defectuosa","datePublished":"2021-04-21T12:46:49+00:00","dateModified":"2021-04-21T12:46:53+00:00","mainEntityOfPage":{"@id":"https:\/\/lospoliticosveracruz.com\/?p=71325"},"wordCount":471,"publisher":{"@id":"https:\/\/lospoliticosveracruz.com\/#organization"},"image":{"@id":"https:\/\/lospoliticosveracruz.com\/?p=71325#primaryimage"},"thumbnailUrl":"http:\/\/www.lospoliticosveracruz.com.mx\/wp-content\/uploads\/2021\/04\/Celebremos-Cordoba-B.png","keywords":["C\u00e1mara de Diputados","Fiscal\u00eda General de la Rep\u00fablica","Mariana Dunyaska Garc\u00eda Rojas","Morena","ONU"],"articleSection":["De Boleto"],"inLanguage":"es"},{"@type":"WebPage","@id":"https:\/\/lospoliticosveracruz.com\/?p=71325","url":"https:\/\/lospoliticosveracruz.com\/?p=71325","name":"Ley de la FGR, defectuosa - Los pol\u00edticos Veracruz","isPartOf":{"@id":"https:\/\/lospoliticosveracruz.com\/#website"},"primaryImageOfPage":{"@id":"https:\/\/lospoliticosveracruz.com\/?p=71325#primaryimage"},"image":{"@id":"https:\/\/lospoliticosveracruz.com\/?p=71325#primaryimage"},"thumbnailUrl":"http:\/\/www.lospoliticosveracruz.com.mx\/wp-content\/uploads\/2021\/04\/Celebremos-Cordoba-B.png","datePublished":"2021-04-21T12:46:49+00:00","dateModified":"2021-04-21T12:46:53+00:00","breadcrumb":{"@id":"https:\/\/lospoliticosveracruz.com\/?p=71325#breadcrumb"},"inLanguage":"es","potentialAction":[{"@type":"ReadAction","target":["https:\/\/lospoliticosveracruz.com\/?p=71325"]}]},{"@type":"ImageObject","inLanguage":"es","@id":"https:\/\/lospoliticosveracruz.com\/?p=71325#primaryimage","url":"http:\/\/www.lospoliticosveracruz.com.mx\/wp-content\/uploads\/2021\/04\/Celebremos-Cordoba-B.png","contentUrl":"http:\/\/www.lospoliticosveracruz.com.mx\/wp-content\/uploads\/2021\/04\/Celebremos-Cordoba-B.png"},{"@type":"BreadcrumbList","@id":"https:\/\/lospoliticosveracruz.com\/?p=71325#breadcrumb","itemListElement":[{"@type":"ListItem","position":1,"name":"Portada","item":"https:\/\/lospoliticosveracruz.com\/"},{"@type":"ListItem","position":2,"name":"Ley de la FGR, defectuosa"}]},{"@type":"WebSite","@id":"https:\/\/lospoliticosveracruz.com\/#website","url":"https:\/\/lospoliticosveracruz.com\/","name":"Los pol\u00edticos Veracruz","description":"","publisher":{"@id":"https:\/\/lospoliticosveracruz.com\/#organization"},"potentialAction":[{"@type":"SearchAction","target":{"@type":"EntryPoint","urlTemplate":"https:\/\/lospoliticosveracruz.com\/?s={search_term_string}"},"query-input":{"@type":"PropertyValueSpecification","valueRequired":true,"valueName":"search_term_string"}}],"inLanguage":"es"},{"@type":"Organization","@id":"https:\/\/lospoliticosveracruz.com\/#organization","name":"Los pol\u00edticos Veracruz","url":"https:\/\/lospoliticosveracruz.com\/","logo":{"@type":"ImageObject","inLanguage":"es","@id":"https:\/\/lospoliticosveracruz.com\/#\/schema\/logo\/image\/","url":"https:\/\/lospoliticosveracruz.com\/wp-content\/uploads\/2025\/12\/Logo-Nuevo-LOS-POLITICOS-1.jpg","contentUrl":"https:\/\/lospoliticosveracruz.com\/wp-content\/uploads\/2025\/12\/Logo-Nuevo-LOS-POLITICOS-1.jpg","width":260,"height":70,"caption":"Los pol\u00edticos Veracruz"},"image":{"@id":"https:\/\/lospoliticosveracruz.com\/#\/schema\/logo\/image\/"},"sameAs":["https:\/\/www.facebook.com\/people\/Notimemes-de-los-Polticos\/61565672886568\/","https:\/\/x.com\/LosPoliticosVer"]},{"@type":"Person","@id":"https:\/\/lospoliticosveracruz.com\/#\/schema\/person\/b8702bb0e538456e6efd07080bf2a4a2","name":"Lo viste en Los Pol\u00edticos","image":{"@type":"ImageObject","inLanguage":"es","@id":"https:\/\/secure.gravatar.com\/avatar\/3a8de04a2656d44082be478bd6c086daa447c4651605818287b9532d3d0bd435?s=96&d=mm&r=g","url":"https:\/\/secure.gravatar.com\/avatar\/3a8de04a2656d44082be478bd6c086daa447c4651605818287b9532d3d0bd435?s=96&d=mm&r=g","contentUrl":"https:\/\/secure.gravatar.com\/avatar\/3a8de04a2656d44082be478bd6c086daa447c4651605818287b9532d3d0bd435?s=96&d=mm&r=g","caption":"Lo viste en Los Pol\u00edticos"},"url":"https:\/\/lospoliticosveracruz.com\/?author=2"}]}},"_links":{"self":[{"href":"https:\/\/lospoliticosveracruz.com\/index.php?rest_route=\/wp\/v2\/posts\/71325","targetHints":{"allow":["GET"]}}],"collection":[{"href":"https:\/\/lospoliticosveracruz.com\/index.php?rest_route=\/wp\/v2\/posts"}],"about":[{"href":"https:\/\/lospoliticosveracruz.com\/index.php?rest_route=\/wp\/v2\/types\/post"}],"author":[{"embeddable":true,"href":"https:\/\/lospoliticosveracruz.com\/index.php?rest_route=\/wp\/v2\/users\/2"}],"replies":[{"embeddable":true,"href":"https:\/\/lospoliticosveracruz.com\/index.php?rest_route=%2Fwp%2Fv2%2Fcomments&post=71325"}],"version-history":[{"count":1,"href":"https:\/\/lospoliticosveracruz.com\/index.php?rest_route=\/wp\/v2\/posts\/71325\/revisions"}],"predecessor-version":[{"id":71326,"href":"https:\/\/lospoliticosveracruz.com\/index.php?rest_route=\/wp\/v2\/posts\/71325\/revisions\/71326"}],"wp:attachment":[{"href":"https:\/\/lospoliticosveracruz.com\/index.php?rest_route=%2Fwp%2Fv2%2Fmedia&parent=71325"}],"wp:term":[{"taxonomy":"category","embeddable":true,"href":"https:\/\/lospoliticosveracruz.com\/index.php?rest_route=%2Fwp%2Fv2%2Fcategories&post=71325"},{"taxonomy":"post_tag","embeddable":true,"href":"https:\/\/lospoliticosveracruz.com\/index.php?rest_route=%2Fwp%2Fv2%2Ftags&post=71325"}],"curies":[{"name":"wp","href":"https:\/\/api.w.org\/{rel}","templated":true}]}}