{"id":71343,"date":"2021-04-21T12:25:13","date_gmt":"2021-04-21T17:25:13","guid":{"rendered":"http:\/\/www.lospoliticosveracruz.com.mx\/?p=71343"},"modified":"2021-04-21T12:27:58","modified_gmt":"2021-04-21T17:27:58","slug":"cajas-de-ahorro-bombas-de-tiempo","status":"publish","type":"post","link":"https:\/\/lospoliticosveracruz.com\/?p=71343","title":{"rendered":"Cajas de Ahorro, bombas de tiempo"},"content":{"rendered":"\n<p><\/p>\n\n\n\n<p><strong>Xalapa<br><\/strong>Luego de recibir diversas solicitudes de ayuda de productores de caf\u00e9 y habitantes de comunidades pertenecientes a la regi\u00f3n de Cosautl\u00e1n de Carvajal, Veracruz, que presentaban problemas con una caja de ahorro del lugar por cobranza abusiva a sus socios y avales, acudimos a la Condusef a fin de buscar el di\u00e1logo con los representantes de la caja, sin embargo la respuesta que se nos proporcion\u00f3 fue que al revisar la informaci\u00f3n de la Caja de Ahorro y Pr\u00e9stamo denominada Cosauqui, S. C. de A. P. de R. L. DE C. V., es una caja de ahorros de nivel B\u00e1sico que no se encuentra en el Registro de Prestadores de Servicios Financieros (SIPRES) que no cuenta con clave Casfim y en sus contratos proporcionan informaci\u00f3n falsa a sus socios, al asegurar que s\u00ed est\u00e1n regulados y supervisados por la Condusef e incluso proporcionan una l\u00ednea telef\u00f3nica falsa del organismo.<\/p>\n\n\n\n<div class=\"wp-block-image\"><figure class=\"alignleft size-large\"><a href=\"http:\/\/www.lospoliticosveracruz.com.mx\/wp-content\/uploads\/2021\/04\/Celebremos-Cordoba-B.png\"><img decoding=\"async\" src=\"http:\/\/www.lospoliticosveracruz.com.mx\/wp-content\/uploads\/2021\/04\/Celebremos-Cordoba-B.png\" alt=\"\" class=\"wp-image-71293\"\/><\/a><\/figure><\/div>\n\n\n\n<p><br>La misma Condusef nos indic\u00f3 que present\u00e1ramos una denuncia ante la Comisi\u00f3n Nacional Bancaria y de Valores (CNBV) mediante su comit\u00e9 de Supervisi\u00f3n Auxiliar por estos hechos, pues ellos carecen de facultades y marco legal para actuar.<br>Las Cajas de ahorros atienden a personas que habitan en zonas marginadas, de dif\u00edcil acceso para los bancos u otras instituciones de cr\u00e9dito, y de acuerdo con la vigente Ley para regular las actividades de las sociedades cooperativas de ahorro y pr\u00e9stamo se clasifican seg\u00fan su nivel de operaciones y dependiendo de los activos con los que cuentan por niveles; as\u00ed, estos niveles son del I al IV y las B\u00e1sicas que son aquellas que no manejan activos superiores a 2.5 millones de UDIS, es decir 16 millones 968 mil 875 pesos.<br>El riesgo de una Caja B\u00e1sica es que dado su nivel de operaci\u00f3n *no son autorizadas ni supervisadas por la Comisi\u00f3n Nacional Bancaria y de Valores (CNBV), ni cuentan con el seguro de dep\u00f3sito, como protecci\u00f3n para el ahorrador en caso de quiebra o desaparici\u00f3n de la caja, a ello responden los hechos y casos de personas que en m\u00faltiples ocasiones han resultado defraudadas por su caja de ahorros sin posibilidad alguna de poder recuperar su dinero.<\/p>\n\n\n\n<p><strong>RECOMENDACIONES para los ahorradores de cajas populares:<\/strong><\/p>\n\n\n\n<p>\u2022 Revisar e investigar antes que nada si la caja de su inter\u00e9s se encuentra registrada en el siguiente link <strong><em><a href=\"https:\/\/www.condusef.gob.mx\/?p=tabla&amp;idi=30&amp;idst=5\">https:\/\/www.condusef.gob.mx\/?p=tabla&amp;idi=30&amp;idst=5<\/a><\/em><\/strong> para estar seguros si cuentan con autorizaci\u00f3n para operar, para captar recursos (dinero) del p\u00fablico, y seguro de dep\u00f3sito, no debes confiar tu dinero sin antes cerciorarte.<br>\u2022 Tener cuidado con inversiones que les suenen demasiado atractivas y no confiarse de las cajas por estar operadas por vecinos del lugar donde viven se conf\u00eden de que su dinero est\u00e1 seguro, las personas pueden ser de confianza, mas no las cajas.<br>\u2022 Siempre pedir una copia de los documentos de ingreso como socios de la caja, sobre todo de su contrato para saber a qui\u00e9n recurrir en caso de presentar alg\u00fan problema, verificar que la informaci\u00f3n no sea falsa y en caso de serlo retirarse antes de da\u00f1ar su patrimonio.<br>\u2022 Tener claro que un seguro de dep\u00f3sito no es lo mismo que un seguro de vida, el primero protege tu dinero en caso de que la caja quiebre, el segundo, protege a la caja en caso de que fallezcas si eres socio.<br>Por otra parte el Estado no ejerce las facultades de supervisi\u00f3n, regulaci\u00f3n y sanci\u00f3n en t\u00e9rminos de la Ley, por falta de normas aplicables que faculten a sus instituciones, en ese sentido el pronunciamiento de El Barz\u00f3n el d\u00eda de hoy como defensores de usuarios de servicios financieros y ahorradores es, \u201cque nadie que preste dinero puede quedar en el limbo legal pues al interior de una relaci\u00f3n financiera contractual pueden darse casos de abuso, malas pr\u00e1cticas, fraudes o quiebras por lo que resulta urgente que la agenda legislativa prevea la reforma a las Leyes del ahorro y cr\u00e9dito popular, Ley General de Sociedades Cooperativas, Ley para regular las actividades de las Sociedades Cooperativas y Ahorro y Pr\u00e9stamo\u201d<br>Exhortando a los candidatos a los cargos de elecci\u00f3n popular como legisladores federales, sean de los institutos pol\u00edticos que sean se preocupen de entender y atender el tema.<\/p>\n\n\n\n<p>Atentamente<br>Teresa Carbajal<br>Representante Legal de El Barz\u00f3n RC en Veracruz<\/p>\n","protected":false},"excerpt":{"rendered":"<p>XalapaLuego de recibir diversas solicitudes de ayuda de productores de caf\u00e9 y habitantes de comunidades pertenecientes a la regi\u00f3n de Cosautl\u00e1n de Carvajal, Veracruz, que presentaban problemas con una caja de ahorro del lugar por cobranza abusiva a sus socios y avales, acudimos a la Condusef a fin de buscar el di\u00e1logo con los representantes [&hellip;]<\/p>\n","protected":false},"author":2,"featured_media":0,"comment_status":"closed","ping_status":"closed","sticky":false,"template":"","format":"standard","meta":{"tdm_status":"","tdm_grid_status":"","footnotes":""},"categories":[73],"tags":[27489,17149,8002,4147,27488,195],"class_list":{"0":"post-71343","1":"post","2":"type-post","3":"status-publish","4":"format-standard","6":"category-de-boleto","7":"tag-caja-de-ahorro","8":"tag-cnbv","9":"tag-condusef","10":"tag-cosautlan","11":"tag-prestamo-denominada-cosauqui","12":"tag-veracruz"},"yoast_head":"<!-- This site is optimized with the Yoast SEO plugin v27.4 - https:\/\/yoast.com\/product\/yoast-seo-wordpress\/ -->\n<title>Cajas de Ahorro, bombas de tiempo - Los pol\u00edticos Veracruz<\/title>\n<meta name=\"robots\" content=\"index, follow, max-snippet:-1, max-image-preview:large, max-video-preview:-1\" \/>\n<link rel=\"canonical\" href=\"https:\/\/lospoliticosveracruz.com\/?p=71343\" \/>\n<meta property=\"og:locale\" content=\"es_ES\" \/>\n<meta property=\"og:type\" content=\"article\" \/>\n<meta property=\"og:title\" content=\"Cajas de Ahorro, bombas de tiempo - Los pol\u00edticos Veracruz\" \/>\n<meta property=\"og:description\" content=\"XalapaLuego de recibir diversas solicitudes de ayuda de productores de caf\u00e9 y habitantes de comunidades pertenecientes a la regi\u00f3n de Cosautl\u00e1n de Carvajal, Veracruz, que presentaban problemas con una caja de ahorro del lugar por cobranza abusiva a sus socios y avales, acudimos a la Condusef a fin de buscar el di\u00e1logo con los representantes [&hellip;]\" \/>\n<meta property=\"og:url\" content=\"https:\/\/lospoliticosveracruz.com\/?p=71343\" \/>\n<meta property=\"og:site_name\" content=\"Los pol\u00edticos Veracruz\" \/>\n<meta property=\"article:publisher\" content=\"https:\/\/www.facebook.com\/people\/Notimemes-de-los-Polticos\/61565672886568\/\" \/>\n<meta property=\"article:published_time\" content=\"2021-04-21T17:25:13+00:00\" \/>\n<meta property=\"article:modified_time\" content=\"2021-04-21T17:27:58+00:00\" \/>\n<meta property=\"og:image\" content=\"http:\/\/www.lospoliticosveracruz.com.mx\/wp-content\/uploads\/2021\/04\/Celebremos-Cordoba-B.png\" \/>\n<meta name=\"author\" content=\"Lo viste en Los Pol\u00edticos\" \/>\n<meta name=\"twitter:card\" content=\"summary_large_image\" \/>\n<meta name=\"twitter:creator\" content=\"@LosPoliticosVer\" \/>\n<meta name=\"twitter:site\" content=\"@LosPoliticosVer\" \/>\n<meta name=\"twitter:label1\" content=\"Escrito por\" \/>\n\t<meta name=\"twitter:data1\" content=\"Lo viste en Los Pol\u00edticos\" \/>\n\t<meta name=\"twitter:label2\" content=\"Tiempo de lectura\" \/>\n\t<meta name=\"twitter:data2\" content=\"4 minutos\" \/>\n<script type=\"application\/ld+json\" class=\"yoast-schema-graph\">{\"@context\":\"https:\\\/\\\/schema.org\",\"@graph\":[{\"@type\":\"Article\",\"@id\":\"https:\\\/\\\/lospoliticosveracruz.com\\\/?p=71343#article\",\"isPartOf\":{\"@id\":\"https:\\\/\\\/lospoliticosveracruz.com\\\/?p=71343\"},\"author\":{\"name\":\"Lo viste en Los Pol\u00edticos\",\"@id\":\"https:\\\/\\\/lospoliticosveracruz.com\\\/#\\\/schema\\\/person\\\/b8702bb0e538456e6efd07080bf2a4a2\"},\"headline\":\"Cajas de Ahorro, bombas de tiempo\",\"datePublished\":\"2021-04-21T17:25:13+00:00\",\"dateModified\":\"2021-04-21T17:27:58+00:00\",\"mainEntityOfPage\":{\"@id\":\"https:\\\/\\\/lospoliticosveracruz.com\\\/?p=71343\"},\"wordCount\":757,\"publisher\":{\"@id\":\"https:\\\/\\\/lospoliticosveracruz.com\\\/#organization\"},\"image\":{\"@id\":\"https:\\\/\\\/lospoliticosveracruz.com\\\/?p=71343#primaryimage\"},\"thumbnailUrl\":\"http:\\\/\\\/www.lospoliticosveracruz.com.mx\\\/wp-content\\\/uploads\\\/2021\\\/04\\\/Celebremos-Cordoba-B.png\",\"keywords\":[\"Caja de Ahorro\",\"CNBV\",\"Condusef\",\"Cosautl\u00e1n\",\"Pr\u00e9stamo denominada Cosauqui\",\"Veracruz\"],\"articleSection\":[\"De Boleto\"],\"inLanguage\":\"es\"},{\"@type\":\"WebPage\",\"@id\":\"https:\\\/\\\/lospoliticosveracruz.com\\\/?p=71343\",\"url\":\"https:\\\/\\\/lospoliticosveracruz.com\\\/?p=71343\",\"name\":\"Cajas de Ahorro, bombas de tiempo - Los pol\u00edticos Veracruz\",\"isPartOf\":{\"@id\":\"https:\\\/\\\/lospoliticosveracruz.com\\\/#website\"},\"primaryImageOfPage\":{\"@id\":\"https:\\\/\\\/lospoliticosveracruz.com\\\/?p=71343#primaryimage\"},\"image\":{\"@id\":\"https:\\\/\\\/lospoliticosveracruz.com\\\/?p=71343#primaryimage\"},\"thumbnailUrl\":\"http:\\\/\\\/www.lospoliticosveracruz.com.mx\\\/wp-content\\\/uploads\\\/2021\\\/04\\\/Celebremos-Cordoba-B.png\",\"datePublished\":\"2021-04-21T17:25:13+00:00\",\"dateModified\":\"2021-04-21T17:27:58+00:00\",\"breadcrumb\":{\"@id\":\"https:\\\/\\\/lospoliticosveracruz.com\\\/?p=71343#breadcrumb\"},\"inLanguage\":\"es\",\"potentialAction\":[{\"@type\":\"ReadAction\",\"target\":[\"https:\\\/\\\/lospoliticosveracruz.com\\\/?p=71343\"]}]},{\"@type\":\"ImageObject\",\"inLanguage\":\"es\",\"@id\":\"https:\\\/\\\/lospoliticosveracruz.com\\\/?p=71343#primaryimage\",\"url\":\"http:\\\/\\\/www.lospoliticosveracruz.com.mx\\\/wp-content\\\/uploads\\\/2021\\\/04\\\/Celebremos-Cordoba-B.png\",\"contentUrl\":\"http:\\\/\\\/www.lospoliticosveracruz.com.mx\\\/wp-content\\\/uploads\\\/2021\\\/04\\\/Celebremos-Cordoba-B.png\"},{\"@type\":\"BreadcrumbList\",\"@id\":\"https:\\\/\\\/lospoliticosveracruz.com\\\/?p=71343#breadcrumb\",\"itemListElement\":[{\"@type\":\"ListItem\",\"position\":1,\"name\":\"Portada\",\"item\":\"https:\\\/\\\/lospoliticosveracruz.com\\\/\"},{\"@type\":\"ListItem\",\"position\":2,\"name\":\"Cajas de Ahorro, bombas de tiempo\"}]},{\"@type\":\"WebSite\",\"@id\":\"https:\\\/\\\/lospoliticosveracruz.com\\\/#website\",\"url\":\"https:\\\/\\\/lospoliticosveracruz.com\\\/\",\"name\":\"Los pol\u00edticos Veracruz\",\"description\":\"\",\"publisher\":{\"@id\":\"https:\\\/\\\/lospoliticosveracruz.com\\\/#organization\"},\"potentialAction\":[{\"@type\":\"SearchAction\",\"target\":{\"@type\":\"EntryPoint\",\"urlTemplate\":\"https:\\\/\\\/lospoliticosveracruz.com\\\/?s={search_term_string}\"},\"query-input\":{\"@type\":\"PropertyValueSpecification\",\"valueRequired\":true,\"valueName\":\"search_term_string\"}}],\"inLanguage\":\"es\"},{\"@type\":\"Organization\",\"@id\":\"https:\\\/\\\/lospoliticosveracruz.com\\\/#organization\",\"name\":\"Los pol\u00edticos Veracruz\",\"url\":\"https:\\\/\\\/lospoliticosveracruz.com\\\/\",\"logo\":{\"@type\":\"ImageObject\",\"inLanguage\":\"es\",\"@id\":\"https:\\\/\\\/lospoliticosveracruz.com\\\/#\\\/schema\\\/logo\\\/image\\\/\",\"url\":\"https:\\\/\\\/lospoliticosveracruz.com\\\/wp-content\\\/uploads\\\/2025\\\/12\\\/Logo-Nuevo-LOS-POLITICOS-1.jpg\",\"contentUrl\":\"https:\\\/\\\/lospoliticosveracruz.com\\\/wp-content\\\/uploads\\\/2025\\\/12\\\/Logo-Nuevo-LOS-POLITICOS-1.jpg\",\"width\":260,\"height\":70,\"caption\":\"Los pol\u00edticos Veracruz\"},\"image\":{\"@id\":\"https:\\\/\\\/lospoliticosveracruz.com\\\/#\\\/schema\\\/logo\\\/image\\\/\"},\"sameAs\":[\"https:\\\/\\\/www.facebook.com\\\/people\\\/Notimemes-de-los-Polticos\\\/61565672886568\\\/\",\"https:\\\/\\\/x.com\\\/LosPoliticosVer\"]},{\"@type\":\"Person\",\"@id\":\"https:\\\/\\\/lospoliticosveracruz.com\\\/#\\\/schema\\\/person\\\/b8702bb0e538456e6efd07080bf2a4a2\",\"name\":\"Lo viste en Los Pol\u00edticos\",\"image\":{\"@type\":\"ImageObject\",\"inLanguage\":\"es\",\"@id\":\"https:\\\/\\\/secure.gravatar.com\\\/avatar\\\/3a8de04a2656d44082be478bd6c086daa447c4651605818287b9532d3d0bd435?s=96&d=mm&r=g\",\"url\":\"https:\\\/\\\/secure.gravatar.com\\\/avatar\\\/3a8de04a2656d44082be478bd6c086daa447c4651605818287b9532d3d0bd435?s=96&d=mm&r=g\",\"contentUrl\":\"https:\\\/\\\/secure.gravatar.com\\\/avatar\\\/3a8de04a2656d44082be478bd6c086daa447c4651605818287b9532d3d0bd435?s=96&d=mm&r=g\",\"caption\":\"Lo viste en Los Pol\u00edticos\"},\"url\":\"https:\\\/\\\/lospoliticosveracruz.com\\\/?author=2\"}]}<\/script>\n<!-- \/ Yoast SEO plugin. -->","yoast_head_json":{"title":"Cajas de Ahorro, bombas de tiempo - Los pol\u00edticos Veracruz","robots":{"index":"index","follow":"follow","max-snippet":"max-snippet:-1","max-image-preview":"max-image-preview:large","max-video-preview":"max-video-preview:-1"},"canonical":"https:\/\/lospoliticosveracruz.com\/?p=71343","og_locale":"es_ES","og_type":"article","og_title":"Cajas de Ahorro, bombas de tiempo - Los pol\u00edticos Veracruz","og_description":"XalapaLuego de recibir diversas solicitudes de ayuda de productores de caf\u00e9 y habitantes de comunidades pertenecientes a la regi\u00f3n de Cosautl\u00e1n de Carvajal, Veracruz, que presentaban problemas con una caja de ahorro del lugar por cobranza abusiva a sus socios y avales, acudimos a la Condusef a fin de buscar el di\u00e1logo con los representantes [&hellip;]","og_url":"https:\/\/lospoliticosveracruz.com\/?p=71343","og_site_name":"Los pol\u00edticos Veracruz","article_publisher":"https:\/\/www.facebook.com\/people\/Notimemes-de-los-Polticos\/61565672886568\/","article_published_time":"2021-04-21T17:25:13+00:00","article_modified_time":"2021-04-21T17:27:58+00:00","og_image":[{"url":"http:\/\/www.lospoliticosveracruz.com.mx\/wp-content\/uploads\/2021\/04\/Celebremos-Cordoba-B.png","type":"","width":"","height":""}],"author":"Lo viste en Los Pol\u00edticos","twitter_card":"summary_large_image","twitter_creator":"@LosPoliticosVer","twitter_site":"@LosPoliticosVer","twitter_misc":{"Escrito por":"Lo viste en Los Pol\u00edticos","Tiempo de lectura":"4 minutos"},"schema":{"@context":"https:\/\/schema.org","@graph":[{"@type":"Article","@id":"https:\/\/lospoliticosveracruz.com\/?p=71343#article","isPartOf":{"@id":"https:\/\/lospoliticosveracruz.com\/?p=71343"},"author":{"name":"Lo viste en Los Pol\u00edticos","@id":"https:\/\/lospoliticosveracruz.com\/#\/schema\/person\/b8702bb0e538456e6efd07080bf2a4a2"},"headline":"Cajas de Ahorro, bombas de tiempo","datePublished":"2021-04-21T17:25:13+00:00","dateModified":"2021-04-21T17:27:58+00:00","mainEntityOfPage":{"@id":"https:\/\/lospoliticosveracruz.com\/?p=71343"},"wordCount":757,"publisher":{"@id":"https:\/\/lospoliticosveracruz.com\/#organization"},"image":{"@id":"https:\/\/lospoliticosveracruz.com\/?p=71343#primaryimage"},"thumbnailUrl":"http:\/\/www.lospoliticosveracruz.com.mx\/wp-content\/uploads\/2021\/04\/Celebremos-Cordoba-B.png","keywords":["Caja de Ahorro","CNBV","Condusef","Cosautl\u00e1n","Pr\u00e9stamo denominada Cosauqui","Veracruz"],"articleSection":["De Boleto"],"inLanguage":"es"},{"@type":"WebPage","@id":"https:\/\/lospoliticosveracruz.com\/?p=71343","url":"https:\/\/lospoliticosveracruz.com\/?p=71343","name":"Cajas de Ahorro, bombas de tiempo - Los pol\u00edticos Veracruz","isPartOf":{"@id":"https:\/\/lospoliticosveracruz.com\/#website"},"primaryImageOfPage":{"@id":"https:\/\/lospoliticosveracruz.com\/?p=71343#primaryimage"},"image":{"@id":"https:\/\/lospoliticosveracruz.com\/?p=71343#primaryimage"},"thumbnailUrl":"http:\/\/www.lospoliticosveracruz.com.mx\/wp-content\/uploads\/2021\/04\/Celebremos-Cordoba-B.png","datePublished":"2021-04-21T17:25:13+00:00","dateModified":"2021-04-21T17:27:58+00:00","breadcrumb":{"@id":"https:\/\/lospoliticosveracruz.com\/?p=71343#breadcrumb"},"inLanguage":"es","potentialAction":[{"@type":"ReadAction","target":["https:\/\/lospoliticosveracruz.com\/?p=71343"]}]},{"@type":"ImageObject","inLanguage":"es","@id":"https:\/\/lospoliticosveracruz.com\/?p=71343#primaryimage","url":"http:\/\/www.lospoliticosveracruz.com.mx\/wp-content\/uploads\/2021\/04\/Celebremos-Cordoba-B.png","contentUrl":"http:\/\/www.lospoliticosveracruz.com.mx\/wp-content\/uploads\/2021\/04\/Celebremos-Cordoba-B.png"},{"@type":"BreadcrumbList","@id":"https:\/\/lospoliticosveracruz.com\/?p=71343#breadcrumb","itemListElement":[{"@type":"ListItem","position":1,"name":"Portada","item":"https:\/\/lospoliticosveracruz.com\/"},{"@type":"ListItem","position":2,"name":"Cajas de Ahorro, bombas de tiempo"}]},{"@type":"WebSite","@id":"https:\/\/lospoliticosveracruz.com\/#website","url":"https:\/\/lospoliticosveracruz.com\/","name":"Los pol\u00edticos Veracruz","description":"","publisher":{"@id":"https:\/\/lospoliticosveracruz.com\/#organization"},"potentialAction":[{"@type":"SearchAction","target":{"@type":"EntryPoint","urlTemplate":"https:\/\/lospoliticosveracruz.com\/?s={search_term_string}"},"query-input":{"@type":"PropertyValueSpecification","valueRequired":true,"valueName":"search_term_string"}}],"inLanguage":"es"},{"@type":"Organization","@id":"https:\/\/lospoliticosveracruz.com\/#organization","name":"Los pol\u00edticos Veracruz","url":"https:\/\/lospoliticosveracruz.com\/","logo":{"@type":"ImageObject","inLanguage":"es","@id":"https:\/\/lospoliticosveracruz.com\/#\/schema\/logo\/image\/","url":"https:\/\/lospoliticosveracruz.com\/wp-content\/uploads\/2025\/12\/Logo-Nuevo-LOS-POLITICOS-1.jpg","contentUrl":"https:\/\/lospoliticosveracruz.com\/wp-content\/uploads\/2025\/12\/Logo-Nuevo-LOS-POLITICOS-1.jpg","width":260,"height":70,"caption":"Los pol\u00edticos Veracruz"},"image":{"@id":"https:\/\/lospoliticosveracruz.com\/#\/schema\/logo\/image\/"},"sameAs":["https:\/\/www.facebook.com\/people\/Notimemes-de-los-Polticos\/61565672886568\/","https:\/\/x.com\/LosPoliticosVer"]},{"@type":"Person","@id":"https:\/\/lospoliticosveracruz.com\/#\/schema\/person\/b8702bb0e538456e6efd07080bf2a4a2","name":"Lo viste en Los Pol\u00edticos","image":{"@type":"ImageObject","inLanguage":"es","@id":"https:\/\/secure.gravatar.com\/avatar\/3a8de04a2656d44082be478bd6c086daa447c4651605818287b9532d3d0bd435?s=96&d=mm&r=g","url":"https:\/\/secure.gravatar.com\/avatar\/3a8de04a2656d44082be478bd6c086daa447c4651605818287b9532d3d0bd435?s=96&d=mm&r=g","contentUrl":"https:\/\/secure.gravatar.com\/avatar\/3a8de04a2656d44082be478bd6c086daa447c4651605818287b9532d3d0bd435?s=96&d=mm&r=g","caption":"Lo viste en Los Pol\u00edticos"},"url":"https:\/\/lospoliticosveracruz.com\/?author=2"}]}},"_links":{"self":[{"href":"https:\/\/lospoliticosveracruz.com\/index.php?rest_route=\/wp\/v2\/posts\/71343","targetHints":{"allow":["GET"]}}],"collection":[{"href":"https:\/\/lospoliticosveracruz.com\/index.php?rest_route=\/wp\/v2\/posts"}],"about":[{"href":"https:\/\/lospoliticosveracruz.com\/index.php?rest_route=\/wp\/v2\/types\/post"}],"author":[{"embeddable":true,"href":"https:\/\/lospoliticosveracruz.com\/index.php?rest_route=\/wp\/v2\/users\/2"}],"replies":[{"embeddable":true,"href":"https:\/\/lospoliticosveracruz.com\/index.php?rest_route=%2Fwp%2Fv2%2Fcomments&post=71343"}],"version-history":[{"count":3,"href":"https:\/\/lospoliticosveracruz.com\/index.php?rest_route=\/wp\/v2\/posts\/71343\/revisions"}],"predecessor-version":[{"id":71347,"href":"https:\/\/lospoliticosveracruz.com\/index.php?rest_route=\/wp\/v2\/posts\/71343\/revisions\/71347"}],"wp:attachment":[{"href":"https:\/\/lospoliticosveracruz.com\/index.php?rest_route=%2Fwp%2Fv2%2Fmedia&parent=71343"}],"wp:term":[{"taxonomy":"category","embeddable":true,"href":"https:\/\/lospoliticosveracruz.com\/index.php?rest_route=%2Fwp%2Fv2%2Fcategories&post=71343"},{"taxonomy":"post_tag","embeddable":true,"href":"https:\/\/lospoliticosveracruz.com\/index.php?rest_route=%2Fwp%2Fv2%2Ftags&post=71343"}],"curies":[{"name":"wp","href":"https:\/\/api.w.org\/{rel}","templated":true}]}}