{"id":71356,"date":"2021-04-21T15:18:05","date_gmt":"2021-04-21T20:18:05","guid":{"rendered":"http:\/\/www.lospoliticosveracruz.com.mx\/?p=71356"},"modified":"2021-04-21T15:18:08","modified_gmt":"2021-04-21T20:18:08","slug":"se-los-lleva-de-calle-en-debate-de-xeu","status":"publish","type":"post","link":"https:\/\/lospoliticosveracruz.com\/?p=71356","title":{"rendered":"Se los lleva de calle en debate de XEU!"},"content":{"rendered":"\n<p><strong>Veracruz<\/strong><\/p>\n\n\n\n<p>Durante su participaci\u00f3n en el debate de la XEU, Maryjose Gamboa Torales, candidata a la diputaci\u00f3n federal por el Distrito 12 de la alianza \u201cVa por M\u00e9xico\u201d PAN-PRI-PRD, se consolida como la candidata de la gente al presentar propuestas claras en temas que son prioridad para los veracruzanos como es la seguridad, y los programas de desarrollo econ\u00f3mico y social para que tengan una mejor calidad de vida.<br>Maryjose Gamboa afirm\u00f3 que en materia de seguridad luchar\u00e1 desde la M\u00e1xima Tribunal del pa\u00eds para rescatar programas para la seguridad, como es el FORTASEG, que permite en los estados y municipios sostener a sus polic\u00edas.<br><\/p>\n\n\n\n<div class=\"wp-block-image\"><figure class=\"alignleft size-large\"><a href=\"http:\/\/www.lospoliticosveracruz.com.mx\/wp-content\/uploads\/2021\/04\/Celebremos-Cordoba-B.png\"><img decoding=\"async\" src=\"http:\/\/www.lospoliticosveracruz.com.mx\/wp-content\/uploads\/2021\/04\/Celebremos-Cordoba-B.png\" alt=\"\" class=\"wp-image-71293\"\/><\/a><\/figure><\/div>\n\n\n\n<p>\u201cEl tema de seguridad es fundamental y tenemos que ser muy claros, han quitado los fondos que permiten a los ayuntamientos tener polic\u00edas municipales, me refiero espec\u00edficamente al fondo Fortaseg, a trav\u00e9s del cual los alcaldes pod\u00edan proveer de seguridad a los municipios, al eliminarlo los diputados federales de MORENA eliminaron la posibilidad de que la gente tenga en sus colonias un polic\u00eda cerca, hay que regresar ese fondo, hay que regresar la seguridad a los municipios a trav\u00e9s de este fondo en particular\u201d, dijo.<br>Sostuvo que como diputada federal propondr\u00e1 rescatar los fondos del Ramo 33 y 23. \u201cUna calle bien alumbrada, una calle pavimentada es una calle mucho m\u00e1s segura, c\u00f3mo lo podemos lograr, rescatando el dinero de los fondos que MORENA ha quitado, hoy por hoy los ayuntamientos tienen que hacerle como puedan para invertir en obras, obras que tendr\u00eda que estar invirtiendo el Gobierno del Estado y que no lo est\u00e1 haciendo, tenemos que rescatar estos fondos\u201d, reiter\u00f3.<br>Manifest\u00f3 que trabajar\u00e1 incansablemente para poder traer recursos a los cinco municipios que le corresponder\u00e1n.<br>Afirm\u00f3 que promover\u00e1 el programa \u201cRegreso Seguro\u201d, para garantizar la seguridad de las mujeres desde que salen de casa a sus centros de trabajo y viceversa, est\u00e1 planteando la creaci\u00f3n de autobuses con distintivo morado que cuenten con bot\u00f3n de p\u00e1nico y dispositivos de geolocalizaci\u00f3n, que circulen en rutas y horas especiales. \u201cEs un tema important\u00edsimo y m\u00e1s en un estado que se ha convertido en el segundo m\u00e1s peligroso para las mujeres\u201d, a\u00f1adi\u00f3.<br>Adem\u00e1s de rescatar espacios p\u00fablicos de calidad como parques, unidades deportivas, andadores, camellones, para fomentar la sana convivencia.<\/p>\n\n\n\n<p><strong>Desarrollo econ\u00f3mico<\/strong><\/p>\n\n\n\n<p>La candidata a diputada federal, Maryjose Gamboa, afirm\u00f3 que alzar\u00e1 la voz para exigir a las autoridades federales y estatales implementar un plan de vacunaci\u00f3n eficiente contra el coronavirus. \u201cNo puede haber desarrollo econ\u00f3mico donde no hay salud, es muy importante que las pruebas y las vacunas contra el Covid que se han aplicado hasta ahora nada m\u00e1s a ciertos sectores de la poblaci\u00f3n se extiendan y se apliquen a la clase trabajadora para que se reactive la econom\u00eda que se ha ca\u00eddo de una manera dram\u00e1tica\u201d.<br>Adem\u00e1s, se\u00f1al\u00f3 que uno de los principales compromisos con los veracruzanos al llegar al Congreso Federal ser\u00e1 exigir a los diputados de MORENA y a sus aliados que se disminuyan las tarifas de la luz, y baje el precio en el gas y la gasolina, pues es una de las principales razones que est\u00e1 impidiendo el desarrollo econ\u00f3mico en los municipios, pero sobre todo, afecta directamente a la econom\u00eda de las familias.<br>Tambi\u00e9n plantear\u00e1 la creaci\u00f3n de un fondo de apoyos a peque\u00f1os y medianos empresarios, as\u00ed como tambi\u00e9n a locatarios de mercados y tianguis, que les permita sostener sus negocios reduciendo los da\u00f1os econ\u00f3micos causados por la pandemia y seguir dando empleo a miles de veracruzanos.<br>Adem\u00e1s de impulsar la creaci\u00f3n de un sistema de apoyo econ\u00f3mico a trabajadores en comercios establecidos que por la pandemia redujeron sus ingresos, as\u00ed como un seguro de desempleo a quienes perdieron su trabajo por la misma causa.<\/p>\n\n\n\n<p><strong>Desarrollo Social<\/strong><\/p>\n\n\n\n<p>Maryjose Gamboa dijo que en materia de desarrollo social como diputada federal luchar\u00e1 para que vuelvan a implementarse programas y fondos que los diputados de MORENA desaparecieron como son el Seguro Popular, guarder\u00edas y las estancias infantiles gratuitas para hijos de trabajadores.<br>\u201cPor el mal manejo que ha hecho el Gobierno federal y el Gobierno Estatal, en particular Cuith\u00e1huac Garc\u00eda, de la econom\u00eda en Veracruz, la pobreza ha incrementado, y sobre todo la pobreza alimentaria que eso es dram\u00e1tico, ha incrementado en un 36% en los \u00faltimos dos a\u00f1os, por eso estamos proponiendo que adem\u00e1s de reactivar la econom\u00eda y los empleos se reactiven las guarder\u00edas y las estancias infantiles\u201d, reafirm\u00f3.<br>Se\u00f1al\u00f3 que los diputados del MORENA y sus aliados del Partido Verde Ecologista eliminaron estos programas y no se sabe a d\u00f3nde ha ido a parar todos estos recursos destinados a mejorar la calidad de vida de las personas.<br>Manifest\u00f3 que plantear\u00e1 la creaci\u00f3n de un programa social para apoyar econ\u00f3micamente a las madres trabajadoras, tambi\u00e9n buscar\u00e1 crear un sistema de becas a estudiantes para combatir la deserci\u00f3n escolar y fomentar la cultura del esfuerzo.<br>Dijo que tambi\u00e9n legislar\u00e1 para que la escasez de medicamentos en los hospitales sea un delito.<br>Adem\u00e1s de luchar para que se establezca por ley que las autoridades federales y estatales deban realizar un m\u00ednimo de obras educativas cada a\u00f1o en todos los municipios.<br>Maryjose Gamboa Torales, candidata a la diputaci\u00f3n federal por el Distrito 12 de la alianza \u201cVa por M\u00e9xico\u201d conformada por los partidos PAN-PRI-PRD pidi\u00f3 a la gente confiar en ella d\u00e1ndole su voto en las pr\u00f3ximas elecciones del 6 de junio. \u201cEn m\u00ed tendr\u00e1n a la diputada m\u00e1s trabajadora, que sabe alzar la voz y defender los intereses de los veracruzanos\u201d.<\/p>\n","protected":false},"excerpt":{"rendered":"<p>Veracruz Durante su participaci\u00f3n en el debate de la XEU, Maryjose Gamboa Torales, candidata a la diputaci\u00f3n federal por el Distrito 12 de la alianza \u201cVa por M\u00e9xico\u201d PAN-PRI-PRD, se consolida como la candidata de la gente al presentar propuestas claras en temas que son prioridad para los veracruzanos como es la seguridad, y los [&hellip;]<\/p>\n","protected":false},"author":2,"featured_media":0,"comment_status":"closed","ping_status":"closed","sticky":false,"template":"","format":"standard","meta":{"tdm_status":"","tdm_grid_status":"","footnotes":""},"categories":[73],"tags":[5795,6802,27136,1026,22333,25132,1969,24697],"class_list":{"0":"post-71356","1":"post","2":"type-post","3":"status-publish","4":"format-standard","6":"category-de-boleto","7":"tag-espacios-publicos","8":"tag-fortaseg","9":"tag-maryjose-gamboa-torales-2","10":"tag-morena","11":"tag-pan-pri-prd","12":"tag-plan-de-vacunacion","13":"tag-seguro-popular","14":"tag-va-por-mexico"},"yoast_head":"<!-- This site is optimized with the Yoast SEO plugin v27.4 - https:\/\/yoast.com\/product\/yoast-seo-wordpress\/ -->\n<title>Se los lleva de calle en debate de XEU! - Los pol\u00edticos Veracruz<\/title>\n<meta name=\"robots\" content=\"index, follow, max-snippet:-1, max-image-preview:large, max-video-preview:-1\" \/>\n<link rel=\"canonical\" href=\"https:\/\/lospoliticosveracruz.com\/?p=71356\" \/>\n<meta property=\"og:locale\" content=\"es_ES\" \/>\n<meta property=\"og:type\" content=\"article\" \/>\n<meta property=\"og:title\" content=\"Se los lleva de calle en debate de XEU! - Los pol\u00edticos Veracruz\" \/>\n<meta property=\"og:description\" content=\"Veracruz Durante su participaci\u00f3n en el debate de la XEU, Maryjose Gamboa Torales, candidata a la diputaci\u00f3n federal por el Distrito 12 de la alianza \u201cVa por M\u00e9xico\u201d PAN-PRI-PRD, se consolida como la candidata de la gente al presentar propuestas claras en temas que son prioridad para los veracruzanos como es la seguridad, y los [&hellip;]\" \/>\n<meta property=\"og:url\" content=\"https:\/\/lospoliticosveracruz.com\/?p=71356\" \/>\n<meta property=\"og:site_name\" content=\"Los pol\u00edticos Veracruz\" \/>\n<meta property=\"article:publisher\" content=\"https:\/\/www.facebook.com\/people\/Notimemes-de-los-Polticos\/61565672886568\/\" \/>\n<meta property=\"article:published_time\" content=\"2021-04-21T20:18:05+00:00\" \/>\n<meta property=\"article:modified_time\" content=\"2021-04-21T20:18:08+00:00\" \/>\n<meta property=\"og:image\" content=\"http:\/\/www.lospoliticosveracruz.com.mx\/wp-content\/uploads\/2021\/04\/Celebremos-Cordoba-B.png\" \/>\n<meta name=\"author\" content=\"Lo viste en Los Pol\u00edticos\" \/>\n<meta name=\"twitter:card\" content=\"summary_large_image\" \/>\n<meta name=\"twitter:creator\" content=\"@LosPoliticosVer\" \/>\n<meta name=\"twitter:site\" content=\"@LosPoliticosVer\" \/>\n<meta name=\"twitter:label1\" content=\"Escrito por\" \/>\n\t<meta name=\"twitter:data1\" content=\"Lo viste en Los Pol\u00edticos\" \/>\n\t<meta name=\"twitter:label2\" content=\"Tiempo de lectura\" \/>\n\t<meta name=\"twitter:data2\" content=\"5 minutos\" \/>\n<script type=\"application\/ld+json\" class=\"yoast-schema-graph\">{\"@context\":\"https:\\\/\\\/schema.org\",\"@graph\":[{\"@type\":\"Article\",\"@id\":\"https:\\\/\\\/lospoliticosveracruz.com\\\/?p=71356#article\",\"isPartOf\":{\"@id\":\"https:\\\/\\\/lospoliticosveracruz.com\\\/?p=71356\"},\"author\":{\"name\":\"Lo viste en Los Pol\u00edticos\",\"@id\":\"https:\\\/\\\/lospoliticosveracruz.com\\\/#\\\/schema\\\/person\\\/b8702bb0e538456e6efd07080bf2a4a2\"},\"headline\":\"Se los lleva de calle en debate de XEU!\",\"datePublished\":\"2021-04-21T20:18:05+00:00\",\"dateModified\":\"2021-04-21T20:18:08+00:00\",\"mainEntityOfPage\":{\"@id\":\"https:\\\/\\\/lospoliticosveracruz.com\\\/?p=71356\"},\"wordCount\":987,\"publisher\":{\"@id\":\"https:\\\/\\\/lospoliticosveracruz.com\\\/#organization\"},\"image\":{\"@id\":\"https:\\\/\\\/lospoliticosveracruz.com\\\/?p=71356#primaryimage\"},\"thumbnailUrl\":\"http:\\\/\\\/www.lospoliticosveracruz.com.mx\\\/wp-content\\\/uploads\\\/2021\\\/04\\\/Celebremos-Cordoba-B.png\",\"keywords\":[\"Espacios P\u00fablicos\",\"Fortaseg\",\"Maryjose Gamboa Torales\",\"Morena\",\"PAN-PRI-PRD\",\"plan de vacunaci\u00f3n\",\"Seguro Popular\",\"Va por M\u00e9xico\"],\"articleSection\":[\"De Boleto\"],\"inLanguage\":\"es\"},{\"@type\":\"WebPage\",\"@id\":\"https:\\\/\\\/lospoliticosveracruz.com\\\/?p=71356\",\"url\":\"https:\\\/\\\/lospoliticosveracruz.com\\\/?p=71356\",\"name\":\"Se los lleva de calle en debate de XEU! - Los pol\u00edticos Veracruz\",\"isPartOf\":{\"@id\":\"https:\\\/\\\/lospoliticosveracruz.com\\\/#website\"},\"primaryImageOfPage\":{\"@id\":\"https:\\\/\\\/lospoliticosveracruz.com\\\/?p=71356#primaryimage\"},\"image\":{\"@id\":\"https:\\\/\\\/lospoliticosveracruz.com\\\/?p=71356#primaryimage\"},\"thumbnailUrl\":\"http:\\\/\\\/www.lospoliticosveracruz.com.mx\\\/wp-content\\\/uploads\\\/2021\\\/04\\\/Celebremos-Cordoba-B.png\",\"datePublished\":\"2021-04-21T20:18:05+00:00\",\"dateModified\":\"2021-04-21T20:18:08+00:00\",\"breadcrumb\":{\"@id\":\"https:\\\/\\\/lospoliticosveracruz.com\\\/?p=71356#breadcrumb\"},\"inLanguage\":\"es\",\"potentialAction\":[{\"@type\":\"ReadAction\",\"target\":[\"https:\\\/\\\/lospoliticosveracruz.com\\\/?p=71356\"]}]},{\"@type\":\"ImageObject\",\"inLanguage\":\"es\",\"@id\":\"https:\\\/\\\/lospoliticosveracruz.com\\\/?p=71356#primaryimage\",\"url\":\"http:\\\/\\\/www.lospoliticosveracruz.com.mx\\\/wp-content\\\/uploads\\\/2021\\\/04\\\/Celebremos-Cordoba-B.png\",\"contentUrl\":\"http:\\\/\\\/www.lospoliticosveracruz.com.mx\\\/wp-content\\\/uploads\\\/2021\\\/04\\\/Celebremos-Cordoba-B.png\"},{\"@type\":\"BreadcrumbList\",\"@id\":\"https:\\\/\\\/lospoliticosveracruz.com\\\/?p=71356#breadcrumb\",\"itemListElement\":[{\"@type\":\"ListItem\",\"position\":1,\"name\":\"Portada\",\"item\":\"https:\\\/\\\/lospoliticosveracruz.com\\\/\"},{\"@type\":\"ListItem\",\"position\":2,\"name\":\"Se los lleva de calle en debate de XEU!\"}]},{\"@type\":\"WebSite\",\"@id\":\"https:\\\/\\\/lospoliticosveracruz.com\\\/#website\",\"url\":\"https:\\\/\\\/lospoliticosveracruz.com\\\/\",\"name\":\"Los pol\u00edticos Veracruz\",\"description\":\"\",\"publisher\":{\"@id\":\"https:\\\/\\\/lospoliticosveracruz.com\\\/#organization\"},\"potentialAction\":[{\"@type\":\"SearchAction\",\"target\":{\"@type\":\"EntryPoint\",\"urlTemplate\":\"https:\\\/\\\/lospoliticosveracruz.com\\\/?s={search_term_string}\"},\"query-input\":{\"@type\":\"PropertyValueSpecification\",\"valueRequired\":true,\"valueName\":\"search_term_string\"}}],\"inLanguage\":\"es\"},{\"@type\":\"Organization\",\"@id\":\"https:\\\/\\\/lospoliticosveracruz.com\\\/#organization\",\"name\":\"Los pol\u00edticos Veracruz\",\"url\":\"https:\\\/\\\/lospoliticosveracruz.com\\\/\",\"logo\":{\"@type\":\"ImageObject\",\"inLanguage\":\"es\",\"@id\":\"https:\\\/\\\/lospoliticosveracruz.com\\\/#\\\/schema\\\/logo\\\/image\\\/\",\"url\":\"https:\\\/\\\/lospoliticosveracruz.com\\\/wp-content\\\/uploads\\\/2025\\\/12\\\/Logo-Nuevo-LOS-POLITICOS-1.jpg\",\"contentUrl\":\"https:\\\/\\\/lospoliticosveracruz.com\\\/wp-content\\\/uploads\\\/2025\\\/12\\\/Logo-Nuevo-LOS-POLITICOS-1.jpg\",\"width\":260,\"height\":70,\"caption\":\"Los pol\u00edticos Veracruz\"},\"image\":{\"@id\":\"https:\\\/\\\/lospoliticosveracruz.com\\\/#\\\/schema\\\/logo\\\/image\\\/\"},\"sameAs\":[\"https:\\\/\\\/www.facebook.com\\\/people\\\/Notimemes-de-los-Polticos\\\/61565672886568\\\/\",\"https:\\\/\\\/x.com\\\/LosPoliticosVer\"]},{\"@type\":\"Person\",\"@id\":\"https:\\\/\\\/lospoliticosveracruz.com\\\/#\\\/schema\\\/person\\\/b8702bb0e538456e6efd07080bf2a4a2\",\"name\":\"Lo viste en Los Pol\u00edticos\",\"image\":{\"@type\":\"ImageObject\",\"inLanguage\":\"es\",\"@id\":\"https:\\\/\\\/secure.gravatar.com\\\/avatar\\\/3a8de04a2656d44082be478bd6c086daa447c4651605818287b9532d3d0bd435?s=96&d=mm&r=g\",\"url\":\"https:\\\/\\\/secure.gravatar.com\\\/avatar\\\/3a8de04a2656d44082be478bd6c086daa447c4651605818287b9532d3d0bd435?s=96&d=mm&r=g\",\"contentUrl\":\"https:\\\/\\\/secure.gravatar.com\\\/avatar\\\/3a8de04a2656d44082be478bd6c086daa447c4651605818287b9532d3d0bd435?s=96&d=mm&r=g\",\"caption\":\"Lo viste en Los Pol\u00edticos\"},\"url\":\"https:\\\/\\\/lospoliticosveracruz.com\\\/?author=2\"}]}<\/script>\n<!-- \/ Yoast SEO plugin. -->","yoast_head_json":{"title":"Se los lleva de calle en debate de XEU! - Los pol\u00edticos Veracruz","robots":{"index":"index","follow":"follow","max-snippet":"max-snippet:-1","max-image-preview":"max-image-preview:large","max-video-preview":"max-video-preview:-1"},"canonical":"https:\/\/lospoliticosveracruz.com\/?p=71356","og_locale":"es_ES","og_type":"article","og_title":"Se los lleva de calle en debate de XEU! - Los pol\u00edticos Veracruz","og_description":"Veracruz Durante su participaci\u00f3n en el debate de la XEU, Maryjose Gamboa Torales, candidata a la diputaci\u00f3n federal por el Distrito 12 de la alianza \u201cVa por M\u00e9xico\u201d PAN-PRI-PRD, se consolida como la candidata de la gente al presentar propuestas claras en temas que son prioridad para los veracruzanos como es la seguridad, y los [&hellip;]","og_url":"https:\/\/lospoliticosveracruz.com\/?p=71356","og_site_name":"Los pol\u00edticos Veracruz","article_publisher":"https:\/\/www.facebook.com\/people\/Notimemes-de-los-Polticos\/61565672886568\/","article_published_time":"2021-04-21T20:18:05+00:00","article_modified_time":"2021-04-21T20:18:08+00:00","og_image":[{"url":"http:\/\/www.lospoliticosveracruz.com.mx\/wp-content\/uploads\/2021\/04\/Celebremos-Cordoba-B.png","type":"","width":"","height":""}],"author":"Lo viste en Los Pol\u00edticos","twitter_card":"summary_large_image","twitter_creator":"@LosPoliticosVer","twitter_site":"@LosPoliticosVer","twitter_misc":{"Escrito por":"Lo viste en Los Pol\u00edticos","Tiempo de lectura":"5 minutos"},"schema":{"@context":"https:\/\/schema.org","@graph":[{"@type":"Article","@id":"https:\/\/lospoliticosveracruz.com\/?p=71356#article","isPartOf":{"@id":"https:\/\/lospoliticosveracruz.com\/?p=71356"},"author":{"name":"Lo viste en Los Pol\u00edticos","@id":"https:\/\/lospoliticosveracruz.com\/#\/schema\/person\/b8702bb0e538456e6efd07080bf2a4a2"},"headline":"Se los lleva de calle en debate de XEU!","datePublished":"2021-04-21T20:18:05+00:00","dateModified":"2021-04-21T20:18:08+00:00","mainEntityOfPage":{"@id":"https:\/\/lospoliticosveracruz.com\/?p=71356"},"wordCount":987,"publisher":{"@id":"https:\/\/lospoliticosveracruz.com\/#organization"},"image":{"@id":"https:\/\/lospoliticosveracruz.com\/?p=71356#primaryimage"},"thumbnailUrl":"http:\/\/www.lospoliticosveracruz.com.mx\/wp-content\/uploads\/2021\/04\/Celebremos-Cordoba-B.png","keywords":["Espacios P\u00fablicos","Fortaseg","Maryjose Gamboa Torales","Morena","PAN-PRI-PRD","plan de vacunaci\u00f3n","Seguro Popular","Va por M\u00e9xico"],"articleSection":["De Boleto"],"inLanguage":"es"},{"@type":"WebPage","@id":"https:\/\/lospoliticosveracruz.com\/?p=71356","url":"https:\/\/lospoliticosveracruz.com\/?p=71356","name":"Se los lleva de calle en debate de XEU! - Los pol\u00edticos Veracruz","isPartOf":{"@id":"https:\/\/lospoliticosveracruz.com\/#website"},"primaryImageOfPage":{"@id":"https:\/\/lospoliticosveracruz.com\/?p=71356#primaryimage"},"image":{"@id":"https:\/\/lospoliticosveracruz.com\/?p=71356#primaryimage"},"thumbnailUrl":"http:\/\/www.lospoliticosveracruz.com.mx\/wp-content\/uploads\/2021\/04\/Celebremos-Cordoba-B.png","datePublished":"2021-04-21T20:18:05+00:00","dateModified":"2021-04-21T20:18:08+00:00","breadcrumb":{"@id":"https:\/\/lospoliticosveracruz.com\/?p=71356#breadcrumb"},"inLanguage":"es","potentialAction":[{"@type":"ReadAction","target":["https:\/\/lospoliticosveracruz.com\/?p=71356"]}]},{"@type":"ImageObject","inLanguage":"es","@id":"https:\/\/lospoliticosveracruz.com\/?p=71356#primaryimage","url":"http:\/\/www.lospoliticosveracruz.com.mx\/wp-content\/uploads\/2021\/04\/Celebremos-Cordoba-B.png","contentUrl":"http:\/\/www.lospoliticosveracruz.com.mx\/wp-content\/uploads\/2021\/04\/Celebremos-Cordoba-B.png"},{"@type":"BreadcrumbList","@id":"https:\/\/lospoliticosveracruz.com\/?p=71356#breadcrumb","itemListElement":[{"@type":"ListItem","position":1,"name":"Portada","item":"https:\/\/lospoliticosveracruz.com\/"},{"@type":"ListItem","position":2,"name":"Se los lleva de calle en debate de XEU!"}]},{"@type":"WebSite","@id":"https:\/\/lospoliticosveracruz.com\/#website","url":"https:\/\/lospoliticosveracruz.com\/","name":"Los pol\u00edticos Veracruz","description":"","publisher":{"@id":"https:\/\/lospoliticosveracruz.com\/#organization"},"potentialAction":[{"@type":"SearchAction","target":{"@type":"EntryPoint","urlTemplate":"https:\/\/lospoliticosveracruz.com\/?s={search_term_string}"},"query-input":{"@type":"PropertyValueSpecification","valueRequired":true,"valueName":"search_term_string"}}],"inLanguage":"es"},{"@type":"Organization","@id":"https:\/\/lospoliticosveracruz.com\/#organization","name":"Los pol\u00edticos Veracruz","url":"https:\/\/lospoliticosveracruz.com\/","logo":{"@type":"ImageObject","inLanguage":"es","@id":"https:\/\/lospoliticosveracruz.com\/#\/schema\/logo\/image\/","url":"https:\/\/lospoliticosveracruz.com\/wp-content\/uploads\/2025\/12\/Logo-Nuevo-LOS-POLITICOS-1.jpg","contentUrl":"https:\/\/lospoliticosveracruz.com\/wp-content\/uploads\/2025\/12\/Logo-Nuevo-LOS-POLITICOS-1.jpg","width":260,"height":70,"caption":"Los pol\u00edticos Veracruz"},"image":{"@id":"https:\/\/lospoliticosveracruz.com\/#\/schema\/logo\/image\/"},"sameAs":["https:\/\/www.facebook.com\/people\/Notimemes-de-los-Polticos\/61565672886568\/","https:\/\/x.com\/LosPoliticosVer"]},{"@type":"Person","@id":"https:\/\/lospoliticosveracruz.com\/#\/schema\/person\/b8702bb0e538456e6efd07080bf2a4a2","name":"Lo viste en Los Pol\u00edticos","image":{"@type":"ImageObject","inLanguage":"es","@id":"https:\/\/secure.gravatar.com\/avatar\/3a8de04a2656d44082be478bd6c086daa447c4651605818287b9532d3d0bd435?s=96&d=mm&r=g","url":"https:\/\/secure.gravatar.com\/avatar\/3a8de04a2656d44082be478bd6c086daa447c4651605818287b9532d3d0bd435?s=96&d=mm&r=g","contentUrl":"https:\/\/secure.gravatar.com\/avatar\/3a8de04a2656d44082be478bd6c086daa447c4651605818287b9532d3d0bd435?s=96&d=mm&r=g","caption":"Lo viste en Los Pol\u00edticos"},"url":"https:\/\/lospoliticosveracruz.com\/?author=2"}]}},"_links":{"self":[{"href":"https:\/\/lospoliticosveracruz.com\/index.php?rest_route=\/wp\/v2\/posts\/71356","targetHints":{"allow":["GET"]}}],"collection":[{"href":"https:\/\/lospoliticosveracruz.com\/index.php?rest_route=\/wp\/v2\/posts"}],"about":[{"href":"https:\/\/lospoliticosveracruz.com\/index.php?rest_route=\/wp\/v2\/types\/post"}],"author":[{"embeddable":true,"href":"https:\/\/lospoliticosveracruz.com\/index.php?rest_route=\/wp\/v2\/users\/2"}],"replies":[{"embeddable":true,"href":"https:\/\/lospoliticosveracruz.com\/index.php?rest_route=%2Fwp%2Fv2%2Fcomments&post=71356"}],"version-history":[{"count":1,"href":"https:\/\/lospoliticosveracruz.com\/index.php?rest_route=\/wp\/v2\/posts\/71356\/revisions"}],"predecessor-version":[{"id":71358,"href":"https:\/\/lospoliticosveracruz.com\/index.php?rest_route=\/wp\/v2\/posts\/71356\/revisions\/71358"}],"wp:attachment":[{"href":"https:\/\/lospoliticosveracruz.com\/index.php?rest_route=%2Fwp%2Fv2%2Fmedia&parent=71356"}],"wp:term":[{"taxonomy":"category","embeddable":true,"href":"https:\/\/lospoliticosveracruz.com\/index.php?rest_route=%2Fwp%2Fv2%2Fcategories&post=71356"},{"taxonomy":"post_tag","embeddable":true,"href":"https:\/\/lospoliticosveracruz.com\/index.php?rest_route=%2Fwp%2Fv2%2Ftags&post=71356"}],"curies":[{"name":"wp","href":"https:\/\/api.w.org\/{rel}","templated":true}]}}