{"id":71367,"date":"2021-04-21T22:54:43","date_gmt":"2021-04-22T03:54:43","guid":{"rendered":"http:\/\/www.lospoliticosveracruz.com.mx\/?p=71367"},"modified":"2021-04-21T22:54:48","modified_gmt":"2021-04-22T03:54:48","slug":"la-revancha-de-mario-delgado","status":"publish","type":"post","link":"https:\/\/lospoliticosveracruz.com\/?p=71367","title":{"rendered":"La revancha de Mario Delgado"},"content":{"rendered":"\n<p><strong>Salvador Mu\u00f1oz<\/strong><\/p>\n\n\n\n<p><em>Los Pol\u00edticos<br><\/em><\/p>\n\n\n\n<p>Si Bola 8 amaneci\u00f3 \u201ccongelado\u201d con la nota de Mim\u00ed Valdez, hay que considerar que no ser\u00eda la primera vez que le ocurre esto al secretario de \u201cTurismo\u201d en Veracruz, aunque en otros escenarios, y no nada m\u00e1s \u00e9l\u2026 en una de \u00e9sas, tambi\u00e9n \u201ccongelaron\u201d al mismo Cuitl\u00e1huac Garc\u00eda y de paso, a Esteban Ram\u00edrez Zepeta en lo que se refiere a la selecci\u00f3n de candidatos a presidentes municipales y tambi\u00e9n, en la de candidatos a diputados locales\u2026 recuerden que quien est\u00e1 a cargo de realizar las encuestas para tales selecciones es la Comisi\u00f3n Nacional de Elecciones del partido, lo que deja fuera de la jugada totalmente a los candidatos del mismo mandatario estatal y los de Bola 8.<\/p>\n\n\n\n<div class=\"wp-block-image\"><figure class=\"alignleft size-large is-resized\"><a href=\"http:\/\/www.lospoliticosveracruz.com.mx\/wp-content\/uploads\/2021\/04\/Celebremos-Cordoba-B.png\"><img loading=\"lazy\" decoding=\"async\" src=\"http:\/\/www.lospoliticosveracruz.com.mx\/wp-content\/uploads\/2021\/04\/Celebremos-Cordoba-B.png\" alt=\"\" class=\"wp-image-71293\" width=\"225\" height=\"450\"\/><\/a><\/figure><\/div>\n\n\n\n<p><br>\u00bfPor qu\u00e9 la Comisi\u00f3n Nacional de Elecciones de Morena? Qui\u00e9n sabe c\u00f3mo es que se dio ese acuerdo, pero al interior del hoy partidazo, ya le pusieron nombre a este episodio que acontece en Veracruz: La revancha de Mario Delgado, lo que da lugar a que lejos de dedazos o imposiciones, se est\u00e9 dando lugar en Morena de poner al candidato que pasa la prueba de fuego en la encuesta.<br>Por ejemplo, en Coatzacoalcos, se habla de que el candidato sin lugar a dudas fue Amado Cruz Malpica, diputado con licencia que va en pos de la presidencia municipal de Puerto M\u00e9xico\u2026<br>Por cierto, otro diputado que particip\u00f3 en la encuesta para buscar la candidatura por C\u00f3rdoba, fue Rub\u00e9n R\u00edos Uribe, pero la perdi\u00f3, lo que implica que no le bast\u00f3 ser presidente de la Mesa Directiva y mucho menos un legislador que le gustaba viajar en ADO\u2026<br>Al parecer, R\u00edos Uribe ya se resign\u00f3 y en sus redes, lanz\u00f3 esta arenga: \u201cA Andr\u00e9s Manuel L\u00f3pez Obrador le robaron 2 veces las elecciones y a los traidores a la patria, la historia y el pueblo los juzg\u00f3, seguiremos luchando por la transformaci\u00f3n y la democracia con principios y valores hasta conquistarla\u201d.<br>Todo indica que su pataleo ya tuvo efectos y en una de \u00e9sas, lo veamos como aspirante a la curul por la v\u00eda de la reelecci\u00f3n, o si de plano igual el partido (es decir Mario Delgado) tiene un \u00e1pice de benevolencia, podr\u00eda incluirlo en una pluri\u2026 aunque habr\u00eda que ver hasta d\u00f3nde lo ubican.<br>Otro diputado fue Raymundo Andrade Rivera, quien en la encuesta confrontada con Rigo Amezcua Mora, pas\u00f3 por encima del hijo de la actual diputada federal por el distrito de Coatepec, Carmen Mora Garc\u00eda.<br><\/p>\n\n\n\n<div class=\"wp-block-image\"><figure class=\"alignleft size-large is-resized\"><a href=\"http:\/\/www.lospoliticosveracruz.com.mx\/wp-content\/uploads\/2021\/04\/Tecajetes.jpeg\"><img loading=\"lazy\" decoding=\"async\" src=\"http:\/\/www.lospoliticosveracruz.com.mx\/wp-content\/uploads\/2021\/04\/Tecajetes.jpeg\" alt=\"\" class=\"wp-image-71008\" width=\"296\" height=\"432\"\/><\/a><\/figure><\/div>\n\n\n\n<p>Es de cierto modo comprensible que en los derrotados, haya exclamaciones que salgan por la herida, pues a nadie le gusta perder y m\u00e1s cuando a la hora de competir, uno se siente con m\u00e9ritos en las mismas condiciones o m\u00e1s que su contrincante, pero si la Comisi\u00f3n Nacional de Elecciones de Morena es la que llev\u00f3 a cabo la selecci\u00f3n de candidatos (tanto para las alcald\u00edas como para las curules locales), se incrementa m\u00e1s la posibilidad de que los intereses de grupo (l\u00e9ase: los candidatos del Gobernador y del secretario \u201ccongelado\u201d) queden rebasados por una encuesta imparcial y es seguro que muchos de los pretendientes a una candidatura lo sab\u00edan, por eso su desesperaci\u00f3n por poner su nombre hasta en los ba\u00f1os p\u00fablicos, repartiendo volantes, movi\u00e9ndose de un lado para otro, para generar el escenario de que \u201cson conocidos\u201d.<br>\u00bfImposici\u00f3n? \u00bfdedazo? No creo\u2026 hay m\u00e1s la posibilidad de que al final, simplemente se haya recordado c\u00f3mo jugaron Cuitl\u00e1huac Garc\u00eda y Esteban Ram\u00edrez Zepeta sus cartas en la elecci\u00f3n de dirigente nacional para dar lugar a lo que hoy muchos dicen que es la Revancha de Mario Delgado\u2026 ya le toc\u00f3 a Dorheny, quien perdi\u00f3 al lado de Villalpando; ya le toc\u00f3 a Rosalinda (bueno, a lo mejor ni chiste tiene citarla)\u2026 falta ver qu\u00e9 suerte corre Luis Z\u00e1rate, entre otros, que llevan el sello de Cuitl\u00e1huac o de Bola 8. Por el momento, hay que reconocer el m\u00e9rito de quienes en una encuesta imparcial, salieron candidatos.<\/p>\n\n\n\n<p>smcainito@gmail.com<\/p>\n","protected":false},"excerpt":{"rendered":"<p>Salvador Mu\u00f1oz Los Pol\u00edticos Si Bola 8 amaneci\u00f3 \u201ccongelado\u201d con la nota de Mim\u00ed Valdez, hay que considerar que no ser\u00eda la primera vez que le ocurre esto al secretario de \u201cTurismo\u201d en Veracruz, aunque en otros escenarios, y no nada m\u00e1s \u00e9l\u2026 en una de \u00e9sas, tambi\u00e9n \u201ccongelaron\u201d al mismo Cuitl\u00e1huac Garc\u00eda y de [&hellip;]<\/p>\n","protected":false},"author":2,"featured_media":0,"comment_status":"closed","ping_status":"closed","sticky":false,"template":"","format":"standard","meta":{"tdm_status":"","tdm_grid_status":"","footnotes":""},"categories":[70],"tags":[5618,15946,1681,10282,13952,17053,24639,12596,9506,1026,11992,13203,26213,13125,2646],"class_list":{"0":"post-71367","1":"post","2":"type-post","3":"status-publish","4":"format-standard","6":"category-de-opinion","7":"tag-amado-cruz-malpica","8":"tag-bola-8","9":"tag-cuitlahuac-garcia","10":"tag-dedazo","11":"tag-dorheny-garcia-cayetano","12":"tag-esteban-ramirez-zepeta","13":"tag-luis-zarate","14":"tag-mario-delgado","15":"tag-mimi-valdez","16":"tag-morena","17":"tag-rafael-hernandez-villalpando","18":"tag-raymundo-andrade-rivera","19":"tag-rigo-amezcua-mora","20":"tag-ruben-rios-uribe","21":"tag-salvador-munoz"},"yoast_head":"<!-- This site is optimized with the Yoast SEO plugin v27.4 - https:\/\/yoast.com\/product\/yoast-seo-wordpress\/ -->\n<title>La revancha de Mario Delgado - Los pol\u00edticos Veracruz<\/title>\n<meta name=\"robots\" content=\"index, follow, max-snippet:-1, max-image-preview:large, max-video-preview:-1\" \/>\n<link rel=\"canonical\" href=\"https:\/\/lospoliticosveracruz.com\/?p=71367\" \/>\n<meta property=\"og:locale\" content=\"es_ES\" \/>\n<meta property=\"og:type\" content=\"article\" \/>\n<meta property=\"og:title\" content=\"La revancha de Mario Delgado - Los pol\u00edticos Veracruz\" \/>\n<meta property=\"og:description\" content=\"Salvador Mu\u00f1oz Los Pol\u00edticos Si Bola 8 amaneci\u00f3 \u201ccongelado\u201d con la nota de Mim\u00ed Valdez, hay que considerar que no ser\u00eda la primera vez que le ocurre esto al secretario de \u201cTurismo\u201d en Veracruz, aunque en otros escenarios, y no nada m\u00e1s \u00e9l\u2026 en una de \u00e9sas, tambi\u00e9n \u201ccongelaron\u201d al mismo Cuitl\u00e1huac Garc\u00eda y de [&hellip;]\" \/>\n<meta property=\"og:url\" content=\"https:\/\/lospoliticosveracruz.com\/?p=71367\" \/>\n<meta property=\"og:site_name\" content=\"Los pol\u00edticos Veracruz\" \/>\n<meta property=\"article:publisher\" content=\"https:\/\/www.facebook.com\/people\/Notimemes-de-los-Polticos\/61565672886568\/\" \/>\n<meta property=\"article:published_time\" content=\"2021-04-22T03:54:43+00:00\" \/>\n<meta property=\"article:modified_time\" content=\"2021-04-22T03:54:48+00:00\" \/>\n<meta property=\"og:image\" content=\"http:\/\/www.lospoliticosveracruz.com.mx\/wp-content\/uploads\/2021\/04\/Celebremos-Cordoba-B.png\" \/>\n<meta name=\"author\" content=\"Lo viste en Los Pol\u00edticos\" \/>\n<meta name=\"twitter:card\" content=\"summary_large_image\" \/>\n<meta name=\"twitter:creator\" content=\"@LosPoliticosVer\" \/>\n<meta name=\"twitter:site\" content=\"@LosPoliticosVer\" \/>\n<meta name=\"twitter:label1\" content=\"Escrito por\" \/>\n\t<meta name=\"twitter:data1\" content=\"Lo viste en Los Pol\u00edticos\" \/>\n\t<meta name=\"twitter:label2\" content=\"Tiempo de lectura\" \/>\n\t<meta name=\"twitter:data2\" content=\"4 minutos\" \/>\n<script type=\"application\/ld+json\" class=\"yoast-schema-graph\">{\"@context\":\"https:\\\/\\\/schema.org\",\"@graph\":[{\"@type\":\"Article\",\"@id\":\"https:\\\/\\\/lospoliticosveracruz.com\\\/?p=71367#article\",\"isPartOf\":{\"@id\":\"https:\\\/\\\/lospoliticosveracruz.com\\\/?p=71367\"},\"author\":{\"name\":\"Lo viste en Los Pol\u00edticos\",\"@id\":\"https:\\\/\\\/lospoliticosveracruz.com\\\/#\\\/schema\\\/person\\\/b8702bb0e538456e6efd07080bf2a4a2\"},\"headline\":\"La revancha de Mario Delgado\",\"datePublished\":\"2021-04-22T03:54:43+00:00\",\"dateModified\":\"2021-04-22T03:54:48+00:00\",\"mainEntityOfPage\":{\"@id\":\"https:\\\/\\\/lospoliticosveracruz.com\\\/?p=71367\"},\"wordCount\":714,\"publisher\":{\"@id\":\"https:\\\/\\\/lospoliticosveracruz.com\\\/#organization\"},\"image\":{\"@id\":\"https:\\\/\\\/lospoliticosveracruz.com\\\/?p=71367#primaryimage\"},\"thumbnailUrl\":\"http:\\\/\\\/www.lospoliticosveracruz.com.mx\\\/wp-content\\\/uploads\\\/2021\\\/04\\\/Celebremos-Cordoba-B.png\",\"keywords\":[\"Amado Cruz Malpica\",\"Bola 8\",\"Cuitl\u00e1huac Garc\u00eda\",\"dedazo\",\"Dorheny Garc\u00eda Cayetano\",\"Esteban Ram\u00edrez Zepeta\",\"Luis Z\u00e1rate\",\"Mario Delgado\",\"Mim\u00ed Valdez\",\"Morena\",\"Rafael Hern\u00e1ndez Villalpando\",\"Raymundo Andrade Rivera\",\"Rigo Amezcua Mora\",\"Rub\u00e9n R\u00edos Uribe\",\"Salvador Mu\u00f1oz\"],\"articleSection\":[\"De Opini\u00f3n\"],\"inLanguage\":\"es\"},{\"@type\":\"WebPage\",\"@id\":\"https:\\\/\\\/lospoliticosveracruz.com\\\/?p=71367\",\"url\":\"https:\\\/\\\/lospoliticosveracruz.com\\\/?p=71367\",\"name\":\"La revancha de Mario Delgado - Los pol\u00edticos Veracruz\",\"isPartOf\":{\"@id\":\"https:\\\/\\\/lospoliticosveracruz.com\\\/#website\"},\"primaryImageOfPage\":{\"@id\":\"https:\\\/\\\/lospoliticosveracruz.com\\\/?p=71367#primaryimage\"},\"image\":{\"@id\":\"https:\\\/\\\/lospoliticosveracruz.com\\\/?p=71367#primaryimage\"},\"thumbnailUrl\":\"http:\\\/\\\/www.lospoliticosveracruz.com.mx\\\/wp-content\\\/uploads\\\/2021\\\/04\\\/Celebremos-Cordoba-B.png\",\"datePublished\":\"2021-04-22T03:54:43+00:00\",\"dateModified\":\"2021-04-22T03:54:48+00:00\",\"breadcrumb\":{\"@id\":\"https:\\\/\\\/lospoliticosveracruz.com\\\/?p=71367#breadcrumb\"},\"inLanguage\":\"es\",\"potentialAction\":[{\"@type\":\"ReadAction\",\"target\":[\"https:\\\/\\\/lospoliticosveracruz.com\\\/?p=71367\"]}]},{\"@type\":\"ImageObject\",\"inLanguage\":\"es\",\"@id\":\"https:\\\/\\\/lospoliticosveracruz.com\\\/?p=71367#primaryimage\",\"url\":\"http:\\\/\\\/www.lospoliticosveracruz.com.mx\\\/wp-content\\\/uploads\\\/2021\\\/04\\\/Celebremos-Cordoba-B.png\",\"contentUrl\":\"http:\\\/\\\/www.lospoliticosveracruz.com.mx\\\/wp-content\\\/uploads\\\/2021\\\/04\\\/Celebremos-Cordoba-B.png\"},{\"@type\":\"BreadcrumbList\",\"@id\":\"https:\\\/\\\/lospoliticosveracruz.com\\\/?p=71367#breadcrumb\",\"itemListElement\":[{\"@type\":\"ListItem\",\"position\":1,\"name\":\"Portada\",\"item\":\"https:\\\/\\\/lospoliticosveracruz.com\\\/\"},{\"@type\":\"ListItem\",\"position\":2,\"name\":\"La revancha de Mario Delgado\"}]},{\"@type\":\"WebSite\",\"@id\":\"https:\\\/\\\/lospoliticosveracruz.com\\\/#website\",\"url\":\"https:\\\/\\\/lospoliticosveracruz.com\\\/\",\"name\":\"Los pol\u00edticos Veracruz\",\"description\":\"\",\"publisher\":{\"@id\":\"https:\\\/\\\/lospoliticosveracruz.com\\\/#organization\"},\"potentialAction\":[{\"@type\":\"SearchAction\",\"target\":{\"@type\":\"EntryPoint\",\"urlTemplate\":\"https:\\\/\\\/lospoliticosveracruz.com\\\/?s={search_term_string}\"},\"query-input\":{\"@type\":\"PropertyValueSpecification\",\"valueRequired\":true,\"valueName\":\"search_term_string\"}}],\"inLanguage\":\"es\"},{\"@type\":\"Organization\",\"@id\":\"https:\\\/\\\/lospoliticosveracruz.com\\\/#organization\",\"name\":\"Los pol\u00edticos Veracruz\",\"url\":\"https:\\\/\\\/lospoliticosveracruz.com\\\/\",\"logo\":{\"@type\":\"ImageObject\",\"inLanguage\":\"es\",\"@id\":\"https:\\\/\\\/lospoliticosveracruz.com\\\/#\\\/schema\\\/logo\\\/image\\\/\",\"url\":\"https:\\\/\\\/lospoliticosveracruz.com\\\/wp-content\\\/uploads\\\/2025\\\/12\\\/Logo-Nuevo-LOS-POLITICOS-1.jpg\",\"contentUrl\":\"https:\\\/\\\/lospoliticosveracruz.com\\\/wp-content\\\/uploads\\\/2025\\\/12\\\/Logo-Nuevo-LOS-POLITICOS-1.jpg\",\"width\":260,\"height\":70,\"caption\":\"Los pol\u00edticos Veracruz\"},\"image\":{\"@id\":\"https:\\\/\\\/lospoliticosveracruz.com\\\/#\\\/schema\\\/logo\\\/image\\\/\"},\"sameAs\":[\"https:\\\/\\\/www.facebook.com\\\/people\\\/Notimemes-de-los-Polticos\\\/61565672886568\\\/\",\"https:\\\/\\\/x.com\\\/LosPoliticosVer\"]},{\"@type\":\"Person\",\"@id\":\"https:\\\/\\\/lospoliticosveracruz.com\\\/#\\\/schema\\\/person\\\/b8702bb0e538456e6efd07080bf2a4a2\",\"name\":\"Lo viste en Los Pol\u00edticos\",\"image\":{\"@type\":\"ImageObject\",\"inLanguage\":\"es\",\"@id\":\"https:\\\/\\\/secure.gravatar.com\\\/avatar\\\/3a8de04a2656d44082be478bd6c086daa447c4651605818287b9532d3d0bd435?s=96&d=mm&r=g\",\"url\":\"https:\\\/\\\/secure.gravatar.com\\\/avatar\\\/3a8de04a2656d44082be478bd6c086daa447c4651605818287b9532d3d0bd435?s=96&d=mm&r=g\",\"contentUrl\":\"https:\\\/\\\/secure.gravatar.com\\\/avatar\\\/3a8de04a2656d44082be478bd6c086daa447c4651605818287b9532d3d0bd435?s=96&d=mm&r=g\",\"caption\":\"Lo viste en Los Pol\u00edticos\"},\"url\":\"https:\\\/\\\/lospoliticosveracruz.com\\\/?author=2\"}]}<\/script>\n<!-- \/ Yoast SEO plugin. -->","yoast_head_json":{"title":"La revancha de Mario Delgado - Los pol\u00edticos Veracruz","robots":{"index":"index","follow":"follow","max-snippet":"max-snippet:-1","max-image-preview":"max-image-preview:large","max-video-preview":"max-video-preview:-1"},"canonical":"https:\/\/lospoliticosveracruz.com\/?p=71367","og_locale":"es_ES","og_type":"article","og_title":"La revancha de Mario Delgado - Los pol\u00edticos Veracruz","og_description":"Salvador Mu\u00f1oz Los Pol\u00edticos Si Bola 8 amaneci\u00f3 \u201ccongelado\u201d con la nota de Mim\u00ed Valdez, hay que considerar que no ser\u00eda la primera vez que le ocurre esto al secretario de \u201cTurismo\u201d en Veracruz, aunque en otros escenarios, y no nada m\u00e1s \u00e9l\u2026 en una de \u00e9sas, tambi\u00e9n \u201ccongelaron\u201d al mismo Cuitl\u00e1huac Garc\u00eda y de [&hellip;]","og_url":"https:\/\/lospoliticosveracruz.com\/?p=71367","og_site_name":"Los pol\u00edticos Veracruz","article_publisher":"https:\/\/www.facebook.com\/people\/Notimemes-de-los-Polticos\/61565672886568\/","article_published_time":"2021-04-22T03:54:43+00:00","article_modified_time":"2021-04-22T03:54:48+00:00","og_image":[{"url":"http:\/\/www.lospoliticosveracruz.com.mx\/wp-content\/uploads\/2021\/04\/Celebremos-Cordoba-B.png","type":"","width":"","height":""}],"author":"Lo viste en Los Pol\u00edticos","twitter_card":"summary_large_image","twitter_creator":"@LosPoliticosVer","twitter_site":"@LosPoliticosVer","twitter_misc":{"Escrito por":"Lo viste en Los Pol\u00edticos","Tiempo de lectura":"4 minutos"},"schema":{"@context":"https:\/\/schema.org","@graph":[{"@type":"Article","@id":"https:\/\/lospoliticosveracruz.com\/?p=71367#article","isPartOf":{"@id":"https:\/\/lospoliticosveracruz.com\/?p=71367"},"author":{"name":"Lo viste en Los Pol\u00edticos","@id":"https:\/\/lospoliticosveracruz.com\/#\/schema\/person\/b8702bb0e538456e6efd07080bf2a4a2"},"headline":"La revancha de Mario Delgado","datePublished":"2021-04-22T03:54:43+00:00","dateModified":"2021-04-22T03:54:48+00:00","mainEntityOfPage":{"@id":"https:\/\/lospoliticosveracruz.com\/?p=71367"},"wordCount":714,"publisher":{"@id":"https:\/\/lospoliticosveracruz.com\/#organization"},"image":{"@id":"https:\/\/lospoliticosveracruz.com\/?p=71367#primaryimage"},"thumbnailUrl":"http:\/\/www.lospoliticosveracruz.com.mx\/wp-content\/uploads\/2021\/04\/Celebremos-Cordoba-B.png","keywords":["Amado Cruz Malpica","Bola 8","Cuitl\u00e1huac Garc\u00eda","dedazo","Dorheny Garc\u00eda Cayetano","Esteban Ram\u00edrez Zepeta","Luis Z\u00e1rate","Mario Delgado","Mim\u00ed Valdez","Morena","Rafael Hern\u00e1ndez Villalpando","Raymundo Andrade Rivera","Rigo Amezcua Mora","Rub\u00e9n R\u00edos Uribe","Salvador Mu\u00f1oz"],"articleSection":["De Opini\u00f3n"],"inLanguage":"es"},{"@type":"WebPage","@id":"https:\/\/lospoliticosveracruz.com\/?p=71367","url":"https:\/\/lospoliticosveracruz.com\/?p=71367","name":"La revancha de Mario Delgado - Los pol\u00edticos Veracruz","isPartOf":{"@id":"https:\/\/lospoliticosveracruz.com\/#website"},"primaryImageOfPage":{"@id":"https:\/\/lospoliticosveracruz.com\/?p=71367#primaryimage"},"image":{"@id":"https:\/\/lospoliticosveracruz.com\/?p=71367#primaryimage"},"thumbnailUrl":"http:\/\/www.lospoliticosveracruz.com.mx\/wp-content\/uploads\/2021\/04\/Celebremos-Cordoba-B.png","datePublished":"2021-04-22T03:54:43+00:00","dateModified":"2021-04-22T03:54:48+00:00","breadcrumb":{"@id":"https:\/\/lospoliticosveracruz.com\/?p=71367#breadcrumb"},"inLanguage":"es","potentialAction":[{"@type":"ReadAction","target":["https:\/\/lospoliticosveracruz.com\/?p=71367"]}]},{"@type":"ImageObject","inLanguage":"es","@id":"https:\/\/lospoliticosveracruz.com\/?p=71367#primaryimage","url":"http:\/\/www.lospoliticosveracruz.com.mx\/wp-content\/uploads\/2021\/04\/Celebremos-Cordoba-B.png","contentUrl":"http:\/\/www.lospoliticosveracruz.com.mx\/wp-content\/uploads\/2021\/04\/Celebremos-Cordoba-B.png"},{"@type":"BreadcrumbList","@id":"https:\/\/lospoliticosveracruz.com\/?p=71367#breadcrumb","itemListElement":[{"@type":"ListItem","position":1,"name":"Portada","item":"https:\/\/lospoliticosveracruz.com\/"},{"@type":"ListItem","position":2,"name":"La revancha de Mario Delgado"}]},{"@type":"WebSite","@id":"https:\/\/lospoliticosveracruz.com\/#website","url":"https:\/\/lospoliticosveracruz.com\/","name":"Los pol\u00edticos Veracruz","description":"","publisher":{"@id":"https:\/\/lospoliticosveracruz.com\/#organization"},"potentialAction":[{"@type":"SearchAction","target":{"@type":"EntryPoint","urlTemplate":"https:\/\/lospoliticosveracruz.com\/?s={search_term_string}"},"query-input":{"@type":"PropertyValueSpecification","valueRequired":true,"valueName":"search_term_string"}}],"inLanguage":"es"},{"@type":"Organization","@id":"https:\/\/lospoliticosveracruz.com\/#organization","name":"Los pol\u00edticos Veracruz","url":"https:\/\/lospoliticosveracruz.com\/","logo":{"@type":"ImageObject","inLanguage":"es","@id":"https:\/\/lospoliticosveracruz.com\/#\/schema\/logo\/image\/","url":"https:\/\/lospoliticosveracruz.com\/wp-content\/uploads\/2025\/12\/Logo-Nuevo-LOS-POLITICOS-1.jpg","contentUrl":"https:\/\/lospoliticosveracruz.com\/wp-content\/uploads\/2025\/12\/Logo-Nuevo-LOS-POLITICOS-1.jpg","width":260,"height":70,"caption":"Los pol\u00edticos Veracruz"},"image":{"@id":"https:\/\/lospoliticosveracruz.com\/#\/schema\/logo\/image\/"},"sameAs":["https:\/\/www.facebook.com\/people\/Notimemes-de-los-Polticos\/61565672886568\/","https:\/\/x.com\/LosPoliticosVer"]},{"@type":"Person","@id":"https:\/\/lospoliticosveracruz.com\/#\/schema\/person\/b8702bb0e538456e6efd07080bf2a4a2","name":"Lo viste en Los Pol\u00edticos","image":{"@type":"ImageObject","inLanguage":"es","@id":"https:\/\/secure.gravatar.com\/avatar\/3a8de04a2656d44082be478bd6c086daa447c4651605818287b9532d3d0bd435?s=96&d=mm&r=g","url":"https:\/\/secure.gravatar.com\/avatar\/3a8de04a2656d44082be478bd6c086daa447c4651605818287b9532d3d0bd435?s=96&d=mm&r=g","contentUrl":"https:\/\/secure.gravatar.com\/avatar\/3a8de04a2656d44082be478bd6c086daa447c4651605818287b9532d3d0bd435?s=96&d=mm&r=g","caption":"Lo viste en Los Pol\u00edticos"},"url":"https:\/\/lospoliticosveracruz.com\/?author=2"}]}},"_links":{"self":[{"href":"https:\/\/lospoliticosveracruz.com\/index.php?rest_route=\/wp\/v2\/posts\/71367","targetHints":{"allow":["GET"]}}],"collection":[{"href":"https:\/\/lospoliticosveracruz.com\/index.php?rest_route=\/wp\/v2\/posts"}],"about":[{"href":"https:\/\/lospoliticosveracruz.com\/index.php?rest_route=\/wp\/v2\/types\/post"}],"author":[{"embeddable":true,"href":"https:\/\/lospoliticosveracruz.com\/index.php?rest_route=\/wp\/v2\/users\/2"}],"replies":[{"embeddable":true,"href":"https:\/\/lospoliticosveracruz.com\/index.php?rest_route=%2Fwp%2Fv2%2Fcomments&post=71367"}],"version-history":[{"count":1,"href":"https:\/\/lospoliticosveracruz.com\/index.php?rest_route=\/wp\/v2\/posts\/71367\/revisions"}],"predecessor-version":[{"id":71371,"href":"https:\/\/lospoliticosveracruz.com\/index.php?rest_route=\/wp\/v2\/posts\/71367\/revisions\/71371"}],"wp:attachment":[{"href":"https:\/\/lospoliticosveracruz.com\/index.php?rest_route=%2Fwp%2Fv2%2Fmedia&parent=71367"}],"wp:term":[{"taxonomy":"category","embeddable":true,"href":"https:\/\/lospoliticosveracruz.com\/index.php?rest_route=%2Fwp%2Fv2%2Fcategories&post=71367"},{"taxonomy":"post_tag","embeddable":true,"href":"https:\/\/lospoliticosveracruz.com\/index.php?rest_route=%2Fwp%2Fv2%2Ftags&post=71367"}],"curies":[{"name":"wp","href":"https:\/\/api.w.org\/{rel}","templated":true}]}}