{"id":71372,"date":"2021-04-21T22:59:13","date_gmt":"2021-04-22T03:59:13","guid":{"rendered":"http:\/\/www.lospoliticosveracruz.com.mx\/?p=71372"},"modified":"2021-04-21T23:07:17","modified_gmt":"2021-04-22T04:07:17","slug":"teocelo-y-mara","status":"publish","type":"post","link":"https:\/\/lospoliticosveracruz.com\/?p=71372","title":{"rendered":"Teocelo y Mara"},"content":{"rendered":"\n<p><strong>Enrique Yasser Pompeyo<\/strong><\/p>\n\n\n\n<p><em>Mesa de Redacci\u00f3n<br><\/em><\/p>\n\n\n\n<p>En el Ayuntamiento de Teocelo que encabeza el alcalde Mario Antonio Chama D\u00edaz contin\u00faan las irregularidades.<br>De acuerdo con pobladores, a trav\u00e9s del DIF municipal se han entregado despensas en varias localidades; el asunto no son los apoyos en s\u00ed, sino que el personal que acude a los domicilios a entregarlos, les dice a los habitantes que son de parte de la ex titular, Mara Yamileth Chama Villa.<br><\/p>\n\n\n\n<div class=\"wp-block-image\"><figure class=\"alignleft size-large is-resized\"><a href=\"http:\/\/www.lospoliticosveracruz.com.mx\/wp-content\/uploads\/2021\/04\/Celebremos-Cordoba-B.png\"><img loading=\"lazy\" decoding=\"async\" src=\"http:\/\/www.lospoliticosveracruz.com.mx\/wp-content\/uploads\/2021\/04\/Celebremos-Cordoba-B.png\" alt=\"\" class=\"wp-image-71293\" width=\"225\" height=\"450\"\/><\/a><\/figure><\/div>\n\n\n\n<p>En la informaci\u00f3n dada a conocer por medios de comunicaci\u00f3n, los ciudadanos expresaron: \u201crepartieron despensas en localidades, manifestaron que esas son las despensas que dej\u00f3 Mara Chama que ahora participa para la candidatura del Partido Verde. Las llevaron por parte del DIF de Teocelo, les iban remarcando que Mara las gestion\u00f3, ese comentario es innecesario, ellos est\u00e1n haciendo campa\u00f1a con esos comentarios\u201d.<br>Llama la atenci\u00f3n porque la hija de Mario Chama, quien gan\u00f3 la alcald\u00eda por el Partido Encuentro Social hoy Partido Encuentro Solidario (PES), ahora milita en otro instituto pol\u00edtico.<br>Mara Chama dej\u00f3 la presidencia de DIF municipal para convertirse en delegada de Activismo Pol\u00edtico del Comit\u00e9 Ejecutivo Estatal del Partido Verde Ecologista de M\u00e9xico (PVEM) en Teocelo.<br>Como lo han denunciado diferentes personajes, el alcalde Mario Chama intenta heredar el cargo a su hija. Aunque en un inicio se coment\u00f3 que ser\u00eda abanderada por Morena, debido al rechazo generalizado de los morenistas se busc\u00f3 otra alternativa.<br>Hoy, de acuerdo con las denuncias de los ciudadanos, se pretende posicionarla utilizando los apoyos del organismo asistencial local.<br>Los teocelenses ya han manifestado su rechazo al nepotismo y a la herencia del poder. Ya se ver\u00e1, finalmente, a quien deciden otorgar su respaldo y apoyo en las urnas el pr\u00f3ximo 6 de junio.<\/p>\n\n\n\n<p><strong>VACUNAR\u00c1N A NI\u00d1OS Y NI\u00d1AS DE COATEPEC<\/strong><\/p>\n\n\n\n<p>El Ayuntamiento de Coatepec y el Centro de Salud invitan a la campa\u00f1a de vacunaci\u00f3n contra sarampi\u00f3n y rubeola que se realiza del 21 de abril al 3 de mayo.<br>La campa\u00f1a de vacunaci\u00f3n est\u00e1 dirigida para todas las ni\u00f1as y ni\u00f1os de 1 a\u00f1o hasta 4 a\u00f1os, 11 meses cumplidos.<br><\/p>\n\n\n\n<div class=\"wp-block-image\"><figure class=\"alignleft size-large is-resized\"><a href=\"http:\/\/www.lospoliticosveracruz.com.mx\/wp-content\/uploads\/2021\/04\/Tecajetes.jpeg\"><img loading=\"lazy\" decoding=\"async\" src=\"http:\/\/www.lospoliticosveracruz.com.mx\/wp-content\/uploads\/2021\/04\/Tecajetes.jpeg\" alt=\"\" class=\"wp-image-71008\" width=\"296\" height=\"432\"\/><\/a><\/figure><\/div>\n\n\n\n<p>Las autoridades municipales y de salud piden identificar el m\u00f3dulo de vacunaci\u00f3n instalado en las colonias y comunidades de 9 a 15 horas.<br>Adem\u00e1s, exhortan a que no olviden llevar la cartilla de vacunaci\u00f3n; \u201clas vacunas protegen a nuestros hijos y tambi\u00e9n a nosotros\u201d.<br>Por cierto, en los bajos de Palacio Municipal se encuentra un m\u00f3dulo de vacunaci\u00f3n.<\/p>\n\n\n\n<p><strong>AMPL\u00cdAN PLAZO PARA REGISTROS DE EDILES<\/strong><\/p>\n\n\n\n<p>El Organismo P\u00fablico Local Electoral de Veracruz (OPLE) ampli\u00f3 el plazo para la recepci\u00f3n de postulaciones de candidaturas al cargo de ediles de los ayuntamientos.<br>De manera inicial, el plazo venc\u00eda este 21, sin embargo, se aprob\u00f3 una pr\u00f3rroga para el d\u00eda 24.<br>En el caso de las diputaciones locales, la fecha permanece para el pr\u00f3ximo 26 de este mes.<\/p>\n\n\n\n<p>enriquepompeyo@hotmail.com<\/p>\n","protected":false},"excerpt":{"rendered":"<p>Enrique Yasser Pompeyo Mesa de Redacci\u00f3n En el Ayuntamiento de Teocelo que encabeza el alcalde Mario Antonio Chama D\u00edaz contin\u00faan las irregularidades.De acuerdo con pobladores, a trav\u00e9s del DIF municipal se han entregado despensas en varias localidades; el asunto no son los apoyos en s\u00ed, sino que el personal que acude a los domicilios a [&hellip;]<\/p>\n","protected":false},"author":2,"featured_media":0,"comment_status":"closed","ping_status":"closed","sticky":false,"template":"","format":"standard","meta":{"tdm_status":"","tdm_grid_status":"","footnotes":""},"categories":[70],"tags":[15422,277,15477,18452,12450,3272,24157,965,264,27495,15216,1452],"class_list":{"0":"post-71372","1":"post","2":"type-post","3":"status-publish","4":"format-standard","6":"category-de-opinion","7":"tag-campana-de-vacunacion","8":"tag-coatepec","9":"tag-enrique-yasser-pompeyo","10":"tag-mara-yamileth-chama-villa","11":"tag-mario-antonio-chama-diaz","12":"tag-ople","13":"tag-partido-encuentro-solidario","14":"tag-partido-verde","15":"tag-pvem","16":"tag-rubeola","17":"tag-sarampion","18":"tag-teocelo"},"yoast_head":"<!-- This site is optimized with the Yoast SEO plugin v27.4 - https:\/\/yoast.com\/product\/yoast-seo-wordpress\/ -->\n<title>Teocelo y Mara - Los pol\u00edticos Veracruz<\/title>\n<meta name=\"robots\" content=\"index, follow, max-snippet:-1, max-image-preview:large, max-video-preview:-1\" \/>\n<link rel=\"canonical\" href=\"https:\/\/lospoliticosveracruz.com\/?p=71372\" \/>\n<meta property=\"og:locale\" content=\"es_ES\" \/>\n<meta property=\"og:type\" content=\"article\" \/>\n<meta property=\"og:title\" content=\"Teocelo y Mara - Los pol\u00edticos Veracruz\" \/>\n<meta property=\"og:description\" content=\"Enrique Yasser Pompeyo Mesa de Redacci\u00f3n En el Ayuntamiento de Teocelo que encabeza el alcalde Mario Antonio Chama D\u00edaz contin\u00faan las irregularidades.De acuerdo con pobladores, a trav\u00e9s del DIF municipal se han entregado despensas en varias localidades; el asunto no son los apoyos en s\u00ed, sino que el personal que acude a los domicilios a [&hellip;]\" \/>\n<meta property=\"og:url\" content=\"https:\/\/lospoliticosveracruz.com\/?p=71372\" \/>\n<meta property=\"og:site_name\" content=\"Los pol\u00edticos Veracruz\" \/>\n<meta property=\"article:publisher\" content=\"https:\/\/www.facebook.com\/people\/Notimemes-de-los-Polticos\/61565672886568\/\" \/>\n<meta property=\"article:published_time\" content=\"2021-04-22T03:59:13+00:00\" \/>\n<meta property=\"article:modified_time\" content=\"2021-04-22T04:07:17+00:00\" \/>\n<meta property=\"og:image\" content=\"http:\/\/www.lospoliticosveracruz.com.mx\/wp-content\/uploads\/2021\/04\/Celebremos-Cordoba-B.png\" \/>\n<meta name=\"author\" content=\"Lo viste en Los Pol\u00edticos\" \/>\n<meta name=\"twitter:card\" content=\"summary_large_image\" \/>\n<meta name=\"twitter:creator\" content=\"@LosPoliticosVer\" \/>\n<meta name=\"twitter:site\" content=\"@LosPoliticosVer\" \/>\n<meta name=\"twitter:label1\" content=\"Escrito por\" \/>\n\t<meta name=\"twitter:data1\" content=\"Lo viste en Los Pol\u00edticos\" \/>\n\t<meta name=\"twitter:label2\" content=\"Tiempo de lectura\" \/>\n\t<meta name=\"twitter:data2\" content=\"3 minutos\" \/>\n<script type=\"application\/ld+json\" class=\"yoast-schema-graph\">{\"@context\":\"https:\\\/\\\/schema.org\",\"@graph\":[{\"@type\":\"Article\",\"@id\":\"https:\\\/\\\/lospoliticosveracruz.com\\\/?p=71372#article\",\"isPartOf\":{\"@id\":\"https:\\\/\\\/lospoliticosveracruz.com\\\/?p=71372\"},\"author\":{\"name\":\"Lo viste en Los Pol\u00edticos\",\"@id\":\"https:\\\/\\\/lospoliticosveracruz.com\\\/#\\\/schema\\\/person\\\/b8702bb0e538456e6efd07080bf2a4a2\"},\"headline\":\"Teocelo y Mara\",\"datePublished\":\"2021-04-22T03:59:13+00:00\",\"dateModified\":\"2021-04-22T04:07:17+00:00\",\"mainEntityOfPage\":{\"@id\":\"https:\\\/\\\/lospoliticosveracruz.com\\\/?p=71372\"},\"wordCount\":504,\"publisher\":{\"@id\":\"https:\\\/\\\/lospoliticosveracruz.com\\\/#organization\"},\"image\":{\"@id\":\"https:\\\/\\\/lospoliticosveracruz.com\\\/?p=71372#primaryimage\"},\"thumbnailUrl\":\"http:\\\/\\\/www.lospoliticosveracruz.com.mx\\\/wp-content\\\/uploads\\\/2021\\\/04\\\/Celebremos-Cordoba-B.png\",\"keywords\":[\"campa\u00f1a de vacunaci\u00f3n\",\"Coatepec\",\"Enrique Yasser Pompeyo\",\"Mara Yamileth Chama Villa\",\"Mario Antonio Chama D\u00edaz\",\"OPLE\",\"Partido Encuentro Solidario\",\"Partido Verde\",\"PVEM\",\"rubeola\",\"sarampi\u00f3n\",\"Teocelo\"],\"articleSection\":[\"De Opini\u00f3n\"],\"inLanguage\":\"es\"},{\"@type\":\"WebPage\",\"@id\":\"https:\\\/\\\/lospoliticosveracruz.com\\\/?p=71372\",\"url\":\"https:\\\/\\\/lospoliticosveracruz.com\\\/?p=71372\",\"name\":\"Teocelo y Mara - Los pol\u00edticos Veracruz\",\"isPartOf\":{\"@id\":\"https:\\\/\\\/lospoliticosveracruz.com\\\/#website\"},\"primaryImageOfPage\":{\"@id\":\"https:\\\/\\\/lospoliticosveracruz.com\\\/?p=71372#primaryimage\"},\"image\":{\"@id\":\"https:\\\/\\\/lospoliticosveracruz.com\\\/?p=71372#primaryimage\"},\"thumbnailUrl\":\"http:\\\/\\\/www.lospoliticosveracruz.com.mx\\\/wp-content\\\/uploads\\\/2021\\\/04\\\/Celebremos-Cordoba-B.png\",\"datePublished\":\"2021-04-22T03:59:13+00:00\",\"dateModified\":\"2021-04-22T04:07:17+00:00\",\"breadcrumb\":{\"@id\":\"https:\\\/\\\/lospoliticosveracruz.com\\\/?p=71372#breadcrumb\"},\"inLanguage\":\"es\",\"potentialAction\":[{\"@type\":\"ReadAction\",\"target\":[\"https:\\\/\\\/lospoliticosveracruz.com\\\/?p=71372\"]}]},{\"@type\":\"ImageObject\",\"inLanguage\":\"es\",\"@id\":\"https:\\\/\\\/lospoliticosveracruz.com\\\/?p=71372#primaryimage\",\"url\":\"http:\\\/\\\/www.lospoliticosveracruz.com.mx\\\/wp-content\\\/uploads\\\/2021\\\/04\\\/Celebremos-Cordoba-B.png\",\"contentUrl\":\"http:\\\/\\\/www.lospoliticosveracruz.com.mx\\\/wp-content\\\/uploads\\\/2021\\\/04\\\/Celebremos-Cordoba-B.png\"},{\"@type\":\"BreadcrumbList\",\"@id\":\"https:\\\/\\\/lospoliticosveracruz.com\\\/?p=71372#breadcrumb\",\"itemListElement\":[{\"@type\":\"ListItem\",\"position\":1,\"name\":\"Portada\",\"item\":\"https:\\\/\\\/lospoliticosveracruz.com\\\/\"},{\"@type\":\"ListItem\",\"position\":2,\"name\":\"Teocelo y Mara\"}]},{\"@type\":\"WebSite\",\"@id\":\"https:\\\/\\\/lospoliticosveracruz.com\\\/#website\",\"url\":\"https:\\\/\\\/lospoliticosveracruz.com\\\/\",\"name\":\"Los pol\u00edticos Veracruz\",\"description\":\"\",\"publisher\":{\"@id\":\"https:\\\/\\\/lospoliticosveracruz.com\\\/#organization\"},\"potentialAction\":[{\"@type\":\"SearchAction\",\"target\":{\"@type\":\"EntryPoint\",\"urlTemplate\":\"https:\\\/\\\/lospoliticosveracruz.com\\\/?s={search_term_string}\"},\"query-input\":{\"@type\":\"PropertyValueSpecification\",\"valueRequired\":true,\"valueName\":\"search_term_string\"}}],\"inLanguage\":\"es\"},{\"@type\":\"Organization\",\"@id\":\"https:\\\/\\\/lospoliticosveracruz.com\\\/#organization\",\"name\":\"Los pol\u00edticos Veracruz\",\"url\":\"https:\\\/\\\/lospoliticosveracruz.com\\\/\",\"logo\":{\"@type\":\"ImageObject\",\"inLanguage\":\"es\",\"@id\":\"https:\\\/\\\/lospoliticosveracruz.com\\\/#\\\/schema\\\/logo\\\/image\\\/\",\"url\":\"https:\\\/\\\/lospoliticosveracruz.com\\\/wp-content\\\/uploads\\\/2025\\\/12\\\/Logo-Nuevo-LOS-POLITICOS-1.jpg\",\"contentUrl\":\"https:\\\/\\\/lospoliticosveracruz.com\\\/wp-content\\\/uploads\\\/2025\\\/12\\\/Logo-Nuevo-LOS-POLITICOS-1.jpg\",\"width\":260,\"height\":70,\"caption\":\"Los pol\u00edticos Veracruz\"},\"image\":{\"@id\":\"https:\\\/\\\/lospoliticosveracruz.com\\\/#\\\/schema\\\/logo\\\/image\\\/\"},\"sameAs\":[\"https:\\\/\\\/www.facebook.com\\\/people\\\/Notimemes-de-los-Polticos\\\/61565672886568\\\/\",\"https:\\\/\\\/x.com\\\/LosPoliticosVer\"]},{\"@type\":\"Person\",\"@id\":\"https:\\\/\\\/lospoliticosveracruz.com\\\/#\\\/schema\\\/person\\\/b8702bb0e538456e6efd07080bf2a4a2\",\"name\":\"Lo viste en Los Pol\u00edticos\",\"image\":{\"@type\":\"ImageObject\",\"inLanguage\":\"es\",\"@id\":\"https:\\\/\\\/secure.gravatar.com\\\/avatar\\\/3a8de04a2656d44082be478bd6c086daa447c4651605818287b9532d3d0bd435?s=96&d=mm&r=g\",\"url\":\"https:\\\/\\\/secure.gravatar.com\\\/avatar\\\/3a8de04a2656d44082be478bd6c086daa447c4651605818287b9532d3d0bd435?s=96&d=mm&r=g\",\"contentUrl\":\"https:\\\/\\\/secure.gravatar.com\\\/avatar\\\/3a8de04a2656d44082be478bd6c086daa447c4651605818287b9532d3d0bd435?s=96&d=mm&r=g\",\"caption\":\"Lo viste en Los Pol\u00edticos\"},\"url\":\"https:\\\/\\\/lospoliticosveracruz.com\\\/?author=2\"}]}<\/script>\n<!-- \/ Yoast SEO plugin. -->","yoast_head_json":{"title":"Teocelo y Mara - Los pol\u00edticos Veracruz","robots":{"index":"index","follow":"follow","max-snippet":"max-snippet:-1","max-image-preview":"max-image-preview:large","max-video-preview":"max-video-preview:-1"},"canonical":"https:\/\/lospoliticosveracruz.com\/?p=71372","og_locale":"es_ES","og_type":"article","og_title":"Teocelo y Mara - Los pol\u00edticos Veracruz","og_description":"Enrique Yasser Pompeyo Mesa de Redacci\u00f3n En el Ayuntamiento de Teocelo que encabeza el alcalde Mario Antonio Chama D\u00edaz contin\u00faan las irregularidades.De acuerdo con pobladores, a trav\u00e9s del DIF municipal se han entregado despensas en varias localidades; el asunto no son los apoyos en s\u00ed, sino que el personal que acude a los domicilios a [&hellip;]","og_url":"https:\/\/lospoliticosveracruz.com\/?p=71372","og_site_name":"Los pol\u00edticos Veracruz","article_publisher":"https:\/\/www.facebook.com\/people\/Notimemes-de-los-Polticos\/61565672886568\/","article_published_time":"2021-04-22T03:59:13+00:00","article_modified_time":"2021-04-22T04:07:17+00:00","og_image":[{"url":"http:\/\/www.lospoliticosveracruz.com.mx\/wp-content\/uploads\/2021\/04\/Celebremos-Cordoba-B.png","type":"","width":"","height":""}],"author":"Lo viste en Los Pol\u00edticos","twitter_card":"summary_large_image","twitter_creator":"@LosPoliticosVer","twitter_site":"@LosPoliticosVer","twitter_misc":{"Escrito por":"Lo viste en Los Pol\u00edticos","Tiempo de lectura":"3 minutos"},"schema":{"@context":"https:\/\/schema.org","@graph":[{"@type":"Article","@id":"https:\/\/lospoliticosveracruz.com\/?p=71372#article","isPartOf":{"@id":"https:\/\/lospoliticosveracruz.com\/?p=71372"},"author":{"name":"Lo viste en Los Pol\u00edticos","@id":"https:\/\/lospoliticosveracruz.com\/#\/schema\/person\/b8702bb0e538456e6efd07080bf2a4a2"},"headline":"Teocelo y Mara","datePublished":"2021-04-22T03:59:13+00:00","dateModified":"2021-04-22T04:07:17+00:00","mainEntityOfPage":{"@id":"https:\/\/lospoliticosveracruz.com\/?p=71372"},"wordCount":504,"publisher":{"@id":"https:\/\/lospoliticosveracruz.com\/#organization"},"image":{"@id":"https:\/\/lospoliticosveracruz.com\/?p=71372#primaryimage"},"thumbnailUrl":"http:\/\/www.lospoliticosveracruz.com.mx\/wp-content\/uploads\/2021\/04\/Celebremos-Cordoba-B.png","keywords":["campa\u00f1a de vacunaci\u00f3n","Coatepec","Enrique Yasser Pompeyo","Mara Yamileth Chama Villa","Mario Antonio Chama D\u00edaz","OPLE","Partido Encuentro Solidario","Partido Verde","PVEM","rubeola","sarampi\u00f3n","Teocelo"],"articleSection":["De Opini\u00f3n"],"inLanguage":"es"},{"@type":"WebPage","@id":"https:\/\/lospoliticosveracruz.com\/?p=71372","url":"https:\/\/lospoliticosveracruz.com\/?p=71372","name":"Teocelo y Mara - Los pol\u00edticos Veracruz","isPartOf":{"@id":"https:\/\/lospoliticosveracruz.com\/#website"},"primaryImageOfPage":{"@id":"https:\/\/lospoliticosveracruz.com\/?p=71372#primaryimage"},"image":{"@id":"https:\/\/lospoliticosveracruz.com\/?p=71372#primaryimage"},"thumbnailUrl":"http:\/\/www.lospoliticosveracruz.com.mx\/wp-content\/uploads\/2021\/04\/Celebremos-Cordoba-B.png","datePublished":"2021-04-22T03:59:13+00:00","dateModified":"2021-04-22T04:07:17+00:00","breadcrumb":{"@id":"https:\/\/lospoliticosveracruz.com\/?p=71372#breadcrumb"},"inLanguage":"es","potentialAction":[{"@type":"ReadAction","target":["https:\/\/lospoliticosveracruz.com\/?p=71372"]}]},{"@type":"ImageObject","inLanguage":"es","@id":"https:\/\/lospoliticosveracruz.com\/?p=71372#primaryimage","url":"http:\/\/www.lospoliticosveracruz.com.mx\/wp-content\/uploads\/2021\/04\/Celebremos-Cordoba-B.png","contentUrl":"http:\/\/www.lospoliticosveracruz.com.mx\/wp-content\/uploads\/2021\/04\/Celebremos-Cordoba-B.png"},{"@type":"BreadcrumbList","@id":"https:\/\/lospoliticosveracruz.com\/?p=71372#breadcrumb","itemListElement":[{"@type":"ListItem","position":1,"name":"Portada","item":"https:\/\/lospoliticosveracruz.com\/"},{"@type":"ListItem","position":2,"name":"Teocelo y Mara"}]},{"@type":"WebSite","@id":"https:\/\/lospoliticosveracruz.com\/#website","url":"https:\/\/lospoliticosveracruz.com\/","name":"Los pol\u00edticos Veracruz","description":"","publisher":{"@id":"https:\/\/lospoliticosveracruz.com\/#organization"},"potentialAction":[{"@type":"SearchAction","target":{"@type":"EntryPoint","urlTemplate":"https:\/\/lospoliticosveracruz.com\/?s={search_term_string}"},"query-input":{"@type":"PropertyValueSpecification","valueRequired":true,"valueName":"search_term_string"}}],"inLanguage":"es"},{"@type":"Organization","@id":"https:\/\/lospoliticosveracruz.com\/#organization","name":"Los pol\u00edticos Veracruz","url":"https:\/\/lospoliticosveracruz.com\/","logo":{"@type":"ImageObject","inLanguage":"es","@id":"https:\/\/lospoliticosveracruz.com\/#\/schema\/logo\/image\/","url":"https:\/\/lospoliticosveracruz.com\/wp-content\/uploads\/2025\/12\/Logo-Nuevo-LOS-POLITICOS-1.jpg","contentUrl":"https:\/\/lospoliticosveracruz.com\/wp-content\/uploads\/2025\/12\/Logo-Nuevo-LOS-POLITICOS-1.jpg","width":260,"height":70,"caption":"Los pol\u00edticos Veracruz"},"image":{"@id":"https:\/\/lospoliticosveracruz.com\/#\/schema\/logo\/image\/"},"sameAs":["https:\/\/www.facebook.com\/people\/Notimemes-de-los-Polticos\/61565672886568\/","https:\/\/x.com\/LosPoliticosVer"]},{"@type":"Person","@id":"https:\/\/lospoliticosveracruz.com\/#\/schema\/person\/b8702bb0e538456e6efd07080bf2a4a2","name":"Lo viste en Los Pol\u00edticos","image":{"@type":"ImageObject","inLanguage":"es","@id":"https:\/\/secure.gravatar.com\/avatar\/3a8de04a2656d44082be478bd6c086daa447c4651605818287b9532d3d0bd435?s=96&d=mm&r=g","url":"https:\/\/secure.gravatar.com\/avatar\/3a8de04a2656d44082be478bd6c086daa447c4651605818287b9532d3d0bd435?s=96&d=mm&r=g","contentUrl":"https:\/\/secure.gravatar.com\/avatar\/3a8de04a2656d44082be478bd6c086daa447c4651605818287b9532d3d0bd435?s=96&d=mm&r=g","caption":"Lo viste en Los Pol\u00edticos"},"url":"https:\/\/lospoliticosveracruz.com\/?author=2"}]}},"_links":{"self":[{"href":"https:\/\/lospoliticosveracruz.com\/index.php?rest_route=\/wp\/v2\/posts\/71372","targetHints":{"allow":["GET"]}}],"collection":[{"href":"https:\/\/lospoliticosveracruz.com\/index.php?rest_route=\/wp\/v2\/posts"}],"about":[{"href":"https:\/\/lospoliticosveracruz.com\/index.php?rest_route=\/wp\/v2\/types\/post"}],"author":[{"embeddable":true,"href":"https:\/\/lospoliticosveracruz.com\/index.php?rest_route=\/wp\/v2\/users\/2"}],"replies":[{"embeddable":true,"href":"https:\/\/lospoliticosveracruz.com\/index.php?rest_route=%2Fwp%2Fv2%2Fcomments&post=71372"}],"version-history":[{"count":4,"href":"https:\/\/lospoliticosveracruz.com\/index.php?rest_route=\/wp\/v2\/posts\/71372\/revisions"}],"predecessor-version":[{"id":71377,"href":"https:\/\/lospoliticosveracruz.com\/index.php?rest_route=\/wp\/v2\/posts\/71372\/revisions\/71377"}],"wp:attachment":[{"href":"https:\/\/lospoliticosveracruz.com\/index.php?rest_route=%2Fwp%2Fv2%2Fmedia&parent=71372"}],"wp:term":[{"taxonomy":"category","embeddable":true,"href":"https:\/\/lospoliticosveracruz.com\/index.php?rest_route=%2Fwp%2Fv2%2Fcategories&post=71372"},{"taxonomy":"post_tag","embeddable":true,"href":"https:\/\/lospoliticosveracruz.com\/index.php?rest_route=%2Fwp%2Fv2%2Ftags&post=71372"}],"curies":[{"name":"wp","href":"https:\/\/api.w.org\/{rel}","templated":true}]}}