{"id":71422,"date":"2021-04-23T08:54:39","date_gmt":"2021-04-23T13:54:39","guid":{"rendered":"http:\/\/www.lospoliticosveracruz.com.mx\/?p=71422"},"modified":"2021-04-23T08:54:44","modified_gmt":"2021-04-23T13:54:44","slug":"la-judicatura-el-presidente-y-la-constitucion","status":"publish","type":"post","link":"https:\/\/lospoliticosveracruz.com\/?p=71422","title":{"rendered":"La Judicatura, el presidente y la constituci\u00f3n"},"content":{"rendered":"\n<p><strong>Felipe de Jes\u00fas Fern\u00e1ndez Basilio<br><\/strong><em>Desde A Janela<\/em><\/p>\n\n\n\n<p><em><br><\/em>En esta ocasi\u00f3n continuaremos analizando la aplicaci\u00f3n de la norma jur\u00eddica constitucional por parte de los \u00f3rganos estatales establecidos por la propia constituci\u00f3n en contraste a la manera en que la pretende desaplicar el presidente de la rep\u00fablica, quien por cierto tambi\u00e9n emana de ella.<br>La vez pasada hab\u00edamos explicado las caracter\u00edsticas que las normas de derecho p\u00fablico tienen tanto para crear \u00f3rganos p\u00fablicos como para establecer sus facultades, es decir, que cualquier \u00f3rgano del Estado existe y act\u00faa porque se encuentra establecido en la constituci\u00f3n o en alguna ley que de ella emane.<\/p>\n\n\n\n<div class=\"wp-block-image\"><figure class=\"alignleft size-large\"><a href=\"http:\/\/www.lospoliticosveracruz.com.mx\/wp-content\/uploads\/2021\/04\/Celebremos-Cordoba-B.png\"><img decoding=\"async\" src=\"http:\/\/www.lospoliticosveracruz.com.mx\/wp-content\/uploads\/2021\/04\/Celebremos-Cordoba-B.png\" alt=\"\" class=\"wp-image-71293\"\/><\/a><\/figure><\/div>\n\n\n\n<p><br>En cambio, si un \u00f3rgano del Estado pretende actuar fuera de lo establecido por la norma que le da su raz\u00f3n de ser, jur\u00eddicamente no existe su actuaci\u00f3n y en esa ocasi\u00f3n pusimos el ejemplo de que el INE fue creado como autoridad electoral y que su actuar s\u00f3lo puede ser dentro del marco de las normas electorales y en el caso de las sanciones que aplic\u00f3 a los candidatos de M.R.N. para gobernador de Guerrero y de Michoac\u00e1n, \u00e9stas fueron la \u00fanica que existe en la norma electoral para un candidato que no reporta sus gastos de campa\u00f1a: la p\u00e9rdida del registro.<br>Mientras que, por otra parte, el presidente se sali\u00f3 del marco constitucional al pedir al Tribunal Electoral que las impugnaciones sean resueltas por un mecanismo que no est\u00e1 previsto en la normatividad aplicable, como lo son las encuestas telef\u00f3nicas.<br>En esta ocasi\u00f3n y a la luz de los \u00faltimos acontecimientos, vamos a ver que sucede exactamente lo mismo en el caso de los juzgados y tribunales federales que se encuentran establecidos por la constituci\u00f3n y que tienen encomendada por ella misma entre otras cosas, la protecci\u00f3n de los particulares frente a cualquier arbitrariedad cometida por el Estado y precisamente \u00e9sta consiste en que los \u00f3rganos estatales act\u00faen fuera del marco legal en el que fueron creados o bien que act\u00faen dentro del mismo pero emitiendo actos de autoridad o leyes que se encuentren fuera o en contra de la constituci\u00f3n y que con estas actuaciones se lesionen intereses y\/o derechos de particulares.<br>Y tenemos como ejemplos de lo anterior, los casos de la introducci\u00f3n de normas notablemente inconstitucionales, como lo son el tener que aportar nuestros datos biom\u00e9tricos para poder obtener un tel\u00e9fono m\u00f3vil sin que exista un mandato judicial que previamente diga las razones para hacerlo y la ley en la que se basa dicha orden.<br>En el caso se\u00f1alado, el poder legislativo est\u00e1 actuando dentro del marco constitucional, ya que su funci\u00f3n es emitir leyes, pero la ley que en este caso emiti\u00f3 contraviene directamente la disposici\u00f3n constitucional que dice que nadie puede ser molestado en su persona, familia, domicilio, papeles o posesiones sino con mandato de autoridad competente que funde y motive la causa legal del procedimiento (art. 16); luego entonces, si se emite una disposici\u00f3n legislativa que se salte todo o parte de lo que la garant\u00eda constitucional establece y protege, dicha ley es notoriamente inconstitucional y por lo tanto se debe de invalidar.<br><\/p>\n\n\n\n<div class=\"wp-block-image\"><figure class=\"alignleft size-large is-resized\"><a href=\"http:\/\/www.lospoliticosveracruz.com.mx\/wp-content\/uploads\/2021\/04\/Tecajetes.jpeg\"><img loading=\"lazy\" decoding=\"async\" src=\"http:\/\/www.lospoliticosveracruz.com.mx\/wp-content\/uploads\/2021\/04\/Tecajetes.jpeg\" alt=\"\" class=\"wp-image-71008\" width=\"296\" height=\"432\"\/><\/a><\/figure><\/div>\n\n\n\n<p>Y por lo tanto los juzgadores federales que reciban impugnaciones tendientes a invalidar dicha norma, impugnaciones realizadas a manera de juicios de amparo, no tienen m\u00e1s remedio que detener su aplicaci\u00f3n de manera inmediata, es decir suspender el acto reclamado, debido a que su aplicaci\u00f3n necesariamente tiene consecuencias irreparables, ya que entregar los datos biom\u00e9tricos a cualquiera, en este caso a las compa\u00f1\u00edas de telefon\u00eda m\u00f3vil, es algo irreversible.<br>Y m\u00e1s si tomamos en cuenta que cualquier otra informaci\u00f3n que se d\u00e9 en \u00faltima instancia puede modificarse (ya que existen los cambios de n\u00fameros telef\u00f3nicos, de domicilio, de nombre o incluso hasta de sexo) pero los datos biom\u00e9tricos son inmutables y personal\u00edsimos y por lo mismo su entrega indiscriminada provoca un da\u00f1o irreparable para el afectado.<br>Siendo tan sensible esa informaci\u00f3n que la \u00fanica autoridad que en el pa\u00eds la tiene es el INE y la tiene s\u00f3lo para los efectos de integrar el padr\u00f3n electoral y la guarda de manera tan celosa que incluso se ha negado reiteradamente a entregarla a las administraciones de Calder\u00f3n, Pe\u00f1a y L\u00f3pez, quienes en diversos momentos se la han pedido con el pretexto de emitir una c\u00e9dula nacional de identidad.<br>Mas esa actuaci\u00f3n constitucional por parte de los jueces que conocen de los amparos es contrastada por los berrinches y descalificaciones que se emiten cada ma\u00f1ana en Palacio Nacional, en los que el presidente en lugar de obedecer su mandato constitucional de cumplir y hacer cumplir la constituci\u00f3n y las leyes que de ella emanan, se dedica a inventar teor\u00edas conspirativas y a insultar a los juzgadores que s\u00f3lo cumplen con su deber.<br>Pero la cosa no para ah\u00ed, sino que como ya ha visto que el poder judicial no es tan obsequioso con sus caprichos, lo busca cooptar con un regalo envenenado como lo es la ampliaci\u00f3n de mandato para el presidente de la Corte, aduciendo que, aunque la constituci\u00f3n expresamente establezca que la duraci\u00f3n en el encargo de dicho servidor p\u00fablico es de cuatro a\u00f1os, una causa moral superior como lo es la b\u00fasqueda de la honestidad en el poder judicial amerita que su presidente dure un par de a\u00f1os m\u00e1s.<br>Sin embargo, ese argumento sirve precisamente para demostrar que el presidente ya no act\u00faa como tal, porque su obligaci\u00f3n y la raz\u00f3n de ser de su cargo es guardar y hacer guardar la constituci\u00f3n y las leyes que de ella emanen y al pretender desconocer esas normas supedit\u00e1ndolas a un mandato \u00abdizque superior\u00bb, ya no se conduce como presidente de la Rep\u00fablica, porque no hay que olvidar que en un estado de derecho como lo es M\u00e9xico, solamente las normas jur\u00eddicas son las que valen y al actuar fuera de ellas desde cualquier cargo p\u00fablico, necesariamente dicha actuaci\u00f3n se vuelve nula de pleno derecho.<\/p>\n\n\n\n<div class=\"wp-block-image\"><figure class=\"alignleft size-large is-resized\"><a href=\"https:\/\/drive.google.com\/file\/d\/1Q9mJWAbAAcSE5Xy3gLetz4G7zcZVnOr5\/view?fbclid=IwAR21RCgSVy7rnC7mFt72TIVuewikDvUknkwyTne89f8AwxPGge10KkDXXhI\"><img loading=\"lazy\" decoding=\"async\" src=\"http:\/\/www.lospoliticosveracruz.com.mx\/wp-content\/uploads\/2021\/04\/CLASES-MAGISTRALES.jpg\" alt=\"\" class=\"wp-image-70534\" width=\"350\" height=\"232\"\/><\/a><\/figure><\/div>\n\n\n\n<p><br>Concluyo se\u00f1alando que vienen cosas peores, ya que a esta administraci\u00f3n le quedan m\u00e1s de tres a\u00f1os y conforme vaya avanzando el tiempo, el nivel de locura va a ir aumentando; por ello y ante el avasallamiento e incapacidad de casi toda la oposici\u00f3n pol\u00edtica para hacer frente a los abusos de poder que ya existen y a los que vendr\u00e1n, recomiendo ampliamente buscar desde el \u00e1mbito particular y de la sociedad civil activar todos y cada uno de los medios de defensa que la constituci\u00f3n confiere para defenderse de las arbitrariedades gubernamentales, mismas que hoy vemos lejanas pero que con el tiempo a todos nos van a afectar.<br>felfebas@gmail.com<br>Twitter: @FelipeFBasilio<\/p>\n","protected":false},"excerpt":{"rendered":"<p>Felipe de Jes\u00fas Fern\u00e1ndez BasilioDesde A Janela En esta ocasi\u00f3n continuaremos analizando la aplicaci\u00f3n de la norma jur\u00eddica constitucional por parte de los \u00f3rganos estatales establecidos por la propia constituci\u00f3n en contraste a la manera en que la pretende desaplicar el presidente de la rep\u00fablica, quien por cierto tambi\u00e9n emana de ella.La vez pasada hab\u00edamos [&hellip;]<\/p>\n","protected":false},"author":2,"featured_media":0,"comment_status":"closed","ping_status":"closed","sticky":false,"template":"","format":"standard","meta":{"tdm_status":"","tdm_grid_status":"","footnotes":""},"categories":[70],"tags":[27361,554,27510,12731],"class_list":{"0":"post-71422","1":"post","2":"type-post","3":"status-publish","4":"format-standard","6":"category-de-opinion","7":"tag-datos-biometricos","8":"tag-ine","9":"tag-norma-electoral","10":"tag-tribunal-electoral"},"yoast_head":"<!-- This site is optimized with the Yoast SEO plugin v27.4 - https:\/\/yoast.com\/product\/yoast-seo-wordpress\/ -->\n<title>La Judicatura, el presidente y la constituci\u00f3n - Los pol\u00edticos Veracruz<\/title>\n<meta name=\"robots\" content=\"index, follow, max-snippet:-1, max-image-preview:large, max-video-preview:-1\" \/>\n<link rel=\"canonical\" href=\"https:\/\/lospoliticosveracruz.com\/?p=71422\" \/>\n<meta property=\"og:locale\" content=\"es_ES\" \/>\n<meta property=\"og:type\" content=\"article\" \/>\n<meta property=\"og:title\" content=\"La Judicatura, el presidente y la constituci\u00f3n - Los pol\u00edticos Veracruz\" \/>\n<meta property=\"og:description\" content=\"Felipe de Jes\u00fas Fern\u00e1ndez BasilioDesde A Janela En esta ocasi\u00f3n continuaremos analizando la aplicaci\u00f3n de la norma jur\u00eddica constitucional por parte de los \u00f3rganos estatales establecidos por la propia constituci\u00f3n en contraste a la manera en que la pretende desaplicar el presidente de la rep\u00fablica, quien por cierto tambi\u00e9n emana de ella.La vez pasada hab\u00edamos [&hellip;]\" \/>\n<meta property=\"og:url\" content=\"https:\/\/lospoliticosveracruz.com\/?p=71422\" \/>\n<meta property=\"og:site_name\" content=\"Los pol\u00edticos Veracruz\" \/>\n<meta property=\"article:publisher\" content=\"https:\/\/www.facebook.com\/people\/Notimemes-de-los-Polticos\/61565672886568\/\" \/>\n<meta property=\"article:published_time\" content=\"2021-04-23T13:54:39+00:00\" \/>\n<meta property=\"article:modified_time\" content=\"2021-04-23T13:54:44+00:00\" \/>\n<meta property=\"og:image\" content=\"http:\/\/www.lospoliticosveracruz.com.mx\/wp-content\/uploads\/2021\/04\/Celebremos-Cordoba-B.png\" \/>\n<meta name=\"author\" content=\"Lo viste en Los Pol\u00edticos\" \/>\n<meta name=\"twitter:card\" content=\"summary_large_image\" \/>\n<meta name=\"twitter:creator\" content=\"@LosPoliticosVer\" \/>\n<meta name=\"twitter:site\" content=\"@LosPoliticosVer\" \/>\n<meta name=\"twitter:label1\" content=\"Escrito por\" \/>\n\t<meta name=\"twitter:data1\" content=\"Lo viste en Los Pol\u00edticos\" \/>\n\t<meta name=\"twitter:label2\" content=\"Tiempo de lectura\" \/>\n\t<meta name=\"twitter:data2\" content=\"6 minutos\" \/>\n<script type=\"application\/ld+json\" class=\"yoast-schema-graph\">{\"@context\":\"https:\\\/\\\/schema.org\",\"@graph\":[{\"@type\":\"Article\",\"@id\":\"https:\\\/\\\/lospoliticosveracruz.com\\\/?p=71422#article\",\"isPartOf\":{\"@id\":\"https:\\\/\\\/lospoliticosveracruz.com\\\/?p=71422\"},\"author\":{\"name\":\"Lo viste en Los Pol\u00edticos\",\"@id\":\"https:\\\/\\\/lospoliticosveracruz.com\\\/#\\\/schema\\\/person\\\/b8702bb0e538456e6efd07080bf2a4a2\"},\"headline\":\"La Judicatura, el presidente y la constituci\u00f3n\",\"datePublished\":\"2021-04-23T13:54:39+00:00\",\"dateModified\":\"2021-04-23T13:54:44+00:00\",\"mainEntityOfPage\":{\"@id\":\"https:\\\/\\\/lospoliticosveracruz.com\\\/?p=71422\"},\"wordCount\":1191,\"publisher\":{\"@id\":\"https:\\\/\\\/lospoliticosveracruz.com\\\/#organization\"},\"image\":{\"@id\":\"https:\\\/\\\/lospoliticosveracruz.com\\\/?p=71422#primaryimage\"},\"thumbnailUrl\":\"http:\\\/\\\/www.lospoliticosveracruz.com.mx\\\/wp-content\\\/uploads\\\/2021\\\/04\\\/Celebremos-Cordoba-B.png\",\"keywords\":[\"Datos Biom\u00e9tricos\",\"INE\",\"norma electoral\",\"Tribunal Electoral\"],\"articleSection\":[\"De Opini\u00f3n\"],\"inLanguage\":\"es\"},{\"@type\":\"WebPage\",\"@id\":\"https:\\\/\\\/lospoliticosveracruz.com\\\/?p=71422\",\"url\":\"https:\\\/\\\/lospoliticosveracruz.com\\\/?p=71422\",\"name\":\"La Judicatura, el presidente y la constituci\u00f3n - Los pol\u00edticos Veracruz\",\"isPartOf\":{\"@id\":\"https:\\\/\\\/lospoliticosveracruz.com\\\/#website\"},\"primaryImageOfPage\":{\"@id\":\"https:\\\/\\\/lospoliticosveracruz.com\\\/?p=71422#primaryimage\"},\"image\":{\"@id\":\"https:\\\/\\\/lospoliticosveracruz.com\\\/?p=71422#primaryimage\"},\"thumbnailUrl\":\"http:\\\/\\\/www.lospoliticosveracruz.com.mx\\\/wp-content\\\/uploads\\\/2021\\\/04\\\/Celebremos-Cordoba-B.png\",\"datePublished\":\"2021-04-23T13:54:39+00:00\",\"dateModified\":\"2021-04-23T13:54:44+00:00\",\"breadcrumb\":{\"@id\":\"https:\\\/\\\/lospoliticosveracruz.com\\\/?p=71422#breadcrumb\"},\"inLanguage\":\"es\",\"potentialAction\":[{\"@type\":\"ReadAction\",\"target\":[\"https:\\\/\\\/lospoliticosveracruz.com\\\/?p=71422\"]}]},{\"@type\":\"ImageObject\",\"inLanguage\":\"es\",\"@id\":\"https:\\\/\\\/lospoliticosveracruz.com\\\/?p=71422#primaryimage\",\"url\":\"http:\\\/\\\/www.lospoliticosveracruz.com.mx\\\/wp-content\\\/uploads\\\/2021\\\/04\\\/Celebremos-Cordoba-B.png\",\"contentUrl\":\"http:\\\/\\\/www.lospoliticosveracruz.com.mx\\\/wp-content\\\/uploads\\\/2021\\\/04\\\/Celebremos-Cordoba-B.png\"},{\"@type\":\"BreadcrumbList\",\"@id\":\"https:\\\/\\\/lospoliticosveracruz.com\\\/?p=71422#breadcrumb\",\"itemListElement\":[{\"@type\":\"ListItem\",\"position\":1,\"name\":\"Portada\",\"item\":\"https:\\\/\\\/lospoliticosveracruz.com\\\/\"},{\"@type\":\"ListItem\",\"position\":2,\"name\":\"La Judicatura, el presidente y la constituci\u00f3n\"}]},{\"@type\":\"WebSite\",\"@id\":\"https:\\\/\\\/lospoliticosveracruz.com\\\/#website\",\"url\":\"https:\\\/\\\/lospoliticosveracruz.com\\\/\",\"name\":\"Los pol\u00edticos Veracruz\",\"description\":\"\",\"publisher\":{\"@id\":\"https:\\\/\\\/lospoliticosveracruz.com\\\/#organization\"},\"potentialAction\":[{\"@type\":\"SearchAction\",\"target\":{\"@type\":\"EntryPoint\",\"urlTemplate\":\"https:\\\/\\\/lospoliticosveracruz.com\\\/?s={search_term_string}\"},\"query-input\":{\"@type\":\"PropertyValueSpecification\",\"valueRequired\":true,\"valueName\":\"search_term_string\"}}],\"inLanguage\":\"es\"},{\"@type\":\"Organization\",\"@id\":\"https:\\\/\\\/lospoliticosveracruz.com\\\/#organization\",\"name\":\"Los pol\u00edticos Veracruz\",\"url\":\"https:\\\/\\\/lospoliticosveracruz.com\\\/\",\"logo\":{\"@type\":\"ImageObject\",\"inLanguage\":\"es\",\"@id\":\"https:\\\/\\\/lospoliticosveracruz.com\\\/#\\\/schema\\\/logo\\\/image\\\/\",\"url\":\"https:\\\/\\\/lospoliticosveracruz.com\\\/wp-content\\\/uploads\\\/2025\\\/12\\\/Logo-Nuevo-LOS-POLITICOS-1.jpg\",\"contentUrl\":\"https:\\\/\\\/lospoliticosveracruz.com\\\/wp-content\\\/uploads\\\/2025\\\/12\\\/Logo-Nuevo-LOS-POLITICOS-1.jpg\",\"width\":260,\"height\":70,\"caption\":\"Los pol\u00edticos Veracruz\"},\"image\":{\"@id\":\"https:\\\/\\\/lospoliticosveracruz.com\\\/#\\\/schema\\\/logo\\\/image\\\/\"},\"sameAs\":[\"https:\\\/\\\/www.facebook.com\\\/people\\\/Notimemes-de-los-Polticos\\\/61565672886568\\\/\",\"https:\\\/\\\/x.com\\\/LosPoliticosVer\"]},{\"@type\":\"Person\",\"@id\":\"https:\\\/\\\/lospoliticosveracruz.com\\\/#\\\/schema\\\/person\\\/b8702bb0e538456e6efd07080bf2a4a2\",\"name\":\"Lo viste en Los Pol\u00edticos\",\"image\":{\"@type\":\"ImageObject\",\"inLanguage\":\"es\",\"@id\":\"https:\\\/\\\/secure.gravatar.com\\\/avatar\\\/3a8de04a2656d44082be478bd6c086daa447c4651605818287b9532d3d0bd435?s=96&d=mm&r=g\",\"url\":\"https:\\\/\\\/secure.gravatar.com\\\/avatar\\\/3a8de04a2656d44082be478bd6c086daa447c4651605818287b9532d3d0bd435?s=96&d=mm&r=g\",\"contentUrl\":\"https:\\\/\\\/secure.gravatar.com\\\/avatar\\\/3a8de04a2656d44082be478bd6c086daa447c4651605818287b9532d3d0bd435?s=96&d=mm&r=g\",\"caption\":\"Lo viste en Los Pol\u00edticos\"},\"url\":\"https:\\\/\\\/lospoliticosveracruz.com\\\/?author=2\"}]}<\/script>\n<!-- \/ Yoast SEO plugin. -->","yoast_head_json":{"title":"La Judicatura, el presidente y la constituci\u00f3n - Los pol\u00edticos Veracruz","robots":{"index":"index","follow":"follow","max-snippet":"max-snippet:-1","max-image-preview":"max-image-preview:large","max-video-preview":"max-video-preview:-1"},"canonical":"https:\/\/lospoliticosveracruz.com\/?p=71422","og_locale":"es_ES","og_type":"article","og_title":"La Judicatura, el presidente y la constituci\u00f3n - Los pol\u00edticos Veracruz","og_description":"Felipe de Jes\u00fas Fern\u00e1ndez BasilioDesde A Janela En esta ocasi\u00f3n continuaremos analizando la aplicaci\u00f3n de la norma jur\u00eddica constitucional por parte de los \u00f3rganos estatales establecidos por la propia constituci\u00f3n en contraste a la manera en que la pretende desaplicar el presidente de la rep\u00fablica, quien por cierto tambi\u00e9n emana de ella.La vez pasada hab\u00edamos [&hellip;]","og_url":"https:\/\/lospoliticosveracruz.com\/?p=71422","og_site_name":"Los pol\u00edticos Veracruz","article_publisher":"https:\/\/www.facebook.com\/people\/Notimemes-de-los-Polticos\/61565672886568\/","article_published_time":"2021-04-23T13:54:39+00:00","article_modified_time":"2021-04-23T13:54:44+00:00","og_image":[{"url":"http:\/\/www.lospoliticosveracruz.com.mx\/wp-content\/uploads\/2021\/04\/Celebremos-Cordoba-B.png","type":"","width":"","height":""}],"author":"Lo viste en Los Pol\u00edticos","twitter_card":"summary_large_image","twitter_creator":"@LosPoliticosVer","twitter_site":"@LosPoliticosVer","twitter_misc":{"Escrito por":"Lo viste en Los Pol\u00edticos","Tiempo de lectura":"6 minutos"},"schema":{"@context":"https:\/\/schema.org","@graph":[{"@type":"Article","@id":"https:\/\/lospoliticosveracruz.com\/?p=71422#article","isPartOf":{"@id":"https:\/\/lospoliticosveracruz.com\/?p=71422"},"author":{"name":"Lo viste en Los Pol\u00edticos","@id":"https:\/\/lospoliticosveracruz.com\/#\/schema\/person\/b8702bb0e538456e6efd07080bf2a4a2"},"headline":"La Judicatura, el presidente y la constituci\u00f3n","datePublished":"2021-04-23T13:54:39+00:00","dateModified":"2021-04-23T13:54:44+00:00","mainEntityOfPage":{"@id":"https:\/\/lospoliticosveracruz.com\/?p=71422"},"wordCount":1191,"publisher":{"@id":"https:\/\/lospoliticosveracruz.com\/#organization"},"image":{"@id":"https:\/\/lospoliticosveracruz.com\/?p=71422#primaryimage"},"thumbnailUrl":"http:\/\/www.lospoliticosveracruz.com.mx\/wp-content\/uploads\/2021\/04\/Celebremos-Cordoba-B.png","keywords":["Datos Biom\u00e9tricos","INE","norma electoral","Tribunal Electoral"],"articleSection":["De Opini\u00f3n"],"inLanguage":"es"},{"@type":"WebPage","@id":"https:\/\/lospoliticosveracruz.com\/?p=71422","url":"https:\/\/lospoliticosveracruz.com\/?p=71422","name":"La Judicatura, el presidente y la constituci\u00f3n - Los pol\u00edticos Veracruz","isPartOf":{"@id":"https:\/\/lospoliticosveracruz.com\/#website"},"primaryImageOfPage":{"@id":"https:\/\/lospoliticosveracruz.com\/?p=71422#primaryimage"},"image":{"@id":"https:\/\/lospoliticosveracruz.com\/?p=71422#primaryimage"},"thumbnailUrl":"http:\/\/www.lospoliticosveracruz.com.mx\/wp-content\/uploads\/2021\/04\/Celebremos-Cordoba-B.png","datePublished":"2021-04-23T13:54:39+00:00","dateModified":"2021-04-23T13:54:44+00:00","breadcrumb":{"@id":"https:\/\/lospoliticosveracruz.com\/?p=71422#breadcrumb"},"inLanguage":"es","potentialAction":[{"@type":"ReadAction","target":["https:\/\/lospoliticosveracruz.com\/?p=71422"]}]},{"@type":"ImageObject","inLanguage":"es","@id":"https:\/\/lospoliticosveracruz.com\/?p=71422#primaryimage","url":"http:\/\/www.lospoliticosveracruz.com.mx\/wp-content\/uploads\/2021\/04\/Celebremos-Cordoba-B.png","contentUrl":"http:\/\/www.lospoliticosveracruz.com.mx\/wp-content\/uploads\/2021\/04\/Celebremos-Cordoba-B.png"},{"@type":"BreadcrumbList","@id":"https:\/\/lospoliticosveracruz.com\/?p=71422#breadcrumb","itemListElement":[{"@type":"ListItem","position":1,"name":"Portada","item":"https:\/\/lospoliticosveracruz.com\/"},{"@type":"ListItem","position":2,"name":"La Judicatura, el presidente y la constituci\u00f3n"}]},{"@type":"WebSite","@id":"https:\/\/lospoliticosveracruz.com\/#website","url":"https:\/\/lospoliticosveracruz.com\/","name":"Los pol\u00edticos Veracruz","description":"","publisher":{"@id":"https:\/\/lospoliticosveracruz.com\/#organization"},"potentialAction":[{"@type":"SearchAction","target":{"@type":"EntryPoint","urlTemplate":"https:\/\/lospoliticosveracruz.com\/?s={search_term_string}"},"query-input":{"@type":"PropertyValueSpecification","valueRequired":true,"valueName":"search_term_string"}}],"inLanguage":"es"},{"@type":"Organization","@id":"https:\/\/lospoliticosveracruz.com\/#organization","name":"Los pol\u00edticos Veracruz","url":"https:\/\/lospoliticosveracruz.com\/","logo":{"@type":"ImageObject","inLanguage":"es","@id":"https:\/\/lospoliticosveracruz.com\/#\/schema\/logo\/image\/","url":"https:\/\/lospoliticosveracruz.com\/wp-content\/uploads\/2025\/12\/Logo-Nuevo-LOS-POLITICOS-1.jpg","contentUrl":"https:\/\/lospoliticosveracruz.com\/wp-content\/uploads\/2025\/12\/Logo-Nuevo-LOS-POLITICOS-1.jpg","width":260,"height":70,"caption":"Los pol\u00edticos Veracruz"},"image":{"@id":"https:\/\/lospoliticosveracruz.com\/#\/schema\/logo\/image\/"},"sameAs":["https:\/\/www.facebook.com\/people\/Notimemes-de-los-Polticos\/61565672886568\/","https:\/\/x.com\/LosPoliticosVer"]},{"@type":"Person","@id":"https:\/\/lospoliticosveracruz.com\/#\/schema\/person\/b8702bb0e538456e6efd07080bf2a4a2","name":"Lo viste en Los Pol\u00edticos","image":{"@type":"ImageObject","inLanguage":"es","@id":"https:\/\/secure.gravatar.com\/avatar\/3a8de04a2656d44082be478bd6c086daa447c4651605818287b9532d3d0bd435?s=96&d=mm&r=g","url":"https:\/\/secure.gravatar.com\/avatar\/3a8de04a2656d44082be478bd6c086daa447c4651605818287b9532d3d0bd435?s=96&d=mm&r=g","contentUrl":"https:\/\/secure.gravatar.com\/avatar\/3a8de04a2656d44082be478bd6c086daa447c4651605818287b9532d3d0bd435?s=96&d=mm&r=g","caption":"Lo viste en Los Pol\u00edticos"},"url":"https:\/\/lospoliticosveracruz.com\/?author=2"}]}},"_links":{"self":[{"href":"https:\/\/lospoliticosveracruz.com\/index.php?rest_route=\/wp\/v2\/posts\/71422","targetHints":{"allow":["GET"]}}],"collection":[{"href":"https:\/\/lospoliticosveracruz.com\/index.php?rest_route=\/wp\/v2\/posts"}],"about":[{"href":"https:\/\/lospoliticosveracruz.com\/index.php?rest_route=\/wp\/v2\/types\/post"}],"author":[{"embeddable":true,"href":"https:\/\/lospoliticosveracruz.com\/index.php?rest_route=\/wp\/v2\/users\/2"}],"replies":[{"embeddable":true,"href":"https:\/\/lospoliticosveracruz.com\/index.php?rest_route=%2Fwp%2Fv2%2Fcomments&post=71422"}],"version-history":[{"count":1,"href":"https:\/\/lospoliticosveracruz.com\/index.php?rest_route=\/wp\/v2\/posts\/71422\/revisions"}],"predecessor-version":[{"id":71427,"href":"https:\/\/lospoliticosveracruz.com\/index.php?rest_route=\/wp\/v2\/posts\/71422\/revisions\/71427"}],"wp:attachment":[{"href":"https:\/\/lospoliticosveracruz.com\/index.php?rest_route=%2Fwp%2Fv2%2Fmedia&parent=71422"}],"wp:term":[{"taxonomy":"category","embeddable":true,"href":"https:\/\/lospoliticosveracruz.com\/index.php?rest_route=%2Fwp%2Fv2%2Fcategories&post=71422"},{"taxonomy":"post_tag","embeddable":true,"href":"https:\/\/lospoliticosveracruz.com\/index.php?rest_route=%2Fwp%2Fv2%2Ftags&post=71422"}],"curies":[{"name":"wp","href":"https:\/\/api.w.org\/{rel}","templated":true}]}}