{"id":71524,"date":"2021-04-25T09:53:07","date_gmt":"2021-04-25T14:53:07","guid":{"rendered":"http:\/\/www.lospoliticosveracruz.com.mx\/?p=71524"},"modified":"2021-04-25T10:18:05","modified_gmt":"2021-04-25T15:18:05","slug":"justicia-para-nico","status":"publish","type":"post","link":"https:\/\/lospoliticosveracruz.com\/?p=71524","title":{"rendered":"Justicia para Nico!"},"content":{"rendered":"\n<p><em>Veracruz<\/em><\/p>\n\n\n\n<p>Maryjose Gamboa Torales, candidata a diputada federal por el Distrito 12 Veracruz de la alianza \u201cVa por M\u00e9xico\u201d integrada por los partidos PAN-PRI-PRD, se suma a las voces que est\u00e1n exigiendo justicia y un cese a la persecuci\u00f3n que Cuitl\u00e1huac Garc\u00eda est\u00e1 haciendo desde Gobierno del Estado con los candidatos de oposici\u00f3n.<\/p>\n\n\n\n<p>Se\u00f1ala que los veracruzanos lo que requieren es seguridad y que las autoridades persigan y detengan a los delincuentes no a sus adversarios pol\u00edticos.<\/p>\n\n\n\n<p>\u201cGobernador, en Veracruz la gente requiere seguridad, en Veracruz la gente requiere que las autoridades est\u00e9n persiguiendo delincuentes, golpeadores, abusadores, homicidas, feminicidas, esos son los que tiene que estar persiguiendo, no adversarios pol\u00edticos. \u00a1Basta a la persecuci\u00f3n!\u201d, reitera Maryjose Gamboa.<\/p>\n\n\n\n<p>Dijo que el hostigamiento de las autoridades estatales inici\u00f3 con la detenci\u00f3n del candidato del PRD a diputado federal, Rogelio Franco Cast\u00e1n, despu\u00e9s fue Goyo G\u00f3mez, candidato del mismo partido a Presidente Municipal de Tihuatl\u00e1n, ahora Nicol\u00e1s Ruiz que llevaba un excelente recorrido en Minatitl\u00e1n, y le pregunta a Cuitl\u00e1huac Garc\u00eda, \u00bfCu\u00e1ntos m\u00e1s faltan?.<\/p>\n\n\n\n<p>Maryjose exige: \u00a1Basta de perseguir adversarios pol\u00edticos y basta de perseguir medios de comunicaci\u00f3n!.<\/p>\n\n\n\n<p>\u201cTambi\u00e9n nos unimos a la voz que exige que respete a los medios como Notiver, que respete a la gente que se expresa en redes sociales. \u00a1Basta! Su trabajo es gobernar, pero como no lo sabe hacer o renuncia o por lo menos admita que se le sali\u00f3 el tema de las manos\u201d.<\/p>\n\n\n\n<p>Manifest\u00f3 que Veracruz necesita gente de seria en el gobierno, no que se dediquen a perseguir opositores.<\/p>\n\n\n\n<p>La candidata a diputada federal por el Distrito 12 Veracruz de la alianza \u201cVa por M\u00e9xico\u201d integrada por los partidos PAN-PRI-PRD, Maryjose Gamboa, hizo recorrido de campa\u00f1a en El Tejar y Puente Moreno.<\/p>\n","protected":false},"excerpt":{"rendered":"<p>Veracruz Maryjose Gamboa Torales, candidata a diputada federal por el Distrito 12 Veracruz de la alianza \u201cVa por M\u00e9xico\u201d integrada por los partidos PAN-PRI-PRD, se suma a las voces que est\u00e1n exigiendo justicia y un cese a la persecuci\u00f3n que Cuitl\u00e1huac Garc\u00eda est\u00e1 haciendo desde Gobierno del Estado con los candidatos de oposici\u00f3n. Se\u00f1ala que [&hellip;]<\/p>\n","protected":false},"author":2,"featured_media":0,"comment_status":"closed","ping_status":"closed","sticky":false,"template":"","format":"standard","meta":{"tdm_status":"","tdm_grid_status":"","footnotes":""},"categories":[73],"tags":[1563,6815,7684,26734,195],"class_list":{"0":"post-71524","1":"post","2":"type-post","3":"status-publish","4":"format-standard","6":"category-de-boleto","7":"tag-cuitlahuac-garcia-jimenez","8":"tag-maryjose-gamboa-torales","9":"tag-nicolas-ruiz-rosete","10":"tag-persecucion-politica","11":"tag-veracruz"},"yoast_head":"<!-- This site is optimized with the Yoast SEO plugin v27.4 - https:\/\/yoast.com\/product\/yoast-seo-wordpress\/ -->\n<title>Justicia para Nico! - Los pol\u00edticos Veracruz<\/title>\n<meta name=\"robots\" content=\"index, follow, max-snippet:-1, max-image-preview:large, max-video-preview:-1\" \/>\n<link rel=\"canonical\" href=\"https:\/\/lospoliticosveracruz.com\/?p=71524\" \/>\n<meta property=\"og:locale\" content=\"es_ES\" \/>\n<meta property=\"og:type\" content=\"article\" \/>\n<meta property=\"og:title\" content=\"Justicia para Nico! - Los pol\u00edticos Veracruz\" \/>\n<meta property=\"og:description\" content=\"Veracruz Maryjose Gamboa Torales, candidata a diputada federal por el Distrito 12 Veracruz de la alianza \u201cVa por M\u00e9xico\u201d integrada por los partidos PAN-PRI-PRD, se suma a las voces que est\u00e1n exigiendo justicia y un cese a la persecuci\u00f3n que Cuitl\u00e1huac Garc\u00eda est\u00e1 haciendo desde Gobierno del Estado con los candidatos de oposici\u00f3n. Se\u00f1ala que [&hellip;]\" \/>\n<meta property=\"og:url\" content=\"https:\/\/lospoliticosveracruz.com\/?p=71524\" \/>\n<meta property=\"og:site_name\" content=\"Los pol\u00edticos Veracruz\" \/>\n<meta property=\"article:publisher\" content=\"https:\/\/www.facebook.com\/people\/Notimemes-de-los-Polticos\/61565672886568\/\" \/>\n<meta property=\"article:published_time\" content=\"2021-04-25T14:53:07+00:00\" \/>\n<meta property=\"article:modified_time\" content=\"2021-04-25T15:18:05+00:00\" \/>\n<meta property=\"og:image\" content=\"https:\/\/lospoliticosveracruz.com\/wp-content\/uploads\/2016\/07\/Logo-Dor.jpg\" \/>\n\t<meta property=\"og:image:width\" content=\"200\" \/>\n\t<meta property=\"og:image:height\" content=\"200\" \/>\n\t<meta property=\"og:image:type\" content=\"image\/jpeg\" \/>\n<meta name=\"author\" content=\"Lo viste en Los Pol\u00edticos\" \/>\n<meta name=\"twitter:card\" content=\"summary_large_image\" \/>\n<meta name=\"twitter:creator\" content=\"@LosPoliticosVer\" \/>\n<meta name=\"twitter:site\" content=\"@LosPoliticosVer\" \/>\n<meta name=\"twitter:label1\" content=\"Escrito por\" \/>\n\t<meta name=\"twitter:data1\" content=\"Lo viste en Los Pol\u00edticos\" \/>\n\t<meta name=\"twitter:label2\" content=\"Tiempo de lectura\" \/>\n\t<meta name=\"twitter:data2\" content=\"2 minutos\" \/>\n<script type=\"application\/ld+json\" class=\"yoast-schema-graph\">{\"@context\":\"https:\\\/\\\/schema.org\",\"@graph\":[{\"@type\":\"Article\",\"@id\":\"https:\\\/\\\/lospoliticosveracruz.com\\\/?p=71524#article\",\"isPartOf\":{\"@id\":\"https:\\\/\\\/lospoliticosveracruz.com\\\/?p=71524\"},\"author\":{\"name\":\"Lo viste en Los Pol\u00edticos\",\"@id\":\"https:\\\/\\\/lospoliticosveracruz.com\\\/#\\\/schema\\\/person\\\/b8702bb0e538456e6efd07080bf2a4a2\"},\"headline\":\"Justicia para Nico!\",\"datePublished\":\"2021-04-25T14:53:07+00:00\",\"dateModified\":\"2021-04-25T15:18:05+00:00\",\"mainEntityOfPage\":{\"@id\":\"https:\\\/\\\/lospoliticosveracruz.com\\\/?p=71524\"},\"wordCount\":316,\"publisher\":{\"@id\":\"https:\\\/\\\/lospoliticosveracruz.com\\\/#organization\"},\"keywords\":[\"Cuitl\u00e1huac Garc\u00eda Jim\u00e9nez\",\"Maryjos\u00e9 Gamboa Torales\",\"Nicol\u00e1s Ruiz Rosete\",\"persecuci\u00f3n pol\u00edtica\",\"Veracruz\"],\"articleSection\":[\"De Boleto\"],\"inLanguage\":\"es\"},{\"@type\":\"WebPage\",\"@id\":\"https:\\\/\\\/lospoliticosveracruz.com\\\/?p=71524\",\"url\":\"https:\\\/\\\/lospoliticosveracruz.com\\\/?p=71524\",\"name\":\"Justicia para Nico! - Los pol\u00edticos Veracruz\",\"isPartOf\":{\"@id\":\"https:\\\/\\\/lospoliticosveracruz.com\\\/#website\"},\"datePublished\":\"2021-04-25T14:53:07+00:00\",\"dateModified\":\"2021-04-25T15:18:05+00:00\",\"breadcrumb\":{\"@id\":\"https:\\\/\\\/lospoliticosveracruz.com\\\/?p=71524#breadcrumb\"},\"inLanguage\":\"es\",\"potentialAction\":[{\"@type\":\"ReadAction\",\"target\":[\"https:\\\/\\\/lospoliticosveracruz.com\\\/?p=71524\"]}]},{\"@type\":\"BreadcrumbList\",\"@id\":\"https:\\\/\\\/lospoliticosveracruz.com\\\/?p=71524#breadcrumb\",\"itemListElement\":[{\"@type\":\"ListItem\",\"position\":1,\"name\":\"Portada\",\"item\":\"https:\\\/\\\/lospoliticosveracruz.com\\\/\"},{\"@type\":\"ListItem\",\"position\":2,\"name\":\"Justicia para Nico!\"}]},{\"@type\":\"WebSite\",\"@id\":\"https:\\\/\\\/lospoliticosveracruz.com\\\/#website\",\"url\":\"https:\\\/\\\/lospoliticosveracruz.com\\\/\",\"name\":\"Los pol\u00edticos Veracruz\",\"description\":\"\",\"publisher\":{\"@id\":\"https:\\\/\\\/lospoliticosveracruz.com\\\/#organization\"},\"potentialAction\":[{\"@type\":\"SearchAction\",\"target\":{\"@type\":\"EntryPoint\",\"urlTemplate\":\"https:\\\/\\\/lospoliticosveracruz.com\\\/?s={search_term_string}\"},\"query-input\":{\"@type\":\"PropertyValueSpecification\",\"valueRequired\":true,\"valueName\":\"search_term_string\"}}],\"inLanguage\":\"es\"},{\"@type\":\"Organization\",\"@id\":\"https:\\\/\\\/lospoliticosveracruz.com\\\/#organization\",\"name\":\"Los pol\u00edticos Veracruz\",\"url\":\"https:\\\/\\\/lospoliticosveracruz.com\\\/\",\"logo\":{\"@type\":\"ImageObject\",\"inLanguage\":\"es\",\"@id\":\"https:\\\/\\\/lospoliticosveracruz.com\\\/#\\\/schema\\\/logo\\\/image\\\/\",\"url\":\"https:\\\/\\\/lospoliticosveracruz.com\\\/wp-content\\\/uploads\\\/2025\\\/12\\\/Logo-Nuevo-LOS-POLITICOS-1.jpg\",\"contentUrl\":\"https:\\\/\\\/lospoliticosveracruz.com\\\/wp-content\\\/uploads\\\/2025\\\/12\\\/Logo-Nuevo-LOS-POLITICOS-1.jpg\",\"width\":260,\"height\":70,\"caption\":\"Los pol\u00edticos Veracruz\"},\"image\":{\"@id\":\"https:\\\/\\\/lospoliticosveracruz.com\\\/#\\\/schema\\\/logo\\\/image\\\/\"},\"sameAs\":[\"https:\\\/\\\/www.facebook.com\\\/people\\\/Notimemes-de-los-Polticos\\\/61565672886568\\\/\",\"https:\\\/\\\/x.com\\\/LosPoliticosVer\"]},{\"@type\":\"Person\",\"@id\":\"https:\\\/\\\/lospoliticosveracruz.com\\\/#\\\/schema\\\/person\\\/b8702bb0e538456e6efd07080bf2a4a2\",\"name\":\"Lo viste en Los Pol\u00edticos\",\"image\":{\"@type\":\"ImageObject\",\"inLanguage\":\"es\",\"@id\":\"https:\\\/\\\/secure.gravatar.com\\\/avatar\\\/3a8de04a2656d44082be478bd6c086daa447c4651605818287b9532d3d0bd435?s=96&d=mm&r=g\",\"url\":\"https:\\\/\\\/secure.gravatar.com\\\/avatar\\\/3a8de04a2656d44082be478bd6c086daa447c4651605818287b9532d3d0bd435?s=96&d=mm&r=g\",\"contentUrl\":\"https:\\\/\\\/secure.gravatar.com\\\/avatar\\\/3a8de04a2656d44082be478bd6c086daa447c4651605818287b9532d3d0bd435?s=96&d=mm&r=g\",\"caption\":\"Lo viste en Los Pol\u00edticos\"},\"url\":\"https:\\\/\\\/lospoliticosveracruz.com\\\/?author=2\"}]}<\/script>\n<!-- \/ Yoast SEO plugin. -->","yoast_head_json":{"title":"Justicia para Nico! - Los pol\u00edticos Veracruz","robots":{"index":"index","follow":"follow","max-snippet":"max-snippet:-1","max-image-preview":"max-image-preview:large","max-video-preview":"max-video-preview:-1"},"canonical":"https:\/\/lospoliticosveracruz.com\/?p=71524","og_locale":"es_ES","og_type":"article","og_title":"Justicia para Nico! - Los pol\u00edticos Veracruz","og_description":"Veracruz Maryjose Gamboa Torales, candidata a diputada federal por el Distrito 12 Veracruz de la alianza \u201cVa por M\u00e9xico\u201d integrada por los partidos PAN-PRI-PRD, se suma a las voces que est\u00e1n exigiendo justicia y un cese a la persecuci\u00f3n que Cuitl\u00e1huac Garc\u00eda est\u00e1 haciendo desde Gobierno del Estado con los candidatos de oposici\u00f3n. Se\u00f1ala que [&hellip;]","og_url":"https:\/\/lospoliticosveracruz.com\/?p=71524","og_site_name":"Los pol\u00edticos Veracruz","article_publisher":"https:\/\/www.facebook.com\/people\/Notimemes-de-los-Polticos\/61565672886568\/","article_published_time":"2021-04-25T14:53:07+00:00","article_modified_time":"2021-04-25T15:18:05+00:00","og_image":[{"width":200,"height":200,"url":"https:\/\/lospoliticosveracruz.com\/wp-content\/uploads\/2016\/07\/Logo-Dor.jpg","type":"image\/jpeg"}],"author":"Lo viste en Los Pol\u00edticos","twitter_card":"summary_large_image","twitter_creator":"@LosPoliticosVer","twitter_site":"@LosPoliticosVer","twitter_misc":{"Escrito por":"Lo viste en Los Pol\u00edticos","Tiempo de lectura":"2 minutos"},"schema":{"@context":"https:\/\/schema.org","@graph":[{"@type":"Article","@id":"https:\/\/lospoliticosveracruz.com\/?p=71524#article","isPartOf":{"@id":"https:\/\/lospoliticosveracruz.com\/?p=71524"},"author":{"name":"Lo viste en Los Pol\u00edticos","@id":"https:\/\/lospoliticosveracruz.com\/#\/schema\/person\/b8702bb0e538456e6efd07080bf2a4a2"},"headline":"Justicia para Nico!","datePublished":"2021-04-25T14:53:07+00:00","dateModified":"2021-04-25T15:18:05+00:00","mainEntityOfPage":{"@id":"https:\/\/lospoliticosveracruz.com\/?p=71524"},"wordCount":316,"publisher":{"@id":"https:\/\/lospoliticosveracruz.com\/#organization"},"keywords":["Cuitl\u00e1huac Garc\u00eda Jim\u00e9nez","Maryjos\u00e9 Gamboa Torales","Nicol\u00e1s Ruiz Rosete","persecuci\u00f3n pol\u00edtica","Veracruz"],"articleSection":["De Boleto"],"inLanguage":"es"},{"@type":"WebPage","@id":"https:\/\/lospoliticosveracruz.com\/?p=71524","url":"https:\/\/lospoliticosveracruz.com\/?p=71524","name":"Justicia para Nico! - Los pol\u00edticos Veracruz","isPartOf":{"@id":"https:\/\/lospoliticosveracruz.com\/#website"},"datePublished":"2021-04-25T14:53:07+00:00","dateModified":"2021-04-25T15:18:05+00:00","breadcrumb":{"@id":"https:\/\/lospoliticosveracruz.com\/?p=71524#breadcrumb"},"inLanguage":"es","potentialAction":[{"@type":"ReadAction","target":["https:\/\/lospoliticosveracruz.com\/?p=71524"]}]},{"@type":"BreadcrumbList","@id":"https:\/\/lospoliticosveracruz.com\/?p=71524#breadcrumb","itemListElement":[{"@type":"ListItem","position":1,"name":"Portada","item":"https:\/\/lospoliticosveracruz.com\/"},{"@type":"ListItem","position":2,"name":"Justicia para Nico!"}]},{"@type":"WebSite","@id":"https:\/\/lospoliticosveracruz.com\/#website","url":"https:\/\/lospoliticosveracruz.com\/","name":"Los pol\u00edticos Veracruz","description":"","publisher":{"@id":"https:\/\/lospoliticosveracruz.com\/#organization"},"potentialAction":[{"@type":"SearchAction","target":{"@type":"EntryPoint","urlTemplate":"https:\/\/lospoliticosveracruz.com\/?s={search_term_string}"},"query-input":{"@type":"PropertyValueSpecification","valueRequired":true,"valueName":"search_term_string"}}],"inLanguage":"es"},{"@type":"Organization","@id":"https:\/\/lospoliticosveracruz.com\/#organization","name":"Los pol\u00edticos Veracruz","url":"https:\/\/lospoliticosveracruz.com\/","logo":{"@type":"ImageObject","inLanguage":"es","@id":"https:\/\/lospoliticosveracruz.com\/#\/schema\/logo\/image\/","url":"https:\/\/lospoliticosveracruz.com\/wp-content\/uploads\/2025\/12\/Logo-Nuevo-LOS-POLITICOS-1.jpg","contentUrl":"https:\/\/lospoliticosveracruz.com\/wp-content\/uploads\/2025\/12\/Logo-Nuevo-LOS-POLITICOS-1.jpg","width":260,"height":70,"caption":"Los pol\u00edticos Veracruz"},"image":{"@id":"https:\/\/lospoliticosveracruz.com\/#\/schema\/logo\/image\/"},"sameAs":["https:\/\/www.facebook.com\/people\/Notimemes-de-los-Polticos\/61565672886568\/","https:\/\/x.com\/LosPoliticosVer"]},{"@type":"Person","@id":"https:\/\/lospoliticosveracruz.com\/#\/schema\/person\/b8702bb0e538456e6efd07080bf2a4a2","name":"Lo viste en Los Pol\u00edticos","image":{"@type":"ImageObject","inLanguage":"es","@id":"https:\/\/secure.gravatar.com\/avatar\/3a8de04a2656d44082be478bd6c086daa447c4651605818287b9532d3d0bd435?s=96&d=mm&r=g","url":"https:\/\/secure.gravatar.com\/avatar\/3a8de04a2656d44082be478bd6c086daa447c4651605818287b9532d3d0bd435?s=96&d=mm&r=g","contentUrl":"https:\/\/secure.gravatar.com\/avatar\/3a8de04a2656d44082be478bd6c086daa447c4651605818287b9532d3d0bd435?s=96&d=mm&r=g","caption":"Lo viste en Los Pol\u00edticos"},"url":"https:\/\/lospoliticosveracruz.com\/?author=2"}]}},"_links":{"self":[{"href":"https:\/\/lospoliticosveracruz.com\/index.php?rest_route=\/wp\/v2\/posts\/71524","targetHints":{"allow":["GET"]}}],"collection":[{"href":"https:\/\/lospoliticosveracruz.com\/index.php?rest_route=\/wp\/v2\/posts"}],"about":[{"href":"https:\/\/lospoliticosveracruz.com\/index.php?rest_route=\/wp\/v2\/types\/post"}],"author":[{"embeddable":true,"href":"https:\/\/lospoliticosveracruz.com\/index.php?rest_route=\/wp\/v2\/users\/2"}],"replies":[{"embeddable":true,"href":"https:\/\/lospoliticosveracruz.com\/index.php?rest_route=%2Fwp%2Fv2%2Fcomments&post=71524"}],"version-history":[{"count":1,"href":"https:\/\/lospoliticosveracruz.com\/index.php?rest_route=\/wp\/v2\/posts\/71524\/revisions"}],"predecessor-version":[{"id":71527,"href":"https:\/\/lospoliticosveracruz.com\/index.php?rest_route=\/wp\/v2\/posts\/71524\/revisions\/71527"}],"wp:attachment":[{"href":"https:\/\/lospoliticosveracruz.com\/index.php?rest_route=%2Fwp%2Fv2%2Fmedia&parent=71524"}],"wp:term":[{"taxonomy":"category","embeddable":true,"href":"https:\/\/lospoliticosveracruz.com\/index.php?rest_route=%2Fwp%2Fv2%2Fcategories&post=71524"},{"taxonomy":"post_tag","embeddable":true,"href":"https:\/\/lospoliticosveracruz.com\/index.php?rest_route=%2Fwp%2Fv2%2Ftags&post=71524"}],"curies":[{"name":"wp","href":"https:\/\/api.w.org\/{rel}","templated":true}]}}