{"id":71961,"date":"2021-05-03T22:27:46","date_gmt":"2021-05-04T03:27:46","guid":{"rendered":"http:\/\/www.lospoliticosveracruz.com.mx\/?p=71961"},"modified":"2021-05-03T22:27:51","modified_gmt":"2021-05-04T03:27:51","slug":"el-santuario-de-dorheny","status":"publish","type":"post","link":"https:\/\/lospoliticosveracruz.com\/?p=71961","title":{"rendered":"El Santuario de Dorheny"},"content":{"rendered":"\n<p><strong>Salvador Mu\u00f1oz<\/strong><\/p>\n\n\n\n<p><em>Los Pol\u00edticos<br><\/em><\/p>\n\n\n\n<p>En la sesi\u00f3n del domingo, la LXV Legislatura autoriz\u00f3 al Gobierno del Estado otorgar en comodato el Santuario de las Garzas, a favor del Ayuntamiento de Xalapa, para que \u00e9ste lleve a cabo tareas de rescate y conservaci\u00f3n del predio en beneficio de la comunidad.<\/p>\n\n\n\n<div class=\"wp-block-image\"><figure class=\"alignleft size-large is-resized\"><a href=\"http:\/\/www.lospoliticosveracruz.com.mx\/wp-content\/uploads\/2021\/04\/Tecajetes.jpeg\"><img loading=\"lazy\" decoding=\"async\" src=\"http:\/\/www.lospoliticosveracruz.com.mx\/wp-content\/uploads\/2021\/04\/Tecajetes.jpeg\" alt=\"\" class=\"wp-image-71008\" width=\"296\" height=\"432\"\/><\/a><\/figure><\/div>\n\n\n\n<p><br>Quiz\u00e1s para el lector que no sea de Xalapa, el Santuario de las Garzas no le diga mucho pero para los capitalinos, dicho predio guarda uno de los episodios m\u00e1s negros en la historia de la Atenas Veracruzana. En dicho escenario, permeaban el temor, miedo, horror o quiz\u00e1s verg\u00fcenza, por los siete feminicidios que en sus entra\u00f1as, se cometieron y en donde autoridades municipales como estatales, parec\u00edan ser omisas al dolor de esas familias que encontraron a sus mujeres en ese sitio.<br>En algunos momentos, el Santuario de las Garzas incluso sirvi\u00f3 como escenario electoral, cuando all\u00e1 por el 2007, los candidatos a diputado por el distrito de Xalapa II, Alberto Onofre, as\u00ed como Cinthya Lobato, por la presidencia municipal, en ese entonces aliados del PAN, se apersonaron en su campa\u00f1a, primero, para o\u00edr las inquietudes de los vecinos de la Unidad Habitacional Fovissste, Lomas del Seminario, Lomas de San Roque, El Pocito, Jaramillo y de la privada Los Pinos, aleda\u00f1os a dicha \u00e1rea verde. Luego, para realizar una faena general de limpieza y chapeo de \u00e1reas verdes\u2026 \u00bfles recuerda a alguien?<br>Aquella vez, los participantes de esa jornada y vecinos de la zona se\u00f1alaron a los candidatos la necesidad de mejorar sus condiciones de vida: \u201cno queremos m\u00e1s desgracias\u201d, a la vez que reiteraron su demanda de tener m\u00e1s seguridad para sus familias.<br>\u00bfY despu\u00e9s de la faena? \u00bfY despu\u00e9s de la campa\u00f1a electoral? \u00bfY despu\u00e9s de la derrota? \u00a1Ah! Pues hubo otros feminicidios\u2026<br>\u00a1Vamos! hubo un momento en que hasta el mismo Hip\u00f3lito Rodr\u00edguez Herrero se aventur\u00f3 a declarar que en torno a los feminicidios ocurridos en el Santuario de las Garzas, podr\u00edan ser autor\u00eda de un asesino serial, lo que motiv\u00f3 que la Fiscal\u00eda General del Estado citara a declarar al entonces alcalde electo.<br>En diciembre de 2017, ocurri\u00f3 el \u00faltimo feminicidio que se tiene registrado en este lugar que el pasado domingo, con la resoluci\u00f3n del Congreso local, dio un paso para cambiar el giro y la imagen que se tiene de \u00e9l.<br>Primero, el Santuario de las Garzas tendr\u00e1 seguridad, bienestar y certeza jur\u00eddica contra la mancha urbana, con vista al equilibrio ecol\u00f3gico, desarrollo sostenible y bienestar familiar de vecinos, deportistas y paseantes. Es m\u00e1s, de ninguna manera deber\u00e1 cambiar su uso de suelo, con la idea de recuperar el bosque mes\u00f3filo de monta\u00f1a y la fauna nativa y de especies end\u00e9micas.<br>Si bien Rosalinda Galindo hizo la exposici\u00f3n del tema, bien vale la pena reconocer que si hubo una persona que desde que puso el dedo en el rengl\u00f3n, ya no lo quit\u00f3 hasta que le dio un panorama totalmente nuevo al Santuario de las Garzas, \u00e9sta fue la diputada federal Dorheny Garc\u00eda Cayetano.<\/p>\n\n\n\n<div class=\"wp-block-image\"><figure class=\"alignleft size-large is-resized\"><a href=\"https:\/\/drive.google.com\/file\/d\/1Q9mJWAbAAcSE5Xy3gLetz4G7zcZVnOr5\/view?fbclid=IwAR21RCgSVy7rnC7mFt72TIVuewikDvUknkwyTne89f8AwxPGge10KkDXXhI\"><img loading=\"lazy\" decoding=\"async\" src=\"http:\/\/www.lospoliticosveracruz.com.mx\/wp-content\/uploads\/2021\/04\/CLASES-MAGISTRALES.jpg\" alt=\"\" class=\"wp-image-70534\" width=\"350\" height=\"232\"\/><\/a><\/figure><\/div>\n\n\n\n<p><br>Dijera el \u00ednclito, \u201cHaiga sido como haiga sido\u201d, la joven legisladora, all\u00e1 por agosto del 2019, inici\u00f3 con una faena en el Santuario de las Garzas, como Alberto Onofre y Cinthya Lobato, pero ella acompa\u00f1ada de autoridades municipales, de Seguridad P\u00fablica y de Sedesol. Puede que digan: \u201c\u00a1Huy, as\u00ed qu\u00e9 chiste!\u201d, pero en diciembre de 2020, la transformaci\u00f3n ya era un hecho\u2026 el Santuario de las Garzas ya ten\u00eda andadores, juegos infantiles, cancha, alumbrado y m\u00f3dulo de seguridad. All\u00e1 lleg\u00f3 Dorheny con el Gobernador quien constat\u00f3 el tremendo cambio. La gestor\u00eda de la joven diputada federal funcion\u00f3\u2026 hoy, Dorheny est\u00e1 a unos meses de terminar su periodo como Diputada federal, mientras Rafael Hern\u00e1ndez Villalpando, que sepa Dios qu\u00e9 haya hecho por los xalape\u00f1os, anda en campa\u00f1a buscando su reelecci\u00f3n como culiparlante.<\/p>\n\n\n\n<p>smcainito@gmail.com<\/p>\n","protected":false},"excerpt":{"rendered":"<p>Salvador Mu\u00f1oz Los Pol\u00edticos En la sesi\u00f3n del domingo, la LXV Legislatura autoriz\u00f3 al Gobierno del Estado otorgar en comodato el Santuario de las Garzas, a favor del Ayuntamiento de Xalapa, para que \u00e9ste lleve a cabo tareas de rescate y conservaci\u00f3n del predio en beneficio de la comunidad. Quiz\u00e1s para el lector que no [&hellip;]<\/p>\n","protected":false},"author":2,"featured_media":0,"comment_status":"closed","ping_status":"closed","sticky":false,"template":"","format":"standard","meta":{"tdm_status":"","tdm_grid_status":"","footnotes":""},"categories":[70],"tags":[1534,993,1563,13952,826,7620,11992,11799,2646,4483],"class_list":{"0":"post-71961","1":"post","2":"type-post","3":"status-publish","4":"format-standard","6":"category-de-opinion","7":"tag-ayuntamiento-de-xalapa","8":"tag-cinthya-lobato","9":"tag-cuitlahuac-garcia-jimenez","10":"tag-dorheny-garcia-cayetano","11":"tag-feminicidios","12":"tag-hipolito-rodriguez-herrero","13":"tag-rafael-hernandez-villalpando","14":"tag-rosalinda-galindo","15":"tag-salvador-munoz","16":"tag-santuario-de-las-garzas"},"yoast_head":"<!-- This site is optimized with the Yoast SEO plugin v27.4 - https:\/\/yoast.com\/product\/yoast-seo-wordpress\/ -->\n<title>El Santuario de Dorheny - Los pol\u00edticos Veracruz<\/title>\n<meta name=\"robots\" content=\"index, follow, max-snippet:-1, max-image-preview:large, max-video-preview:-1\" \/>\n<link rel=\"canonical\" href=\"https:\/\/lospoliticosveracruz.com\/?p=71961\" \/>\n<meta property=\"og:locale\" content=\"es_ES\" \/>\n<meta property=\"og:type\" content=\"article\" \/>\n<meta property=\"og:title\" content=\"El Santuario de Dorheny - Los pol\u00edticos Veracruz\" \/>\n<meta property=\"og:description\" content=\"Salvador Mu\u00f1oz Los Pol\u00edticos En la sesi\u00f3n del domingo, la LXV Legislatura autoriz\u00f3 al Gobierno del Estado otorgar en comodato el Santuario de las Garzas, a favor del Ayuntamiento de Xalapa, para que \u00e9ste lleve a cabo tareas de rescate y conservaci\u00f3n del predio en beneficio de la comunidad. Quiz\u00e1s para el lector que no [&hellip;]\" \/>\n<meta property=\"og:url\" content=\"https:\/\/lospoliticosveracruz.com\/?p=71961\" \/>\n<meta property=\"og:site_name\" content=\"Los pol\u00edticos Veracruz\" \/>\n<meta property=\"article:publisher\" content=\"https:\/\/www.facebook.com\/people\/Notimemes-de-los-Polticos\/61565672886568\/\" \/>\n<meta property=\"article:published_time\" content=\"2021-05-04T03:27:46+00:00\" \/>\n<meta property=\"article:modified_time\" content=\"2021-05-04T03:27:51+00:00\" \/>\n<meta property=\"og:image\" content=\"http:\/\/www.lospoliticosveracruz.com.mx\/wp-content\/uploads\/2021\/04\/Tecajetes.jpeg\" \/>\n<meta name=\"author\" content=\"Lo viste en Los Pol\u00edticos\" \/>\n<meta name=\"twitter:card\" content=\"summary_large_image\" \/>\n<meta name=\"twitter:creator\" content=\"@LosPoliticosVer\" \/>\n<meta name=\"twitter:site\" content=\"@LosPoliticosVer\" \/>\n<meta name=\"twitter:label1\" content=\"Escrito por\" \/>\n\t<meta name=\"twitter:data1\" content=\"Lo viste en Los Pol\u00edticos\" \/>\n\t<meta name=\"twitter:label2\" content=\"Tiempo de lectura\" \/>\n\t<meta name=\"twitter:data2\" content=\"3 minutos\" \/>\n<script type=\"application\/ld+json\" class=\"yoast-schema-graph\">{\"@context\":\"https:\\\/\\\/schema.org\",\"@graph\":[{\"@type\":\"Article\",\"@id\":\"https:\\\/\\\/lospoliticosveracruz.com\\\/?p=71961#article\",\"isPartOf\":{\"@id\":\"https:\\\/\\\/lospoliticosveracruz.com\\\/?p=71961\"},\"author\":{\"name\":\"Lo viste en Los Pol\u00edticos\",\"@id\":\"https:\\\/\\\/lospoliticosveracruz.com\\\/#\\\/schema\\\/person\\\/b8702bb0e538456e6efd07080bf2a4a2\"},\"headline\":\"El Santuario de Dorheny\",\"datePublished\":\"2021-05-04T03:27:46+00:00\",\"dateModified\":\"2021-05-04T03:27:51+00:00\",\"mainEntityOfPage\":{\"@id\":\"https:\\\/\\\/lospoliticosveracruz.com\\\/?p=71961\"},\"wordCount\":678,\"publisher\":{\"@id\":\"https:\\\/\\\/lospoliticosveracruz.com\\\/#organization\"},\"image\":{\"@id\":\"https:\\\/\\\/lospoliticosveracruz.com\\\/?p=71961#primaryimage\"},\"thumbnailUrl\":\"http:\\\/\\\/www.lospoliticosveracruz.com.mx\\\/wp-content\\\/uploads\\\/2021\\\/04\\\/Tecajetes.jpeg\",\"keywords\":[\"ayuntamiento de Xalapa\",\"Cinthya Lobato\",\"Cuitl\u00e1huac Garc\u00eda Jim\u00e9nez\",\"Dorheny Garc\u00eda Cayetano\",\"feminicidios\",\"Hip\u00f3lito Rodr\u00edguez Herrero\",\"Rafael Hern\u00e1ndez Villalpando\",\"Rosalinda Galindo\",\"Salvador Mu\u00f1oz\",\"Santuario de las Garzas\"],\"articleSection\":[\"De Opini\u00f3n\"],\"inLanguage\":\"es\"},{\"@type\":\"WebPage\",\"@id\":\"https:\\\/\\\/lospoliticosveracruz.com\\\/?p=71961\",\"url\":\"https:\\\/\\\/lospoliticosveracruz.com\\\/?p=71961\",\"name\":\"El Santuario de Dorheny - Los pol\u00edticos Veracruz\",\"isPartOf\":{\"@id\":\"https:\\\/\\\/lospoliticosveracruz.com\\\/#website\"},\"primaryImageOfPage\":{\"@id\":\"https:\\\/\\\/lospoliticosveracruz.com\\\/?p=71961#primaryimage\"},\"image\":{\"@id\":\"https:\\\/\\\/lospoliticosveracruz.com\\\/?p=71961#primaryimage\"},\"thumbnailUrl\":\"http:\\\/\\\/www.lospoliticosveracruz.com.mx\\\/wp-content\\\/uploads\\\/2021\\\/04\\\/Tecajetes.jpeg\",\"datePublished\":\"2021-05-04T03:27:46+00:00\",\"dateModified\":\"2021-05-04T03:27:51+00:00\",\"breadcrumb\":{\"@id\":\"https:\\\/\\\/lospoliticosveracruz.com\\\/?p=71961#breadcrumb\"},\"inLanguage\":\"es\",\"potentialAction\":[{\"@type\":\"ReadAction\",\"target\":[\"https:\\\/\\\/lospoliticosveracruz.com\\\/?p=71961\"]}]},{\"@type\":\"ImageObject\",\"inLanguage\":\"es\",\"@id\":\"https:\\\/\\\/lospoliticosveracruz.com\\\/?p=71961#primaryimage\",\"url\":\"http:\\\/\\\/www.lospoliticosveracruz.com.mx\\\/wp-content\\\/uploads\\\/2021\\\/04\\\/Tecajetes.jpeg\",\"contentUrl\":\"http:\\\/\\\/www.lospoliticosveracruz.com.mx\\\/wp-content\\\/uploads\\\/2021\\\/04\\\/Tecajetes.jpeg\"},{\"@type\":\"BreadcrumbList\",\"@id\":\"https:\\\/\\\/lospoliticosveracruz.com\\\/?p=71961#breadcrumb\",\"itemListElement\":[{\"@type\":\"ListItem\",\"position\":1,\"name\":\"Portada\",\"item\":\"https:\\\/\\\/lospoliticosveracruz.com\\\/\"},{\"@type\":\"ListItem\",\"position\":2,\"name\":\"El Santuario de Dorheny\"}]},{\"@type\":\"WebSite\",\"@id\":\"https:\\\/\\\/lospoliticosveracruz.com\\\/#website\",\"url\":\"https:\\\/\\\/lospoliticosveracruz.com\\\/\",\"name\":\"Los pol\u00edticos Veracruz\",\"description\":\"\",\"publisher\":{\"@id\":\"https:\\\/\\\/lospoliticosveracruz.com\\\/#organization\"},\"potentialAction\":[{\"@type\":\"SearchAction\",\"target\":{\"@type\":\"EntryPoint\",\"urlTemplate\":\"https:\\\/\\\/lospoliticosveracruz.com\\\/?s={search_term_string}\"},\"query-input\":{\"@type\":\"PropertyValueSpecification\",\"valueRequired\":true,\"valueName\":\"search_term_string\"}}],\"inLanguage\":\"es\"},{\"@type\":\"Organization\",\"@id\":\"https:\\\/\\\/lospoliticosveracruz.com\\\/#organization\",\"name\":\"Los pol\u00edticos Veracruz\",\"url\":\"https:\\\/\\\/lospoliticosveracruz.com\\\/\",\"logo\":{\"@type\":\"ImageObject\",\"inLanguage\":\"es\",\"@id\":\"https:\\\/\\\/lospoliticosveracruz.com\\\/#\\\/schema\\\/logo\\\/image\\\/\",\"url\":\"https:\\\/\\\/lospoliticosveracruz.com\\\/wp-content\\\/uploads\\\/2025\\\/12\\\/Logo-Nuevo-LOS-POLITICOS-1.jpg\",\"contentUrl\":\"https:\\\/\\\/lospoliticosveracruz.com\\\/wp-content\\\/uploads\\\/2025\\\/12\\\/Logo-Nuevo-LOS-POLITICOS-1.jpg\",\"width\":260,\"height\":70,\"caption\":\"Los pol\u00edticos Veracruz\"},\"image\":{\"@id\":\"https:\\\/\\\/lospoliticosveracruz.com\\\/#\\\/schema\\\/logo\\\/image\\\/\"},\"sameAs\":[\"https:\\\/\\\/www.facebook.com\\\/people\\\/Notimemes-de-los-Polticos\\\/61565672886568\\\/\",\"https:\\\/\\\/x.com\\\/LosPoliticosVer\"]},{\"@type\":\"Person\",\"@id\":\"https:\\\/\\\/lospoliticosveracruz.com\\\/#\\\/schema\\\/person\\\/b8702bb0e538456e6efd07080bf2a4a2\",\"name\":\"Lo viste en Los Pol\u00edticos\",\"image\":{\"@type\":\"ImageObject\",\"inLanguage\":\"es\",\"@id\":\"https:\\\/\\\/secure.gravatar.com\\\/avatar\\\/3a8de04a2656d44082be478bd6c086daa447c4651605818287b9532d3d0bd435?s=96&d=mm&r=g\",\"url\":\"https:\\\/\\\/secure.gravatar.com\\\/avatar\\\/3a8de04a2656d44082be478bd6c086daa447c4651605818287b9532d3d0bd435?s=96&d=mm&r=g\",\"contentUrl\":\"https:\\\/\\\/secure.gravatar.com\\\/avatar\\\/3a8de04a2656d44082be478bd6c086daa447c4651605818287b9532d3d0bd435?s=96&d=mm&r=g\",\"caption\":\"Lo viste en Los Pol\u00edticos\"},\"url\":\"https:\\\/\\\/lospoliticosveracruz.com\\\/?author=2\"}]}<\/script>\n<!-- \/ Yoast SEO plugin. -->","yoast_head_json":{"title":"El Santuario de Dorheny - Los pol\u00edticos Veracruz","robots":{"index":"index","follow":"follow","max-snippet":"max-snippet:-1","max-image-preview":"max-image-preview:large","max-video-preview":"max-video-preview:-1"},"canonical":"https:\/\/lospoliticosveracruz.com\/?p=71961","og_locale":"es_ES","og_type":"article","og_title":"El Santuario de Dorheny - Los pol\u00edticos Veracruz","og_description":"Salvador Mu\u00f1oz Los Pol\u00edticos En la sesi\u00f3n del domingo, la LXV Legislatura autoriz\u00f3 al Gobierno del Estado otorgar en comodato el Santuario de las Garzas, a favor del Ayuntamiento de Xalapa, para que \u00e9ste lleve a cabo tareas de rescate y conservaci\u00f3n del predio en beneficio de la comunidad. Quiz\u00e1s para el lector que no [&hellip;]","og_url":"https:\/\/lospoliticosveracruz.com\/?p=71961","og_site_name":"Los pol\u00edticos Veracruz","article_publisher":"https:\/\/www.facebook.com\/people\/Notimemes-de-los-Polticos\/61565672886568\/","article_published_time":"2021-05-04T03:27:46+00:00","article_modified_time":"2021-05-04T03:27:51+00:00","og_image":[{"url":"http:\/\/www.lospoliticosveracruz.com.mx\/wp-content\/uploads\/2021\/04\/Tecajetes.jpeg","type":"","width":"","height":""}],"author":"Lo viste en Los Pol\u00edticos","twitter_card":"summary_large_image","twitter_creator":"@LosPoliticosVer","twitter_site":"@LosPoliticosVer","twitter_misc":{"Escrito por":"Lo viste en Los Pol\u00edticos","Tiempo de lectura":"3 minutos"},"schema":{"@context":"https:\/\/schema.org","@graph":[{"@type":"Article","@id":"https:\/\/lospoliticosveracruz.com\/?p=71961#article","isPartOf":{"@id":"https:\/\/lospoliticosveracruz.com\/?p=71961"},"author":{"name":"Lo viste en Los Pol\u00edticos","@id":"https:\/\/lospoliticosveracruz.com\/#\/schema\/person\/b8702bb0e538456e6efd07080bf2a4a2"},"headline":"El Santuario de Dorheny","datePublished":"2021-05-04T03:27:46+00:00","dateModified":"2021-05-04T03:27:51+00:00","mainEntityOfPage":{"@id":"https:\/\/lospoliticosveracruz.com\/?p=71961"},"wordCount":678,"publisher":{"@id":"https:\/\/lospoliticosveracruz.com\/#organization"},"image":{"@id":"https:\/\/lospoliticosveracruz.com\/?p=71961#primaryimage"},"thumbnailUrl":"http:\/\/www.lospoliticosveracruz.com.mx\/wp-content\/uploads\/2021\/04\/Tecajetes.jpeg","keywords":["ayuntamiento de Xalapa","Cinthya Lobato","Cuitl\u00e1huac Garc\u00eda Jim\u00e9nez","Dorheny Garc\u00eda Cayetano","feminicidios","Hip\u00f3lito Rodr\u00edguez Herrero","Rafael Hern\u00e1ndez Villalpando","Rosalinda Galindo","Salvador Mu\u00f1oz","Santuario de las Garzas"],"articleSection":["De Opini\u00f3n"],"inLanguage":"es"},{"@type":"WebPage","@id":"https:\/\/lospoliticosveracruz.com\/?p=71961","url":"https:\/\/lospoliticosveracruz.com\/?p=71961","name":"El Santuario de Dorheny - Los pol\u00edticos Veracruz","isPartOf":{"@id":"https:\/\/lospoliticosveracruz.com\/#website"},"primaryImageOfPage":{"@id":"https:\/\/lospoliticosveracruz.com\/?p=71961#primaryimage"},"image":{"@id":"https:\/\/lospoliticosveracruz.com\/?p=71961#primaryimage"},"thumbnailUrl":"http:\/\/www.lospoliticosveracruz.com.mx\/wp-content\/uploads\/2021\/04\/Tecajetes.jpeg","datePublished":"2021-05-04T03:27:46+00:00","dateModified":"2021-05-04T03:27:51+00:00","breadcrumb":{"@id":"https:\/\/lospoliticosveracruz.com\/?p=71961#breadcrumb"},"inLanguage":"es","potentialAction":[{"@type":"ReadAction","target":["https:\/\/lospoliticosveracruz.com\/?p=71961"]}]},{"@type":"ImageObject","inLanguage":"es","@id":"https:\/\/lospoliticosveracruz.com\/?p=71961#primaryimage","url":"http:\/\/www.lospoliticosveracruz.com.mx\/wp-content\/uploads\/2021\/04\/Tecajetes.jpeg","contentUrl":"http:\/\/www.lospoliticosveracruz.com.mx\/wp-content\/uploads\/2021\/04\/Tecajetes.jpeg"},{"@type":"BreadcrumbList","@id":"https:\/\/lospoliticosveracruz.com\/?p=71961#breadcrumb","itemListElement":[{"@type":"ListItem","position":1,"name":"Portada","item":"https:\/\/lospoliticosveracruz.com\/"},{"@type":"ListItem","position":2,"name":"El Santuario de Dorheny"}]},{"@type":"WebSite","@id":"https:\/\/lospoliticosveracruz.com\/#website","url":"https:\/\/lospoliticosveracruz.com\/","name":"Los pol\u00edticos Veracruz","description":"","publisher":{"@id":"https:\/\/lospoliticosveracruz.com\/#organization"},"potentialAction":[{"@type":"SearchAction","target":{"@type":"EntryPoint","urlTemplate":"https:\/\/lospoliticosveracruz.com\/?s={search_term_string}"},"query-input":{"@type":"PropertyValueSpecification","valueRequired":true,"valueName":"search_term_string"}}],"inLanguage":"es"},{"@type":"Organization","@id":"https:\/\/lospoliticosveracruz.com\/#organization","name":"Los pol\u00edticos Veracruz","url":"https:\/\/lospoliticosveracruz.com\/","logo":{"@type":"ImageObject","inLanguage":"es","@id":"https:\/\/lospoliticosveracruz.com\/#\/schema\/logo\/image\/","url":"https:\/\/lospoliticosveracruz.com\/wp-content\/uploads\/2025\/12\/Logo-Nuevo-LOS-POLITICOS-1.jpg","contentUrl":"https:\/\/lospoliticosveracruz.com\/wp-content\/uploads\/2025\/12\/Logo-Nuevo-LOS-POLITICOS-1.jpg","width":260,"height":70,"caption":"Los pol\u00edticos Veracruz"},"image":{"@id":"https:\/\/lospoliticosveracruz.com\/#\/schema\/logo\/image\/"},"sameAs":["https:\/\/www.facebook.com\/people\/Notimemes-de-los-Polticos\/61565672886568\/","https:\/\/x.com\/LosPoliticosVer"]},{"@type":"Person","@id":"https:\/\/lospoliticosveracruz.com\/#\/schema\/person\/b8702bb0e538456e6efd07080bf2a4a2","name":"Lo viste en Los Pol\u00edticos","image":{"@type":"ImageObject","inLanguage":"es","@id":"https:\/\/secure.gravatar.com\/avatar\/3a8de04a2656d44082be478bd6c086daa447c4651605818287b9532d3d0bd435?s=96&d=mm&r=g","url":"https:\/\/secure.gravatar.com\/avatar\/3a8de04a2656d44082be478bd6c086daa447c4651605818287b9532d3d0bd435?s=96&d=mm&r=g","contentUrl":"https:\/\/secure.gravatar.com\/avatar\/3a8de04a2656d44082be478bd6c086daa447c4651605818287b9532d3d0bd435?s=96&d=mm&r=g","caption":"Lo viste en Los Pol\u00edticos"},"url":"https:\/\/lospoliticosveracruz.com\/?author=2"}]}},"_links":{"self":[{"href":"https:\/\/lospoliticosveracruz.com\/index.php?rest_route=\/wp\/v2\/posts\/71961","targetHints":{"allow":["GET"]}}],"collection":[{"href":"https:\/\/lospoliticosveracruz.com\/index.php?rest_route=\/wp\/v2\/posts"}],"about":[{"href":"https:\/\/lospoliticosveracruz.com\/index.php?rest_route=\/wp\/v2\/types\/post"}],"author":[{"embeddable":true,"href":"https:\/\/lospoliticosveracruz.com\/index.php?rest_route=\/wp\/v2\/users\/2"}],"replies":[{"embeddable":true,"href":"https:\/\/lospoliticosveracruz.com\/index.php?rest_route=%2Fwp%2Fv2%2Fcomments&post=71961"}],"version-history":[{"count":1,"href":"https:\/\/lospoliticosveracruz.com\/index.php?rest_route=\/wp\/v2\/posts\/71961\/revisions"}],"predecessor-version":[{"id":71964,"href":"https:\/\/lospoliticosveracruz.com\/index.php?rest_route=\/wp\/v2\/posts\/71961\/revisions\/71964"}],"wp:attachment":[{"href":"https:\/\/lospoliticosveracruz.com\/index.php?rest_route=%2Fwp%2Fv2%2Fmedia&parent=71961"}],"wp:term":[{"taxonomy":"category","embeddable":true,"href":"https:\/\/lospoliticosveracruz.com\/index.php?rest_route=%2Fwp%2Fv2%2Fcategories&post=71961"},{"taxonomy":"post_tag","embeddable":true,"href":"https:\/\/lospoliticosveracruz.com\/index.php?rest_route=%2Fwp%2Fv2%2Ftags&post=71961"}],"curies":[{"name":"wp","href":"https:\/\/api.w.org\/{rel}","templated":true}]}}