{"id":71965,"date":"2021-05-03T22:32:40","date_gmt":"2021-05-04T03:32:40","guid":{"rendered":"http:\/\/www.lospoliticosveracruz.com.mx\/?p=71965"},"modified":"2021-05-03T22:32:45","modified_gmt":"2021-05-04T03:32:45","slug":"xico-y-los-candidatos-unidad-en-campanas-prd","status":"publish","type":"post","link":"https:\/\/lospoliticosveracruz.com\/?p=71965","title":{"rendered":"Xico y los candidatos \/ Unidad en campa\u00f1as: PRD"},"content":{"rendered":"\n<p><strong>Enrique Yasser Pompeyo<\/strong><\/p>\n\n\n\n<p><em>Mesa de Redacci\u00f3n<br><\/em><\/p>\n\n\n\n<p>En el municipio de Xico son cinco los candidatos de los principales partidos pol\u00edticos que se encuentran entre las preferencias ciudadanas para encabezar la alcald\u00eda del pueblo m\u00e1gico.<\/p>\n\n\n\n<div class=\"wp-block-image\"><figure class=\"alignleft size-large is-resized\"><a href=\"http:\/\/www.lospoliticosveracruz.com.mx\/wp-content\/uploads\/2021\/04\/Tecajetes.jpeg\"><img loading=\"lazy\" decoding=\"async\" src=\"http:\/\/www.lospoliticosveracruz.com.mx\/wp-content\/uploads\/2021\/04\/Tecajetes.jpeg\" alt=\"\" class=\"wp-image-71008\" width=\"296\" height=\"432\"\/><\/a><\/figure><\/div>\n\n\n\n<p><br>Por el Partido Revolucionario Institucional (PRI) la abanderada es Carolina Galv\u00e1n Galv\u00e1n, quien hasta hace unos cuantos meses estuvo al frente del Sistema para el Desarrollo Integral de las Familias (DIF) de esa localidad.<br>Por el partido pol\u00edtico MORENA, encabeza la candidatura Luis Yoval Maldonado, quien ya hab\u00eda sido candidato en las elecciones de 2017.<br>El Partido Acci\u00f3n Nacional (PAN) respalda a Arturo Blanco Hern\u00e1ndez, quien fue candidato independiente tambi\u00e9n en la jornada electoral de 2017.<br>El Partido de la Revoluci\u00f3n Democr\u00e1tica (PRD) impulsa a Abraham Miranda Zacar\u00edas.<br>El partido Movimiento Ciudadano (MC) contender\u00e1 con Ulises Su\u00e1rez Chimal.<br>Como se observa, los candidatos son personajes conocidos, que han tenido contacto, comunicaci\u00f3n y di\u00e1logo con los xique\u00f1os. Los ciudadanos esperan que presenten propuestas reales, apegadas a las necesidades de la poblaci\u00f3n y que no les ofrezcan promesas irrealizables.<\/p>\n\n\n\n<p><strong>EL CANDIDATO POR XALAPA<br><\/strong>Este martes, el candidato de la alianza Va por M\u00e9xico, Va por Veracruz, a la presidencia municipal de Xalapa, David Velasco Chedraui iniciar\u00e1 con una conferencia donde presentar\u00e1 los ejes rectores de su campa\u00f1a; por la tarde estar\u00e1 en el Campo Fredepo de la colonia Reserva del Tronconal donde se realizar\u00e1 el inicio de su campa\u00f1a.<\/p>\n\n\n\n<p><strong>CONFIANZA Y UNIDAD EN INICIO DE CAMPA\u00d1AS: PRD<\/strong><\/p>\n\n\n\n<p>El PRD se declara listo y preparado para el arranque formal de las campa\u00f1as para las presidencias municipales y las diputaciones locales, consciente del papel que les toca desempe\u00f1ar para lograr la recuperaci\u00f3n de M\u00e9xico y Veracruz, por lo que sus candidatas y candidatos dejar\u00e1n el alma en el campo de batalla electoral, destac\u00f3 Sergio Cadena Mart\u00ednez, presidente de la Direcci\u00f3n Estatal Ejecutiva del PRD en Veracruz.<br>Asegur\u00f3 que las y los candidatos de la alianza \u201cVa por Veracruz\u201d se han preparado a conciencia, \u201cporque buscan trascender en la historia de la entidad por la sensibilidad y cercan\u00eda\u201d que demostrar\u00e1n con el pueblo y sus diferentes sectores. \u201cVemos un horizonte positivo; buenas candidatas, buenos candidatos que conocen la problem\u00e1tica de sus municipios, que conocen lo que est\u00e1 pasando en sus regiones, por lo que no tenemos duda de que el PRD va a salir fortalecido en esta elecci\u00f3n donde ganaremos un n\u00famero importante de alcald\u00edas, porque en esta ocasi\u00f3n el ciudadano va a evaluar lo que hicieron los gobiernos estatal o municipal y ah\u00ed el afecto y reconocimiento de la gente a los candidatos es muy directo\u201d.<br><\/p>\n\n\n\n<div class=\"wp-block-image\"><figure class=\"alignleft size-large is-resized\"><a href=\"https:\/\/www.facebook.com\/235572229830246\/posts\/3695468387173929\/?d=n\"><img loading=\"lazy\" decoding=\"async\" src=\"http:\/\/www.lospoliticosveracruz.com.mx\/wp-content\/uploads\/2021\/04\/Concurso.jpg\" alt=\"\" class=\"wp-image-70543\" width=\"350\" height=\"220\"\/><\/a><\/figure><\/div>\n\n\n\n<p>Record\u00f3 que el partido del Sol Azteca mantiene un ambiente de unidad que lo ha fortalecido ante la opini\u00f3n p\u00fablica y al interior, lo que le brinda una base de confianza, plataforma que extender\u00e1 hacia los grupos ciudadanos a lo largo de las fechas de campa\u00f1a.<br>Asimismo, dijo que ha sido el trabajo de las autoridades emanadas del PRD el mejor ejemplo de congruencia y de compromiso con la ciudadan\u00eda y con los sectores sociales m\u00e1s vulnerables, lo que le ha valido la atenci\u00f3n de propios y extra\u00f1os, ya que ha sido un instituto pol\u00edtico serio, firme, de di\u00e1logo que genera confianza, por lo que los resultados del pr\u00f3ximo 6 de junio validar\u00e1n el trabajo de las y los perredistas veracruzanos que buscan hacer equipo con Veracruz.<\/p>\n\n\n\n<p>enriquepompeyo@hotmail.com<\/p>\n","protected":false},"excerpt":{"rendered":"<p>Enrique Yasser Pompeyo Mesa de Redacci\u00f3n En el municipio de Xico son cinco los candidatos de los principales partidos pol\u00edticos que se encuentran entre las preferencias ciudadanas para encabezar la alcald\u00eda del pueblo m\u00e1gico. Por el Partido Revolucionario Institucional (PRI) la abanderada es Carolina Galv\u00e1n Galv\u00e1n, quien hasta hace unos cuantos meses estuvo al frente [&hellip;]<\/p>\n","protected":false},"author":2,"featured_media":0,"comment_status":"closed","ping_status":"closed","sticky":false,"template":"","format":"standard","meta":{"tdm_status":"","tdm_grid_status":"","footnotes":""},"categories":[70],"tags":[1818,14767,407,520,15477,25099,1026,2327,107,251,7887,24072,96,784],"class_list":{"0":"post-71965","1":"post","2":"type-post","3":"status-publish","4":"format-standard","6":"category-de-opinion","7":"tag-candidatos","8":"tag-carolina-galvan-galvan","9":"tag-david-velasco-chedraui","10":"tag-dif","11":"tag-enrique-yasser-pompeyo","12":"tag-luis-yoval-maldonado","13":"tag-morena","14":"tag-movimiento-ciudadano","15":"tag-prd","16":"tag-pri","17":"tag-sergio-cadena-martinez","18":"tag-ulises-suarez-chimal","19":"tag-xalapa","20":"tag-xico"},"yoast_head":"<!-- This site is optimized with the Yoast SEO plugin v27.4 - https:\/\/yoast.com\/product\/yoast-seo-wordpress\/ -->\n<title>Xico y los candidatos \/ Unidad en campa\u00f1as: PRD - Los pol\u00edticos Veracruz<\/title>\n<meta name=\"robots\" content=\"index, follow, max-snippet:-1, max-image-preview:large, max-video-preview:-1\" \/>\n<link rel=\"canonical\" href=\"https:\/\/lospoliticosveracruz.com\/?p=71965\" \/>\n<meta property=\"og:locale\" content=\"es_ES\" \/>\n<meta property=\"og:type\" content=\"article\" \/>\n<meta property=\"og:title\" content=\"Xico y los candidatos \/ Unidad en campa\u00f1as: PRD - Los pol\u00edticos Veracruz\" \/>\n<meta property=\"og:description\" content=\"Enrique Yasser Pompeyo Mesa de Redacci\u00f3n En el municipio de Xico son cinco los candidatos de los principales partidos pol\u00edticos que se encuentran entre las preferencias ciudadanas para encabezar la alcald\u00eda del pueblo m\u00e1gico. Por el Partido Revolucionario Institucional (PRI) la abanderada es Carolina Galv\u00e1n Galv\u00e1n, quien hasta hace unos cuantos meses estuvo al frente [&hellip;]\" \/>\n<meta property=\"og:url\" content=\"https:\/\/lospoliticosveracruz.com\/?p=71965\" \/>\n<meta property=\"og:site_name\" content=\"Los pol\u00edticos Veracruz\" \/>\n<meta property=\"article:publisher\" content=\"https:\/\/www.facebook.com\/people\/Notimemes-de-los-Polticos\/61565672886568\/\" \/>\n<meta property=\"article:published_time\" content=\"2021-05-04T03:32:40+00:00\" \/>\n<meta property=\"article:modified_time\" content=\"2021-05-04T03:32:45+00:00\" \/>\n<meta property=\"og:image\" content=\"http:\/\/www.lospoliticosveracruz.com.mx\/wp-content\/uploads\/2021\/04\/Tecajetes.jpeg\" \/>\n<meta name=\"author\" content=\"Lo viste en Los Pol\u00edticos\" \/>\n<meta name=\"twitter:card\" content=\"summary_large_image\" \/>\n<meta name=\"twitter:creator\" content=\"@LosPoliticosVer\" \/>\n<meta name=\"twitter:site\" content=\"@LosPoliticosVer\" \/>\n<meta name=\"twitter:label1\" content=\"Escrito por\" \/>\n\t<meta name=\"twitter:data1\" content=\"Lo viste en Los Pol\u00edticos\" \/>\n\t<meta name=\"twitter:label2\" content=\"Tiempo de lectura\" \/>\n\t<meta name=\"twitter:data2\" content=\"3 minutos\" \/>\n<script type=\"application\/ld+json\" class=\"yoast-schema-graph\">{\"@context\":\"https:\\\/\\\/schema.org\",\"@graph\":[{\"@type\":\"Article\",\"@id\":\"https:\\\/\\\/lospoliticosveracruz.com\\\/?p=71965#article\",\"isPartOf\":{\"@id\":\"https:\\\/\\\/lospoliticosveracruz.com\\\/?p=71965\"},\"author\":{\"name\":\"Lo viste en Los Pol\u00edticos\",\"@id\":\"https:\\\/\\\/lospoliticosveracruz.com\\\/#\\\/schema\\\/person\\\/b8702bb0e538456e6efd07080bf2a4a2\"},\"headline\":\"Xico y los candidatos \\\/ Unidad en campa\u00f1as: PRD\",\"datePublished\":\"2021-05-04T03:32:40+00:00\",\"dateModified\":\"2021-05-04T03:32:45+00:00\",\"mainEntityOfPage\":{\"@id\":\"https:\\\/\\\/lospoliticosveracruz.com\\\/?p=71965\"},\"wordCount\":610,\"publisher\":{\"@id\":\"https:\\\/\\\/lospoliticosveracruz.com\\\/#organization\"},\"image\":{\"@id\":\"https:\\\/\\\/lospoliticosveracruz.com\\\/?p=71965#primaryimage\"},\"thumbnailUrl\":\"http:\\\/\\\/www.lospoliticosveracruz.com.mx\\\/wp-content\\\/uploads\\\/2021\\\/04\\\/Tecajetes.jpeg\",\"keywords\":[\"candidatos\",\"Carolina Galv\u00e1n Galv\u00e1n\",\"David Velasco Chedraui\",\"DIF\",\"Enrique Yasser Pompeyo\",\"Luis Yoval Maldonado\",\"Morena\",\"Movimiento Ciudadano\",\"PRD\",\"PRI\",\"Sergio Cadena Mart\u00ednez\",\"Ulises Su\u00e1rez Chimal\",\"Xalapa\",\"Xico\"],\"articleSection\":[\"De Opini\u00f3n\"],\"inLanguage\":\"es\"},{\"@type\":\"WebPage\",\"@id\":\"https:\\\/\\\/lospoliticosveracruz.com\\\/?p=71965\",\"url\":\"https:\\\/\\\/lospoliticosveracruz.com\\\/?p=71965\",\"name\":\"Xico y los candidatos \\\/ Unidad en campa\u00f1as: PRD - Los pol\u00edticos Veracruz\",\"isPartOf\":{\"@id\":\"https:\\\/\\\/lospoliticosveracruz.com\\\/#website\"},\"primaryImageOfPage\":{\"@id\":\"https:\\\/\\\/lospoliticosveracruz.com\\\/?p=71965#primaryimage\"},\"image\":{\"@id\":\"https:\\\/\\\/lospoliticosveracruz.com\\\/?p=71965#primaryimage\"},\"thumbnailUrl\":\"http:\\\/\\\/www.lospoliticosveracruz.com.mx\\\/wp-content\\\/uploads\\\/2021\\\/04\\\/Tecajetes.jpeg\",\"datePublished\":\"2021-05-04T03:32:40+00:00\",\"dateModified\":\"2021-05-04T03:32:45+00:00\",\"breadcrumb\":{\"@id\":\"https:\\\/\\\/lospoliticosveracruz.com\\\/?p=71965#breadcrumb\"},\"inLanguage\":\"es\",\"potentialAction\":[{\"@type\":\"ReadAction\",\"target\":[\"https:\\\/\\\/lospoliticosveracruz.com\\\/?p=71965\"]}]},{\"@type\":\"ImageObject\",\"inLanguage\":\"es\",\"@id\":\"https:\\\/\\\/lospoliticosveracruz.com\\\/?p=71965#primaryimage\",\"url\":\"http:\\\/\\\/www.lospoliticosveracruz.com.mx\\\/wp-content\\\/uploads\\\/2021\\\/04\\\/Tecajetes.jpeg\",\"contentUrl\":\"http:\\\/\\\/www.lospoliticosveracruz.com.mx\\\/wp-content\\\/uploads\\\/2021\\\/04\\\/Tecajetes.jpeg\"},{\"@type\":\"BreadcrumbList\",\"@id\":\"https:\\\/\\\/lospoliticosveracruz.com\\\/?p=71965#breadcrumb\",\"itemListElement\":[{\"@type\":\"ListItem\",\"position\":1,\"name\":\"Portada\",\"item\":\"https:\\\/\\\/lospoliticosveracruz.com\\\/\"},{\"@type\":\"ListItem\",\"position\":2,\"name\":\"Xico y los candidatos \\\/ Unidad en campa\u00f1as: PRD\"}]},{\"@type\":\"WebSite\",\"@id\":\"https:\\\/\\\/lospoliticosveracruz.com\\\/#website\",\"url\":\"https:\\\/\\\/lospoliticosveracruz.com\\\/\",\"name\":\"Los pol\u00edticos Veracruz\",\"description\":\"\",\"publisher\":{\"@id\":\"https:\\\/\\\/lospoliticosveracruz.com\\\/#organization\"},\"potentialAction\":[{\"@type\":\"SearchAction\",\"target\":{\"@type\":\"EntryPoint\",\"urlTemplate\":\"https:\\\/\\\/lospoliticosveracruz.com\\\/?s={search_term_string}\"},\"query-input\":{\"@type\":\"PropertyValueSpecification\",\"valueRequired\":true,\"valueName\":\"search_term_string\"}}],\"inLanguage\":\"es\"},{\"@type\":\"Organization\",\"@id\":\"https:\\\/\\\/lospoliticosveracruz.com\\\/#organization\",\"name\":\"Los pol\u00edticos Veracruz\",\"url\":\"https:\\\/\\\/lospoliticosveracruz.com\\\/\",\"logo\":{\"@type\":\"ImageObject\",\"inLanguage\":\"es\",\"@id\":\"https:\\\/\\\/lospoliticosveracruz.com\\\/#\\\/schema\\\/logo\\\/image\\\/\",\"url\":\"https:\\\/\\\/lospoliticosveracruz.com\\\/wp-content\\\/uploads\\\/2025\\\/12\\\/Logo-Nuevo-LOS-POLITICOS-1.jpg\",\"contentUrl\":\"https:\\\/\\\/lospoliticosveracruz.com\\\/wp-content\\\/uploads\\\/2025\\\/12\\\/Logo-Nuevo-LOS-POLITICOS-1.jpg\",\"width\":260,\"height\":70,\"caption\":\"Los pol\u00edticos Veracruz\"},\"image\":{\"@id\":\"https:\\\/\\\/lospoliticosveracruz.com\\\/#\\\/schema\\\/logo\\\/image\\\/\"},\"sameAs\":[\"https:\\\/\\\/www.facebook.com\\\/people\\\/Notimemes-de-los-Polticos\\\/61565672886568\\\/\",\"https:\\\/\\\/x.com\\\/LosPoliticosVer\"]},{\"@type\":\"Person\",\"@id\":\"https:\\\/\\\/lospoliticosveracruz.com\\\/#\\\/schema\\\/person\\\/b8702bb0e538456e6efd07080bf2a4a2\",\"name\":\"Lo viste en Los Pol\u00edticos\",\"image\":{\"@type\":\"ImageObject\",\"inLanguage\":\"es\",\"@id\":\"https:\\\/\\\/secure.gravatar.com\\\/avatar\\\/3a8de04a2656d44082be478bd6c086daa447c4651605818287b9532d3d0bd435?s=96&d=mm&r=g\",\"url\":\"https:\\\/\\\/secure.gravatar.com\\\/avatar\\\/3a8de04a2656d44082be478bd6c086daa447c4651605818287b9532d3d0bd435?s=96&d=mm&r=g\",\"contentUrl\":\"https:\\\/\\\/secure.gravatar.com\\\/avatar\\\/3a8de04a2656d44082be478bd6c086daa447c4651605818287b9532d3d0bd435?s=96&d=mm&r=g\",\"caption\":\"Lo viste en Los Pol\u00edticos\"},\"url\":\"https:\\\/\\\/lospoliticosveracruz.com\\\/?author=2\"}]}<\/script>\n<!-- \/ Yoast SEO plugin. -->","yoast_head_json":{"title":"Xico y los candidatos \/ Unidad en campa\u00f1as: PRD - Los pol\u00edticos Veracruz","robots":{"index":"index","follow":"follow","max-snippet":"max-snippet:-1","max-image-preview":"max-image-preview:large","max-video-preview":"max-video-preview:-1"},"canonical":"https:\/\/lospoliticosveracruz.com\/?p=71965","og_locale":"es_ES","og_type":"article","og_title":"Xico y los candidatos \/ Unidad en campa\u00f1as: PRD - Los pol\u00edticos Veracruz","og_description":"Enrique Yasser Pompeyo Mesa de Redacci\u00f3n En el municipio de Xico son cinco los candidatos de los principales partidos pol\u00edticos que se encuentran entre las preferencias ciudadanas para encabezar la alcald\u00eda del pueblo m\u00e1gico. Por el Partido Revolucionario Institucional (PRI) la abanderada es Carolina Galv\u00e1n Galv\u00e1n, quien hasta hace unos cuantos meses estuvo al frente [&hellip;]","og_url":"https:\/\/lospoliticosveracruz.com\/?p=71965","og_site_name":"Los pol\u00edticos Veracruz","article_publisher":"https:\/\/www.facebook.com\/people\/Notimemes-de-los-Polticos\/61565672886568\/","article_published_time":"2021-05-04T03:32:40+00:00","article_modified_time":"2021-05-04T03:32:45+00:00","og_image":[{"url":"http:\/\/www.lospoliticosveracruz.com.mx\/wp-content\/uploads\/2021\/04\/Tecajetes.jpeg","type":"","width":"","height":""}],"author":"Lo viste en Los Pol\u00edticos","twitter_card":"summary_large_image","twitter_creator":"@LosPoliticosVer","twitter_site":"@LosPoliticosVer","twitter_misc":{"Escrito por":"Lo viste en Los Pol\u00edticos","Tiempo de lectura":"3 minutos"},"schema":{"@context":"https:\/\/schema.org","@graph":[{"@type":"Article","@id":"https:\/\/lospoliticosveracruz.com\/?p=71965#article","isPartOf":{"@id":"https:\/\/lospoliticosveracruz.com\/?p=71965"},"author":{"name":"Lo viste en Los Pol\u00edticos","@id":"https:\/\/lospoliticosveracruz.com\/#\/schema\/person\/b8702bb0e538456e6efd07080bf2a4a2"},"headline":"Xico y los candidatos \/ Unidad en campa\u00f1as: PRD","datePublished":"2021-05-04T03:32:40+00:00","dateModified":"2021-05-04T03:32:45+00:00","mainEntityOfPage":{"@id":"https:\/\/lospoliticosveracruz.com\/?p=71965"},"wordCount":610,"publisher":{"@id":"https:\/\/lospoliticosveracruz.com\/#organization"},"image":{"@id":"https:\/\/lospoliticosveracruz.com\/?p=71965#primaryimage"},"thumbnailUrl":"http:\/\/www.lospoliticosveracruz.com.mx\/wp-content\/uploads\/2021\/04\/Tecajetes.jpeg","keywords":["candidatos","Carolina Galv\u00e1n Galv\u00e1n","David Velasco Chedraui","DIF","Enrique Yasser Pompeyo","Luis Yoval Maldonado","Morena","Movimiento Ciudadano","PRD","PRI","Sergio Cadena Mart\u00ednez","Ulises Su\u00e1rez Chimal","Xalapa","Xico"],"articleSection":["De Opini\u00f3n"],"inLanguage":"es"},{"@type":"WebPage","@id":"https:\/\/lospoliticosveracruz.com\/?p=71965","url":"https:\/\/lospoliticosveracruz.com\/?p=71965","name":"Xico y los candidatos \/ Unidad en campa\u00f1as: PRD - Los pol\u00edticos Veracruz","isPartOf":{"@id":"https:\/\/lospoliticosveracruz.com\/#website"},"primaryImageOfPage":{"@id":"https:\/\/lospoliticosveracruz.com\/?p=71965#primaryimage"},"image":{"@id":"https:\/\/lospoliticosveracruz.com\/?p=71965#primaryimage"},"thumbnailUrl":"http:\/\/www.lospoliticosveracruz.com.mx\/wp-content\/uploads\/2021\/04\/Tecajetes.jpeg","datePublished":"2021-05-04T03:32:40+00:00","dateModified":"2021-05-04T03:32:45+00:00","breadcrumb":{"@id":"https:\/\/lospoliticosveracruz.com\/?p=71965#breadcrumb"},"inLanguage":"es","potentialAction":[{"@type":"ReadAction","target":["https:\/\/lospoliticosveracruz.com\/?p=71965"]}]},{"@type":"ImageObject","inLanguage":"es","@id":"https:\/\/lospoliticosveracruz.com\/?p=71965#primaryimage","url":"http:\/\/www.lospoliticosveracruz.com.mx\/wp-content\/uploads\/2021\/04\/Tecajetes.jpeg","contentUrl":"http:\/\/www.lospoliticosveracruz.com.mx\/wp-content\/uploads\/2021\/04\/Tecajetes.jpeg"},{"@type":"BreadcrumbList","@id":"https:\/\/lospoliticosveracruz.com\/?p=71965#breadcrumb","itemListElement":[{"@type":"ListItem","position":1,"name":"Portada","item":"https:\/\/lospoliticosveracruz.com\/"},{"@type":"ListItem","position":2,"name":"Xico y los candidatos \/ Unidad en campa\u00f1as: PRD"}]},{"@type":"WebSite","@id":"https:\/\/lospoliticosveracruz.com\/#website","url":"https:\/\/lospoliticosveracruz.com\/","name":"Los pol\u00edticos Veracruz","description":"","publisher":{"@id":"https:\/\/lospoliticosveracruz.com\/#organization"},"potentialAction":[{"@type":"SearchAction","target":{"@type":"EntryPoint","urlTemplate":"https:\/\/lospoliticosveracruz.com\/?s={search_term_string}"},"query-input":{"@type":"PropertyValueSpecification","valueRequired":true,"valueName":"search_term_string"}}],"inLanguage":"es"},{"@type":"Organization","@id":"https:\/\/lospoliticosveracruz.com\/#organization","name":"Los pol\u00edticos Veracruz","url":"https:\/\/lospoliticosveracruz.com\/","logo":{"@type":"ImageObject","inLanguage":"es","@id":"https:\/\/lospoliticosveracruz.com\/#\/schema\/logo\/image\/","url":"https:\/\/lospoliticosveracruz.com\/wp-content\/uploads\/2025\/12\/Logo-Nuevo-LOS-POLITICOS-1.jpg","contentUrl":"https:\/\/lospoliticosveracruz.com\/wp-content\/uploads\/2025\/12\/Logo-Nuevo-LOS-POLITICOS-1.jpg","width":260,"height":70,"caption":"Los pol\u00edticos Veracruz"},"image":{"@id":"https:\/\/lospoliticosveracruz.com\/#\/schema\/logo\/image\/"},"sameAs":["https:\/\/www.facebook.com\/people\/Notimemes-de-los-Polticos\/61565672886568\/","https:\/\/x.com\/LosPoliticosVer"]},{"@type":"Person","@id":"https:\/\/lospoliticosveracruz.com\/#\/schema\/person\/b8702bb0e538456e6efd07080bf2a4a2","name":"Lo viste en Los Pol\u00edticos","image":{"@type":"ImageObject","inLanguage":"es","@id":"https:\/\/secure.gravatar.com\/avatar\/3a8de04a2656d44082be478bd6c086daa447c4651605818287b9532d3d0bd435?s=96&d=mm&r=g","url":"https:\/\/secure.gravatar.com\/avatar\/3a8de04a2656d44082be478bd6c086daa447c4651605818287b9532d3d0bd435?s=96&d=mm&r=g","contentUrl":"https:\/\/secure.gravatar.com\/avatar\/3a8de04a2656d44082be478bd6c086daa447c4651605818287b9532d3d0bd435?s=96&d=mm&r=g","caption":"Lo viste en Los Pol\u00edticos"},"url":"https:\/\/lospoliticosveracruz.com\/?author=2"}]}},"_links":{"self":[{"href":"https:\/\/lospoliticosveracruz.com\/index.php?rest_route=\/wp\/v2\/posts\/71965","targetHints":{"allow":["GET"]}}],"collection":[{"href":"https:\/\/lospoliticosveracruz.com\/index.php?rest_route=\/wp\/v2\/posts"}],"about":[{"href":"https:\/\/lospoliticosveracruz.com\/index.php?rest_route=\/wp\/v2\/types\/post"}],"author":[{"embeddable":true,"href":"https:\/\/lospoliticosveracruz.com\/index.php?rest_route=\/wp\/v2\/users\/2"}],"replies":[{"embeddable":true,"href":"https:\/\/lospoliticosveracruz.com\/index.php?rest_route=%2Fwp%2Fv2%2Fcomments&post=71965"}],"version-history":[{"count":1,"href":"https:\/\/lospoliticosveracruz.com\/index.php?rest_route=\/wp\/v2\/posts\/71965\/revisions"}],"predecessor-version":[{"id":71966,"href":"https:\/\/lospoliticosveracruz.com\/index.php?rest_route=\/wp\/v2\/posts\/71965\/revisions\/71966"}],"wp:attachment":[{"href":"https:\/\/lospoliticosveracruz.com\/index.php?rest_route=%2Fwp%2Fv2%2Fmedia&parent=71965"}],"wp:term":[{"taxonomy":"category","embeddable":true,"href":"https:\/\/lospoliticosveracruz.com\/index.php?rest_route=%2Fwp%2Fv2%2Fcategories&post=71965"},{"taxonomy":"post_tag","embeddable":true,"href":"https:\/\/lospoliticosveracruz.com\/index.php?rest_route=%2Fwp%2Fv2%2Ftags&post=71965"}],"curies":[{"name":"wp","href":"https:\/\/api.w.org\/{rel}","templated":true}]}}