{"id":71967,"date":"2021-05-04T07:41:55","date_gmt":"2021-05-04T12:41:55","guid":{"rendered":"http:\/\/www.lospoliticosveracruz.com.mx\/?p=71967"},"modified":"2021-05-04T07:42:00","modified_gmt":"2021-05-04T12:42:00","slug":"abanderamos-el-mejor-proyecto-marlon","status":"publish","type":"post","link":"https:\/\/lospoliticosveracruz.com\/?p=71967","title":{"rendered":"Abanderamos el mejor proyecto: Marlon"},"content":{"rendered":"\n<p><strong>Xalapa<\/strong><br>Vayamos a la contienda electoral local, para ganar el 6 de junio en las urnas, convencidos de que abanderan el mejor proyecto y las mejores causas, un proyecto que busca conservar la estabilidad econ\u00f3mica, de salud y de empleo, para las y los veracruzanos, dijo Marlon Ram\u00edrez Mar\u00edn, el presidente del CDE del PRI en Veracruz.<br>En su mensaje emitido a las candidatas y candidatos del Partido Revolucionario Institucional y de la alianza Veracruz Va, a dos horas de iniciar campa\u00f1as locales en la entidad, a trav\u00e9s de un video mediante redes sociales, les agradeci\u00f3, al igual que a sus familias por darse la oportunidad de abanderar al partido y a la alianza en la contienda m\u00e1s importante de los \u00faltimos tiempos, cuando el estado vive momentos de letargo, de estancamiento, de incertidumbre y de zozobra, derivado de la nula capacidad de quienes se encuentran al frente de los poderes.<br>\u201cLos convoco a que llevemos a cabo nuestro mayor esfuerzo, a que vayamos casa por casa, taxi por taxi, cami\u00f3n por cami\u00f3n, campo deportivo por campo deportivo, a los mercados, plazas p\u00fablicas y a todo lugar a donde nuestra sociedad se expresa, a explicarle a los veracruzanos: qu\u00e9 es el PRI, y para qu\u00e9 sirve el PRI, y sobre todo, qu\u00e9 es la libertad y cu\u00e1nto nos ha costado obtenerla, a los partidos que integramos la alianza Veracruz Va\u201d, expres\u00f3.<br>Incit\u00f3 a candidatas y candidatos a no taparse los ojos ni quedarse callados, cuando Morena, que es el partido en el gobierno, \u201cjug\u00f3 con lo m\u00e1s importante que un ser humano puede tener, que es: su fe, y esperanza, con el \u00fanico objetivo de llegar al gobierno, eliminar los contrapesos en el Poder Legislativo y en el Poder Judicial, y arrebatarnos nuestra libertad.\u201d<br>Asegur\u00f3 que la \u201cCuarta Transformaci\u00f3n\u201d s\u00ed es, \u201cla dictadura imperfecta\u201d, porque est\u00e1 integrada por gente incapaz de construir, pero apta para destruir, encabezada por un hombre empe\u00f1ado en mandar al diablo nuestras instituciones.<br>Marlon Ram\u00edrez Mar\u00edn, invit\u00f3 a los abanderados del PRI y de la alianza Veracruz Va, como amigo, a que en estas campa\u00f1as cuiden de su seguridad y la de su equipo, no arriesg\u00e1ndose a altas horas de la noche, no generando ni respondiendo a ninguna agresi\u00f3n, y no viajando a exceso de velocidad en los trayectos de carretera.<br>De igual forma, a tomar todas las medidas de prevenci\u00f3n ante la pandemia, procurando el distanciamiento social, y privilegiando la estrategia de comunicaci\u00f3n efectiva, tambi\u00e9n, atendiendo las recomendaciones de las autoridades civiles y militares, ante posibles riesgos; \u201crecuerden que, para sus familias, no hay nada m\u00e1s importante que ustedes, y para nosotros, no hay nada m\u00e1s importante que sus familias.\u201d<br>Para concluir, adem\u00e1s de enviar el saludo y buenos deseos a nombre de Arianna \u00c1ngeles Aguirre, secretaria general del CDE del PRI en Veracruz, conmin\u00f3 a los candidatos a replicar el ejemplo del presidente del CEN del PRI, Alejandro Moreno C\u00e1rdenas, y de la secretaria general, Carolina Viggiano Austria, quienes d\u00eda a d\u00eda se enfrentan al gobierno como una verdadera oposici\u00f3n.<br>Para concluir, los exhort\u00f3 a que en unidad y con sencillez y humildad, vayan por la victoria. \u201cTrabajemos para que Veracruz crezca, y nos devuelvan la seguridad, la paz y la tranquilidad, que es derecho de todas las ciudadanas y todos los ciudadanos.\u201d<\/p>\n","protected":false},"excerpt":{"rendered":"<p>XalapaVayamos a la contienda electoral local, para ganar el 6 de junio en las urnas, convencidos de que abanderan el mejor proyecto y las mejores causas, un proyecto que busca conservar la estabilidad econ\u00f3mica, de salud y de empleo, para las y los veracruzanos, dijo Marlon Ram\u00edrez Mar\u00edn, el presidente del CDE del PRI en [&hellip;]<\/p>\n","protected":false},"author":2,"featured_media":0,"comment_status":"closed","ping_status":"closed","sticky":false,"template":"","format":"standard","meta":{"tdm_status":"","tdm_grid_status":"","footnotes":""},"categories":[73],"tags":[721,2908,251,24485,24697],"class_list":{"0":"post-71967","1":"post","2":"type-post","3":"status-publish","4":"format-standard","6":"category-de-boleto","7":"tag-elecciones","8":"tag-marlon-ramirez-marin","9":"tag-pri","10":"tag-urnas","11":"tag-va-por-mexico"},"yoast_head":"<!-- This site is optimized with the Yoast SEO plugin v27.4 - https:\/\/yoast.com\/product\/yoast-seo-wordpress\/ -->\n<title>Abanderamos el mejor proyecto: Marlon - Los pol\u00edticos Veracruz<\/title>\n<meta name=\"robots\" content=\"index, follow, max-snippet:-1, max-image-preview:large, max-video-preview:-1\" \/>\n<link rel=\"canonical\" href=\"https:\/\/lospoliticosveracruz.com\/?p=71967\" \/>\n<meta property=\"og:locale\" content=\"es_ES\" \/>\n<meta property=\"og:type\" content=\"article\" \/>\n<meta property=\"og:title\" content=\"Abanderamos el mejor proyecto: Marlon - Los pol\u00edticos Veracruz\" \/>\n<meta property=\"og:description\" content=\"XalapaVayamos a la contienda electoral local, para ganar el 6 de junio en las urnas, convencidos de que abanderan el mejor proyecto y las mejores causas, un proyecto que busca conservar la estabilidad econ\u00f3mica, de salud y de empleo, para las y los veracruzanos, dijo Marlon Ram\u00edrez Mar\u00edn, el presidente del CDE del PRI en [&hellip;]\" \/>\n<meta property=\"og:url\" content=\"https:\/\/lospoliticosveracruz.com\/?p=71967\" \/>\n<meta property=\"og:site_name\" content=\"Los pol\u00edticos Veracruz\" \/>\n<meta property=\"article:publisher\" content=\"https:\/\/www.facebook.com\/people\/Notimemes-de-los-Polticos\/61565672886568\/\" \/>\n<meta property=\"article:published_time\" content=\"2021-05-04T12:41:55+00:00\" \/>\n<meta property=\"article:modified_time\" content=\"2021-05-04T12:42:00+00:00\" \/>\n<meta property=\"og:image\" content=\"https:\/\/lospoliticosveracruz.com\/wp-content\/uploads\/2016\/07\/Logo-Dor.jpg\" \/>\n\t<meta property=\"og:image:width\" content=\"200\" \/>\n\t<meta property=\"og:image:height\" content=\"200\" \/>\n\t<meta property=\"og:image:type\" content=\"image\/jpeg\" \/>\n<meta name=\"author\" content=\"Lo viste en Los Pol\u00edticos\" \/>\n<meta name=\"twitter:card\" content=\"summary_large_image\" \/>\n<meta name=\"twitter:creator\" content=\"@LosPoliticosVer\" \/>\n<meta name=\"twitter:site\" content=\"@LosPoliticosVer\" \/>\n<meta name=\"twitter:label1\" content=\"Escrito por\" \/>\n\t<meta name=\"twitter:data1\" content=\"Lo viste en Los Pol\u00edticos\" \/>\n\t<meta name=\"twitter:label2\" content=\"Tiempo de lectura\" \/>\n\t<meta name=\"twitter:data2\" content=\"3 minutos\" \/>\n<script type=\"application\/ld+json\" class=\"yoast-schema-graph\">{\"@context\":\"https:\\\/\\\/schema.org\",\"@graph\":[{\"@type\":\"Article\",\"@id\":\"https:\\\/\\\/lospoliticosveracruz.com\\\/?p=71967#article\",\"isPartOf\":{\"@id\":\"https:\\\/\\\/lospoliticosveracruz.com\\\/?p=71967\"},\"author\":{\"name\":\"Lo viste en Los Pol\u00edticos\",\"@id\":\"https:\\\/\\\/lospoliticosveracruz.com\\\/#\\\/schema\\\/person\\\/b8702bb0e538456e6efd07080bf2a4a2\"},\"headline\":\"Abanderamos el mejor proyecto: Marlon\",\"datePublished\":\"2021-05-04T12:41:55+00:00\",\"dateModified\":\"2021-05-04T12:42:00+00:00\",\"mainEntityOfPage\":{\"@id\":\"https:\\\/\\\/lospoliticosveracruz.com\\\/?p=71967\"},\"wordCount\":581,\"publisher\":{\"@id\":\"https:\\\/\\\/lospoliticosveracruz.com\\\/#organization\"},\"keywords\":[\"elecciones\",\"Marlon Ram\u00edrez Mar\u00edn\",\"PRI\",\"Urnas\",\"Va por M\u00e9xico\"],\"articleSection\":[\"De Boleto\"],\"inLanguage\":\"es\"},{\"@type\":\"WebPage\",\"@id\":\"https:\\\/\\\/lospoliticosveracruz.com\\\/?p=71967\",\"url\":\"https:\\\/\\\/lospoliticosveracruz.com\\\/?p=71967\",\"name\":\"Abanderamos el mejor proyecto: Marlon - Los pol\u00edticos Veracruz\",\"isPartOf\":{\"@id\":\"https:\\\/\\\/lospoliticosveracruz.com\\\/#website\"},\"datePublished\":\"2021-05-04T12:41:55+00:00\",\"dateModified\":\"2021-05-04T12:42:00+00:00\",\"breadcrumb\":{\"@id\":\"https:\\\/\\\/lospoliticosveracruz.com\\\/?p=71967#breadcrumb\"},\"inLanguage\":\"es\",\"potentialAction\":[{\"@type\":\"ReadAction\",\"target\":[\"https:\\\/\\\/lospoliticosveracruz.com\\\/?p=71967\"]}]},{\"@type\":\"BreadcrumbList\",\"@id\":\"https:\\\/\\\/lospoliticosveracruz.com\\\/?p=71967#breadcrumb\",\"itemListElement\":[{\"@type\":\"ListItem\",\"position\":1,\"name\":\"Portada\",\"item\":\"https:\\\/\\\/lospoliticosveracruz.com\\\/\"},{\"@type\":\"ListItem\",\"position\":2,\"name\":\"Abanderamos el mejor proyecto: Marlon\"}]},{\"@type\":\"WebSite\",\"@id\":\"https:\\\/\\\/lospoliticosveracruz.com\\\/#website\",\"url\":\"https:\\\/\\\/lospoliticosveracruz.com\\\/\",\"name\":\"Los pol\u00edticos Veracruz\",\"description\":\"\",\"publisher\":{\"@id\":\"https:\\\/\\\/lospoliticosveracruz.com\\\/#organization\"},\"potentialAction\":[{\"@type\":\"SearchAction\",\"target\":{\"@type\":\"EntryPoint\",\"urlTemplate\":\"https:\\\/\\\/lospoliticosveracruz.com\\\/?s={search_term_string}\"},\"query-input\":{\"@type\":\"PropertyValueSpecification\",\"valueRequired\":true,\"valueName\":\"search_term_string\"}}],\"inLanguage\":\"es\"},{\"@type\":\"Organization\",\"@id\":\"https:\\\/\\\/lospoliticosveracruz.com\\\/#organization\",\"name\":\"Los pol\u00edticos Veracruz\",\"url\":\"https:\\\/\\\/lospoliticosveracruz.com\\\/\",\"logo\":{\"@type\":\"ImageObject\",\"inLanguage\":\"es\",\"@id\":\"https:\\\/\\\/lospoliticosveracruz.com\\\/#\\\/schema\\\/logo\\\/image\\\/\",\"url\":\"https:\\\/\\\/lospoliticosveracruz.com\\\/wp-content\\\/uploads\\\/2025\\\/12\\\/Logo-Nuevo-LOS-POLITICOS-1.jpg\",\"contentUrl\":\"https:\\\/\\\/lospoliticosveracruz.com\\\/wp-content\\\/uploads\\\/2025\\\/12\\\/Logo-Nuevo-LOS-POLITICOS-1.jpg\",\"width\":260,\"height\":70,\"caption\":\"Los pol\u00edticos Veracruz\"},\"image\":{\"@id\":\"https:\\\/\\\/lospoliticosveracruz.com\\\/#\\\/schema\\\/logo\\\/image\\\/\"},\"sameAs\":[\"https:\\\/\\\/www.facebook.com\\\/people\\\/Notimemes-de-los-Polticos\\\/61565672886568\\\/\",\"https:\\\/\\\/x.com\\\/LosPoliticosVer\"]},{\"@type\":\"Person\",\"@id\":\"https:\\\/\\\/lospoliticosveracruz.com\\\/#\\\/schema\\\/person\\\/b8702bb0e538456e6efd07080bf2a4a2\",\"name\":\"Lo viste en Los Pol\u00edticos\",\"image\":{\"@type\":\"ImageObject\",\"inLanguage\":\"es\",\"@id\":\"https:\\\/\\\/secure.gravatar.com\\\/avatar\\\/3a8de04a2656d44082be478bd6c086daa447c4651605818287b9532d3d0bd435?s=96&d=mm&r=g\",\"url\":\"https:\\\/\\\/secure.gravatar.com\\\/avatar\\\/3a8de04a2656d44082be478bd6c086daa447c4651605818287b9532d3d0bd435?s=96&d=mm&r=g\",\"contentUrl\":\"https:\\\/\\\/secure.gravatar.com\\\/avatar\\\/3a8de04a2656d44082be478bd6c086daa447c4651605818287b9532d3d0bd435?s=96&d=mm&r=g\",\"caption\":\"Lo viste en Los Pol\u00edticos\"},\"url\":\"https:\\\/\\\/lospoliticosveracruz.com\\\/?author=2\"}]}<\/script>\n<!-- \/ Yoast SEO plugin. -->","yoast_head_json":{"title":"Abanderamos el mejor proyecto: Marlon - Los pol\u00edticos Veracruz","robots":{"index":"index","follow":"follow","max-snippet":"max-snippet:-1","max-image-preview":"max-image-preview:large","max-video-preview":"max-video-preview:-1"},"canonical":"https:\/\/lospoliticosveracruz.com\/?p=71967","og_locale":"es_ES","og_type":"article","og_title":"Abanderamos el mejor proyecto: Marlon - Los pol\u00edticos Veracruz","og_description":"XalapaVayamos a la contienda electoral local, para ganar el 6 de junio en las urnas, convencidos de que abanderan el mejor proyecto y las mejores causas, un proyecto que busca conservar la estabilidad econ\u00f3mica, de salud y de empleo, para las y los veracruzanos, dijo Marlon Ram\u00edrez Mar\u00edn, el presidente del CDE del PRI en [&hellip;]","og_url":"https:\/\/lospoliticosveracruz.com\/?p=71967","og_site_name":"Los pol\u00edticos Veracruz","article_publisher":"https:\/\/www.facebook.com\/people\/Notimemes-de-los-Polticos\/61565672886568\/","article_published_time":"2021-05-04T12:41:55+00:00","article_modified_time":"2021-05-04T12:42:00+00:00","og_image":[{"width":200,"height":200,"url":"https:\/\/lospoliticosveracruz.com\/wp-content\/uploads\/2016\/07\/Logo-Dor.jpg","type":"image\/jpeg"}],"author":"Lo viste en Los Pol\u00edticos","twitter_card":"summary_large_image","twitter_creator":"@LosPoliticosVer","twitter_site":"@LosPoliticosVer","twitter_misc":{"Escrito por":"Lo viste en Los Pol\u00edticos","Tiempo de lectura":"3 minutos"},"schema":{"@context":"https:\/\/schema.org","@graph":[{"@type":"Article","@id":"https:\/\/lospoliticosveracruz.com\/?p=71967#article","isPartOf":{"@id":"https:\/\/lospoliticosveracruz.com\/?p=71967"},"author":{"name":"Lo viste en Los Pol\u00edticos","@id":"https:\/\/lospoliticosveracruz.com\/#\/schema\/person\/b8702bb0e538456e6efd07080bf2a4a2"},"headline":"Abanderamos el mejor proyecto: Marlon","datePublished":"2021-05-04T12:41:55+00:00","dateModified":"2021-05-04T12:42:00+00:00","mainEntityOfPage":{"@id":"https:\/\/lospoliticosveracruz.com\/?p=71967"},"wordCount":581,"publisher":{"@id":"https:\/\/lospoliticosveracruz.com\/#organization"},"keywords":["elecciones","Marlon Ram\u00edrez Mar\u00edn","PRI","Urnas","Va por M\u00e9xico"],"articleSection":["De Boleto"],"inLanguage":"es"},{"@type":"WebPage","@id":"https:\/\/lospoliticosveracruz.com\/?p=71967","url":"https:\/\/lospoliticosveracruz.com\/?p=71967","name":"Abanderamos el mejor proyecto: Marlon - Los pol\u00edticos Veracruz","isPartOf":{"@id":"https:\/\/lospoliticosveracruz.com\/#website"},"datePublished":"2021-05-04T12:41:55+00:00","dateModified":"2021-05-04T12:42:00+00:00","breadcrumb":{"@id":"https:\/\/lospoliticosveracruz.com\/?p=71967#breadcrumb"},"inLanguage":"es","potentialAction":[{"@type":"ReadAction","target":["https:\/\/lospoliticosveracruz.com\/?p=71967"]}]},{"@type":"BreadcrumbList","@id":"https:\/\/lospoliticosveracruz.com\/?p=71967#breadcrumb","itemListElement":[{"@type":"ListItem","position":1,"name":"Portada","item":"https:\/\/lospoliticosveracruz.com\/"},{"@type":"ListItem","position":2,"name":"Abanderamos el mejor proyecto: Marlon"}]},{"@type":"WebSite","@id":"https:\/\/lospoliticosveracruz.com\/#website","url":"https:\/\/lospoliticosveracruz.com\/","name":"Los pol\u00edticos Veracruz","description":"","publisher":{"@id":"https:\/\/lospoliticosveracruz.com\/#organization"},"potentialAction":[{"@type":"SearchAction","target":{"@type":"EntryPoint","urlTemplate":"https:\/\/lospoliticosveracruz.com\/?s={search_term_string}"},"query-input":{"@type":"PropertyValueSpecification","valueRequired":true,"valueName":"search_term_string"}}],"inLanguage":"es"},{"@type":"Organization","@id":"https:\/\/lospoliticosveracruz.com\/#organization","name":"Los pol\u00edticos Veracruz","url":"https:\/\/lospoliticosveracruz.com\/","logo":{"@type":"ImageObject","inLanguage":"es","@id":"https:\/\/lospoliticosveracruz.com\/#\/schema\/logo\/image\/","url":"https:\/\/lospoliticosveracruz.com\/wp-content\/uploads\/2025\/12\/Logo-Nuevo-LOS-POLITICOS-1.jpg","contentUrl":"https:\/\/lospoliticosveracruz.com\/wp-content\/uploads\/2025\/12\/Logo-Nuevo-LOS-POLITICOS-1.jpg","width":260,"height":70,"caption":"Los pol\u00edticos Veracruz"},"image":{"@id":"https:\/\/lospoliticosveracruz.com\/#\/schema\/logo\/image\/"},"sameAs":["https:\/\/www.facebook.com\/people\/Notimemes-de-los-Polticos\/61565672886568\/","https:\/\/x.com\/LosPoliticosVer"]},{"@type":"Person","@id":"https:\/\/lospoliticosveracruz.com\/#\/schema\/person\/b8702bb0e538456e6efd07080bf2a4a2","name":"Lo viste en Los Pol\u00edticos","image":{"@type":"ImageObject","inLanguage":"es","@id":"https:\/\/secure.gravatar.com\/avatar\/3a8de04a2656d44082be478bd6c086daa447c4651605818287b9532d3d0bd435?s=96&d=mm&r=g","url":"https:\/\/secure.gravatar.com\/avatar\/3a8de04a2656d44082be478bd6c086daa447c4651605818287b9532d3d0bd435?s=96&d=mm&r=g","contentUrl":"https:\/\/secure.gravatar.com\/avatar\/3a8de04a2656d44082be478bd6c086daa447c4651605818287b9532d3d0bd435?s=96&d=mm&r=g","caption":"Lo viste en Los Pol\u00edticos"},"url":"https:\/\/lospoliticosveracruz.com\/?author=2"}]}},"_links":{"self":[{"href":"https:\/\/lospoliticosveracruz.com\/index.php?rest_route=\/wp\/v2\/posts\/71967","targetHints":{"allow":["GET"]}}],"collection":[{"href":"https:\/\/lospoliticosveracruz.com\/index.php?rest_route=\/wp\/v2\/posts"}],"about":[{"href":"https:\/\/lospoliticosveracruz.com\/index.php?rest_route=\/wp\/v2\/types\/post"}],"author":[{"embeddable":true,"href":"https:\/\/lospoliticosveracruz.com\/index.php?rest_route=\/wp\/v2\/users\/2"}],"replies":[{"embeddable":true,"href":"https:\/\/lospoliticosveracruz.com\/index.php?rest_route=%2Fwp%2Fv2%2Fcomments&post=71967"}],"version-history":[{"count":1,"href":"https:\/\/lospoliticosveracruz.com\/index.php?rest_route=\/wp\/v2\/posts\/71967\/revisions"}],"predecessor-version":[{"id":71969,"href":"https:\/\/lospoliticosveracruz.com\/index.php?rest_route=\/wp\/v2\/posts\/71967\/revisions\/71969"}],"wp:attachment":[{"href":"https:\/\/lospoliticosveracruz.com\/index.php?rest_route=%2Fwp%2Fv2%2Fmedia&parent=71967"}],"wp:term":[{"taxonomy":"category","embeddable":true,"href":"https:\/\/lospoliticosveracruz.com\/index.php?rest_route=%2Fwp%2Fv2%2Fcategories&post=71967"},{"taxonomy":"post_tag","embeddable":true,"href":"https:\/\/lospoliticosveracruz.com\/index.php?rest_route=%2Fwp%2Fv2%2Ftags&post=71967"}],"curies":[{"name":"wp","href":"https:\/\/api.w.org\/{rel}","templated":true}]}}