{"id":72004,"date":"2021-05-04T13:43:34","date_gmt":"2021-05-04T18:43:34","guid":{"rendered":"http:\/\/www.lospoliticosveracruz.com.mx\/?p=72004"},"modified":"2021-05-04T13:43:38","modified_gmt":"2021-05-04T18:43:38","slug":"espaldarazo-rosa-a-tato","status":"publish","type":"post","link":"https:\/\/lospoliticosveracruz.com\/?p=72004","title":{"rendered":"Espaldarazo rosa a Tato!"},"content":{"rendered":"\n<p><strong>La Antigua<br><\/strong>La dirigencia nacional del partido Fuerza por M\u00e9xico reafirm\u00f3 el respaldo al candidato a la diputaci\u00f3n federal, Eduardo Vega Yunes, que representar\u00e1 en la C\u00e1mara de Diputados a los habitantes de los 22 municipios que integran el distrito 08 de Xalapa Rural.<br>Desde la noche de este lunes, Tato Vega recibi\u00f3 a la comitiva del Comit\u00e9 Ejecutivo Nacional encabezada por el dirigente Gerardo Islas Maldonado, la secretaria de Acci\u00f3n Pol\u00edtica, Caty Monreal P\u00e9rez, as\u00ed como el lider nacional de la Catem, Pedro Haces Barba, con quien el candidato tiene una gran cercan\u00eda, arribaron a Veracruz para acompa\u00f1arlo en esta jornada durante varios eventos en el distrito, que coinciden adem\u00e1s con el arranque de las campa\u00f1as a diputaciones locales y presidencias municipales en el estado.<br>Durante un desayuno con candidatos y representantes de los medios de comunicaci\u00f3n en Ciudad Cardel, qued\u00f3 de manifiesto que Tato Vega forma parte del movimiento pol\u00edtico que encabeza el presidente de la Junta de Coordinaci\u00f3n Pol\u00edtica en el Senado de la Rep\u00fablica, Ricardo Monreal \u00c1vila, de ah\u00ed la presencia de su hija Caty Monreal, quien forma parte de Fuerza por M\u00e9xico y que tambi\u00e9n ser\u00e1 diputada federal junto con Vega Yunes.<br>En el evento, Gerardo Islas hizo un reconocimiento al trabajo pol\u00edtico de Tato Vega como constituyente de \u00e9ste partido pol\u00edtico y quien logr\u00f3 una estructura pol\u00edtica y electoral que ha tenido un crecimiento sobresaliente incluso en el panorama nacional, por lo que se decidi\u00f3 que participara en la contienda electoral por su distrito, que ha recorrido desde hace casi 10 a\u00f1os.<br>Con ello, queda demostrado que la apuesta del grupo nacional en el estado de Veracruz es Tato Vega Yunes.<\/p>\n","protected":false},"excerpt":{"rendered":"<p>La AntiguaLa dirigencia nacional del partido Fuerza por M\u00e9xico reafirm\u00f3 el respaldo al candidato a la diputaci\u00f3n federal, Eduardo Vega Yunes, que representar\u00e1 en la C\u00e1mara de Diputados a los habitantes de los 22 municipios que integran el distrito 08 de Xalapa Rural.Desde la noche de este lunes, Tato Vega recibi\u00f3 a la comitiva del [&hellip;]<\/p>\n","protected":false},"author":2,"featured_media":0,"comment_status":"closed","ping_status":"closed","sticky":false,"template":"","format":"standard","meta":{"tdm_status":"","tdm_grid_status":"","footnotes":""},"categories":[73],"tags":[18681,27719,575,27718,652,24637,25695,27279,24155,2944,25667],"class_list":{"0":"post-72004","1":"post","2":"type-post","3":"status-publish","4":"format-standard","6":"category-de-boleto","7":"tag-catem","8":"tag-caty-monreal-perez","9":"tag-diputacion-federal","10":"tag-distrito-08","11":"tag-eduardo-vega-yunes","12":"tag-fuerza-por-mexico","13":"tag-fuerza-x-mexico","14":"tag-gerardo-islas-maldonado","15":"tag-pedro-haces-barba","16":"tag-ricardo-monreal-avila","17":"tag-tato-vega"},"yoast_head":"<!-- This site is optimized with the Yoast SEO plugin v27.4 - https:\/\/yoast.com\/product\/yoast-seo-wordpress\/ -->\n<title>Espaldarazo rosa a Tato! - Los pol\u00edticos Veracruz<\/title>\n<meta name=\"robots\" content=\"index, follow, max-snippet:-1, max-image-preview:large, max-video-preview:-1\" \/>\n<link rel=\"canonical\" href=\"https:\/\/lospoliticosveracruz.com\/?p=72004\" \/>\n<meta property=\"og:locale\" content=\"es_ES\" \/>\n<meta property=\"og:type\" content=\"article\" \/>\n<meta property=\"og:title\" content=\"Espaldarazo rosa a Tato! - Los pol\u00edticos Veracruz\" \/>\n<meta property=\"og:description\" content=\"La AntiguaLa dirigencia nacional del partido Fuerza por M\u00e9xico reafirm\u00f3 el respaldo al candidato a la diputaci\u00f3n federal, Eduardo Vega Yunes, que representar\u00e1 en la C\u00e1mara de Diputados a los habitantes de los 22 municipios que integran el distrito 08 de Xalapa Rural.Desde la noche de este lunes, Tato Vega recibi\u00f3 a la comitiva del [&hellip;]\" \/>\n<meta property=\"og:url\" content=\"https:\/\/lospoliticosveracruz.com\/?p=72004\" \/>\n<meta property=\"og:site_name\" content=\"Los pol\u00edticos Veracruz\" \/>\n<meta property=\"article:publisher\" content=\"https:\/\/www.facebook.com\/people\/Notimemes-de-los-Polticos\/61565672886568\/\" \/>\n<meta property=\"article:published_time\" content=\"2021-05-04T18:43:34+00:00\" \/>\n<meta property=\"article:modified_time\" content=\"2021-05-04T18:43:38+00:00\" \/>\n<meta property=\"og:image\" content=\"https:\/\/lospoliticosveracruz.com\/wp-content\/uploads\/2016\/07\/Logo-Dor.jpg\" \/>\n\t<meta property=\"og:image:width\" content=\"200\" \/>\n\t<meta property=\"og:image:height\" content=\"200\" \/>\n\t<meta property=\"og:image:type\" content=\"image\/jpeg\" \/>\n<meta name=\"author\" content=\"Lo viste en Los Pol\u00edticos\" \/>\n<meta name=\"twitter:card\" content=\"summary_large_image\" \/>\n<meta name=\"twitter:creator\" content=\"@LosPoliticosVer\" \/>\n<meta name=\"twitter:site\" content=\"@LosPoliticosVer\" \/>\n<meta name=\"twitter:label1\" content=\"Escrito por\" \/>\n\t<meta name=\"twitter:data1\" content=\"Lo viste en Los Pol\u00edticos\" \/>\n\t<meta name=\"twitter:label2\" content=\"Tiempo de lectura\" \/>\n\t<meta name=\"twitter:data2\" content=\"1 minuto\" \/>\n<script type=\"application\/ld+json\" class=\"yoast-schema-graph\">{\"@context\":\"https:\\\/\\\/schema.org\",\"@graph\":[{\"@type\":\"Article\",\"@id\":\"https:\\\/\\\/lospoliticosveracruz.com\\\/?p=72004#article\",\"isPartOf\":{\"@id\":\"https:\\\/\\\/lospoliticosveracruz.com\\\/?p=72004\"},\"author\":{\"name\":\"Lo viste en Los Pol\u00edticos\",\"@id\":\"https:\\\/\\\/lospoliticosveracruz.com\\\/#\\\/schema\\\/person\\\/b8702bb0e538456e6efd07080bf2a4a2\"},\"headline\":\"Espaldarazo rosa a Tato!\",\"datePublished\":\"2021-05-04T18:43:34+00:00\",\"dateModified\":\"2021-05-04T18:43:38+00:00\",\"mainEntityOfPage\":{\"@id\":\"https:\\\/\\\/lospoliticosveracruz.com\\\/?p=72004\"},\"wordCount\":299,\"publisher\":{\"@id\":\"https:\\\/\\\/lospoliticosveracruz.com\\\/#organization\"},\"keywords\":[\"Catem\",\"Caty Monreal P\u00e9rez\",\"diputaci\u00f3n federal\",\"distrito 08\",\"Eduardo Vega Yunes\",\"Fuerza por M\u00e9xico\",\"Fuerza x M\u00e9xico\",\"Gerardo Islas Maldonado\",\"Pedro Haces Barba\",\"Ricardo Monreal \u00c1vila\",\"Tato Vega\"],\"articleSection\":[\"De Boleto\"],\"inLanguage\":\"es\"},{\"@type\":\"WebPage\",\"@id\":\"https:\\\/\\\/lospoliticosveracruz.com\\\/?p=72004\",\"url\":\"https:\\\/\\\/lospoliticosveracruz.com\\\/?p=72004\",\"name\":\"Espaldarazo rosa a Tato! - Los pol\u00edticos Veracruz\",\"isPartOf\":{\"@id\":\"https:\\\/\\\/lospoliticosveracruz.com\\\/#website\"},\"datePublished\":\"2021-05-04T18:43:34+00:00\",\"dateModified\":\"2021-05-04T18:43:38+00:00\",\"breadcrumb\":{\"@id\":\"https:\\\/\\\/lospoliticosveracruz.com\\\/?p=72004#breadcrumb\"},\"inLanguage\":\"es\",\"potentialAction\":[{\"@type\":\"ReadAction\",\"target\":[\"https:\\\/\\\/lospoliticosveracruz.com\\\/?p=72004\"]}]},{\"@type\":\"BreadcrumbList\",\"@id\":\"https:\\\/\\\/lospoliticosveracruz.com\\\/?p=72004#breadcrumb\",\"itemListElement\":[{\"@type\":\"ListItem\",\"position\":1,\"name\":\"Portada\",\"item\":\"https:\\\/\\\/lospoliticosveracruz.com\\\/\"},{\"@type\":\"ListItem\",\"position\":2,\"name\":\"Espaldarazo rosa a Tato!\"}]},{\"@type\":\"WebSite\",\"@id\":\"https:\\\/\\\/lospoliticosveracruz.com\\\/#website\",\"url\":\"https:\\\/\\\/lospoliticosveracruz.com\\\/\",\"name\":\"Los pol\u00edticos Veracruz\",\"description\":\"\",\"publisher\":{\"@id\":\"https:\\\/\\\/lospoliticosveracruz.com\\\/#organization\"},\"potentialAction\":[{\"@type\":\"SearchAction\",\"target\":{\"@type\":\"EntryPoint\",\"urlTemplate\":\"https:\\\/\\\/lospoliticosveracruz.com\\\/?s={search_term_string}\"},\"query-input\":{\"@type\":\"PropertyValueSpecification\",\"valueRequired\":true,\"valueName\":\"search_term_string\"}}],\"inLanguage\":\"es\"},{\"@type\":\"Organization\",\"@id\":\"https:\\\/\\\/lospoliticosveracruz.com\\\/#organization\",\"name\":\"Los pol\u00edticos Veracruz\",\"url\":\"https:\\\/\\\/lospoliticosveracruz.com\\\/\",\"logo\":{\"@type\":\"ImageObject\",\"inLanguage\":\"es\",\"@id\":\"https:\\\/\\\/lospoliticosveracruz.com\\\/#\\\/schema\\\/logo\\\/image\\\/\",\"url\":\"https:\\\/\\\/lospoliticosveracruz.com\\\/wp-content\\\/uploads\\\/2025\\\/12\\\/Logo-Nuevo-LOS-POLITICOS-1.jpg\",\"contentUrl\":\"https:\\\/\\\/lospoliticosveracruz.com\\\/wp-content\\\/uploads\\\/2025\\\/12\\\/Logo-Nuevo-LOS-POLITICOS-1.jpg\",\"width\":260,\"height\":70,\"caption\":\"Los pol\u00edticos Veracruz\"},\"image\":{\"@id\":\"https:\\\/\\\/lospoliticosveracruz.com\\\/#\\\/schema\\\/logo\\\/image\\\/\"},\"sameAs\":[\"https:\\\/\\\/www.facebook.com\\\/people\\\/Notimemes-de-los-Polticos\\\/61565672886568\\\/\",\"https:\\\/\\\/x.com\\\/LosPoliticosVer\"]},{\"@type\":\"Person\",\"@id\":\"https:\\\/\\\/lospoliticosveracruz.com\\\/#\\\/schema\\\/person\\\/b8702bb0e538456e6efd07080bf2a4a2\",\"name\":\"Lo viste en Los Pol\u00edticos\",\"image\":{\"@type\":\"ImageObject\",\"inLanguage\":\"es\",\"@id\":\"https:\\\/\\\/secure.gravatar.com\\\/avatar\\\/3a8de04a2656d44082be478bd6c086daa447c4651605818287b9532d3d0bd435?s=96&d=mm&r=g\",\"url\":\"https:\\\/\\\/secure.gravatar.com\\\/avatar\\\/3a8de04a2656d44082be478bd6c086daa447c4651605818287b9532d3d0bd435?s=96&d=mm&r=g\",\"contentUrl\":\"https:\\\/\\\/secure.gravatar.com\\\/avatar\\\/3a8de04a2656d44082be478bd6c086daa447c4651605818287b9532d3d0bd435?s=96&d=mm&r=g\",\"caption\":\"Lo viste en Los Pol\u00edticos\"},\"url\":\"https:\\\/\\\/lospoliticosveracruz.com\\\/?author=2\"}]}<\/script>\n<!-- \/ Yoast SEO plugin. -->","yoast_head_json":{"title":"Espaldarazo rosa a Tato! - Los pol\u00edticos Veracruz","robots":{"index":"index","follow":"follow","max-snippet":"max-snippet:-1","max-image-preview":"max-image-preview:large","max-video-preview":"max-video-preview:-1"},"canonical":"https:\/\/lospoliticosveracruz.com\/?p=72004","og_locale":"es_ES","og_type":"article","og_title":"Espaldarazo rosa a Tato! - Los pol\u00edticos Veracruz","og_description":"La AntiguaLa dirigencia nacional del partido Fuerza por M\u00e9xico reafirm\u00f3 el respaldo al candidato a la diputaci\u00f3n federal, Eduardo Vega Yunes, que representar\u00e1 en la C\u00e1mara de Diputados a los habitantes de los 22 municipios que integran el distrito 08 de Xalapa Rural.Desde la noche de este lunes, Tato Vega recibi\u00f3 a la comitiva del [&hellip;]","og_url":"https:\/\/lospoliticosveracruz.com\/?p=72004","og_site_name":"Los pol\u00edticos Veracruz","article_publisher":"https:\/\/www.facebook.com\/people\/Notimemes-de-los-Polticos\/61565672886568\/","article_published_time":"2021-05-04T18:43:34+00:00","article_modified_time":"2021-05-04T18:43:38+00:00","og_image":[{"width":200,"height":200,"url":"https:\/\/lospoliticosveracruz.com\/wp-content\/uploads\/2016\/07\/Logo-Dor.jpg","type":"image\/jpeg"}],"author":"Lo viste en Los Pol\u00edticos","twitter_card":"summary_large_image","twitter_creator":"@LosPoliticosVer","twitter_site":"@LosPoliticosVer","twitter_misc":{"Escrito por":"Lo viste en Los Pol\u00edticos","Tiempo de lectura":"1 minuto"},"schema":{"@context":"https:\/\/schema.org","@graph":[{"@type":"Article","@id":"https:\/\/lospoliticosveracruz.com\/?p=72004#article","isPartOf":{"@id":"https:\/\/lospoliticosveracruz.com\/?p=72004"},"author":{"name":"Lo viste en Los Pol\u00edticos","@id":"https:\/\/lospoliticosveracruz.com\/#\/schema\/person\/b8702bb0e538456e6efd07080bf2a4a2"},"headline":"Espaldarazo rosa a Tato!","datePublished":"2021-05-04T18:43:34+00:00","dateModified":"2021-05-04T18:43:38+00:00","mainEntityOfPage":{"@id":"https:\/\/lospoliticosveracruz.com\/?p=72004"},"wordCount":299,"publisher":{"@id":"https:\/\/lospoliticosveracruz.com\/#organization"},"keywords":["Catem","Caty Monreal P\u00e9rez","diputaci\u00f3n federal","distrito 08","Eduardo Vega Yunes","Fuerza por M\u00e9xico","Fuerza x M\u00e9xico","Gerardo Islas Maldonado","Pedro Haces Barba","Ricardo Monreal \u00c1vila","Tato Vega"],"articleSection":["De Boleto"],"inLanguage":"es"},{"@type":"WebPage","@id":"https:\/\/lospoliticosveracruz.com\/?p=72004","url":"https:\/\/lospoliticosveracruz.com\/?p=72004","name":"Espaldarazo rosa a Tato! - Los pol\u00edticos Veracruz","isPartOf":{"@id":"https:\/\/lospoliticosveracruz.com\/#website"},"datePublished":"2021-05-04T18:43:34+00:00","dateModified":"2021-05-04T18:43:38+00:00","breadcrumb":{"@id":"https:\/\/lospoliticosveracruz.com\/?p=72004#breadcrumb"},"inLanguage":"es","potentialAction":[{"@type":"ReadAction","target":["https:\/\/lospoliticosveracruz.com\/?p=72004"]}]},{"@type":"BreadcrumbList","@id":"https:\/\/lospoliticosveracruz.com\/?p=72004#breadcrumb","itemListElement":[{"@type":"ListItem","position":1,"name":"Portada","item":"https:\/\/lospoliticosveracruz.com\/"},{"@type":"ListItem","position":2,"name":"Espaldarazo rosa a Tato!"}]},{"@type":"WebSite","@id":"https:\/\/lospoliticosveracruz.com\/#website","url":"https:\/\/lospoliticosveracruz.com\/","name":"Los pol\u00edticos Veracruz","description":"","publisher":{"@id":"https:\/\/lospoliticosveracruz.com\/#organization"},"potentialAction":[{"@type":"SearchAction","target":{"@type":"EntryPoint","urlTemplate":"https:\/\/lospoliticosveracruz.com\/?s={search_term_string}"},"query-input":{"@type":"PropertyValueSpecification","valueRequired":true,"valueName":"search_term_string"}}],"inLanguage":"es"},{"@type":"Organization","@id":"https:\/\/lospoliticosveracruz.com\/#organization","name":"Los pol\u00edticos Veracruz","url":"https:\/\/lospoliticosveracruz.com\/","logo":{"@type":"ImageObject","inLanguage":"es","@id":"https:\/\/lospoliticosveracruz.com\/#\/schema\/logo\/image\/","url":"https:\/\/lospoliticosveracruz.com\/wp-content\/uploads\/2025\/12\/Logo-Nuevo-LOS-POLITICOS-1.jpg","contentUrl":"https:\/\/lospoliticosveracruz.com\/wp-content\/uploads\/2025\/12\/Logo-Nuevo-LOS-POLITICOS-1.jpg","width":260,"height":70,"caption":"Los pol\u00edticos Veracruz"},"image":{"@id":"https:\/\/lospoliticosveracruz.com\/#\/schema\/logo\/image\/"},"sameAs":["https:\/\/www.facebook.com\/people\/Notimemes-de-los-Polticos\/61565672886568\/","https:\/\/x.com\/LosPoliticosVer"]},{"@type":"Person","@id":"https:\/\/lospoliticosveracruz.com\/#\/schema\/person\/b8702bb0e538456e6efd07080bf2a4a2","name":"Lo viste en Los Pol\u00edticos","image":{"@type":"ImageObject","inLanguage":"es","@id":"https:\/\/secure.gravatar.com\/avatar\/3a8de04a2656d44082be478bd6c086daa447c4651605818287b9532d3d0bd435?s=96&d=mm&r=g","url":"https:\/\/secure.gravatar.com\/avatar\/3a8de04a2656d44082be478bd6c086daa447c4651605818287b9532d3d0bd435?s=96&d=mm&r=g","contentUrl":"https:\/\/secure.gravatar.com\/avatar\/3a8de04a2656d44082be478bd6c086daa447c4651605818287b9532d3d0bd435?s=96&d=mm&r=g","caption":"Lo viste en Los Pol\u00edticos"},"url":"https:\/\/lospoliticosveracruz.com\/?author=2"}]}},"_links":{"self":[{"href":"https:\/\/lospoliticosveracruz.com\/index.php?rest_route=\/wp\/v2\/posts\/72004","targetHints":{"allow":["GET"]}}],"collection":[{"href":"https:\/\/lospoliticosveracruz.com\/index.php?rest_route=\/wp\/v2\/posts"}],"about":[{"href":"https:\/\/lospoliticosveracruz.com\/index.php?rest_route=\/wp\/v2\/types\/post"}],"author":[{"embeddable":true,"href":"https:\/\/lospoliticosveracruz.com\/index.php?rest_route=\/wp\/v2\/users\/2"}],"replies":[{"embeddable":true,"href":"https:\/\/lospoliticosveracruz.com\/index.php?rest_route=%2Fwp%2Fv2%2Fcomments&post=72004"}],"version-history":[{"count":1,"href":"https:\/\/lospoliticosveracruz.com\/index.php?rest_route=\/wp\/v2\/posts\/72004\/revisions"}],"predecessor-version":[{"id":72006,"href":"https:\/\/lospoliticosveracruz.com\/index.php?rest_route=\/wp\/v2\/posts\/72004\/revisions\/72006"}],"wp:attachment":[{"href":"https:\/\/lospoliticosveracruz.com\/index.php?rest_route=%2Fwp%2Fv2%2Fmedia&parent=72004"}],"wp:term":[{"taxonomy":"category","embeddable":true,"href":"https:\/\/lospoliticosveracruz.com\/index.php?rest_route=%2Fwp%2Fv2%2Fcategories&post=72004"},{"taxonomy":"post_tag","embeddable":true,"href":"https:\/\/lospoliticosveracruz.com\/index.php?rest_route=%2Fwp%2Fv2%2Ftags&post=72004"}],"curies":[{"name":"wp","href":"https:\/\/api.w.org\/{rel}","templated":true}]}}