{"id":72027,"date":"2021-05-04T20:00:00","date_gmt":"2021-05-05T01:00:00","guid":{"rendered":"http:\/\/www.lospoliticosveracruz.com.mx\/?p=72027"},"modified":"2021-05-04T17:02:12","modified_gmt":"2021-05-04T22:02:12","slug":"los-eslogan","status":"publish","type":"post","link":"https:\/\/lospoliticosveracruz.com\/?p=72027","title":{"rendered":"Los eslogan"},"content":{"rendered":"\n<p><strong>Salvador Mu\u00f1oz<\/strong><\/p>\n\n\n\n<p><em>Los Pol\u00edticos<br><\/em><\/p>\n\n\n\n<p>Candidatos al Grito de Guerra\u2026 no, no parafraseo el Himno Nacional\u2026 me refiero a los eslogan que cada aspirante a la silla presidencial municipal o curul local utilizan para darse a conocer o de cierto modo, poner su sello a la campa\u00f1a que inici\u00f3 este martes. S\u00ed, exacto, \u201ceslogan\u201d, palabra de origen ga\u00e9lico escoc\u00e9s, significa \u201cGrito de Guerra\u201d.<\/p>\n\n\n\n<div class=\"wp-block-image\"><figure class=\"alignleft size-large is-resized\"><a href=\"http:\/\/www.lospoliticosveracruz.com.mx\/wp-content\/uploads\/2021\/04\/Tecajetes.jpeg\"><img loading=\"lazy\" decoding=\"async\" src=\"http:\/\/www.lospoliticosveracruz.com.mx\/wp-content\/uploads\/2021\/04\/Tecajetes.jpeg\" alt=\"\" class=\"wp-image-71008\" width=\"296\" height=\"432\"\/><\/a><\/figure><\/div>\n\n\n\n<p><br>As\u00ed que esta ma\u00f1ana del martes, me despert\u00e9 con varios de ellos, como por ejemplo el de Beto Silva (PVEM), \u201cque vuelvan los tiempos felices\u201d. Por supuesto, habr\u00e1 a quien les agrade y a otros no, pero si saco este eslogan de Tuxpan y lo llevo a mi contexto, podr\u00eda empezar con la idea de que tengo un presidente del pa\u00eds que no es feliz, que se la vive peleando con los empresarios, con los medios, con el INE, con los jueces, \u00a1con todo mundo! Su infelicidad entonces parece que permea a muchos de sus seguidores. En Tuxpan, realmente no s\u00e9 si tengan motivos para estar tristes por el trabajo del actual alcalde o si esa sensaci\u00f3n se extienda por la labor estatal y hasta federal, pero lo que s\u00ed es una realidad, es que si antes \u00e9ramos un M\u00e9xico jodido, pero feliz, hoy todo indica que somos un pa\u00eds jodido y triste. Avalo el eslogan del Cisne: La felicidad es una decisi\u00f3n.<br>El eslogan de la candidata a diputada local por el Distrito XI de Xalapa, Lilian Cerecedo, es \u201c\u00a1S\u00ed hay de otra!\u201d, que es una invitaci\u00f3n a un cambio, o como ella lo ha dicho: quedarnos como estamos o le damos un giro a Xalapa. La percepci\u00f3n es que en cuatro a\u00f1os, la capital de la entidad se estanc\u00f3 y en el anterior a\u00f1o y el que corre, lleg\u00f3 al grado de empantanamiento donde se combin\u00f3 las ausencias de estrategias, de empat\u00eda, de experiencia, y si me apuran, hasta de imaginaci\u00f3n que no s\u00f3lo se concentraron en la autoridad municipal, sino tambi\u00e9n en mucho en la labor de los diputados locales y federales junto con sus senadores y el gobernador\u2026 Lilian Cerecedo con su eslogan te advierte que tras los cuatro a\u00f1os que se vivieron con Hip\u00f3lito y tres con el resto, \u201c\u00a1S\u00ed hay de otra!\u201d<br>David Cerero, candidato de Redes Sociales Progresistas a diputado local por Emiliano Zapata, usa el eslogan \u201cContigo se puede!\u201d Por si no recuerdan a este joven, hay dos historias que contar: la social y la rom\u00e1ntica.<br>Por un lado, inici\u00f3 ya hace algunos a\u00f1os una asociaci\u00f3n civil llamada Dando Cambios Contigo. Me toc\u00f3 en m\u00e1s de una ocasi\u00f3n verlo como puente con la gente llevando lentes, aparatos auditivos, as\u00ed como otros apoyos a bajos precios. Cuando lo conoc\u00ed, iba siempre acompa\u00f1ado de su esposa, Zu Alc\u00e1ntara, quien es parte de la segunda historia de este joven. Z\u00fa Alc\u00e1ntara fue candidata a diputada federal por el Distrito IX Coatepec, en 2015. David Cerero lleg\u00f3 a apoyarla en medios y relaciones p\u00fablicas\u2026 Z\u00fa perdi\u00f3 una elecci\u00f3n pero gan\u00f3 un amor.<br>El \u201cContigo se puede!\u201d de David Cerero es una invitaci\u00f3n a la sociedad a participar, de que si algo se puede hacer es con la participaci\u00f3n de la gente. Me gusta el eslogan de este joven de RSP.<\/p>\n\n\n\n<div class=\"wp-block-image\"><figure class=\"alignleft size-large is-resized\"><a href=\"https:\/\/drive.google.com\/file\/d\/1Q9mJWAbAAcSE5Xy3gLetz4G7zcZVnOr5\/view?fbclid=IwAR21RCgSVy7rnC7mFt72TIVuewikDvUknkwyTne89f8AwxPGge10KkDXXhI\"><img loading=\"lazy\" decoding=\"async\" src=\"http:\/\/www.lospoliticosveracruz.com.mx\/wp-content\/uploads\/2021\/04\/CLASES-MAGISTRALES.jpg\" alt=\"\" class=\"wp-image-70534\" width=\"350\" height=\"232\"\/><\/a><\/figure><\/div>\n\n\n\n<p><br>Manuel Rosendo Pelayo busca la alcald\u00eda de San Andr\u00e9s Tuxtla. M\u00e1s conocido como \u201cChendo\u201d por los cuates, trae como eslogan \u201c\u00a1Lo bueno siempre vuelve!\u201d, quiz\u00e1s algo parecido a \u201cTodo tiempo pasado fue mejor\u201d y si bien suena a que la actual administraci\u00f3n est\u00e1 del nabo, no deja de verse optimista, positivo el mensaje del sanandrescano. \u00a1Me lo quedo!<br>Para cerrar estos comentarios, tomo el \u201cPor Amor a Fort\u00edn\u201d, de la maestra Lidia Aguirre, originaria de Guadalajara, pero que lleg\u00f3 a esa ciudad de las Altas Monta\u00f1as a dar clases y se enamor\u00f3, literalmente, tanto de un vecino (el Doctor Mara\u00f1\u00f3n) como de Fort\u00edn. A muchos que hemos llegado a otra ciudad, nos pasa. Nos enamoramos de su gente, de sus calles, de sus olores\u2026 y si la maestra busca la presidencia municipal es porque realmente quiere, ama la ciudad\u2026<br>PD El Coyame Rub\u00e9n Carrasco merece menci\u00f3n especial! Su eslogan \u201cMi coalici\u00f3n es con el pueblo\u201d aunque lo cita, no va dirigido al \u201cbueno y sabio\u201d, sino a sus contrincantes por la candidatura a diputado por el distrito VIII de Misantla, que rechazaron la alianza. Hablamos de Gustavo Morena y Rom\u00e1n Bastida Huesca. Lo citamos por lo sui generis del caso donde en lugar de buscar hacer qu\u00edmica con la raza, prefiere proyectar su enojo contra sus hoy enemigos.<\/p>\n\n\n\n<p>smcainito@gmail.com<\/p>\n","protected":false},"excerpt":{"rendered":"<p>Salvador Mu\u00f1oz Los Pol\u00edticos Candidatos al Grito de Guerra\u2026 no, no parafraseo el Himno Nacional\u2026 me refiero a los eslogan que cada aspirante a la silla presidencial municipal o curul local utilizan para darse a conocer o de cierto modo, poner su sello a la campa\u00f1a que inici\u00f3 este martes. S\u00ed, exacto, \u201ceslogan\u201d, palabra de [&hellip;]<\/p>\n","protected":false},"author":2,"featured_media":0,"comment_status":"closed","ping_status":"closed","sticky":false,"template":"","format":"standard","meta":{"tdm_status":"","tdm_grid_status":"","footnotes":""},"categories":[70],"tags":[1818,12708,5353,27727,27725,27728,554,27705,25700,290,266,264,14281,4980,2646,96],"class_list":{"0":"post-72027","1":"post","2":"type-post","3":"status-publish","4":"format-standard","6":"category-de-opinion","7":"tag-candidatos","8":"tag-david-cerero","9":"tag-distrito-xi","10":"tag-el-coyame-ruben-carrasco","11":"tag-eslogan","12":"tag-gustavo-morena","13":"tag-ine","14":"tag-lidia-aguirre","15":"tag-lilian-cerecedo","16":"tag-manuel-rosendo-pelayo","17":"tag-pan","18":"tag-pvem","19":"tag-redes-sociales-progresistas","20":"tag-roman-bastida-huesca","21":"tag-salvador-munoz","22":"tag-xalapa"},"yoast_head":"<!-- This site is optimized with the Yoast SEO plugin v27.4 - https:\/\/yoast.com\/product\/yoast-seo-wordpress\/ -->\n<title>Los eslogan - Los pol\u00edticos Veracruz<\/title>\n<meta name=\"robots\" content=\"index, follow, max-snippet:-1, max-image-preview:large, max-video-preview:-1\" \/>\n<link rel=\"canonical\" href=\"https:\/\/lospoliticosveracruz.com\/?p=72027\" \/>\n<meta property=\"og:locale\" content=\"es_ES\" \/>\n<meta property=\"og:type\" content=\"article\" \/>\n<meta property=\"og:title\" content=\"Los eslogan - Los pol\u00edticos Veracruz\" \/>\n<meta property=\"og:description\" content=\"Salvador Mu\u00f1oz Los Pol\u00edticos Candidatos al Grito de Guerra\u2026 no, no parafraseo el Himno Nacional\u2026 me refiero a los eslogan que cada aspirante a la silla presidencial municipal o curul local utilizan para darse a conocer o de cierto modo, poner su sello a la campa\u00f1a que inici\u00f3 este martes. S\u00ed, exacto, \u201ceslogan\u201d, palabra de [&hellip;]\" \/>\n<meta property=\"og:url\" content=\"https:\/\/lospoliticosveracruz.com\/?p=72027\" \/>\n<meta property=\"og:site_name\" content=\"Los pol\u00edticos Veracruz\" \/>\n<meta property=\"article:publisher\" content=\"https:\/\/www.facebook.com\/people\/Notimemes-de-los-Polticos\/61565672886568\/\" \/>\n<meta property=\"article:published_time\" content=\"2021-05-05T01:00:00+00:00\" \/>\n<meta property=\"og:image\" content=\"http:\/\/www.lospoliticosveracruz.com.mx\/wp-content\/uploads\/2021\/04\/Tecajetes.jpeg\" \/>\n<meta name=\"author\" content=\"Lo viste en Los Pol\u00edticos\" \/>\n<meta name=\"twitter:card\" content=\"summary_large_image\" \/>\n<meta name=\"twitter:creator\" content=\"@LosPoliticosVer\" \/>\n<meta name=\"twitter:site\" content=\"@LosPoliticosVer\" \/>\n<meta name=\"twitter:label1\" content=\"Escrito por\" \/>\n\t<meta name=\"twitter:data1\" content=\"Lo viste en Los Pol\u00edticos\" \/>\n\t<meta name=\"twitter:label2\" content=\"Tiempo de lectura\" \/>\n\t<meta name=\"twitter:data2\" content=\"4 minutos\" \/>\n<script type=\"application\/ld+json\" class=\"yoast-schema-graph\">{\"@context\":\"https:\\\/\\\/schema.org\",\"@graph\":[{\"@type\":\"Article\",\"@id\":\"https:\\\/\\\/lospoliticosveracruz.com\\\/?p=72027#article\",\"isPartOf\":{\"@id\":\"https:\\\/\\\/lospoliticosveracruz.com\\\/?p=72027\"},\"author\":{\"name\":\"Lo viste en Los Pol\u00edticos\",\"@id\":\"https:\\\/\\\/lospoliticosveracruz.com\\\/#\\\/schema\\\/person\\\/b8702bb0e538456e6efd07080bf2a4a2\"},\"headline\":\"Los eslogan\",\"datePublished\":\"2021-05-05T01:00:00+00:00\",\"mainEntityOfPage\":{\"@id\":\"https:\\\/\\\/lospoliticosveracruz.com\\\/?p=72027\"},\"wordCount\":806,\"publisher\":{\"@id\":\"https:\\\/\\\/lospoliticosveracruz.com\\\/#organization\"},\"image\":{\"@id\":\"https:\\\/\\\/lospoliticosveracruz.com\\\/?p=72027#primaryimage\"},\"thumbnailUrl\":\"http:\\\/\\\/www.lospoliticosveracruz.com.mx\\\/wp-content\\\/uploads\\\/2021\\\/04\\\/Tecajetes.jpeg\",\"keywords\":[\"candidatos\",\"David Cerero\",\"Distrito XI\",\"El Coyame Rub\u00e9n Carrasco\",\"eslogan\",\"Gustavo Morena\",\"INE\",\"Lidia Aguirre\",\"Lilian Cerecedo\",\"Manuel Rosendo Pelayo\",\"PAN\",\"PVEM\",\"Redes Sociales Progresistas\",\"Rom\u00e1n Bastida Huesca\",\"Salvador Mu\u00f1oz\",\"Xalapa\"],\"articleSection\":[\"De Opini\u00f3n\"],\"inLanguage\":\"es\"},{\"@type\":\"WebPage\",\"@id\":\"https:\\\/\\\/lospoliticosveracruz.com\\\/?p=72027\",\"url\":\"https:\\\/\\\/lospoliticosveracruz.com\\\/?p=72027\",\"name\":\"Los eslogan - Los pol\u00edticos Veracruz\",\"isPartOf\":{\"@id\":\"https:\\\/\\\/lospoliticosveracruz.com\\\/#website\"},\"primaryImageOfPage\":{\"@id\":\"https:\\\/\\\/lospoliticosveracruz.com\\\/?p=72027#primaryimage\"},\"image\":{\"@id\":\"https:\\\/\\\/lospoliticosveracruz.com\\\/?p=72027#primaryimage\"},\"thumbnailUrl\":\"http:\\\/\\\/www.lospoliticosveracruz.com.mx\\\/wp-content\\\/uploads\\\/2021\\\/04\\\/Tecajetes.jpeg\",\"datePublished\":\"2021-05-05T01:00:00+00:00\",\"breadcrumb\":{\"@id\":\"https:\\\/\\\/lospoliticosveracruz.com\\\/?p=72027#breadcrumb\"},\"inLanguage\":\"es\",\"potentialAction\":[{\"@type\":\"ReadAction\",\"target\":[\"https:\\\/\\\/lospoliticosveracruz.com\\\/?p=72027\"]}]},{\"@type\":\"ImageObject\",\"inLanguage\":\"es\",\"@id\":\"https:\\\/\\\/lospoliticosveracruz.com\\\/?p=72027#primaryimage\",\"url\":\"http:\\\/\\\/www.lospoliticosveracruz.com.mx\\\/wp-content\\\/uploads\\\/2021\\\/04\\\/Tecajetes.jpeg\",\"contentUrl\":\"http:\\\/\\\/www.lospoliticosveracruz.com.mx\\\/wp-content\\\/uploads\\\/2021\\\/04\\\/Tecajetes.jpeg\"},{\"@type\":\"BreadcrumbList\",\"@id\":\"https:\\\/\\\/lospoliticosveracruz.com\\\/?p=72027#breadcrumb\",\"itemListElement\":[{\"@type\":\"ListItem\",\"position\":1,\"name\":\"Portada\",\"item\":\"https:\\\/\\\/lospoliticosveracruz.com\\\/\"},{\"@type\":\"ListItem\",\"position\":2,\"name\":\"Los eslogan\"}]},{\"@type\":\"WebSite\",\"@id\":\"https:\\\/\\\/lospoliticosveracruz.com\\\/#website\",\"url\":\"https:\\\/\\\/lospoliticosveracruz.com\\\/\",\"name\":\"Los pol\u00edticos Veracruz\",\"description\":\"\",\"publisher\":{\"@id\":\"https:\\\/\\\/lospoliticosveracruz.com\\\/#organization\"},\"potentialAction\":[{\"@type\":\"SearchAction\",\"target\":{\"@type\":\"EntryPoint\",\"urlTemplate\":\"https:\\\/\\\/lospoliticosveracruz.com\\\/?s={search_term_string}\"},\"query-input\":{\"@type\":\"PropertyValueSpecification\",\"valueRequired\":true,\"valueName\":\"search_term_string\"}}],\"inLanguage\":\"es\"},{\"@type\":\"Organization\",\"@id\":\"https:\\\/\\\/lospoliticosveracruz.com\\\/#organization\",\"name\":\"Los pol\u00edticos Veracruz\",\"url\":\"https:\\\/\\\/lospoliticosveracruz.com\\\/\",\"logo\":{\"@type\":\"ImageObject\",\"inLanguage\":\"es\",\"@id\":\"https:\\\/\\\/lospoliticosveracruz.com\\\/#\\\/schema\\\/logo\\\/image\\\/\",\"url\":\"https:\\\/\\\/lospoliticosveracruz.com\\\/wp-content\\\/uploads\\\/2025\\\/12\\\/Logo-Nuevo-LOS-POLITICOS-1.jpg\",\"contentUrl\":\"https:\\\/\\\/lospoliticosveracruz.com\\\/wp-content\\\/uploads\\\/2025\\\/12\\\/Logo-Nuevo-LOS-POLITICOS-1.jpg\",\"width\":260,\"height\":70,\"caption\":\"Los pol\u00edticos Veracruz\"},\"image\":{\"@id\":\"https:\\\/\\\/lospoliticosveracruz.com\\\/#\\\/schema\\\/logo\\\/image\\\/\"},\"sameAs\":[\"https:\\\/\\\/www.facebook.com\\\/people\\\/Notimemes-de-los-Polticos\\\/61565672886568\\\/\",\"https:\\\/\\\/x.com\\\/LosPoliticosVer\"]},{\"@type\":\"Person\",\"@id\":\"https:\\\/\\\/lospoliticosveracruz.com\\\/#\\\/schema\\\/person\\\/b8702bb0e538456e6efd07080bf2a4a2\",\"name\":\"Lo viste en Los Pol\u00edticos\",\"image\":{\"@type\":\"ImageObject\",\"inLanguage\":\"es\",\"@id\":\"https:\\\/\\\/secure.gravatar.com\\\/avatar\\\/3a8de04a2656d44082be478bd6c086daa447c4651605818287b9532d3d0bd435?s=96&d=mm&r=g\",\"url\":\"https:\\\/\\\/secure.gravatar.com\\\/avatar\\\/3a8de04a2656d44082be478bd6c086daa447c4651605818287b9532d3d0bd435?s=96&d=mm&r=g\",\"contentUrl\":\"https:\\\/\\\/secure.gravatar.com\\\/avatar\\\/3a8de04a2656d44082be478bd6c086daa447c4651605818287b9532d3d0bd435?s=96&d=mm&r=g\",\"caption\":\"Lo viste en Los Pol\u00edticos\"},\"url\":\"https:\\\/\\\/lospoliticosveracruz.com\\\/?author=2\"}]}<\/script>\n<!-- \/ Yoast SEO plugin. -->","yoast_head_json":{"title":"Los eslogan - Los pol\u00edticos Veracruz","robots":{"index":"index","follow":"follow","max-snippet":"max-snippet:-1","max-image-preview":"max-image-preview:large","max-video-preview":"max-video-preview:-1"},"canonical":"https:\/\/lospoliticosveracruz.com\/?p=72027","og_locale":"es_ES","og_type":"article","og_title":"Los eslogan - Los pol\u00edticos Veracruz","og_description":"Salvador Mu\u00f1oz Los Pol\u00edticos Candidatos al Grito de Guerra\u2026 no, no parafraseo el Himno Nacional\u2026 me refiero a los eslogan que cada aspirante a la silla presidencial municipal o curul local utilizan para darse a conocer o de cierto modo, poner su sello a la campa\u00f1a que inici\u00f3 este martes. S\u00ed, exacto, \u201ceslogan\u201d, palabra de [&hellip;]","og_url":"https:\/\/lospoliticosveracruz.com\/?p=72027","og_site_name":"Los pol\u00edticos Veracruz","article_publisher":"https:\/\/www.facebook.com\/people\/Notimemes-de-los-Polticos\/61565672886568\/","article_published_time":"2021-05-05T01:00:00+00:00","og_image":[{"url":"http:\/\/www.lospoliticosveracruz.com.mx\/wp-content\/uploads\/2021\/04\/Tecajetes.jpeg","type":"","width":"","height":""}],"author":"Lo viste en Los Pol\u00edticos","twitter_card":"summary_large_image","twitter_creator":"@LosPoliticosVer","twitter_site":"@LosPoliticosVer","twitter_misc":{"Escrito por":"Lo viste en Los Pol\u00edticos","Tiempo de lectura":"4 minutos"},"schema":{"@context":"https:\/\/schema.org","@graph":[{"@type":"Article","@id":"https:\/\/lospoliticosveracruz.com\/?p=72027#article","isPartOf":{"@id":"https:\/\/lospoliticosveracruz.com\/?p=72027"},"author":{"name":"Lo viste en Los Pol\u00edticos","@id":"https:\/\/lospoliticosveracruz.com\/#\/schema\/person\/b8702bb0e538456e6efd07080bf2a4a2"},"headline":"Los eslogan","datePublished":"2021-05-05T01:00:00+00:00","mainEntityOfPage":{"@id":"https:\/\/lospoliticosveracruz.com\/?p=72027"},"wordCount":806,"publisher":{"@id":"https:\/\/lospoliticosveracruz.com\/#organization"},"image":{"@id":"https:\/\/lospoliticosveracruz.com\/?p=72027#primaryimage"},"thumbnailUrl":"http:\/\/www.lospoliticosveracruz.com.mx\/wp-content\/uploads\/2021\/04\/Tecajetes.jpeg","keywords":["candidatos","David Cerero","Distrito XI","El Coyame Rub\u00e9n Carrasco","eslogan","Gustavo Morena","INE","Lidia Aguirre","Lilian Cerecedo","Manuel Rosendo Pelayo","PAN","PVEM","Redes Sociales Progresistas","Rom\u00e1n Bastida Huesca","Salvador Mu\u00f1oz","Xalapa"],"articleSection":["De Opini\u00f3n"],"inLanguage":"es"},{"@type":"WebPage","@id":"https:\/\/lospoliticosveracruz.com\/?p=72027","url":"https:\/\/lospoliticosveracruz.com\/?p=72027","name":"Los eslogan - Los pol\u00edticos Veracruz","isPartOf":{"@id":"https:\/\/lospoliticosveracruz.com\/#website"},"primaryImageOfPage":{"@id":"https:\/\/lospoliticosveracruz.com\/?p=72027#primaryimage"},"image":{"@id":"https:\/\/lospoliticosveracruz.com\/?p=72027#primaryimage"},"thumbnailUrl":"http:\/\/www.lospoliticosveracruz.com.mx\/wp-content\/uploads\/2021\/04\/Tecajetes.jpeg","datePublished":"2021-05-05T01:00:00+00:00","breadcrumb":{"@id":"https:\/\/lospoliticosveracruz.com\/?p=72027#breadcrumb"},"inLanguage":"es","potentialAction":[{"@type":"ReadAction","target":["https:\/\/lospoliticosveracruz.com\/?p=72027"]}]},{"@type":"ImageObject","inLanguage":"es","@id":"https:\/\/lospoliticosveracruz.com\/?p=72027#primaryimage","url":"http:\/\/www.lospoliticosveracruz.com.mx\/wp-content\/uploads\/2021\/04\/Tecajetes.jpeg","contentUrl":"http:\/\/www.lospoliticosveracruz.com.mx\/wp-content\/uploads\/2021\/04\/Tecajetes.jpeg"},{"@type":"BreadcrumbList","@id":"https:\/\/lospoliticosveracruz.com\/?p=72027#breadcrumb","itemListElement":[{"@type":"ListItem","position":1,"name":"Portada","item":"https:\/\/lospoliticosveracruz.com\/"},{"@type":"ListItem","position":2,"name":"Los eslogan"}]},{"@type":"WebSite","@id":"https:\/\/lospoliticosveracruz.com\/#website","url":"https:\/\/lospoliticosveracruz.com\/","name":"Los pol\u00edticos Veracruz","description":"","publisher":{"@id":"https:\/\/lospoliticosveracruz.com\/#organization"},"potentialAction":[{"@type":"SearchAction","target":{"@type":"EntryPoint","urlTemplate":"https:\/\/lospoliticosveracruz.com\/?s={search_term_string}"},"query-input":{"@type":"PropertyValueSpecification","valueRequired":true,"valueName":"search_term_string"}}],"inLanguage":"es"},{"@type":"Organization","@id":"https:\/\/lospoliticosveracruz.com\/#organization","name":"Los pol\u00edticos Veracruz","url":"https:\/\/lospoliticosveracruz.com\/","logo":{"@type":"ImageObject","inLanguage":"es","@id":"https:\/\/lospoliticosveracruz.com\/#\/schema\/logo\/image\/","url":"https:\/\/lospoliticosveracruz.com\/wp-content\/uploads\/2025\/12\/Logo-Nuevo-LOS-POLITICOS-1.jpg","contentUrl":"https:\/\/lospoliticosveracruz.com\/wp-content\/uploads\/2025\/12\/Logo-Nuevo-LOS-POLITICOS-1.jpg","width":260,"height":70,"caption":"Los pol\u00edticos Veracruz"},"image":{"@id":"https:\/\/lospoliticosveracruz.com\/#\/schema\/logo\/image\/"},"sameAs":["https:\/\/www.facebook.com\/people\/Notimemes-de-los-Polticos\/61565672886568\/","https:\/\/x.com\/LosPoliticosVer"]},{"@type":"Person","@id":"https:\/\/lospoliticosveracruz.com\/#\/schema\/person\/b8702bb0e538456e6efd07080bf2a4a2","name":"Lo viste en Los Pol\u00edticos","image":{"@type":"ImageObject","inLanguage":"es","@id":"https:\/\/secure.gravatar.com\/avatar\/3a8de04a2656d44082be478bd6c086daa447c4651605818287b9532d3d0bd435?s=96&d=mm&r=g","url":"https:\/\/secure.gravatar.com\/avatar\/3a8de04a2656d44082be478bd6c086daa447c4651605818287b9532d3d0bd435?s=96&d=mm&r=g","contentUrl":"https:\/\/secure.gravatar.com\/avatar\/3a8de04a2656d44082be478bd6c086daa447c4651605818287b9532d3d0bd435?s=96&d=mm&r=g","caption":"Lo viste en Los Pol\u00edticos"},"url":"https:\/\/lospoliticosveracruz.com\/?author=2"}]}},"_links":{"self":[{"href":"https:\/\/lospoliticosveracruz.com\/index.php?rest_route=\/wp\/v2\/posts\/72027","targetHints":{"allow":["GET"]}}],"collection":[{"href":"https:\/\/lospoliticosveracruz.com\/index.php?rest_route=\/wp\/v2\/posts"}],"about":[{"href":"https:\/\/lospoliticosveracruz.com\/index.php?rest_route=\/wp\/v2\/types\/post"}],"author":[{"embeddable":true,"href":"https:\/\/lospoliticosveracruz.com\/index.php?rest_route=\/wp\/v2\/users\/2"}],"replies":[{"embeddable":true,"href":"https:\/\/lospoliticosveracruz.com\/index.php?rest_route=%2Fwp%2Fv2%2Fcomments&post=72027"}],"version-history":[{"count":1,"href":"https:\/\/lospoliticosveracruz.com\/index.php?rest_route=\/wp\/v2\/posts\/72027\/revisions"}],"predecessor-version":[{"id":72029,"href":"https:\/\/lospoliticosveracruz.com\/index.php?rest_route=\/wp\/v2\/posts\/72027\/revisions\/72029"}],"wp:attachment":[{"href":"https:\/\/lospoliticosveracruz.com\/index.php?rest_route=%2Fwp%2Fv2%2Fmedia&parent=72027"}],"wp:term":[{"taxonomy":"category","embeddable":true,"href":"https:\/\/lospoliticosveracruz.com\/index.php?rest_route=%2Fwp%2Fv2%2Fcategories&post=72027"},{"taxonomy":"post_tag","embeddable":true,"href":"https:\/\/lospoliticosveracruz.com\/index.php?rest_route=%2Fwp%2Fv2%2Ftags&post=72027"}],"curies":[{"name":"wp","href":"https:\/\/api.w.org\/{rel}","templated":true}]}}