{"id":72033,"date":"2021-05-04T18:43:52","date_gmt":"2021-05-04T23:43:52","guid":{"rendered":"http:\/\/www.lospoliticosveracruz.com.mx\/?p=72033"},"modified":"2021-05-04T18:43:56","modified_gmt":"2021-05-04T23:43:56","slug":"breve-historia-para-recordar","status":"publish","type":"post","link":"https:\/\/lospoliticosveracruz.com\/?p=72033","title":{"rendered":"Breve historia para recordar"},"content":{"rendered":"\n<p><strong>Ricardo V\u00e1zquez S.<\/strong><\/p>\n\n\n\n<p><em>Esfera Pol\u00edtica<br><\/em><\/p>\n\n\n\n<p>Luis XVI se encontraba en su recamara, acababa de regresar de una fracasada cacer\u00eda cuando uno de sus s\u00fabditos entra apresurado para informarle que acababan de tomar la Bastilla, 14 de julio de 1789. El monarca pregunt\u00f3: \u00bfes una revuelta? No su majestad, es una Revoluci\u00f3n &#8211; respondi\u00f3 el mensajero-. A pesar de que la fortaleza medieval solo custodiaba a seis prisioneros, su ca\u00edda en manos de los revolucionarios parisinos supuso simb\u00f3licamente el fin del Antiguo R\u00e9gimen y el punto inicial de la Revoluci\u00f3n francesa.<br>A partir de este momento se crea el primer r\u00e9gimen totalitario de la modernidad. El derramamiento de sangre se volvi\u00f3 cotidiano, masacre tras masacre, decenas de miles de personas inocentes fueron ejecutadas simplemente por ser sospechosas de estar en desacuerdo con los nuevos ideales implantados.<br>En 1790 el pol\u00edtico y escritor brit\u00e1nico Edmund Burke, escribe, Reflexiones sobre la Revoluci\u00f3n en Francia, en el que anticipaba lo que vendr\u00eda, al asegurar que Francia va directo a una cat\u00e1strofe como nunca se hab\u00eda visto en la historia. Afirma en su texto que no ten\u00edan que haberse destruido las instituciones defectuosas del antiguo r\u00e9gimen. Bastar\u00eda con haberlas reformado. Y as\u00ed sucedi\u00f3. Burke no se equivoc\u00f3: fue una aut\u00e9ntica y enorme cat\u00e1strofe lo que desataron, un ba\u00f1o de sangre incontrolable.<br>Maximilien de Robespierre fue figura clave en el paso previo a la Revoluci\u00f3n francesa. \u201cTodo en Francia va a cambiar ahora\u201d, profetizaba con insistencia. Completamente opuesto a sus dictados, Robespierre se convirti\u00f3 en un convencido partidario de la pena capital. Pensaba que el pueblo reafirmar\u00eda su confianza en la ley si los culpables eran ajusticiados. Sin importar que \u00e9l mismo hab\u00eda apoyado el sufragio universal y directo, abog\u00f3 adem\u00e1s por las libertades de prensa y de reuni\u00f3n, defendi\u00f3 la educaci\u00f3n obligatoria y gratuita y exigi\u00f3 la abolici\u00f3n de la esclavitud y hasta de la pena de muerte. Robespierre hizo exactamente todo lo contrario a lo que antes hab\u00eda anunciado.<br>La elocuencia, la integridad moral y la austeridad de las costumbres de Robespierre acabaron por aglutinar en torno suyo a seguidores que lo se\u00f1alaban como un ejemplo de virtud. Incluso le llamaban \u201cEl Incorruptible\u201d; que en la realidad era lo opuesto, sus allegados y \u00e9l gozaban de m\u00faltiples privilegios, sin que escapara el nepotismo.<br>D\u00eda a d\u00eda se encargaba de fomentar la cultura del odio entre la poblaci\u00f3n, era un ser tan perverso que gener\u00f3 paranoia al hacer creer que todo mundo era un hip\u00f3crita.<br>Robespierre defendi\u00f3 el terror como sistema, con la intenci\u00f3n de llegar a crear lo que llam\u00f3 la Rep\u00fablica de la Virtud. Las ejecuciones que ordenaba llegaban a contarse hasta dos mil en dos semanas, incluso los participes de la Revoluci\u00f3n que daban una ligera muestra de no estar de acuerdo con \u00e9l, los consideraba traidores y los enviaba a la guillotina.<br>Fue en esa \u00e9poca que en Francia se invent\u00f3 la guillotina, porque los revolucionarios franceses eran \u201cmuy humanistas\u201d. Dec\u00edan que ten\u00edan que matar gente pero que su muerte fuera indolora; por lo que la guillotina fue un instrumento de control de la violencia de los opositores, al ejecutarlos sin sufrimiento con el que seg\u00fan ellos prove\u00eda la justicia que se necesitaba, sencilla, eficiente y limpia, lo que dio lugar a degollar a 14 mil personas tan solo en el a\u00f1o de 1792.<br>Robespierre impuls\u00f3 la ley de Sospechosos, proyectada para reprimir a los enemigos, a los adversarios de la Revoluci\u00f3n. Concedi\u00f3 facultades policiales a las sociedades populares, creo el terror. Cualquier ciudadano pod\u00eda entrar a la casa de otro y asesinarlo, por el hecho de aparecer en la lista sospechosos que Robespierre daba a conocer. Aument\u00f3 las potestades del Tribunal Revolucionario y cre\u00f3 el Ej\u00e9rcito Revolucionario, una milicia de sans-\u00adculottes, de desharrapados, a la que confi\u00f3 la vigilancia y el castigo de los reaccionarios y el aprovisionamiento de las ciudades.<br>Cada ma\u00f1ana Robespierre amenazaba: \u201cMa\u00f1ana dar\u00e9 a conocer otra lista de sospechosos de ser adversarios, entre los que puede haber personas que est\u00e9n presentes en esta asamblea\u201d. Eso fue lo que le cost\u00f3 la vida a Robespierre, que todo mundo se sinti\u00f3 amenazado. Despu\u00e9s de un fallido intento de suicidio por haber sido detenido por sus propios seguidores. El mismo pueblo de Par\u00eds que anteriormente lo vitoreaba, esa vez se agolpaba ahora a su alrededor, regocijado con la inminencia de su muerte, gritaban con fuerza pidiendo su cabeza. Termin\u00f3 en la guillotina en 1794, como \u00e9l lo hab\u00eda hecho anteriormente con Luis XVI y su odiada esposa la reina Mar\u00eda Antonieta, mejor conocida como \u201cMadame D\u00e9ficit\u201d -por ser excesivamente gastalona-.<br>Los franceses nunca imaginaron que vivir\u00edan una \u00e9poca de muerte, mucho peor que la que hab\u00edan tenido bajo la monarqu\u00eda de Luis XVI. El cuento de: \u201cLos ricos son corruptos, son malos. El pueblo es bueno. Primero los pobres\u201d, desde esa \u00e9poca le ha funcionado a un buen n\u00famero. Eso dio lugar a desatar la Revoluci\u00f3n francesa, la Revoluci\u00f3n del terror.<br>rvazquez002@yahoo.com.mx<\/p>\n","protected":false},"excerpt":{"rendered":"<p>Ricardo V\u00e1zquez S. Esfera Pol\u00edtica Luis XVI se encontraba en su recamara, acababa de regresar de una fracasada cacer\u00eda cuando uno de sus s\u00fabditos entra apresurado para informarle que acababan de tomar la Bastilla, 14 de julio de 1789. El monarca pregunt\u00f3: \u00bfes una revuelta? No su majestad, es una Revoluci\u00f3n &#8211; respondi\u00f3 el mensajero-. [&hellip;]<\/p>\n","protected":false},"author":2,"featured_media":0,"comment_status":"closed","ping_status":"closed","sticky":false,"template":"","format":"standard","meta":{"tdm_status":"","tdm_grid_status":"","footnotes":""},"categories":[70],"tags":[16542],"class_list":{"0":"post-72033","1":"post","2":"type-post","3":"status-publish","4":"format-standard","6":"category-de-opinion","7":"tag-ricardo-vazquez-s"},"yoast_head":"<!-- This site is optimized with the Yoast SEO plugin v27.4 - https:\/\/yoast.com\/product\/yoast-seo-wordpress\/ -->\n<title>Breve historia para recordar - Los pol\u00edticos Veracruz<\/title>\n<meta name=\"robots\" content=\"index, follow, max-snippet:-1, max-image-preview:large, max-video-preview:-1\" \/>\n<link rel=\"canonical\" href=\"https:\/\/lospoliticosveracruz.com\/?p=72033\" \/>\n<meta property=\"og:locale\" content=\"es_ES\" \/>\n<meta property=\"og:type\" content=\"article\" \/>\n<meta property=\"og:title\" content=\"Breve historia para recordar - Los pol\u00edticos Veracruz\" \/>\n<meta property=\"og:description\" content=\"Ricardo V\u00e1zquez S. Esfera Pol\u00edtica Luis XVI se encontraba en su recamara, acababa de regresar de una fracasada cacer\u00eda cuando uno de sus s\u00fabditos entra apresurado para informarle que acababan de tomar la Bastilla, 14 de julio de 1789. El monarca pregunt\u00f3: \u00bfes una revuelta? No su majestad, es una Revoluci\u00f3n &#8211; respondi\u00f3 el mensajero-. [&hellip;]\" \/>\n<meta property=\"og:url\" content=\"https:\/\/lospoliticosveracruz.com\/?p=72033\" \/>\n<meta property=\"og:site_name\" content=\"Los pol\u00edticos Veracruz\" \/>\n<meta property=\"article:publisher\" content=\"https:\/\/www.facebook.com\/people\/Notimemes-de-los-Polticos\/61565672886568\/\" \/>\n<meta property=\"article:published_time\" content=\"2021-05-04T23:43:52+00:00\" \/>\n<meta property=\"article:modified_time\" content=\"2021-05-04T23:43:56+00:00\" \/>\n<meta property=\"og:image\" content=\"https:\/\/lospoliticosveracruz.com\/wp-content\/uploads\/2016\/07\/Logo-Dor.jpg\" \/>\n\t<meta property=\"og:image:width\" content=\"200\" \/>\n\t<meta property=\"og:image:height\" content=\"200\" \/>\n\t<meta property=\"og:image:type\" content=\"image\/jpeg\" \/>\n<meta name=\"author\" content=\"Lo viste en Los Pol\u00edticos\" \/>\n<meta name=\"twitter:card\" content=\"summary_large_image\" \/>\n<meta name=\"twitter:creator\" content=\"@LosPoliticosVer\" \/>\n<meta name=\"twitter:site\" content=\"@LosPoliticosVer\" \/>\n<meta name=\"twitter:label1\" content=\"Escrito por\" \/>\n\t<meta name=\"twitter:data1\" content=\"Lo viste en Los Pol\u00edticos\" \/>\n\t<meta name=\"twitter:label2\" content=\"Tiempo de lectura\" \/>\n\t<meta name=\"twitter:data2\" content=\"4 minutos\" \/>\n<script type=\"application\/ld+json\" class=\"yoast-schema-graph\">{\"@context\":\"https:\\\/\\\/schema.org\",\"@graph\":[{\"@type\":\"Article\",\"@id\":\"https:\\\/\\\/lospoliticosveracruz.com\\\/?p=72033#article\",\"isPartOf\":{\"@id\":\"https:\\\/\\\/lospoliticosveracruz.com\\\/?p=72033\"},\"author\":{\"name\":\"Lo viste en Los Pol\u00edticos\",\"@id\":\"https:\\\/\\\/lospoliticosveracruz.com\\\/#\\\/schema\\\/person\\\/b8702bb0e538456e6efd07080bf2a4a2\"},\"headline\":\"Breve historia para recordar\",\"datePublished\":\"2021-05-04T23:43:52+00:00\",\"dateModified\":\"2021-05-04T23:43:56+00:00\",\"mainEntityOfPage\":{\"@id\":\"https:\\\/\\\/lospoliticosveracruz.com\\\/?p=72033\"},\"wordCount\":886,\"publisher\":{\"@id\":\"https:\\\/\\\/lospoliticosveracruz.com\\\/#organization\"},\"keywords\":[\"Ricardo V\u00e1zquez S.\"],\"articleSection\":[\"De Opini\u00f3n\"],\"inLanguage\":\"es\"},{\"@type\":\"WebPage\",\"@id\":\"https:\\\/\\\/lospoliticosveracruz.com\\\/?p=72033\",\"url\":\"https:\\\/\\\/lospoliticosveracruz.com\\\/?p=72033\",\"name\":\"Breve historia para recordar - Los pol\u00edticos Veracruz\",\"isPartOf\":{\"@id\":\"https:\\\/\\\/lospoliticosveracruz.com\\\/#website\"},\"datePublished\":\"2021-05-04T23:43:52+00:00\",\"dateModified\":\"2021-05-04T23:43:56+00:00\",\"breadcrumb\":{\"@id\":\"https:\\\/\\\/lospoliticosveracruz.com\\\/?p=72033#breadcrumb\"},\"inLanguage\":\"es\",\"potentialAction\":[{\"@type\":\"ReadAction\",\"target\":[\"https:\\\/\\\/lospoliticosveracruz.com\\\/?p=72033\"]}]},{\"@type\":\"BreadcrumbList\",\"@id\":\"https:\\\/\\\/lospoliticosveracruz.com\\\/?p=72033#breadcrumb\",\"itemListElement\":[{\"@type\":\"ListItem\",\"position\":1,\"name\":\"Portada\",\"item\":\"https:\\\/\\\/lospoliticosveracruz.com\\\/\"},{\"@type\":\"ListItem\",\"position\":2,\"name\":\"Breve historia para recordar\"}]},{\"@type\":\"WebSite\",\"@id\":\"https:\\\/\\\/lospoliticosveracruz.com\\\/#website\",\"url\":\"https:\\\/\\\/lospoliticosveracruz.com\\\/\",\"name\":\"Los pol\u00edticos Veracruz\",\"description\":\"\",\"publisher\":{\"@id\":\"https:\\\/\\\/lospoliticosveracruz.com\\\/#organization\"},\"potentialAction\":[{\"@type\":\"SearchAction\",\"target\":{\"@type\":\"EntryPoint\",\"urlTemplate\":\"https:\\\/\\\/lospoliticosveracruz.com\\\/?s={search_term_string}\"},\"query-input\":{\"@type\":\"PropertyValueSpecification\",\"valueRequired\":true,\"valueName\":\"search_term_string\"}}],\"inLanguage\":\"es\"},{\"@type\":\"Organization\",\"@id\":\"https:\\\/\\\/lospoliticosveracruz.com\\\/#organization\",\"name\":\"Los pol\u00edticos Veracruz\",\"url\":\"https:\\\/\\\/lospoliticosveracruz.com\\\/\",\"logo\":{\"@type\":\"ImageObject\",\"inLanguage\":\"es\",\"@id\":\"https:\\\/\\\/lospoliticosveracruz.com\\\/#\\\/schema\\\/logo\\\/image\\\/\",\"url\":\"https:\\\/\\\/lospoliticosveracruz.com\\\/wp-content\\\/uploads\\\/2025\\\/12\\\/Logo-Nuevo-LOS-POLITICOS-1.jpg\",\"contentUrl\":\"https:\\\/\\\/lospoliticosveracruz.com\\\/wp-content\\\/uploads\\\/2025\\\/12\\\/Logo-Nuevo-LOS-POLITICOS-1.jpg\",\"width\":260,\"height\":70,\"caption\":\"Los pol\u00edticos Veracruz\"},\"image\":{\"@id\":\"https:\\\/\\\/lospoliticosveracruz.com\\\/#\\\/schema\\\/logo\\\/image\\\/\"},\"sameAs\":[\"https:\\\/\\\/www.facebook.com\\\/people\\\/Notimemes-de-los-Polticos\\\/61565672886568\\\/\",\"https:\\\/\\\/x.com\\\/LosPoliticosVer\"]},{\"@type\":\"Person\",\"@id\":\"https:\\\/\\\/lospoliticosveracruz.com\\\/#\\\/schema\\\/person\\\/b8702bb0e538456e6efd07080bf2a4a2\",\"name\":\"Lo viste en Los Pol\u00edticos\",\"image\":{\"@type\":\"ImageObject\",\"inLanguage\":\"es\",\"@id\":\"https:\\\/\\\/secure.gravatar.com\\\/avatar\\\/3a8de04a2656d44082be478bd6c086daa447c4651605818287b9532d3d0bd435?s=96&d=mm&r=g\",\"url\":\"https:\\\/\\\/secure.gravatar.com\\\/avatar\\\/3a8de04a2656d44082be478bd6c086daa447c4651605818287b9532d3d0bd435?s=96&d=mm&r=g\",\"contentUrl\":\"https:\\\/\\\/secure.gravatar.com\\\/avatar\\\/3a8de04a2656d44082be478bd6c086daa447c4651605818287b9532d3d0bd435?s=96&d=mm&r=g\",\"caption\":\"Lo viste en Los Pol\u00edticos\"},\"url\":\"https:\\\/\\\/lospoliticosveracruz.com\\\/?author=2\"}]}<\/script>\n<!-- \/ Yoast SEO plugin. -->","yoast_head_json":{"title":"Breve historia para recordar - Los pol\u00edticos Veracruz","robots":{"index":"index","follow":"follow","max-snippet":"max-snippet:-1","max-image-preview":"max-image-preview:large","max-video-preview":"max-video-preview:-1"},"canonical":"https:\/\/lospoliticosveracruz.com\/?p=72033","og_locale":"es_ES","og_type":"article","og_title":"Breve historia para recordar - Los pol\u00edticos Veracruz","og_description":"Ricardo V\u00e1zquez S. Esfera Pol\u00edtica Luis XVI se encontraba en su recamara, acababa de regresar de una fracasada cacer\u00eda cuando uno de sus s\u00fabditos entra apresurado para informarle que acababan de tomar la Bastilla, 14 de julio de 1789. El monarca pregunt\u00f3: \u00bfes una revuelta? No su majestad, es una Revoluci\u00f3n &#8211; respondi\u00f3 el mensajero-. [&hellip;]","og_url":"https:\/\/lospoliticosveracruz.com\/?p=72033","og_site_name":"Los pol\u00edticos Veracruz","article_publisher":"https:\/\/www.facebook.com\/people\/Notimemes-de-los-Polticos\/61565672886568\/","article_published_time":"2021-05-04T23:43:52+00:00","article_modified_time":"2021-05-04T23:43:56+00:00","og_image":[{"width":200,"height":200,"url":"https:\/\/lospoliticosveracruz.com\/wp-content\/uploads\/2016\/07\/Logo-Dor.jpg","type":"image\/jpeg"}],"author":"Lo viste en Los Pol\u00edticos","twitter_card":"summary_large_image","twitter_creator":"@LosPoliticosVer","twitter_site":"@LosPoliticosVer","twitter_misc":{"Escrito por":"Lo viste en Los Pol\u00edticos","Tiempo de lectura":"4 minutos"},"schema":{"@context":"https:\/\/schema.org","@graph":[{"@type":"Article","@id":"https:\/\/lospoliticosveracruz.com\/?p=72033#article","isPartOf":{"@id":"https:\/\/lospoliticosveracruz.com\/?p=72033"},"author":{"name":"Lo viste en Los Pol\u00edticos","@id":"https:\/\/lospoliticosveracruz.com\/#\/schema\/person\/b8702bb0e538456e6efd07080bf2a4a2"},"headline":"Breve historia para recordar","datePublished":"2021-05-04T23:43:52+00:00","dateModified":"2021-05-04T23:43:56+00:00","mainEntityOfPage":{"@id":"https:\/\/lospoliticosveracruz.com\/?p=72033"},"wordCount":886,"publisher":{"@id":"https:\/\/lospoliticosveracruz.com\/#organization"},"keywords":["Ricardo V\u00e1zquez S."],"articleSection":["De Opini\u00f3n"],"inLanguage":"es"},{"@type":"WebPage","@id":"https:\/\/lospoliticosveracruz.com\/?p=72033","url":"https:\/\/lospoliticosveracruz.com\/?p=72033","name":"Breve historia para recordar - Los pol\u00edticos Veracruz","isPartOf":{"@id":"https:\/\/lospoliticosveracruz.com\/#website"},"datePublished":"2021-05-04T23:43:52+00:00","dateModified":"2021-05-04T23:43:56+00:00","breadcrumb":{"@id":"https:\/\/lospoliticosveracruz.com\/?p=72033#breadcrumb"},"inLanguage":"es","potentialAction":[{"@type":"ReadAction","target":["https:\/\/lospoliticosveracruz.com\/?p=72033"]}]},{"@type":"BreadcrumbList","@id":"https:\/\/lospoliticosveracruz.com\/?p=72033#breadcrumb","itemListElement":[{"@type":"ListItem","position":1,"name":"Portada","item":"https:\/\/lospoliticosveracruz.com\/"},{"@type":"ListItem","position":2,"name":"Breve historia para recordar"}]},{"@type":"WebSite","@id":"https:\/\/lospoliticosveracruz.com\/#website","url":"https:\/\/lospoliticosveracruz.com\/","name":"Los pol\u00edticos Veracruz","description":"","publisher":{"@id":"https:\/\/lospoliticosveracruz.com\/#organization"},"potentialAction":[{"@type":"SearchAction","target":{"@type":"EntryPoint","urlTemplate":"https:\/\/lospoliticosveracruz.com\/?s={search_term_string}"},"query-input":{"@type":"PropertyValueSpecification","valueRequired":true,"valueName":"search_term_string"}}],"inLanguage":"es"},{"@type":"Organization","@id":"https:\/\/lospoliticosveracruz.com\/#organization","name":"Los pol\u00edticos Veracruz","url":"https:\/\/lospoliticosveracruz.com\/","logo":{"@type":"ImageObject","inLanguage":"es","@id":"https:\/\/lospoliticosveracruz.com\/#\/schema\/logo\/image\/","url":"https:\/\/lospoliticosveracruz.com\/wp-content\/uploads\/2025\/12\/Logo-Nuevo-LOS-POLITICOS-1.jpg","contentUrl":"https:\/\/lospoliticosveracruz.com\/wp-content\/uploads\/2025\/12\/Logo-Nuevo-LOS-POLITICOS-1.jpg","width":260,"height":70,"caption":"Los pol\u00edticos Veracruz"},"image":{"@id":"https:\/\/lospoliticosveracruz.com\/#\/schema\/logo\/image\/"},"sameAs":["https:\/\/www.facebook.com\/people\/Notimemes-de-los-Polticos\/61565672886568\/","https:\/\/x.com\/LosPoliticosVer"]},{"@type":"Person","@id":"https:\/\/lospoliticosveracruz.com\/#\/schema\/person\/b8702bb0e538456e6efd07080bf2a4a2","name":"Lo viste en Los Pol\u00edticos","image":{"@type":"ImageObject","inLanguage":"es","@id":"https:\/\/secure.gravatar.com\/avatar\/3a8de04a2656d44082be478bd6c086daa447c4651605818287b9532d3d0bd435?s=96&d=mm&r=g","url":"https:\/\/secure.gravatar.com\/avatar\/3a8de04a2656d44082be478bd6c086daa447c4651605818287b9532d3d0bd435?s=96&d=mm&r=g","contentUrl":"https:\/\/secure.gravatar.com\/avatar\/3a8de04a2656d44082be478bd6c086daa447c4651605818287b9532d3d0bd435?s=96&d=mm&r=g","caption":"Lo viste en Los Pol\u00edticos"},"url":"https:\/\/lospoliticosveracruz.com\/?author=2"}]}},"_links":{"self":[{"href":"https:\/\/lospoliticosveracruz.com\/index.php?rest_route=\/wp\/v2\/posts\/72033","targetHints":{"allow":["GET"]}}],"collection":[{"href":"https:\/\/lospoliticosveracruz.com\/index.php?rest_route=\/wp\/v2\/posts"}],"about":[{"href":"https:\/\/lospoliticosveracruz.com\/index.php?rest_route=\/wp\/v2\/types\/post"}],"author":[{"embeddable":true,"href":"https:\/\/lospoliticosveracruz.com\/index.php?rest_route=\/wp\/v2\/users\/2"}],"replies":[{"embeddable":true,"href":"https:\/\/lospoliticosveracruz.com\/index.php?rest_route=%2Fwp%2Fv2%2Fcomments&post=72033"}],"version-history":[{"count":1,"href":"https:\/\/lospoliticosveracruz.com\/index.php?rest_route=\/wp\/v2\/posts\/72033\/revisions"}],"predecessor-version":[{"id":72035,"href":"https:\/\/lospoliticosveracruz.com\/index.php?rest_route=\/wp\/v2\/posts\/72033\/revisions\/72035"}],"wp:attachment":[{"href":"https:\/\/lospoliticosveracruz.com\/index.php?rest_route=%2Fwp%2Fv2%2Fmedia&parent=72033"}],"wp:term":[{"taxonomy":"category","embeddable":true,"href":"https:\/\/lospoliticosveracruz.com\/index.php?rest_route=%2Fwp%2Fv2%2Fcategories&post=72033"},{"taxonomy":"post_tag","embeddable":true,"href":"https:\/\/lospoliticosveracruz.com\/index.php?rest_route=%2Fwp%2Fv2%2Ftags&post=72033"}],"curies":[{"name":"wp","href":"https:\/\/api.w.org\/{rel}","templated":true}]}}