{"id":72036,"date":"2021-05-04T18:48:48","date_gmt":"2021-05-04T23:48:48","guid":{"rendered":"http:\/\/www.lospoliticosveracruz.com.mx\/?p=72036"},"modified":"2021-05-04T18:48:52","modified_gmt":"2021-05-04T23:48:52","slug":"urge-un-cambio-en-xalapa-y-por-eso-estamos-luchando-david","status":"publish","type":"post","link":"https:\/\/lospoliticosveracruz.com\/?p=72036","title":{"rendered":"Urge un cambio en Xalapa y por eso estamos luchando: David"},"content":{"rendered":"\n<p><strong>Xalapa<\/strong><br>Durante el evento de inicio de su campa\u00f1a, el candidato a la Presidencia Municipal de Xalapa por la alianza \u201cVeracruz Va\u201d, David Velasco Chedraui, pregunt\u00f3 a los presentes: \u00bfest\u00e1n mejor o peor que antes? \u201cPeor\u201d, contestaron los colonos a una sola voz. \u201cEntonces, urge un cambio. Si estuvi\u00e9ramos mejor no estar\u00edamos luchando, porque Xalapa requiere m\u00e1s empleo, gente capaz que atienda sus necesidades y por eso necesitamos este cambio. Creo que tengo la experiencia, el equipo, para levantar a Xalapa y ponerla como una capital digna, de un gran estado que se llama Veracruz\u201d, asever\u00f3.<\/p>\n\n\n\n<p>En el campo FREDEPO de la colonia Reserva del Tronconal, Velasco Chedraui agradeci\u00f3 la presencia de los cientos de xalape\u00f1os que se acercaron para saludarlo y escucharlo, as\u00ed como la presencia de los l\u00edderes estatales del PAN, Joaqu\u00edn Rosendo Guzm\u00e1n Avil\u00e9s, y del PRI, Marlon Ram\u00edrez Mar\u00edn; de los dirigentes municipales de las tres fuerzas pol\u00edticas que lo acompa\u00f1an; de los candidatos a diputados federales, Am\u00e9rico Z\u00fa\u00f1iga Mart\u00ednez y Adolfo Mota Hern\u00e1ndez, y de las candidatas a diputadas locales, Lilian Cerecedo y Dana D\u00edaz.<\/p>\n\n\n\n<p>\u201cSi estoy aqu\u00ed es porque queremos una mejor Xalapa y lo vamos a lograr. Primero vamos a corregir el desempleo. A diferencia de las otras dos contiendas en las que he caminado con ustedes, ahora veo una situaci\u00f3n muy grave de desempleo. \u00bfPor qu\u00e9 estamos llegando a estos l\u00edmites? Parte de los recursos que llegan de M\u00e9xico, que deber\u00edan de servir a la capital, se est\u00e1n regresando\u201d, enfatiz\u00f3.<\/p>\n\n\n\n<p>\u201cEn Xalapa vivimos inseguridad, pobreza, falta de oportunidades y de tranquilidad en nuestros hogares. Se cerraron comercios, se quedaron sin apoyo las madres solteras, los padres de familia se tuvieron que adecuar a una educaci\u00f3n en l\u00ednea sin tener los recursos\u201d, le dijo Karen Morales a David Velasco Chedraui.<\/p>\n\n\n\n<p>Karen Morales, quien tom\u00f3 la palabra luego de Mar\u00eda del Roc\u00edo Moreno Aguilar, insisti\u00f3 en que \u201cDavid Velasco Chedraui no es un partido pol\u00edtico, es el reflejo de todas las personas que estamos buscando un cambio. Es el reflejo de todos los que estamos aqu\u00ed, los que queremos pelear y recuperar nuestra ciudad. Como mujer, como joven xalape\u00f1a, estoy preocupada por el futuro, por saber si voy a poder ejercer la profesi\u00f3n que he estudiado, saber si mis padres van a tener tranquilidad, cuando salga sola de casa. La inseguridad es un problema y el desempleo es una realidad\u201d.<\/p>\n\n\n\n<p>\u201cDavid, eres una persona diferente a todos los dem\u00e1s, porque tienes experiencia, experiencia en la alcald\u00eda de Xalapa, experiencia como empresario y yo estoy segura que esto va a permitir que reactive la econom\u00eda en nuestra ciudad. David, el d\u00eda de hoy soy la voz de todas las personas y, en espec\u00edfico, de los j\u00f3venes y te digo que tenemos la capacidad, que conf\u00edes en nosotros, porque sabemos que vas a ganar y que nos vas a dar la oportunidad de trabajar contigo. El d\u00eda de hoy 4 de mayo le damos un voto de confianza a David Velasco Chedraui\u201d, destac\u00f3 la joven xalape\u00f1a.<\/p>\n","protected":false},"excerpt":{"rendered":"<p>XalapaDurante el evento de inicio de su campa\u00f1a, el candidato a la Presidencia Municipal de Xalapa por la alianza \u201cVeracruz Va\u201d, David Velasco Chedraui, pregunt\u00f3 a los presentes: \u00bfest\u00e1n mejor o peor que antes? \u201cPeor\u201d, contestaron los colonos a una sola voz. \u201cEntonces, urge un cambio. Si estuvi\u00e9ramos mejor no estar\u00edamos luchando, porque Xalapa requiere [&hellip;]<\/p>\n","protected":false},"author":2,"featured_media":0,"comment_status":"closed","ping_status":"closed","sticky":false,"template":"","format":"standard","meta":{"tdm_status":"","tdm_grid_status":"","footnotes":""},"categories":[73],"tags":[539,27687,407,18735,2814,25700,266,251,25692,96],"class_list":{"0":"post-72036","1":"post","2":"type-post","3":"status-publish","4":"format-standard","6":"category-de-boleto","7":"tag-americo-zuniga-martinez","8":"tag-dana-diaz","9":"tag-david-velasco-chedraui","10":"tag-fredepo","11":"tag-joaquin-rosendo-guzman-aviles","12":"tag-lilian-cerecedo","13":"tag-pan","14":"tag-pri","15":"tag-veracruz-va","16":"tag-xalapa"},"yoast_head":"<!-- This site is optimized with the Yoast SEO plugin v27.4 - https:\/\/yoast.com\/product\/yoast-seo-wordpress\/ -->\n<title>Urge un cambio en Xalapa y por eso estamos luchando: David - Los pol\u00edticos Veracruz<\/title>\n<meta name=\"robots\" content=\"index, follow, max-snippet:-1, max-image-preview:large, max-video-preview:-1\" \/>\n<link rel=\"canonical\" href=\"https:\/\/lospoliticosveracruz.com\/?p=72036\" \/>\n<meta property=\"og:locale\" content=\"es_ES\" \/>\n<meta property=\"og:type\" content=\"article\" \/>\n<meta property=\"og:title\" content=\"Urge un cambio en Xalapa y por eso estamos luchando: David - Los pol\u00edticos Veracruz\" \/>\n<meta property=\"og:description\" content=\"XalapaDurante el evento de inicio de su campa\u00f1a, el candidato a la Presidencia Municipal de Xalapa por la alianza \u201cVeracruz Va\u201d, David Velasco Chedraui, pregunt\u00f3 a los presentes: \u00bfest\u00e1n mejor o peor que antes? \u201cPeor\u201d, contestaron los colonos a una sola voz. \u201cEntonces, urge un cambio. Si estuvi\u00e9ramos mejor no estar\u00edamos luchando, porque Xalapa requiere [&hellip;]\" \/>\n<meta property=\"og:url\" content=\"https:\/\/lospoliticosveracruz.com\/?p=72036\" \/>\n<meta property=\"og:site_name\" content=\"Los pol\u00edticos Veracruz\" \/>\n<meta property=\"article:publisher\" content=\"https:\/\/www.facebook.com\/people\/Notimemes-de-los-Polticos\/61565672886568\/\" \/>\n<meta property=\"article:published_time\" content=\"2021-05-04T23:48:48+00:00\" \/>\n<meta property=\"article:modified_time\" content=\"2021-05-04T23:48:52+00:00\" \/>\n<meta property=\"og:image\" content=\"https:\/\/lospoliticosveracruz.com\/wp-content\/uploads\/2016\/07\/Logo-Dor.jpg\" \/>\n\t<meta property=\"og:image:width\" content=\"200\" \/>\n\t<meta property=\"og:image:height\" content=\"200\" \/>\n\t<meta property=\"og:image:type\" content=\"image\/jpeg\" \/>\n<meta name=\"author\" content=\"Lo viste en Los Pol\u00edticos\" \/>\n<meta name=\"twitter:card\" content=\"summary_large_image\" \/>\n<meta name=\"twitter:creator\" content=\"@LosPoliticosVer\" \/>\n<meta name=\"twitter:site\" content=\"@LosPoliticosVer\" \/>\n<meta name=\"twitter:label1\" content=\"Escrito por\" \/>\n\t<meta name=\"twitter:data1\" content=\"Lo viste en Los Pol\u00edticos\" \/>\n\t<meta name=\"twitter:label2\" content=\"Tiempo de lectura\" \/>\n\t<meta name=\"twitter:data2\" content=\"3 minutos\" \/>\n<script type=\"application\/ld+json\" class=\"yoast-schema-graph\">{\"@context\":\"https:\\\/\\\/schema.org\",\"@graph\":[{\"@type\":\"Article\",\"@id\":\"https:\\\/\\\/lospoliticosveracruz.com\\\/?p=72036#article\",\"isPartOf\":{\"@id\":\"https:\\\/\\\/lospoliticosveracruz.com\\\/?p=72036\"},\"author\":{\"name\":\"Lo viste en Los Pol\u00edticos\",\"@id\":\"https:\\\/\\\/lospoliticosveracruz.com\\\/#\\\/schema\\\/person\\\/b8702bb0e538456e6efd07080bf2a4a2\"},\"headline\":\"Urge un cambio en Xalapa y por eso estamos luchando: David\",\"datePublished\":\"2021-05-04T23:48:48+00:00\",\"dateModified\":\"2021-05-04T23:48:52+00:00\",\"mainEntityOfPage\":{\"@id\":\"https:\\\/\\\/lospoliticosveracruz.com\\\/?p=72036\"},\"wordCount\":550,\"publisher\":{\"@id\":\"https:\\\/\\\/lospoliticosveracruz.com\\\/#organization\"},\"keywords\":[\"Am\u00e9rico Z\u00fa\u00f1iga Mart\u00ednez\",\"Dana D\u00edaz\",\"David Velasco Chedraui\",\"Fredepo\",\"Joaqu\u00edn Rosendo Guzm\u00e1n Avil\u00e9s\",\"Lilian Cerecedo\",\"PAN\",\"PRI\",\"Veracruz Va\",\"Xalapa\"],\"articleSection\":[\"De Boleto\"],\"inLanguage\":\"es\"},{\"@type\":\"WebPage\",\"@id\":\"https:\\\/\\\/lospoliticosveracruz.com\\\/?p=72036\",\"url\":\"https:\\\/\\\/lospoliticosveracruz.com\\\/?p=72036\",\"name\":\"Urge un cambio en Xalapa y por eso estamos luchando: David - Los pol\u00edticos Veracruz\",\"isPartOf\":{\"@id\":\"https:\\\/\\\/lospoliticosveracruz.com\\\/#website\"},\"datePublished\":\"2021-05-04T23:48:48+00:00\",\"dateModified\":\"2021-05-04T23:48:52+00:00\",\"breadcrumb\":{\"@id\":\"https:\\\/\\\/lospoliticosveracruz.com\\\/?p=72036#breadcrumb\"},\"inLanguage\":\"es\",\"potentialAction\":[{\"@type\":\"ReadAction\",\"target\":[\"https:\\\/\\\/lospoliticosveracruz.com\\\/?p=72036\"]}]},{\"@type\":\"BreadcrumbList\",\"@id\":\"https:\\\/\\\/lospoliticosveracruz.com\\\/?p=72036#breadcrumb\",\"itemListElement\":[{\"@type\":\"ListItem\",\"position\":1,\"name\":\"Portada\",\"item\":\"https:\\\/\\\/lospoliticosveracruz.com\\\/\"},{\"@type\":\"ListItem\",\"position\":2,\"name\":\"Urge un cambio en Xalapa y por eso estamos luchando: David\"}]},{\"@type\":\"WebSite\",\"@id\":\"https:\\\/\\\/lospoliticosveracruz.com\\\/#website\",\"url\":\"https:\\\/\\\/lospoliticosveracruz.com\\\/\",\"name\":\"Los pol\u00edticos Veracruz\",\"description\":\"\",\"publisher\":{\"@id\":\"https:\\\/\\\/lospoliticosveracruz.com\\\/#organization\"},\"potentialAction\":[{\"@type\":\"SearchAction\",\"target\":{\"@type\":\"EntryPoint\",\"urlTemplate\":\"https:\\\/\\\/lospoliticosveracruz.com\\\/?s={search_term_string}\"},\"query-input\":{\"@type\":\"PropertyValueSpecification\",\"valueRequired\":true,\"valueName\":\"search_term_string\"}}],\"inLanguage\":\"es\"},{\"@type\":\"Organization\",\"@id\":\"https:\\\/\\\/lospoliticosveracruz.com\\\/#organization\",\"name\":\"Los pol\u00edticos Veracruz\",\"url\":\"https:\\\/\\\/lospoliticosveracruz.com\\\/\",\"logo\":{\"@type\":\"ImageObject\",\"inLanguage\":\"es\",\"@id\":\"https:\\\/\\\/lospoliticosveracruz.com\\\/#\\\/schema\\\/logo\\\/image\\\/\",\"url\":\"https:\\\/\\\/lospoliticosveracruz.com\\\/wp-content\\\/uploads\\\/2025\\\/12\\\/Logo-Nuevo-LOS-POLITICOS-1.jpg\",\"contentUrl\":\"https:\\\/\\\/lospoliticosveracruz.com\\\/wp-content\\\/uploads\\\/2025\\\/12\\\/Logo-Nuevo-LOS-POLITICOS-1.jpg\",\"width\":260,\"height\":70,\"caption\":\"Los pol\u00edticos Veracruz\"},\"image\":{\"@id\":\"https:\\\/\\\/lospoliticosveracruz.com\\\/#\\\/schema\\\/logo\\\/image\\\/\"},\"sameAs\":[\"https:\\\/\\\/www.facebook.com\\\/people\\\/Notimemes-de-los-Polticos\\\/61565672886568\\\/\",\"https:\\\/\\\/x.com\\\/LosPoliticosVer\"]},{\"@type\":\"Person\",\"@id\":\"https:\\\/\\\/lospoliticosveracruz.com\\\/#\\\/schema\\\/person\\\/b8702bb0e538456e6efd07080bf2a4a2\",\"name\":\"Lo viste en Los Pol\u00edticos\",\"image\":{\"@type\":\"ImageObject\",\"inLanguage\":\"es\",\"@id\":\"https:\\\/\\\/secure.gravatar.com\\\/avatar\\\/3a8de04a2656d44082be478bd6c086daa447c4651605818287b9532d3d0bd435?s=96&d=mm&r=g\",\"url\":\"https:\\\/\\\/secure.gravatar.com\\\/avatar\\\/3a8de04a2656d44082be478bd6c086daa447c4651605818287b9532d3d0bd435?s=96&d=mm&r=g\",\"contentUrl\":\"https:\\\/\\\/secure.gravatar.com\\\/avatar\\\/3a8de04a2656d44082be478bd6c086daa447c4651605818287b9532d3d0bd435?s=96&d=mm&r=g\",\"caption\":\"Lo viste en Los Pol\u00edticos\"},\"url\":\"https:\\\/\\\/lospoliticosveracruz.com\\\/?author=2\"}]}<\/script>\n<!-- \/ Yoast SEO plugin. -->","yoast_head_json":{"title":"Urge un cambio en Xalapa y por eso estamos luchando: David - Los pol\u00edticos Veracruz","robots":{"index":"index","follow":"follow","max-snippet":"max-snippet:-1","max-image-preview":"max-image-preview:large","max-video-preview":"max-video-preview:-1"},"canonical":"https:\/\/lospoliticosveracruz.com\/?p=72036","og_locale":"es_ES","og_type":"article","og_title":"Urge un cambio en Xalapa y por eso estamos luchando: David - Los pol\u00edticos Veracruz","og_description":"XalapaDurante el evento de inicio de su campa\u00f1a, el candidato a la Presidencia Municipal de Xalapa por la alianza \u201cVeracruz Va\u201d, David Velasco Chedraui, pregunt\u00f3 a los presentes: \u00bfest\u00e1n mejor o peor que antes? \u201cPeor\u201d, contestaron los colonos a una sola voz. \u201cEntonces, urge un cambio. Si estuvi\u00e9ramos mejor no estar\u00edamos luchando, porque Xalapa requiere [&hellip;]","og_url":"https:\/\/lospoliticosveracruz.com\/?p=72036","og_site_name":"Los pol\u00edticos Veracruz","article_publisher":"https:\/\/www.facebook.com\/people\/Notimemes-de-los-Polticos\/61565672886568\/","article_published_time":"2021-05-04T23:48:48+00:00","article_modified_time":"2021-05-04T23:48:52+00:00","og_image":[{"width":200,"height":200,"url":"https:\/\/lospoliticosveracruz.com\/wp-content\/uploads\/2016\/07\/Logo-Dor.jpg","type":"image\/jpeg"}],"author":"Lo viste en Los Pol\u00edticos","twitter_card":"summary_large_image","twitter_creator":"@LosPoliticosVer","twitter_site":"@LosPoliticosVer","twitter_misc":{"Escrito por":"Lo viste en Los Pol\u00edticos","Tiempo de lectura":"3 minutos"},"schema":{"@context":"https:\/\/schema.org","@graph":[{"@type":"Article","@id":"https:\/\/lospoliticosveracruz.com\/?p=72036#article","isPartOf":{"@id":"https:\/\/lospoliticosveracruz.com\/?p=72036"},"author":{"name":"Lo viste en Los Pol\u00edticos","@id":"https:\/\/lospoliticosveracruz.com\/#\/schema\/person\/b8702bb0e538456e6efd07080bf2a4a2"},"headline":"Urge un cambio en Xalapa y por eso estamos luchando: David","datePublished":"2021-05-04T23:48:48+00:00","dateModified":"2021-05-04T23:48:52+00:00","mainEntityOfPage":{"@id":"https:\/\/lospoliticosveracruz.com\/?p=72036"},"wordCount":550,"publisher":{"@id":"https:\/\/lospoliticosveracruz.com\/#organization"},"keywords":["Am\u00e9rico Z\u00fa\u00f1iga Mart\u00ednez","Dana D\u00edaz","David Velasco Chedraui","Fredepo","Joaqu\u00edn Rosendo Guzm\u00e1n Avil\u00e9s","Lilian Cerecedo","PAN","PRI","Veracruz Va","Xalapa"],"articleSection":["De Boleto"],"inLanguage":"es"},{"@type":"WebPage","@id":"https:\/\/lospoliticosveracruz.com\/?p=72036","url":"https:\/\/lospoliticosveracruz.com\/?p=72036","name":"Urge un cambio en Xalapa y por eso estamos luchando: David - Los pol\u00edticos Veracruz","isPartOf":{"@id":"https:\/\/lospoliticosveracruz.com\/#website"},"datePublished":"2021-05-04T23:48:48+00:00","dateModified":"2021-05-04T23:48:52+00:00","breadcrumb":{"@id":"https:\/\/lospoliticosveracruz.com\/?p=72036#breadcrumb"},"inLanguage":"es","potentialAction":[{"@type":"ReadAction","target":["https:\/\/lospoliticosveracruz.com\/?p=72036"]}]},{"@type":"BreadcrumbList","@id":"https:\/\/lospoliticosveracruz.com\/?p=72036#breadcrumb","itemListElement":[{"@type":"ListItem","position":1,"name":"Portada","item":"https:\/\/lospoliticosveracruz.com\/"},{"@type":"ListItem","position":2,"name":"Urge un cambio en Xalapa y por eso estamos luchando: David"}]},{"@type":"WebSite","@id":"https:\/\/lospoliticosveracruz.com\/#website","url":"https:\/\/lospoliticosveracruz.com\/","name":"Los pol\u00edticos Veracruz","description":"","publisher":{"@id":"https:\/\/lospoliticosveracruz.com\/#organization"},"potentialAction":[{"@type":"SearchAction","target":{"@type":"EntryPoint","urlTemplate":"https:\/\/lospoliticosveracruz.com\/?s={search_term_string}"},"query-input":{"@type":"PropertyValueSpecification","valueRequired":true,"valueName":"search_term_string"}}],"inLanguage":"es"},{"@type":"Organization","@id":"https:\/\/lospoliticosveracruz.com\/#organization","name":"Los pol\u00edticos Veracruz","url":"https:\/\/lospoliticosveracruz.com\/","logo":{"@type":"ImageObject","inLanguage":"es","@id":"https:\/\/lospoliticosveracruz.com\/#\/schema\/logo\/image\/","url":"https:\/\/lospoliticosveracruz.com\/wp-content\/uploads\/2025\/12\/Logo-Nuevo-LOS-POLITICOS-1.jpg","contentUrl":"https:\/\/lospoliticosveracruz.com\/wp-content\/uploads\/2025\/12\/Logo-Nuevo-LOS-POLITICOS-1.jpg","width":260,"height":70,"caption":"Los pol\u00edticos Veracruz"},"image":{"@id":"https:\/\/lospoliticosveracruz.com\/#\/schema\/logo\/image\/"},"sameAs":["https:\/\/www.facebook.com\/people\/Notimemes-de-los-Polticos\/61565672886568\/","https:\/\/x.com\/LosPoliticosVer"]},{"@type":"Person","@id":"https:\/\/lospoliticosveracruz.com\/#\/schema\/person\/b8702bb0e538456e6efd07080bf2a4a2","name":"Lo viste en Los Pol\u00edticos","image":{"@type":"ImageObject","inLanguage":"es","@id":"https:\/\/secure.gravatar.com\/avatar\/3a8de04a2656d44082be478bd6c086daa447c4651605818287b9532d3d0bd435?s=96&d=mm&r=g","url":"https:\/\/secure.gravatar.com\/avatar\/3a8de04a2656d44082be478bd6c086daa447c4651605818287b9532d3d0bd435?s=96&d=mm&r=g","contentUrl":"https:\/\/secure.gravatar.com\/avatar\/3a8de04a2656d44082be478bd6c086daa447c4651605818287b9532d3d0bd435?s=96&d=mm&r=g","caption":"Lo viste en Los Pol\u00edticos"},"url":"https:\/\/lospoliticosveracruz.com\/?author=2"}]}},"_links":{"self":[{"href":"https:\/\/lospoliticosveracruz.com\/index.php?rest_route=\/wp\/v2\/posts\/72036","targetHints":{"allow":["GET"]}}],"collection":[{"href":"https:\/\/lospoliticosveracruz.com\/index.php?rest_route=\/wp\/v2\/posts"}],"about":[{"href":"https:\/\/lospoliticosveracruz.com\/index.php?rest_route=\/wp\/v2\/types\/post"}],"author":[{"embeddable":true,"href":"https:\/\/lospoliticosveracruz.com\/index.php?rest_route=\/wp\/v2\/users\/2"}],"replies":[{"embeddable":true,"href":"https:\/\/lospoliticosveracruz.com\/index.php?rest_route=%2Fwp%2Fv2%2Fcomments&post=72036"}],"version-history":[{"count":1,"href":"https:\/\/lospoliticosveracruz.com\/index.php?rest_route=\/wp\/v2\/posts\/72036\/revisions"}],"predecessor-version":[{"id":72038,"href":"https:\/\/lospoliticosveracruz.com\/index.php?rest_route=\/wp\/v2\/posts\/72036\/revisions\/72038"}],"wp:attachment":[{"href":"https:\/\/lospoliticosveracruz.com\/index.php?rest_route=%2Fwp%2Fv2%2Fmedia&parent=72036"}],"wp:term":[{"taxonomy":"category","embeddable":true,"href":"https:\/\/lospoliticosveracruz.com\/index.php?rest_route=%2Fwp%2Fv2%2Fcategories&post=72036"},{"taxonomy":"post_tag","embeddable":true,"href":"https:\/\/lospoliticosveracruz.com\/index.php?rest_route=%2Fwp%2Fv2%2Ftags&post=72036"}],"curies":[{"name":"wp","href":"https:\/\/api.w.org\/{rel}","templated":true}]}}