{"id":72057,"date":"2021-05-05T08:19:40","date_gmt":"2021-05-05T13:19:40","guid":{"rendered":"http:\/\/www.lospoliticosveracruz.com.mx\/?p=72057"},"modified":"2021-05-05T08:19:44","modified_gmt":"2021-05-05T13:19:44","slug":"miguel-paco-y-carolina","status":"publish","type":"post","link":"https:\/\/lospoliticosveracruz.com\/?p=72057","title":{"rendered":"Miguel, Paco y Carolina"},"content":{"rendered":"\n<p><\/p>\n\n\n\n<p><strong>Ricardo Ch\u00faa<br><\/strong><em>Sale y Vale<\/em><\/p>\n\n\n\n<p>Seg\u00fan informes obtenidos por la \u00abGarganta Profunda Azul\u00bb m\u00e1s poderosa del PAN\u2026 Las tendencias electorales, aunque estas pueden cambiar por circunstancias pol\u00edticas, para la elecci\u00f3n municipal a alcalde y diputado local en el distrito 14 se\u00f1alan PRESUNTAMENTE que la marca PAN, con coalici\u00f3n PRI-PRD, y llevando como candidato a Miguel \u00c1ngel Yunes M\u00e1rquez, lleva una ventaja de casi 21 puntos sobre su m\u00e1s cercanos competidores\u2026 Sin Miguel de candidato, la cosa cambia\u2026<\/p>\n\n\n\n<div class=\"wp-block-image\"><figure class=\"alignleft size-large is-resized\"><a href=\"http:\/\/www.lospoliticosveracruz.com.mx\/wp-content\/uploads\/2021\/04\/Tecajetes.jpeg\"><img loading=\"lazy\" decoding=\"async\" src=\"http:\/\/www.lospoliticosveracruz.com.mx\/wp-content\/uploads\/2021\/04\/Tecajetes.jpeg\" alt=\"\" class=\"wp-image-71008\" width=\"296\" height=\"432\"\/><\/a><\/figure><\/div>\n\n\n\n<p><br>Pero ya en el cruce de la votaci\u00f3n\u2026 Porque en la zona norte de la ciudad de Veracruz, donde est\u00e1 enclavado el distrito XIV, hay mucho voto diferenciado\u2026 Se\u00f1alan que para diputado local, Carolina Gudi\u00f1o va 7 puntos ABAJO de MORENA\u2026 Mientras que en la elecci\u00f3n federal, Paco Guti\u00e9rrez de Velasco, se encuentra casi 10 puntos ATR\u00c1S de Los Morenos\u2026 Es decir, ya con encuesta con partido y candidato\u2026 Fernando \u00abEl Huevo\u00bb Arteaga y Rosa Mar\u00eda Hern\u00e1ndez Espejo tienen esa ventaja\u2026 OBVIO ESTO NO ES DEFINITIVO\u2026 La campa\u00f1a apenas comenz\u00f3..<br>Esta tendencia en el distrito 14 es f\u00e1cil de explicar\u2026 Ya que si en la zona norte de la ciudad hay mucho voto diferenciado\u2026 Es porque la sociedad da m\u00e1s votos al PAN para la alcald\u00eda.. Pero le otorga de nuevo el voto de confianza a MORENA en la elecci\u00f3n a diputados\u2026 Hay que recordar que Ricardo Exsome gan\u00f3 ese distrito en 2018\u2026 Adem\u00e1s esos 21 puntos de diferencia que lleva a favor Miguel Junior es porque a \u00e9l le ayuda la zona del distrito 12 federal y el 15 local\u2026 Es donde hace la diferencia\u2026. VOTO DIFERENCIADO\u2026<\/p>\n\n\n\n<p>EXSOME \u00abARROPADO\u00bb\u2026 Vaya para el arranque de campa\u00f1a a la alcald\u00eda de Veracruz puerto, que tuvo el candidato de la Coalici\u00f3n \u201cJuntos Haremos Historia\u201d, Ricardo Exsome Zapata\u2026. Que tuvo como testigo al dirigente nacional de MORENA, Mario Delgado Carrillo\u2026 Personaje con el cual se la \u00abjug\u00f3\u00bb el pasado mes de noviembre en el proceso interno de este partido a la presidencia del CEN\u2026 Ahora que Exsome est\u00e1 metido en la elecci\u00f3n m\u00e1s dif\u00edcil de su vida\u2026 Delgado Carrillo vino a \u00abdevolver el favor\u00bb\u2026 AMOR CON AMOR SE PAGA\u2026<br>Si bien es cierto, el diputado federal con licencia y ex l\u00edder de la c\u00e1mara baja del Congreso de la Uni\u00f3n\u2026 Trae encima temas muy dif\u00edciles por el caso del funesto accidente de la L\u00ednea 12 del Metro de la CDMX\u2026 Eso no impidi\u00f3 que acudiera a cumplir su cita con su amigo y aliado al puerto de Veracruz\u2026 Donde le dej\u00f3 el mensaje a los veracruzanos diciendo que se encontraba en el puerto, para apoyar a su amigo, Ricardo Exsome para que sea el pr\u00f3ximo presidente municipal en esta ciudad que durante d\u00e9cadas fue dominado por el PRI y el PAN\u2026<br>Mario Delgado finalmente vino a echarle muy buenos \u00abcebollazos\u00bb a Exsome a quien calific\u00f3 de un personaje honesto y que de ganar har\u00e1 equipo con \u00abYa saben qui\u00e9n\u00bb\u2026 Para poder apoyarse directamente con \u00e9l y que traiga la transformaci\u00f3n al hist\u00f3rico puerto.. En el arranque de campa\u00f1a de Ricardo Exsome tambi\u00e9n tra\u00eda el respaldo de las candidatas de esa coalici\u00f3n a diputadas federales, Rosa Mar\u00eda Hern\u00e1ndez Espejo, Luz Baxzi, Diana Santiago Huesca y Fernando \u00abEl Huevo\u00bb Arteaga Aponte..Todo MORENA con \u00e9l, los conversos y los m\u00edticos\u2026<br>OJO\u2026Trascendi\u00f3 que despu\u00e9s del evento, Mario Delgado sostuvo una reuni\u00f3n privada con Ricardo Exsome en domicilio particular de un militante de MORENA en \u00abLos Volcanes\u00bb, donde le mostr\u00f3 ENCUESTAS que mand\u00f3 hacer \u00abYa sabes qui\u00e9n\u00bb y que fueron entregadas al comit\u00e9 nacional, el pasado s\u00e1bado\u2026 Donde se\u00f1alan que bajo ciertas circunstancias.. MORENA puede tener posibilidades de triunfo en Veracruz\u2026 Dif\u00edcil caso, pero no imposible\u2026 Van a buscar coyunturas\u2026 \u00bfTendr\u00e1n oportunidad?\u2026Delgado se juega su futuro en esta elecci\u00f3n\u2026 AMEN..<\/p>\n\n\n\n<p>EL PELIGRO DE DAVID.. Si David Velasco Chedraui, no se pone las pilas y no se da cuenta que todo lo que se hizo para que \u00e9l fuera candidato a la alcald\u00eda de Xalapa por el PRI-PAN y PRD\u2026 Y no se pone a buscar en la capital del voto \u00abAnti-AMLO\u00bb\u2026 Simplemente con todo y coalici\u00f3n, NO VA A GANAR\u2026 Ese voto que se manifieste como un DESAGRAVIO en Xalapa, es lo \u00fanico que lo puede salvar\u2026 Su jefe de campa\u00f1a, es su secretario Particular de siempre\u2026 Su hombre de confianzas\u2026 Pero no se sabe que tanto conozca de pol\u00edtica y campa\u00f1as\u2026<br>As\u00ed que si s\u00f3lo se conf\u00eda en lo que \u00e9l y la coalici\u00f3n puedan hacer junto con lo que le dice Am\u00e9rico y Mota, que si suman, pero que si no ve m\u00e1s all\u00e1\u2026 Su derrota es m\u00e1s que cantada\u2026 M\u00e1s si no busca aliados entre la sociedad, que puedan llevar el VOTO \u00daTIL a su campa\u00f1a.. La realidad lo puede alcanzar en 15 d\u00edas y enterarse en dos semanas, que tiene perdida la elecci\u00f3n porque no logr\u00f3 \u00abhacer click\u00bb con ese electorado que se siente agraviado por MORENA\u2026 Y esos votos se le van con Cinthya Lobato o Ra\u00fal Ar\u00edas Lovillo\u2026<br>Lo rescatable de su arranque de campa\u00f1a\u2026 Es que David no se puede quejar de que no tiene a los partidos de la coalici\u00f3n a favor\u2026 El panismo, priismo y perredismo estuvo representado\u2026 Pese a que en el evento s\u00f3lo se limit\u00f3 a presentar a los candidatos que lo acompa\u00f1aban y repetir lo de siempre: \u00abQue su familia lo ense\u00f1\u00f3 a trabajar\u00bb\u2026Pero \u00e9l se debe dar cuenta que esta campa\u00f1a est\u00e1 basada en que logre el \u00abvoto duro\u00bb y \u00abanti AMLO\u00bb\u2026Si lo hace.. ADIOS MI RICHARD\u2026 Ah\u00ed est\u00e1 la clave del \u00e9xito de David Velasco\u2026<br>Ya que si \u00e9l cree que s\u00f3lo por apellidarse Chedraui va a ganar\u2026 YA SE LO CARG\u00d3 EL PAYASO\u2026 Porque del \u00abotro lado\u00bb lo saben y por eso mandan candidatos para dividir el voto.. As\u00ed que \u00e9l voto \u00fatil y ciudadano\u2026 Es el que le dar\u00e1 el triunfo\u2026 Pero tiene que ponerse a trabajar en ello.. Ya que ese fue el voto de Ahued, de clase media y media alta\u2026 Ese es el que tiene que \u00abromper\u00bb.. As\u00ed que debe convencer al electorado, que el voto \u00fatil no sirve en otros partidos, s\u00f3lo en la alianza PRI-PAN-PRD\u2026 \u00bfSer\u00e1 capaz David de lograrlo?\u2026 Su victoria depende de ello\u2026 AMEN\u2026<\/p>\n\n\n\n<p>GABRIEL Y POLO\u2026 Los sondeos indican que si otra cosa no sucede en el municipio de Medell\u00edn de Bravo y el distrito del mismo nombre\u2026 Los que m\u00e1s posibilidades tienen de triunfar en este proceso electoral a la alcald\u00eda y diputaci\u00f3n local por la coalici\u00f3n PAN-PRI-PRD son: Gabriel C\u00e1rdenas y Polo Deschamps\u2026 Ya que los sondeos tambi\u00e9n los colocan por encima de sus m\u00e1s cercanos rivales\u2026 Si mantienen la tendencia PAN-PRI le pueden ganar al Verde-MORENA\u2026 Habr\u00e1 que ver si resisten\u2026 SI DIOS QUIERE\u2026<\/p>\n","protected":false},"excerpt":{"rendered":"<p>Ricardo Ch\u00faaSale y Vale Seg\u00fan informes obtenidos por la \u00abGarganta Profunda Azul\u00bb m\u00e1s poderosa del PAN\u2026 Las tendencias electorales, aunque estas pueden cambiar por circunstancias pol\u00edticas, para la elecci\u00f3n municipal a alcalde y diputado local en el distrito 14 se\u00f1alan PRESUNTAMENTE que la marca PAN, con coalici\u00f3n PRI-PRD, y llevando como candidato a Miguel \u00c1ngel [&hellip;]<\/p>\n","protected":false},"author":2,"featured_media":0,"comment_status":"closed","ping_status":"closed","sticky":false,"template":"","format":"standard","meta":{"tdm_status":"","tdm_grid_status":"","footnotes":""},"categories":[70],"tags":[2325,240,26537,27735,12596,536,1026,1895,266,14721,11900],"class_list":{"0":"post-72057","1":"post","2":"type-post","3":"status-publish","4":"format-standard","6":"category-de-opinion","7":"tag-carolina-gudino","8":"tag-diana-santiago-huesca","9":"tag-fernando-el-huevo-arteaga","10":"tag-luz-baxzi","11":"tag-mario-delgado","12":"tag-miguel-angel-yunes-marquez","13":"tag-morena","14":"tag-paco-gutierrez-de-velasco","15":"tag-pan","16":"tag-ricardo-exsome","17":"tag-rosa-maria-hernandez-espejo"},"yoast_head":"<!-- This site is optimized with the Yoast SEO plugin v27.4 - https:\/\/yoast.com\/product\/yoast-seo-wordpress\/ -->\n<title>Miguel, Paco y Carolina - Los pol\u00edticos Veracruz<\/title>\n<meta name=\"robots\" content=\"index, follow, max-snippet:-1, max-image-preview:large, max-video-preview:-1\" \/>\n<link rel=\"canonical\" href=\"https:\/\/lospoliticosveracruz.com\/?p=72057\" \/>\n<meta property=\"og:locale\" content=\"es_ES\" \/>\n<meta property=\"og:type\" content=\"article\" \/>\n<meta property=\"og:title\" content=\"Miguel, Paco y Carolina - Los pol\u00edticos Veracruz\" \/>\n<meta property=\"og:description\" content=\"Ricardo Ch\u00faaSale y Vale Seg\u00fan informes obtenidos por la \u00abGarganta Profunda Azul\u00bb m\u00e1s poderosa del PAN\u2026 Las tendencias electorales, aunque estas pueden cambiar por circunstancias pol\u00edticas, para la elecci\u00f3n municipal a alcalde y diputado local en el distrito 14 se\u00f1alan PRESUNTAMENTE que la marca PAN, con coalici\u00f3n PRI-PRD, y llevando como candidato a Miguel \u00c1ngel [&hellip;]\" \/>\n<meta property=\"og:url\" content=\"https:\/\/lospoliticosveracruz.com\/?p=72057\" \/>\n<meta property=\"og:site_name\" content=\"Los pol\u00edticos Veracruz\" \/>\n<meta property=\"article:publisher\" content=\"https:\/\/www.facebook.com\/people\/Notimemes-de-los-Polticos\/61565672886568\/\" \/>\n<meta property=\"article:published_time\" content=\"2021-05-05T13:19:40+00:00\" \/>\n<meta property=\"article:modified_time\" content=\"2021-05-05T13:19:44+00:00\" \/>\n<meta property=\"og:image\" content=\"http:\/\/www.lospoliticosveracruz.com.mx\/wp-content\/uploads\/2021\/04\/Tecajetes.jpeg\" \/>\n<meta name=\"author\" content=\"Lo viste en Los Pol\u00edticos\" \/>\n<meta name=\"twitter:card\" content=\"summary_large_image\" \/>\n<meta name=\"twitter:creator\" content=\"@LosPoliticosVer\" \/>\n<meta name=\"twitter:site\" content=\"@LosPoliticosVer\" \/>\n<meta name=\"twitter:label1\" content=\"Escrito por\" \/>\n\t<meta name=\"twitter:data1\" content=\"Lo viste en Los Pol\u00edticos\" \/>\n\t<meta name=\"twitter:label2\" content=\"Tiempo de lectura\" \/>\n\t<meta name=\"twitter:data2\" content=\"6 minutos\" \/>\n<script type=\"application\/ld+json\" class=\"yoast-schema-graph\">{\"@context\":\"https:\\\/\\\/schema.org\",\"@graph\":[{\"@type\":\"Article\",\"@id\":\"https:\\\/\\\/lospoliticosveracruz.com\\\/?p=72057#article\",\"isPartOf\":{\"@id\":\"https:\\\/\\\/lospoliticosveracruz.com\\\/?p=72057\"},\"author\":{\"name\":\"Lo viste en Los Pol\u00edticos\",\"@id\":\"https:\\\/\\\/lospoliticosveracruz.com\\\/#\\\/schema\\\/person\\\/b8702bb0e538456e6efd07080bf2a4a2\"},\"headline\":\"Miguel, Paco y Carolina\",\"datePublished\":\"2021-05-05T13:19:40+00:00\",\"dateModified\":\"2021-05-05T13:19:44+00:00\",\"mainEntityOfPage\":{\"@id\":\"https:\\\/\\\/lospoliticosveracruz.com\\\/?p=72057\"},\"wordCount\":1194,\"publisher\":{\"@id\":\"https:\\\/\\\/lospoliticosveracruz.com\\\/#organization\"},\"image\":{\"@id\":\"https:\\\/\\\/lospoliticosveracruz.com\\\/?p=72057#primaryimage\"},\"thumbnailUrl\":\"http:\\\/\\\/www.lospoliticosveracruz.com.mx\\\/wp-content\\\/uploads\\\/2021\\\/04\\\/Tecajetes.jpeg\",\"keywords\":[\"Carolina Gudi\u00f1o\",\"Diana Santiago Huesca\",\"Fernando &quot;El Huevo&quot; Arteaga\",\"Luz Baxzi\",\"Mario Delgado\",\"Miguel \u00c1ngel Yunes M\u00e1rquez\",\"Morena\",\"Paco Guti\u00e9rrez de Velasco\",\"PAN\",\"Ricardo Exsome\",\"Rosa Mar\u00eda Hern\u00e1ndez Espejo\"],\"articleSection\":[\"De Opini\u00f3n\"],\"inLanguage\":\"es\"},{\"@type\":\"WebPage\",\"@id\":\"https:\\\/\\\/lospoliticosveracruz.com\\\/?p=72057\",\"url\":\"https:\\\/\\\/lospoliticosveracruz.com\\\/?p=72057\",\"name\":\"Miguel, Paco y Carolina - Los pol\u00edticos Veracruz\",\"isPartOf\":{\"@id\":\"https:\\\/\\\/lospoliticosveracruz.com\\\/#website\"},\"primaryImageOfPage\":{\"@id\":\"https:\\\/\\\/lospoliticosveracruz.com\\\/?p=72057#primaryimage\"},\"image\":{\"@id\":\"https:\\\/\\\/lospoliticosveracruz.com\\\/?p=72057#primaryimage\"},\"thumbnailUrl\":\"http:\\\/\\\/www.lospoliticosveracruz.com.mx\\\/wp-content\\\/uploads\\\/2021\\\/04\\\/Tecajetes.jpeg\",\"datePublished\":\"2021-05-05T13:19:40+00:00\",\"dateModified\":\"2021-05-05T13:19:44+00:00\",\"breadcrumb\":{\"@id\":\"https:\\\/\\\/lospoliticosveracruz.com\\\/?p=72057#breadcrumb\"},\"inLanguage\":\"es\",\"potentialAction\":[{\"@type\":\"ReadAction\",\"target\":[\"https:\\\/\\\/lospoliticosveracruz.com\\\/?p=72057\"]}]},{\"@type\":\"ImageObject\",\"inLanguage\":\"es\",\"@id\":\"https:\\\/\\\/lospoliticosveracruz.com\\\/?p=72057#primaryimage\",\"url\":\"http:\\\/\\\/www.lospoliticosveracruz.com.mx\\\/wp-content\\\/uploads\\\/2021\\\/04\\\/Tecajetes.jpeg\",\"contentUrl\":\"http:\\\/\\\/www.lospoliticosveracruz.com.mx\\\/wp-content\\\/uploads\\\/2021\\\/04\\\/Tecajetes.jpeg\"},{\"@type\":\"BreadcrumbList\",\"@id\":\"https:\\\/\\\/lospoliticosveracruz.com\\\/?p=72057#breadcrumb\",\"itemListElement\":[{\"@type\":\"ListItem\",\"position\":1,\"name\":\"Portada\",\"item\":\"https:\\\/\\\/lospoliticosveracruz.com\\\/\"},{\"@type\":\"ListItem\",\"position\":2,\"name\":\"Miguel, Paco y Carolina\"}]},{\"@type\":\"WebSite\",\"@id\":\"https:\\\/\\\/lospoliticosveracruz.com\\\/#website\",\"url\":\"https:\\\/\\\/lospoliticosveracruz.com\\\/\",\"name\":\"Los pol\u00edticos Veracruz\",\"description\":\"\",\"publisher\":{\"@id\":\"https:\\\/\\\/lospoliticosveracruz.com\\\/#organization\"},\"potentialAction\":[{\"@type\":\"SearchAction\",\"target\":{\"@type\":\"EntryPoint\",\"urlTemplate\":\"https:\\\/\\\/lospoliticosveracruz.com\\\/?s={search_term_string}\"},\"query-input\":{\"@type\":\"PropertyValueSpecification\",\"valueRequired\":true,\"valueName\":\"search_term_string\"}}],\"inLanguage\":\"es\"},{\"@type\":\"Organization\",\"@id\":\"https:\\\/\\\/lospoliticosveracruz.com\\\/#organization\",\"name\":\"Los pol\u00edticos Veracruz\",\"url\":\"https:\\\/\\\/lospoliticosveracruz.com\\\/\",\"logo\":{\"@type\":\"ImageObject\",\"inLanguage\":\"es\",\"@id\":\"https:\\\/\\\/lospoliticosveracruz.com\\\/#\\\/schema\\\/logo\\\/image\\\/\",\"url\":\"https:\\\/\\\/lospoliticosveracruz.com\\\/wp-content\\\/uploads\\\/2025\\\/12\\\/Logo-Nuevo-LOS-POLITICOS-1.jpg\",\"contentUrl\":\"https:\\\/\\\/lospoliticosveracruz.com\\\/wp-content\\\/uploads\\\/2025\\\/12\\\/Logo-Nuevo-LOS-POLITICOS-1.jpg\",\"width\":260,\"height\":70,\"caption\":\"Los pol\u00edticos Veracruz\"},\"image\":{\"@id\":\"https:\\\/\\\/lospoliticosveracruz.com\\\/#\\\/schema\\\/logo\\\/image\\\/\"},\"sameAs\":[\"https:\\\/\\\/www.facebook.com\\\/people\\\/Notimemes-de-los-Polticos\\\/61565672886568\\\/\",\"https:\\\/\\\/x.com\\\/LosPoliticosVer\"]},{\"@type\":\"Person\",\"@id\":\"https:\\\/\\\/lospoliticosveracruz.com\\\/#\\\/schema\\\/person\\\/b8702bb0e538456e6efd07080bf2a4a2\",\"name\":\"Lo viste en Los Pol\u00edticos\",\"image\":{\"@type\":\"ImageObject\",\"inLanguage\":\"es\",\"@id\":\"https:\\\/\\\/secure.gravatar.com\\\/avatar\\\/3a8de04a2656d44082be478bd6c086daa447c4651605818287b9532d3d0bd435?s=96&d=mm&r=g\",\"url\":\"https:\\\/\\\/secure.gravatar.com\\\/avatar\\\/3a8de04a2656d44082be478bd6c086daa447c4651605818287b9532d3d0bd435?s=96&d=mm&r=g\",\"contentUrl\":\"https:\\\/\\\/secure.gravatar.com\\\/avatar\\\/3a8de04a2656d44082be478bd6c086daa447c4651605818287b9532d3d0bd435?s=96&d=mm&r=g\",\"caption\":\"Lo viste en Los Pol\u00edticos\"},\"url\":\"https:\\\/\\\/lospoliticosveracruz.com\\\/?author=2\"}]}<\/script>\n<!-- \/ Yoast SEO plugin. -->","yoast_head_json":{"title":"Miguel, Paco y Carolina - Los pol\u00edticos Veracruz","robots":{"index":"index","follow":"follow","max-snippet":"max-snippet:-1","max-image-preview":"max-image-preview:large","max-video-preview":"max-video-preview:-1"},"canonical":"https:\/\/lospoliticosveracruz.com\/?p=72057","og_locale":"es_ES","og_type":"article","og_title":"Miguel, Paco y Carolina - Los pol\u00edticos Veracruz","og_description":"Ricardo Ch\u00faaSale y Vale Seg\u00fan informes obtenidos por la \u00abGarganta Profunda Azul\u00bb m\u00e1s poderosa del PAN\u2026 Las tendencias electorales, aunque estas pueden cambiar por circunstancias pol\u00edticas, para la elecci\u00f3n municipal a alcalde y diputado local en el distrito 14 se\u00f1alan PRESUNTAMENTE que la marca PAN, con coalici\u00f3n PRI-PRD, y llevando como candidato a Miguel \u00c1ngel [&hellip;]","og_url":"https:\/\/lospoliticosveracruz.com\/?p=72057","og_site_name":"Los pol\u00edticos Veracruz","article_publisher":"https:\/\/www.facebook.com\/people\/Notimemes-de-los-Polticos\/61565672886568\/","article_published_time":"2021-05-05T13:19:40+00:00","article_modified_time":"2021-05-05T13:19:44+00:00","og_image":[{"url":"http:\/\/www.lospoliticosveracruz.com.mx\/wp-content\/uploads\/2021\/04\/Tecajetes.jpeg","type":"","width":"","height":""}],"author":"Lo viste en Los Pol\u00edticos","twitter_card":"summary_large_image","twitter_creator":"@LosPoliticosVer","twitter_site":"@LosPoliticosVer","twitter_misc":{"Escrito por":"Lo viste en Los Pol\u00edticos","Tiempo de lectura":"6 minutos"},"schema":{"@context":"https:\/\/schema.org","@graph":[{"@type":"Article","@id":"https:\/\/lospoliticosveracruz.com\/?p=72057#article","isPartOf":{"@id":"https:\/\/lospoliticosveracruz.com\/?p=72057"},"author":{"name":"Lo viste en Los Pol\u00edticos","@id":"https:\/\/lospoliticosveracruz.com\/#\/schema\/person\/b8702bb0e538456e6efd07080bf2a4a2"},"headline":"Miguel, Paco y Carolina","datePublished":"2021-05-05T13:19:40+00:00","dateModified":"2021-05-05T13:19:44+00:00","mainEntityOfPage":{"@id":"https:\/\/lospoliticosveracruz.com\/?p=72057"},"wordCount":1194,"publisher":{"@id":"https:\/\/lospoliticosveracruz.com\/#organization"},"image":{"@id":"https:\/\/lospoliticosveracruz.com\/?p=72057#primaryimage"},"thumbnailUrl":"http:\/\/www.lospoliticosveracruz.com.mx\/wp-content\/uploads\/2021\/04\/Tecajetes.jpeg","keywords":["Carolina Gudi\u00f1o","Diana Santiago Huesca","Fernando &quot;El Huevo&quot; Arteaga","Luz Baxzi","Mario Delgado","Miguel \u00c1ngel Yunes M\u00e1rquez","Morena","Paco Guti\u00e9rrez de Velasco","PAN","Ricardo Exsome","Rosa Mar\u00eda Hern\u00e1ndez Espejo"],"articleSection":["De Opini\u00f3n"],"inLanguage":"es"},{"@type":"WebPage","@id":"https:\/\/lospoliticosveracruz.com\/?p=72057","url":"https:\/\/lospoliticosveracruz.com\/?p=72057","name":"Miguel, Paco y Carolina - Los pol\u00edticos Veracruz","isPartOf":{"@id":"https:\/\/lospoliticosveracruz.com\/#website"},"primaryImageOfPage":{"@id":"https:\/\/lospoliticosveracruz.com\/?p=72057#primaryimage"},"image":{"@id":"https:\/\/lospoliticosveracruz.com\/?p=72057#primaryimage"},"thumbnailUrl":"http:\/\/www.lospoliticosveracruz.com.mx\/wp-content\/uploads\/2021\/04\/Tecajetes.jpeg","datePublished":"2021-05-05T13:19:40+00:00","dateModified":"2021-05-05T13:19:44+00:00","breadcrumb":{"@id":"https:\/\/lospoliticosveracruz.com\/?p=72057#breadcrumb"},"inLanguage":"es","potentialAction":[{"@type":"ReadAction","target":["https:\/\/lospoliticosveracruz.com\/?p=72057"]}]},{"@type":"ImageObject","inLanguage":"es","@id":"https:\/\/lospoliticosveracruz.com\/?p=72057#primaryimage","url":"http:\/\/www.lospoliticosveracruz.com.mx\/wp-content\/uploads\/2021\/04\/Tecajetes.jpeg","contentUrl":"http:\/\/www.lospoliticosveracruz.com.mx\/wp-content\/uploads\/2021\/04\/Tecajetes.jpeg"},{"@type":"BreadcrumbList","@id":"https:\/\/lospoliticosveracruz.com\/?p=72057#breadcrumb","itemListElement":[{"@type":"ListItem","position":1,"name":"Portada","item":"https:\/\/lospoliticosveracruz.com\/"},{"@type":"ListItem","position":2,"name":"Miguel, Paco y Carolina"}]},{"@type":"WebSite","@id":"https:\/\/lospoliticosveracruz.com\/#website","url":"https:\/\/lospoliticosveracruz.com\/","name":"Los pol\u00edticos Veracruz","description":"","publisher":{"@id":"https:\/\/lospoliticosveracruz.com\/#organization"},"potentialAction":[{"@type":"SearchAction","target":{"@type":"EntryPoint","urlTemplate":"https:\/\/lospoliticosveracruz.com\/?s={search_term_string}"},"query-input":{"@type":"PropertyValueSpecification","valueRequired":true,"valueName":"search_term_string"}}],"inLanguage":"es"},{"@type":"Organization","@id":"https:\/\/lospoliticosveracruz.com\/#organization","name":"Los pol\u00edticos Veracruz","url":"https:\/\/lospoliticosveracruz.com\/","logo":{"@type":"ImageObject","inLanguage":"es","@id":"https:\/\/lospoliticosveracruz.com\/#\/schema\/logo\/image\/","url":"https:\/\/lospoliticosveracruz.com\/wp-content\/uploads\/2025\/12\/Logo-Nuevo-LOS-POLITICOS-1.jpg","contentUrl":"https:\/\/lospoliticosveracruz.com\/wp-content\/uploads\/2025\/12\/Logo-Nuevo-LOS-POLITICOS-1.jpg","width":260,"height":70,"caption":"Los pol\u00edticos Veracruz"},"image":{"@id":"https:\/\/lospoliticosveracruz.com\/#\/schema\/logo\/image\/"},"sameAs":["https:\/\/www.facebook.com\/people\/Notimemes-de-los-Polticos\/61565672886568\/","https:\/\/x.com\/LosPoliticosVer"]},{"@type":"Person","@id":"https:\/\/lospoliticosveracruz.com\/#\/schema\/person\/b8702bb0e538456e6efd07080bf2a4a2","name":"Lo viste en Los Pol\u00edticos","image":{"@type":"ImageObject","inLanguage":"es","@id":"https:\/\/secure.gravatar.com\/avatar\/3a8de04a2656d44082be478bd6c086daa447c4651605818287b9532d3d0bd435?s=96&d=mm&r=g","url":"https:\/\/secure.gravatar.com\/avatar\/3a8de04a2656d44082be478bd6c086daa447c4651605818287b9532d3d0bd435?s=96&d=mm&r=g","contentUrl":"https:\/\/secure.gravatar.com\/avatar\/3a8de04a2656d44082be478bd6c086daa447c4651605818287b9532d3d0bd435?s=96&d=mm&r=g","caption":"Lo viste en Los Pol\u00edticos"},"url":"https:\/\/lospoliticosveracruz.com\/?author=2"}]}},"_links":{"self":[{"href":"https:\/\/lospoliticosveracruz.com\/index.php?rest_route=\/wp\/v2\/posts\/72057","targetHints":{"allow":["GET"]}}],"collection":[{"href":"https:\/\/lospoliticosveracruz.com\/index.php?rest_route=\/wp\/v2\/posts"}],"about":[{"href":"https:\/\/lospoliticosveracruz.com\/index.php?rest_route=\/wp\/v2\/types\/post"}],"author":[{"embeddable":true,"href":"https:\/\/lospoliticosveracruz.com\/index.php?rest_route=\/wp\/v2\/users\/2"}],"replies":[{"embeddable":true,"href":"https:\/\/lospoliticosveracruz.com\/index.php?rest_route=%2Fwp%2Fv2%2Fcomments&post=72057"}],"version-history":[{"count":1,"href":"https:\/\/lospoliticosveracruz.com\/index.php?rest_route=\/wp\/v2\/posts\/72057\/revisions"}],"predecessor-version":[{"id":72059,"href":"https:\/\/lospoliticosveracruz.com\/index.php?rest_route=\/wp\/v2\/posts\/72057\/revisions\/72059"}],"wp:attachment":[{"href":"https:\/\/lospoliticosveracruz.com\/index.php?rest_route=%2Fwp%2Fv2%2Fmedia&parent=72057"}],"wp:term":[{"taxonomy":"category","embeddable":true,"href":"https:\/\/lospoliticosveracruz.com\/index.php?rest_route=%2Fwp%2Fv2%2Fcategories&post=72057"},{"taxonomy":"post_tag","embeddable":true,"href":"https:\/\/lospoliticosveracruz.com\/index.php?rest_route=%2Fwp%2Fv2%2Ftags&post=72057"}],"curies":[{"name":"wp","href":"https:\/\/api.w.org\/{rel}","templated":true}]}}