{"id":72060,"date":"2021-05-05T08:32:59","date_gmt":"2021-05-05T13:32:59","guid":{"rendered":"http:\/\/www.lospoliticosveracruz.com.mx\/?p=72060"},"modified":"2021-05-05T08:33:03","modified_gmt":"2021-05-05T13:33:03","slug":"mamas-con-hijos-que-ladran","status":"publish","type":"post","link":"https:\/\/lospoliticosveracruz.com\/?p=72060","title":{"rendered":"Mam\u00e1s con hijos que ladran"},"content":{"rendered":"\n<p><strong>Maricarmen Garc\u00eda El\u00edas<\/strong><\/p>\n\n\n\n<p><em>Animalia<\/em><\/p>\n\n\n\n<p><br>Ser madre es una de las cosas m\u00e1s maravillosas que le pueden suceder a una mujer, saber que en el vientre crece un beb\u00e9 producto del amor, escuchar sus latidos por primera vez, saber que a partir de ah\u00ed inicia un lazo \u00fanico y planear toda una vida a su lado para verlo crecer y desarrollarse es id\u00edlico y aunque esto es tradicionalmente lo \u00abnormal\u00bb en la sociedad no siempre se hace esta elecci\u00f3n.<br>Hoy en d\u00eda los derechos de las mujeres van viento en popa- m\u00e1s all\u00e1 de que como toda ley se violenten o no- las mentalidades en cuanto a la maternidad tambi\u00e9n han evolucionado, hay mujeres que est\u00e1n en la cumbre de sus carreras y no desean tener hijos por todo lo que ello implicar\u00eda en sus puestos de trabajo y metas profesionales, nada m\u00e1s v\u00e1lido y respetable.<br>Tambi\u00e9n hay mujeres que aprovechan su juventud y mejores a\u00f1os en los estudios, en viajar y disfrutar la vida al m\u00e1ximo y posponen la maternidad hasta sentirse listas, lo que puede ocurrir o no y eso es tan responsable en una mujer que no solamente trae hijos al mundo por traerlos sin pensar si podr\u00e1 ofrecerles todo lo que necesitan para tener una vida de calidad.<br>Por lo tanto- aunque es una bendici\u00f3n &#8211; no se necesita ser madre de un beb\u00e9 para ser una mujer completa o realizada, las prioridades y proyectos de vida van cambiando conforme evolucionamos como sociedad, ya casi no se observan familias numerosas, uno o dos hijos es la elecci\u00f3n perfecta casi siempre. En otros casos vemos ni\u00f1os en la calle sufriendo abusos de todo tipo, trabajando a sol y lluvia en vez de estar en casa con un plato de comida caliente y haciendo tarea de la escuela, ni\u00f1os golpeados hasta morir por sus propias madres o por el padrastro con complacencia de la madre, basta leer las noticias y todos los d\u00edas encontraremos notas como \u00e9stas y uno dice Dios por qu\u00e9 permites que mujeres as\u00ed, sean madres que solo traen ni\u00f1os a sufrir.<br>Desde hace muchos a\u00f1os en Europa principalmente y cada vez m\u00e1s frecuente en nuestro pa\u00eds, las mujeres inician su vida profesional j\u00f3venes y van desarroll\u00e1ndose con tal \u00e9xito que como dec\u00edamos no optan por ser madres, en su lugar y en com\u00fan acuerdo con su esposo adoptan un perro o un gato y no es que este animal sustituya a un beb\u00e9 humano pero s\u00ed que pueden formar con \u00e9l una familia interespecie, un nuevo modelo familiar cada vez m\u00e1s com\u00fan con igual nivel jer\u00e1rquico en el hogar.<br>Es tan profundo el nivel emocional en el que una persona puede conectar con un perro por ejemplo, que hace que los lazos sean estrechos conforme pasa el tiempo al igual que lo ser\u00edan con otra persona, no en vano las terapias con animales cobran m\u00e1s auge debido a los resultados exitosos en la mejora de la salud de los pacientes. Los perros tienen comportamientos muy similares a los ni\u00f1os a la hora de jugar, las travesuras que hacen y la manera en que tratan de esconderlas tambi\u00e9n es muy parecida y por si fuera poco se comunican de una manera en que cualquier persona puede entenderles, por eso son los favoritos en una familia pues entre un ser humano y un animal se mantiene la posibilidad de intercambiar informaci\u00f3n no ling\u00fc\u00edstica, gestual y pros\u00f3dica (basada en sonidos y onomatopeyas) que aproximadamente representa un 70% del total de la informaci\u00f3n que podemos transmitir; lo que facilita la comprensi\u00f3n de las necesidades y afectos mutuos.<br>Un animal siempre va a representar beneficios en la salud de las personas que lo rodean eso est\u00e1 probado cient\u00edficamente, la habilidad para comunicarnos con otras personas mejora al estar en contacto con los animales, la confianza, el cardio, lo cognitivo y emocional tambi\u00e9n se ve beneficiado. A m\u00ed me han dicho amigas con hijos humanos lo estresadas que pueden sentirse a veces en especial cuando sus hijos son adolescentes y amigas con animales lo felices que se sienten al llegar a casa y encontrarse con su perro, \u00absi tuve un mal d\u00eda todo se me olvida al abrazarlo\u00bb me dicen y a ambas partes las entiendo y les doy la raz\u00f3n.<br>El problema est\u00e1 cuando las personas quieren \u00abhumanizar al extremo\u00bb al perro o al gato haciendo de lado su naturaleza animal; visti\u00e9ndolos con ropa dif\u00edcil que en vez de darles confort los incomoda, ridiculiz\u00e1ndolos con disfraces o caus\u00e1ndoles inseguridad , enfermedades y ansiedad al protegerlos en exceso por todo. Si bien un animal deber\u00eda ser parte de la familia en toda la extensi\u00f3n de la palabra con los mismos derechos por ser un ser sintiente y con conciencia, amarlos tambi\u00e9n implica respetar su naturaleza salvaje. En el otro extremo est\u00e1 \u00abcosificar\u00bb a los animales y no darles afecto pensando que son objetos.<br>Los animales proporcionan desinteresadamente momentos de felicidad (sustentada sobre la aceptaci\u00f3n incondicional) e incrementan la calidad de vida de las personas por eso el estrecho y positivo v\u00ednculo afectivo con ellos trae consigo familias interespecie felices, mam\u00e1s felices con hijos que ladran y cuyo amor a los animales habla de las mujeres tan hermosas y generosas que son por dentro y por fuera, \u00a1felicidades a todas las mamis con hijos que ladran o ma\u00fallan en su d\u00eda!<\/p>\n","protected":false},"excerpt":{"rendered":"<p>Maricarmen Garc\u00eda El\u00edas Animalia Ser madre es una de las cosas m\u00e1s maravillosas que le pueden suceder a una mujer, saber que en el vientre crece un beb\u00e9 producto del amor, escuchar sus latidos por primera vez, saber que a partir de ah\u00ed inicia un lazo \u00fanico y planear toda una vida a su lado [&hellip;]<\/p>\n","protected":false},"author":2,"featured_media":0,"comment_status":"closed","ping_status":"closed","sticky":false,"template":"","format":"standard","meta":{"tdm_status":"","tdm_grid_status":"","footnotes":""},"categories":[6451],"tags":[3039,27737,27736],"class_list":{"0":"post-72060","1":"post","2":"type-post","3":"status-publish","4":"format-standard","6":"category-historias_de_amigos","7":"tag-derechos-de-las-mujeres","8":"tag-familias-interespecie-felices","9":"tag-mamas-felices"},"yoast_head":"<!-- This site is optimized with the Yoast SEO plugin v27.4 - https:\/\/yoast.com\/product\/yoast-seo-wordpress\/ -->\n<title>Mam\u00e1s con hijos que ladran - Los pol\u00edticos Veracruz<\/title>\n<meta name=\"robots\" content=\"index, follow, max-snippet:-1, max-image-preview:large, max-video-preview:-1\" \/>\n<link rel=\"canonical\" href=\"https:\/\/lospoliticosveracruz.com\/?p=72060\" \/>\n<meta property=\"og:locale\" content=\"es_ES\" \/>\n<meta property=\"og:type\" content=\"article\" \/>\n<meta property=\"og:title\" content=\"Mam\u00e1s con hijos que ladran - Los pol\u00edticos Veracruz\" \/>\n<meta property=\"og:description\" content=\"Maricarmen Garc\u00eda El\u00edas Animalia Ser madre es una de las cosas m\u00e1s maravillosas que le pueden suceder a una mujer, saber que en el vientre crece un beb\u00e9 producto del amor, escuchar sus latidos por primera vez, saber que a partir de ah\u00ed inicia un lazo \u00fanico y planear toda una vida a su lado [&hellip;]\" \/>\n<meta property=\"og:url\" content=\"https:\/\/lospoliticosveracruz.com\/?p=72060\" \/>\n<meta property=\"og:site_name\" content=\"Los pol\u00edticos Veracruz\" \/>\n<meta property=\"article:publisher\" content=\"https:\/\/www.facebook.com\/people\/Notimemes-de-los-Polticos\/61565672886568\/\" \/>\n<meta property=\"article:published_time\" content=\"2021-05-05T13:32:59+00:00\" \/>\n<meta property=\"article:modified_time\" content=\"2021-05-05T13:33:03+00:00\" \/>\n<meta property=\"og:image\" content=\"https:\/\/lospoliticosveracruz.com\/wp-content\/uploads\/2016\/07\/Logo-Dor.jpg\" \/>\n\t<meta property=\"og:image:width\" content=\"200\" \/>\n\t<meta property=\"og:image:height\" content=\"200\" \/>\n\t<meta property=\"og:image:type\" content=\"image\/jpeg\" \/>\n<meta name=\"author\" content=\"Lo viste en Los Pol\u00edticos\" \/>\n<meta name=\"twitter:card\" content=\"summary_large_image\" \/>\n<meta name=\"twitter:creator\" content=\"@LosPoliticosVer\" \/>\n<meta name=\"twitter:site\" content=\"@LosPoliticosVer\" \/>\n<meta name=\"twitter:label1\" content=\"Escrito por\" \/>\n\t<meta name=\"twitter:data1\" content=\"Lo viste en Los Pol\u00edticos\" \/>\n\t<meta name=\"twitter:label2\" content=\"Tiempo de lectura\" \/>\n\t<meta name=\"twitter:data2\" content=\"5 minutos\" \/>\n<script type=\"application\/ld+json\" class=\"yoast-schema-graph\">{\"@context\":\"https:\\\/\\\/schema.org\",\"@graph\":[{\"@type\":\"Article\",\"@id\":\"https:\\\/\\\/lospoliticosveracruz.com\\\/?p=72060#article\",\"isPartOf\":{\"@id\":\"https:\\\/\\\/lospoliticosveracruz.com\\\/?p=72060\"},\"author\":{\"name\":\"Lo viste en Los Pol\u00edticos\",\"@id\":\"https:\\\/\\\/lospoliticosveracruz.com\\\/#\\\/schema\\\/person\\\/b8702bb0e538456e6efd07080bf2a4a2\"},\"headline\":\"Mam\u00e1s con hijos que ladran\",\"datePublished\":\"2021-05-05T13:32:59+00:00\",\"dateModified\":\"2021-05-05T13:33:03+00:00\",\"mainEntityOfPage\":{\"@id\":\"https:\\\/\\\/lospoliticosveracruz.com\\\/?p=72060\"},\"wordCount\":949,\"publisher\":{\"@id\":\"https:\\\/\\\/lospoliticosveracruz.com\\\/#organization\"},\"keywords\":[\"Derechos de las mujeres\",\"familias interespecie felices\",\"mam\u00e1s felices\"],\"articleSection\":[\"Historias de Amigos\"],\"inLanguage\":\"es\"},{\"@type\":\"WebPage\",\"@id\":\"https:\\\/\\\/lospoliticosveracruz.com\\\/?p=72060\",\"url\":\"https:\\\/\\\/lospoliticosveracruz.com\\\/?p=72060\",\"name\":\"Mam\u00e1s con hijos que ladran - Los pol\u00edticos Veracruz\",\"isPartOf\":{\"@id\":\"https:\\\/\\\/lospoliticosveracruz.com\\\/#website\"},\"datePublished\":\"2021-05-05T13:32:59+00:00\",\"dateModified\":\"2021-05-05T13:33:03+00:00\",\"breadcrumb\":{\"@id\":\"https:\\\/\\\/lospoliticosveracruz.com\\\/?p=72060#breadcrumb\"},\"inLanguage\":\"es\",\"potentialAction\":[{\"@type\":\"ReadAction\",\"target\":[\"https:\\\/\\\/lospoliticosveracruz.com\\\/?p=72060\"]}]},{\"@type\":\"BreadcrumbList\",\"@id\":\"https:\\\/\\\/lospoliticosveracruz.com\\\/?p=72060#breadcrumb\",\"itemListElement\":[{\"@type\":\"ListItem\",\"position\":1,\"name\":\"Portada\",\"item\":\"https:\\\/\\\/lospoliticosveracruz.com\\\/\"},{\"@type\":\"ListItem\",\"position\":2,\"name\":\"Mam\u00e1s con hijos que ladran\"}]},{\"@type\":\"WebSite\",\"@id\":\"https:\\\/\\\/lospoliticosveracruz.com\\\/#website\",\"url\":\"https:\\\/\\\/lospoliticosveracruz.com\\\/\",\"name\":\"Los pol\u00edticos Veracruz\",\"description\":\"\",\"publisher\":{\"@id\":\"https:\\\/\\\/lospoliticosveracruz.com\\\/#organization\"},\"potentialAction\":[{\"@type\":\"SearchAction\",\"target\":{\"@type\":\"EntryPoint\",\"urlTemplate\":\"https:\\\/\\\/lospoliticosveracruz.com\\\/?s={search_term_string}\"},\"query-input\":{\"@type\":\"PropertyValueSpecification\",\"valueRequired\":true,\"valueName\":\"search_term_string\"}}],\"inLanguage\":\"es\"},{\"@type\":\"Organization\",\"@id\":\"https:\\\/\\\/lospoliticosveracruz.com\\\/#organization\",\"name\":\"Los pol\u00edticos Veracruz\",\"url\":\"https:\\\/\\\/lospoliticosveracruz.com\\\/\",\"logo\":{\"@type\":\"ImageObject\",\"inLanguage\":\"es\",\"@id\":\"https:\\\/\\\/lospoliticosveracruz.com\\\/#\\\/schema\\\/logo\\\/image\\\/\",\"url\":\"https:\\\/\\\/lospoliticosveracruz.com\\\/wp-content\\\/uploads\\\/2025\\\/12\\\/Logo-Nuevo-LOS-POLITICOS-1.jpg\",\"contentUrl\":\"https:\\\/\\\/lospoliticosveracruz.com\\\/wp-content\\\/uploads\\\/2025\\\/12\\\/Logo-Nuevo-LOS-POLITICOS-1.jpg\",\"width\":260,\"height\":70,\"caption\":\"Los pol\u00edticos Veracruz\"},\"image\":{\"@id\":\"https:\\\/\\\/lospoliticosveracruz.com\\\/#\\\/schema\\\/logo\\\/image\\\/\"},\"sameAs\":[\"https:\\\/\\\/www.facebook.com\\\/people\\\/Notimemes-de-los-Polticos\\\/61565672886568\\\/\",\"https:\\\/\\\/x.com\\\/LosPoliticosVer\"]},{\"@type\":\"Person\",\"@id\":\"https:\\\/\\\/lospoliticosveracruz.com\\\/#\\\/schema\\\/person\\\/b8702bb0e538456e6efd07080bf2a4a2\",\"name\":\"Lo viste en Los Pol\u00edticos\",\"image\":{\"@type\":\"ImageObject\",\"inLanguage\":\"es\",\"@id\":\"https:\\\/\\\/secure.gravatar.com\\\/avatar\\\/3a8de04a2656d44082be478bd6c086daa447c4651605818287b9532d3d0bd435?s=96&d=mm&r=g\",\"url\":\"https:\\\/\\\/secure.gravatar.com\\\/avatar\\\/3a8de04a2656d44082be478bd6c086daa447c4651605818287b9532d3d0bd435?s=96&d=mm&r=g\",\"contentUrl\":\"https:\\\/\\\/secure.gravatar.com\\\/avatar\\\/3a8de04a2656d44082be478bd6c086daa447c4651605818287b9532d3d0bd435?s=96&d=mm&r=g\",\"caption\":\"Lo viste en Los Pol\u00edticos\"},\"url\":\"https:\\\/\\\/lospoliticosveracruz.com\\\/?author=2\"}]}<\/script>\n<!-- \/ Yoast SEO plugin. -->","yoast_head_json":{"title":"Mam\u00e1s con hijos que ladran - Los pol\u00edticos Veracruz","robots":{"index":"index","follow":"follow","max-snippet":"max-snippet:-1","max-image-preview":"max-image-preview:large","max-video-preview":"max-video-preview:-1"},"canonical":"https:\/\/lospoliticosveracruz.com\/?p=72060","og_locale":"es_ES","og_type":"article","og_title":"Mam\u00e1s con hijos que ladran - Los pol\u00edticos Veracruz","og_description":"Maricarmen Garc\u00eda El\u00edas Animalia Ser madre es una de las cosas m\u00e1s maravillosas que le pueden suceder a una mujer, saber que en el vientre crece un beb\u00e9 producto del amor, escuchar sus latidos por primera vez, saber que a partir de ah\u00ed inicia un lazo \u00fanico y planear toda una vida a su lado [&hellip;]","og_url":"https:\/\/lospoliticosveracruz.com\/?p=72060","og_site_name":"Los pol\u00edticos Veracruz","article_publisher":"https:\/\/www.facebook.com\/people\/Notimemes-de-los-Polticos\/61565672886568\/","article_published_time":"2021-05-05T13:32:59+00:00","article_modified_time":"2021-05-05T13:33:03+00:00","og_image":[{"width":200,"height":200,"url":"https:\/\/lospoliticosveracruz.com\/wp-content\/uploads\/2016\/07\/Logo-Dor.jpg","type":"image\/jpeg"}],"author":"Lo viste en Los Pol\u00edticos","twitter_card":"summary_large_image","twitter_creator":"@LosPoliticosVer","twitter_site":"@LosPoliticosVer","twitter_misc":{"Escrito por":"Lo viste en Los Pol\u00edticos","Tiempo de lectura":"5 minutos"},"schema":{"@context":"https:\/\/schema.org","@graph":[{"@type":"Article","@id":"https:\/\/lospoliticosveracruz.com\/?p=72060#article","isPartOf":{"@id":"https:\/\/lospoliticosveracruz.com\/?p=72060"},"author":{"name":"Lo viste en Los Pol\u00edticos","@id":"https:\/\/lospoliticosveracruz.com\/#\/schema\/person\/b8702bb0e538456e6efd07080bf2a4a2"},"headline":"Mam\u00e1s con hijos que ladran","datePublished":"2021-05-05T13:32:59+00:00","dateModified":"2021-05-05T13:33:03+00:00","mainEntityOfPage":{"@id":"https:\/\/lospoliticosveracruz.com\/?p=72060"},"wordCount":949,"publisher":{"@id":"https:\/\/lospoliticosveracruz.com\/#organization"},"keywords":["Derechos de las mujeres","familias interespecie felices","mam\u00e1s felices"],"articleSection":["Historias de Amigos"],"inLanguage":"es"},{"@type":"WebPage","@id":"https:\/\/lospoliticosveracruz.com\/?p=72060","url":"https:\/\/lospoliticosveracruz.com\/?p=72060","name":"Mam\u00e1s con hijos que ladran - Los pol\u00edticos Veracruz","isPartOf":{"@id":"https:\/\/lospoliticosveracruz.com\/#website"},"datePublished":"2021-05-05T13:32:59+00:00","dateModified":"2021-05-05T13:33:03+00:00","breadcrumb":{"@id":"https:\/\/lospoliticosveracruz.com\/?p=72060#breadcrumb"},"inLanguage":"es","potentialAction":[{"@type":"ReadAction","target":["https:\/\/lospoliticosveracruz.com\/?p=72060"]}]},{"@type":"BreadcrumbList","@id":"https:\/\/lospoliticosveracruz.com\/?p=72060#breadcrumb","itemListElement":[{"@type":"ListItem","position":1,"name":"Portada","item":"https:\/\/lospoliticosveracruz.com\/"},{"@type":"ListItem","position":2,"name":"Mam\u00e1s con hijos que ladran"}]},{"@type":"WebSite","@id":"https:\/\/lospoliticosveracruz.com\/#website","url":"https:\/\/lospoliticosveracruz.com\/","name":"Los pol\u00edticos Veracruz","description":"","publisher":{"@id":"https:\/\/lospoliticosveracruz.com\/#organization"},"potentialAction":[{"@type":"SearchAction","target":{"@type":"EntryPoint","urlTemplate":"https:\/\/lospoliticosveracruz.com\/?s={search_term_string}"},"query-input":{"@type":"PropertyValueSpecification","valueRequired":true,"valueName":"search_term_string"}}],"inLanguage":"es"},{"@type":"Organization","@id":"https:\/\/lospoliticosveracruz.com\/#organization","name":"Los pol\u00edticos Veracruz","url":"https:\/\/lospoliticosveracruz.com\/","logo":{"@type":"ImageObject","inLanguage":"es","@id":"https:\/\/lospoliticosveracruz.com\/#\/schema\/logo\/image\/","url":"https:\/\/lospoliticosveracruz.com\/wp-content\/uploads\/2025\/12\/Logo-Nuevo-LOS-POLITICOS-1.jpg","contentUrl":"https:\/\/lospoliticosveracruz.com\/wp-content\/uploads\/2025\/12\/Logo-Nuevo-LOS-POLITICOS-1.jpg","width":260,"height":70,"caption":"Los pol\u00edticos Veracruz"},"image":{"@id":"https:\/\/lospoliticosveracruz.com\/#\/schema\/logo\/image\/"},"sameAs":["https:\/\/www.facebook.com\/people\/Notimemes-de-los-Polticos\/61565672886568\/","https:\/\/x.com\/LosPoliticosVer"]},{"@type":"Person","@id":"https:\/\/lospoliticosveracruz.com\/#\/schema\/person\/b8702bb0e538456e6efd07080bf2a4a2","name":"Lo viste en Los Pol\u00edticos","image":{"@type":"ImageObject","inLanguage":"es","@id":"https:\/\/secure.gravatar.com\/avatar\/3a8de04a2656d44082be478bd6c086daa447c4651605818287b9532d3d0bd435?s=96&d=mm&r=g","url":"https:\/\/secure.gravatar.com\/avatar\/3a8de04a2656d44082be478bd6c086daa447c4651605818287b9532d3d0bd435?s=96&d=mm&r=g","contentUrl":"https:\/\/secure.gravatar.com\/avatar\/3a8de04a2656d44082be478bd6c086daa447c4651605818287b9532d3d0bd435?s=96&d=mm&r=g","caption":"Lo viste en Los Pol\u00edticos"},"url":"https:\/\/lospoliticosveracruz.com\/?author=2"}]}},"_links":{"self":[{"href":"https:\/\/lospoliticosveracruz.com\/index.php?rest_route=\/wp\/v2\/posts\/72060","targetHints":{"allow":["GET"]}}],"collection":[{"href":"https:\/\/lospoliticosveracruz.com\/index.php?rest_route=\/wp\/v2\/posts"}],"about":[{"href":"https:\/\/lospoliticosveracruz.com\/index.php?rest_route=\/wp\/v2\/types\/post"}],"author":[{"embeddable":true,"href":"https:\/\/lospoliticosveracruz.com\/index.php?rest_route=\/wp\/v2\/users\/2"}],"replies":[{"embeddable":true,"href":"https:\/\/lospoliticosveracruz.com\/index.php?rest_route=%2Fwp%2Fv2%2Fcomments&post=72060"}],"version-history":[{"count":1,"href":"https:\/\/lospoliticosveracruz.com\/index.php?rest_route=\/wp\/v2\/posts\/72060\/revisions"}],"predecessor-version":[{"id":72062,"href":"https:\/\/lospoliticosveracruz.com\/index.php?rest_route=\/wp\/v2\/posts\/72060\/revisions\/72062"}],"wp:attachment":[{"href":"https:\/\/lospoliticosveracruz.com\/index.php?rest_route=%2Fwp%2Fv2%2Fmedia&parent=72060"}],"wp:term":[{"taxonomy":"category","embeddable":true,"href":"https:\/\/lospoliticosveracruz.com\/index.php?rest_route=%2Fwp%2Fv2%2Fcategories&post=72060"},{"taxonomy":"post_tag","embeddable":true,"href":"https:\/\/lospoliticosveracruz.com\/index.php?rest_route=%2Fwp%2Fv2%2Ftags&post=72060"}],"curies":[{"name":"wp","href":"https:\/\/api.w.org\/{rel}","templated":true}]}}