{"id":72063,"date":"2021-05-05T08:39:12","date_gmt":"2021-05-05T13:39:12","guid":{"rendered":"http:\/\/www.lospoliticosveracruz.com.mx\/?p=72063"},"modified":"2021-05-05T08:39:17","modified_gmt":"2021-05-05T13:39:17","slug":"xalapa-david-velasco-sol-azteca-y-campanas","status":"publish","type":"post","link":"https:\/\/lospoliticosveracruz.com\/?p=72063","title":{"rendered":"Xalapa, David Velasco, Sol Azteca y campa\u00f1as"},"content":{"rendered":"\n<p><strong>Enrique Yasser Pompeyo<\/strong><\/p>\n\n\n\n<p><em>Mesa de Redacci\u00f3n<br><\/em><\/p>\n\n\n\n<p>En el inicio de las campa\u00f1as de los candidatos a la presidencia municipal de Xalapa, todos presentaron una larga lista de propuestas, algunas interesantes y otras, simples discursos ret\u00f3ricos.<br>En el caso de David Velasco Chedraui, abanderado por la alianza \u201cVeracruz Va\u201d, dio cifras, datos duros, como se dice en el argot.<br>El candidato mencion\u00f3 un dato que pocos xalape\u00f1os o casi nadie recordaba. Al t\u00e9rmino de su administraci\u00f3n como presidente municipal dej\u00f3 en caja 28 millones de pesos.<br>La raz\u00f3n, el manejo estricto de las finanzas y las contralor\u00edas internas; tanto as\u00ed que no qued\u00f3 a deber una sola factura.<br>M\u00e1s all\u00e1 de discursos, David Velasco fue muy puntual en sus propuestas. Como empresario tiene claro que la generaci\u00f3n de empleos es fundamental y busca atender ese rubro facilitando las inversiones, sin tanta burocracia, pero s\u00ed estrictos en el cumplimiento de las leyes.<br>Seguridad, recolecci\u00f3n de basura y, sobre todo, el abasto de agua, son rubros prioritarios para los xalape\u00f1os.<br>Los ciudadanos de Xalapa lo que esperan de sus autoridades es que los impuestos que pagan, los apliquen en obras, mejor infraestructura y servicios de calidad, y que no se devuelvan recursos millonarios a la Tesorer\u00eda de la Federaci\u00f3n.<br>Las campa\u00f1as apenas comienzan y en los pr\u00f3ximos d\u00edas los candidatos que buscan la silla municipal tratar\u00e1n de convencer a los habitantes de la ciudad capital de que son la mejor opci\u00f3n.<br>Los habitantes deber\u00e1n analizar sobre los proyectos y las propuestas que les presenten para que puedan votar por el mejor perfil. El futuro de Xalapa y las familias depender\u00e1 de ello.<\/p>\n\n\n\n<p><strong>LAS CAMPA\u00d1AS EN COATEPEC<br><\/strong>Este martes, los candidatos de los diferentes partidos pol\u00edticos iniciaron campa\u00f1as en el municipio y distrito de Coatepec en busca de la alcald\u00eda y diputaci\u00f3n local.<br>Los habitantes esperan propuestas serias, reales y, sobre todo, que se puedan llevar a cabo.<br>Algunos de los abanderados son, por la coalici\u00f3n \u201cJuntos Haremos Historia\u201d que conforman los partidos Morena, PT y PVEM, Raymundo Andrade Rivera, quien busca la presidencia municipal y por la diputaci\u00f3n local, Luis Ronaldo Z\u00e1rate D\u00edaz.<br>Andrade Rivera es ingeniero agr\u00f3nomo y se ha desempe\u00f1ado tanto en el \u00e1mbito empresarial como en el p\u00fablico. Tuvo un negocio denominado El\u00e9ctrica Andrade y otro de la construcci\u00f3n Super Pega. Es miembro fundador del Movimiento de Regeneraci\u00f3n Nacional y de una docena de comit\u00e9s seccionales.<br>Juntos recorrieron la comunidad de Tuzamapan en compa\u00f1\u00eda de Linda Rub\u00ed Mart\u00ednez D\u00edaz, quien va en la planilla como candidata a s\u00edndica.<br>Por la alianza \u201cVa por Veracruz\u201d los abanderados son Everardo Soto Matla para la diputaci\u00f3n y Jos\u00e9 Manuel S\u00e1nchez para la alcald\u00eda.<br>El primero ha sido dos veces alcalde de Ixhuac\u00e1n de los Reyes y el segundo del pueblo m\u00e1gico, as\u00ed como legislador.<br>Paco Soto, como lo conoce la poblaci\u00f3n, inici\u00f3 su campa\u00f1a con una conferencia de prensa donde expuso los motivos para buscar una curul local y el respaldo que le dar\u00e1 a los municipios que conforman el distrito. Manolo S\u00e1nchez comenz\u00f3 con un recorrido por la comunidad de Pacho Viejo.<br>Por Movimiento Ciudadano, Andr\u00e9s Cuevas Melo contiende para la presidencia municipal y Benjam\u00edn S\u00e1nchez Flores para la diputaci\u00f3n. Tambi\u00e9n estuvo Edson Corona, quien es candidato a la regidur\u00eda primera.<br>Los abanderados por el partido naranja tambi\u00e9n comenzaron temprano con una conferencia donde abordaron sus principales propuestas y por la tarde estuvieron en la explanada del Beneficio La Mata, donde se dio a conocer el mensaje formal de campa\u00f1a.<br>Otros abanderados para la presidencia municipal de Coatepec son Israel Contreras Arg\u00fcelles por Redes Sociales Progresistas, quien recorri\u00f3 las principales calles de la cabecera municipal; Humberto \u201cTomas\u201d Flores por Unidad Ciudadana; Javier Fernando Ver\u00f3nica Fern\u00e1ndez, quien es candidato independiente; Pepe Dom\u00ednguez de Todos por Veracruz, entre otros.<\/p>\n\n\n\n<p><strong>PROPUESTAS Y EXPERIENCIA, PILARES DEL PRD EN CAMPA\u00d1AS<br><\/strong>Como una campa\u00f1a humana, social, de propuestas s\u00f3lidas e iniciativas a favor de las y los veracruzanos, calific\u00f3 Sergio Cadena Mart\u00ednez el arranque de actividades de las y los candidatos a las alcald\u00edas y las diputaciones locales del PRD y de la alianza Va por M\u00e9xico, al recorrer las calles de Mariano Escobedo junto a cientos de simpatizantes y militantes.<br>Acompa\u00f1ado por Lupita Dur\u00e1n e Igor Roj\u00ed, candidatos a la alcald\u00eda de Mariano Escobedo y la diputaci\u00f3n federal por el distrito XV, respectivamente y Fernando Ochoa, candidato a la alcald\u00eda de Ixhuatlancillo; Cadena Mart\u00ednez resalt\u00f3 el ambiente de fiesta que se vive en torno a los candidatos del Partido de la Revoluci\u00f3n Democr\u00e1tica, lo que es producto del trabajo y la confianza del trabajo conjunto de los \u00faltimos meses.<br>\u201cVamos a ganar porque tenemos gente con experiencia, gente con resultados, las mejores mujeres y los mejores hombres, y eso es lo que quiere la gente; llegamos unidos al interior y al exterior, los tres partidos m\u00e1s fuertes vamos a demostrar con trabajo nuestro compromiso con la gente, con el estado y el pa\u00eds\u201d, apunt\u00f3.<br>En Ixhuatlancillo, el l\u00edder del partido del Sol Azteca dialog\u00f3 con habitantes de distintos sectores del municipio para posteriormente encabezar una marcha ciudadana donde el candidato a la diputaci\u00f3n local de la alianza Va por M\u00e9xico, Israel P\u00e9rez ofreci\u00f3 ser un digno representante de los habitantes de la zona centro.<br>Asimismo, hizo \u00e9nfasis en que el arranque electoral perredista representa a un partido pol\u00edtico renovado que honra su palabra con la gente, y su \u00fanica meta es recuperar a Veracruz para llevarlo a un mejor futuro donde los temas de las familias m\u00e1s necesitadas sean la prioridad.<br>Por su parte, Igor Roj\u00ed, candidato a la diputaci\u00f3n federal reconoci\u00f3 la pasi\u00f3n y el \u00e1nimo de las estructuras perredistas de su distrito, lo que dijo garantiza el triunfo de las y los candidatos del distrito XV.<\/p>\n\n\n\n<p>enriquepompeyo@hotmail.com<\/p>\n","protected":false},"excerpt":{"rendered":"<p>Enrique Yasser Pompeyo Mesa de Redacci\u00f3n En el inicio de las campa\u00f1as de los candidatos a la presidencia municipal de Xalapa, todos presentaron una larga lista de propuestas, algunas interesantes y otras, simples discursos ret\u00f3ricos.En el caso de David Velasco Chedraui, abanderado por la alianza \u201cVeracruz Va\u201d, dio cifras, datos duros, como se dice en [&hellip;]<\/p>\n","protected":false},"author":2,"featured_media":0,"comment_status":"closed","ping_status":"closed","sticky":false,"template":"","format":"standard","meta":{"tdm_status":"","tdm_grid_status":"","footnotes":""},"categories":[70],"tags":[277,407,15477,4822,6916,10467,10841,26907,26470,2327,13203,25692,96],"class_list":{"0":"post-72063","1":"post","2":"type-post","3":"status-publish","4":"format-standard","6":"category-de-opinion","7":"tag-coatepec","8":"tag-david-velasco-chedraui","9":"tag-enrique-yasser-pompeyo","10":"tag-everardo-soto-matla","11":"tag-jose-manuel-sanchez","12":"tag-juntos-haremos-historia","13":"tag-linda-rubi-martinez-diaz","14":"tag-luis-ronaldo-zarate-diaz","15":"tag-morena-pvem-y-pt","16":"tag-movimiento-ciudadano","17":"tag-raymundo-andrade-rivera","18":"tag-veracruz-va","19":"tag-xalapa"},"yoast_head":"<!-- This site is optimized with the Yoast SEO plugin v27.4 - https:\/\/yoast.com\/product\/yoast-seo-wordpress\/ -->\n<title>Xalapa, David Velasco, Sol Azteca y campa\u00f1as - Los pol\u00edticos Veracruz<\/title>\n<meta name=\"robots\" content=\"index, follow, max-snippet:-1, max-image-preview:large, max-video-preview:-1\" \/>\n<link rel=\"canonical\" href=\"https:\/\/lospoliticosveracruz.com\/?p=72063\" \/>\n<meta property=\"og:locale\" content=\"es_ES\" \/>\n<meta property=\"og:type\" content=\"article\" \/>\n<meta property=\"og:title\" content=\"Xalapa, David Velasco, Sol Azteca y campa\u00f1as - Los pol\u00edticos Veracruz\" \/>\n<meta property=\"og:description\" content=\"Enrique Yasser Pompeyo Mesa de Redacci\u00f3n En el inicio de las campa\u00f1as de los candidatos a la presidencia municipal de Xalapa, todos presentaron una larga lista de propuestas, algunas interesantes y otras, simples discursos ret\u00f3ricos.En el caso de David Velasco Chedraui, abanderado por la alianza \u201cVeracruz Va\u201d, dio cifras, datos duros, como se dice en [&hellip;]\" \/>\n<meta property=\"og:url\" content=\"https:\/\/lospoliticosveracruz.com\/?p=72063\" \/>\n<meta property=\"og:site_name\" content=\"Los pol\u00edticos Veracruz\" \/>\n<meta property=\"article:publisher\" content=\"https:\/\/www.facebook.com\/people\/Notimemes-de-los-Polticos\/61565672886568\/\" \/>\n<meta property=\"article:published_time\" content=\"2021-05-05T13:39:12+00:00\" \/>\n<meta property=\"article:modified_time\" content=\"2021-05-05T13:39:17+00:00\" \/>\n<meta property=\"og:image\" content=\"https:\/\/lospoliticosveracruz.com\/wp-content\/uploads\/2016\/07\/Logo-Dor.jpg\" \/>\n\t<meta property=\"og:image:width\" content=\"200\" \/>\n\t<meta property=\"og:image:height\" content=\"200\" \/>\n\t<meta property=\"og:image:type\" content=\"image\/jpeg\" \/>\n<meta name=\"author\" content=\"Lo viste en Los Pol\u00edticos\" \/>\n<meta name=\"twitter:card\" content=\"summary_large_image\" \/>\n<meta name=\"twitter:creator\" content=\"@LosPoliticosVer\" \/>\n<meta name=\"twitter:site\" content=\"@LosPoliticosVer\" \/>\n<meta name=\"twitter:label1\" content=\"Escrito por\" \/>\n\t<meta name=\"twitter:data1\" content=\"Lo viste en Los Pol\u00edticos\" \/>\n\t<meta name=\"twitter:label2\" content=\"Tiempo de lectura\" \/>\n\t<meta name=\"twitter:data2\" content=\"5 minutos\" \/>\n<script type=\"application\/ld+json\" class=\"yoast-schema-graph\">{\"@context\":\"https:\\\/\\\/schema.org\",\"@graph\":[{\"@type\":\"Article\",\"@id\":\"https:\\\/\\\/lospoliticosveracruz.com\\\/?p=72063#article\",\"isPartOf\":{\"@id\":\"https:\\\/\\\/lospoliticosveracruz.com\\\/?p=72063\"},\"author\":{\"name\":\"Lo viste en Los Pol\u00edticos\",\"@id\":\"https:\\\/\\\/lospoliticosveracruz.com\\\/#\\\/schema\\\/person\\\/b8702bb0e538456e6efd07080bf2a4a2\"},\"headline\":\"Xalapa, David Velasco, Sol Azteca y campa\u00f1as\",\"datePublished\":\"2021-05-05T13:39:12+00:00\",\"dateModified\":\"2021-05-05T13:39:17+00:00\",\"mainEntityOfPage\":{\"@id\":\"https:\\\/\\\/lospoliticosveracruz.com\\\/?p=72063\"},\"wordCount\":1045,\"publisher\":{\"@id\":\"https:\\\/\\\/lospoliticosveracruz.com\\\/#organization\"},\"keywords\":[\"Coatepec\",\"David Velasco Chedraui\",\"Enrique Yasser Pompeyo\",\"Everardo Soto Matla\",\"Jos\u00e9 Manuel S\u00e1nchez\",\"Juntos Haremos Historia\",\"Linda Rub\u00ed Mart\u00ednez D\u00edaz\",\"Luis Ronaldo Z\u00e1rate D\u00edaz\",\"MORENA-PVEM y PT\",\"Movimiento Ciudadano\",\"Raymundo Andrade Rivera\",\"Veracruz Va\",\"Xalapa\"],\"articleSection\":[\"De Opini\u00f3n\"],\"inLanguage\":\"es\"},{\"@type\":\"WebPage\",\"@id\":\"https:\\\/\\\/lospoliticosveracruz.com\\\/?p=72063\",\"url\":\"https:\\\/\\\/lospoliticosveracruz.com\\\/?p=72063\",\"name\":\"Xalapa, David Velasco, Sol Azteca y campa\u00f1as - Los pol\u00edticos Veracruz\",\"isPartOf\":{\"@id\":\"https:\\\/\\\/lospoliticosveracruz.com\\\/#website\"},\"datePublished\":\"2021-05-05T13:39:12+00:00\",\"dateModified\":\"2021-05-05T13:39:17+00:00\",\"breadcrumb\":{\"@id\":\"https:\\\/\\\/lospoliticosveracruz.com\\\/?p=72063#breadcrumb\"},\"inLanguage\":\"es\",\"potentialAction\":[{\"@type\":\"ReadAction\",\"target\":[\"https:\\\/\\\/lospoliticosveracruz.com\\\/?p=72063\"]}]},{\"@type\":\"BreadcrumbList\",\"@id\":\"https:\\\/\\\/lospoliticosveracruz.com\\\/?p=72063#breadcrumb\",\"itemListElement\":[{\"@type\":\"ListItem\",\"position\":1,\"name\":\"Portada\",\"item\":\"https:\\\/\\\/lospoliticosveracruz.com\\\/\"},{\"@type\":\"ListItem\",\"position\":2,\"name\":\"Xalapa, David Velasco, Sol Azteca y campa\u00f1as\"}]},{\"@type\":\"WebSite\",\"@id\":\"https:\\\/\\\/lospoliticosveracruz.com\\\/#website\",\"url\":\"https:\\\/\\\/lospoliticosveracruz.com\\\/\",\"name\":\"Los pol\u00edticos Veracruz\",\"description\":\"\",\"publisher\":{\"@id\":\"https:\\\/\\\/lospoliticosveracruz.com\\\/#organization\"},\"potentialAction\":[{\"@type\":\"SearchAction\",\"target\":{\"@type\":\"EntryPoint\",\"urlTemplate\":\"https:\\\/\\\/lospoliticosveracruz.com\\\/?s={search_term_string}\"},\"query-input\":{\"@type\":\"PropertyValueSpecification\",\"valueRequired\":true,\"valueName\":\"search_term_string\"}}],\"inLanguage\":\"es\"},{\"@type\":\"Organization\",\"@id\":\"https:\\\/\\\/lospoliticosveracruz.com\\\/#organization\",\"name\":\"Los pol\u00edticos Veracruz\",\"url\":\"https:\\\/\\\/lospoliticosveracruz.com\\\/\",\"logo\":{\"@type\":\"ImageObject\",\"inLanguage\":\"es\",\"@id\":\"https:\\\/\\\/lospoliticosveracruz.com\\\/#\\\/schema\\\/logo\\\/image\\\/\",\"url\":\"https:\\\/\\\/lospoliticosveracruz.com\\\/wp-content\\\/uploads\\\/2025\\\/12\\\/Logo-Nuevo-LOS-POLITICOS-1.jpg\",\"contentUrl\":\"https:\\\/\\\/lospoliticosveracruz.com\\\/wp-content\\\/uploads\\\/2025\\\/12\\\/Logo-Nuevo-LOS-POLITICOS-1.jpg\",\"width\":260,\"height\":70,\"caption\":\"Los pol\u00edticos Veracruz\"},\"image\":{\"@id\":\"https:\\\/\\\/lospoliticosveracruz.com\\\/#\\\/schema\\\/logo\\\/image\\\/\"},\"sameAs\":[\"https:\\\/\\\/www.facebook.com\\\/people\\\/Notimemes-de-los-Polticos\\\/61565672886568\\\/\",\"https:\\\/\\\/x.com\\\/LosPoliticosVer\"]},{\"@type\":\"Person\",\"@id\":\"https:\\\/\\\/lospoliticosveracruz.com\\\/#\\\/schema\\\/person\\\/b8702bb0e538456e6efd07080bf2a4a2\",\"name\":\"Lo viste en Los Pol\u00edticos\",\"image\":{\"@type\":\"ImageObject\",\"inLanguage\":\"es\",\"@id\":\"https:\\\/\\\/secure.gravatar.com\\\/avatar\\\/3a8de04a2656d44082be478bd6c086daa447c4651605818287b9532d3d0bd435?s=96&d=mm&r=g\",\"url\":\"https:\\\/\\\/secure.gravatar.com\\\/avatar\\\/3a8de04a2656d44082be478bd6c086daa447c4651605818287b9532d3d0bd435?s=96&d=mm&r=g\",\"contentUrl\":\"https:\\\/\\\/secure.gravatar.com\\\/avatar\\\/3a8de04a2656d44082be478bd6c086daa447c4651605818287b9532d3d0bd435?s=96&d=mm&r=g\",\"caption\":\"Lo viste en Los Pol\u00edticos\"},\"url\":\"https:\\\/\\\/lospoliticosveracruz.com\\\/?author=2\"}]}<\/script>\n<!-- \/ Yoast SEO plugin. -->","yoast_head_json":{"title":"Xalapa, David Velasco, Sol Azteca y campa\u00f1as - Los pol\u00edticos Veracruz","robots":{"index":"index","follow":"follow","max-snippet":"max-snippet:-1","max-image-preview":"max-image-preview:large","max-video-preview":"max-video-preview:-1"},"canonical":"https:\/\/lospoliticosveracruz.com\/?p=72063","og_locale":"es_ES","og_type":"article","og_title":"Xalapa, David Velasco, Sol Azteca y campa\u00f1as - Los pol\u00edticos Veracruz","og_description":"Enrique Yasser Pompeyo Mesa de Redacci\u00f3n En el inicio de las campa\u00f1as de los candidatos a la presidencia municipal de Xalapa, todos presentaron una larga lista de propuestas, algunas interesantes y otras, simples discursos ret\u00f3ricos.En el caso de David Velasco Chedraui, abanderado por la alianza \u201cVeracruz Va\u201d, dio cifras, datos duros, como se dice en [&hellip;]","og_url":"https:\/\/lospoliticosveracruz.com\/?p=72063","og_site_name":"Los pol\u00edticos Veracruz","article_publisher":"https:\/\/www.facebook.com\/people\/Notimemes-de-los-Polticos\/61565672886568\/","article_published_time":"2021-05-05T13:39:12+00:00","article_modified_time":"2021-05-05T13:39:17+00:00","og_image":[{"width":200,"height":200,"url":"https:\/\/lospoliticosveracruz.com\/wp-content\/uploads\/2016\/07\/Logo-Dor.jpg","type":"image\/jpeg"}],"author":"Lo viste en Los Pol\u00edticos","twitter_card":"summary_large_image","twitter_creator":"@LosPoliticosVer","twitter_site":"@LosPoliticosVer","twitter_misc":{"Escrito por":"Lo viste en Los Pol\u00edticos","Tiempo de lectura":"5 minutos"},"schema":{"@context":"https:\/\/schema.org","@graph":[{"@type":"Article","@id":"https:\/\/lospoliticosveracruz.com\/?p=72063#article","isPartOf":{"@id":"https:\/\/lospoliticosveracruz.com\/?p=72063"},"author":{"name":"Lo viste en Los Pol\u00edticos","@id":"https:\/\/lospoliticosveracruz.com\/#\/schema\/person\/b8702bb0e538456e6efd07080bf2a4a2"},"headline":"Xalapa, David Velasco, Sol Azteca y campa\u00f1as","datePublished":"2021-05-05T13:39:12+00:00","dateModified":"2021-05-05T13:39:17+00:00","mainEntityOfPage":{"@id":"https:\/\/lospoliticosveracruz.com\/?p=72063"},"wordCount":1045,"publisher":{"@id":"https:\/\/lospoliticosveracruz.com\/#organization"},"keywords":["Coatepec","David Velasco Chedraui","Enrique Yasser Pompeyo","Everardo Soto Matla","Jos\u00e9 Manuel S\u00e1nchez","Juntos Haremos Historia","Linda Rub\u00ed Mart\u00ednez D\u00edaz","Luis Ronaldo Z\u00e1rate D\u00edaz","MORENA-PVEM y PT","Movimiento Ciudadano","Raymundo Andrade Rivera","Veracruz Va","Xalapa"],"articleSection":["De Opini\u00f3n"],"inLanguage":"es"},{"@type":"WebPage","@id":"https:\/\/lospoliticosveracruz.com\/?p=72063","url":"https:\/\/lospoliticosveracruz.com\/?p=72063","name":"Xalapa, David Velasco, Sol Azteca y campa\u00f1as - Los pol\u00edticos Veracruz","isPartOf":{"@id":"https:\/\/lospoliticosveracruz.com\/#website"},"datePublished":"2021-05-05T13:39:12+00:00","dateModified":"2021-05-05T13:39:17+00:00","breadcrumb":{"@id":"https:\/\/lospoliticosveracruz.com\/?p=72063#breadcrumb"},"inLanguage":"es","potentialAction":[{"@type":"ReadAction","target":["https:\/\/lospoliticosveracruz.com\/?p=72063"]}]},{"@type":"BreadcrumbList","@id":"https:\/\/lospoliticosveracruz.com\/?p=72063#breadcrumb","itemListElement":[{"@type":"ListItem","position":1,"name":"Portada","item":"https:\/\/lospoliticosveracruz.com\/"},{"@type":"ListItem","position":2,"name":"Xalapa, David Velasco, Sol Azteca y campa\u00f1as"}]},{"@type":"WebSite","@id":"https:\/\/lospoliticosveracruz.com\/#website","url":"https:\/\/lospoliticosveracruz.com\/","name":"Los pol\u00edticos Veracruz","description":"","publisher":{"@id":"https:\/\/lospoliticosveracruz.com\/#organization"},"potentialAction":[{"@type":"SearchAction","target":{"@type":"EntryPoint","urlTemplate":"https:\/\/lospoliticosveracruz.com\/?s={search_term_string}"},"query-input":{"@type":"PropertyValueSpecification","valueRequired":true,"valueName":"search_term_string"}}],"inLanguage":"es"},{"@type":"Organization","@id":"https:\/\/lospoliticosveracruz.com\/#organization","name":"Los pol\u00edticos Veracruz","url":"https:\/\/lospoliticosveracruz.com\/","logo":{"@type":"ImageObject","inLanguage":"es","@id":"https:\/\/lospoliticosveracruz.com\/#\/schema\/logo\/image\/","url":"https:\/\/lospoliticosveracruz.com\/wp-content\/uploads\/2025\/12\/Logo-Nuevo-LOS-POLITICOS-1.jpg","contentUrl":"https:\/\/lospoliticosveracruz.com\/wp-content\/uploads\/2025\/12\/Logo-Nuevo-LOS-POLITICOS-1.jpg","width":260,"height":70,"caption":"Los pol\u00edticos Veracruz"},"image":{"@id":"https:\/\/lospoliticosveracruz.com\/#\/schema\/logo\/image\/"},"sameAs":["https:\/\/www.facebook.com\/people\/Notimemes-de-los-Polticos\/61565672886568\/","https:\/\/x.com\/LosPoliticosVer"]},{"@type":"Person","@id":"https:\/\/lospoliticosveracruz.com\/#\/schema\/person\/b8702bb0e538456e6efd07080bf2a4a2","name":"Lo viste en Los Pol\u00edticos","image":{"@type":"ImageObject","inLanguage":"es","@id":"https:\/\/secure.gravatar.com\/avatar\/3a8de04a2656d44082be478bd6c086daa447c4651605818287b9532d3d0bd435?s=96&d=mm&r=g","url":"https:\/\/secure.gravatar.com\/avatar\/3a8de04a2656d44082be478bd6c086daa447c4651605818287b9532d3d0bd435?s=96&d=mm&r=g","contentUrl":"https:\/\/secure.gravatar.com\/avatar\/3a8de04a2656d44082be478bd6c086daa447c4651605818287b9532d3d0bd435?s=96&d=mm&r=g","caption":"Lo viste en Los Pol\u00edticos"},"url":"https:\/\/lospoliticosveracruz.com\/?author=2"}]}},"_links":{"self":[{"href":"https:\/\/lospoliticosveracruz.com\/index.php?rest_route=\/wp\/v2\/posts\/72063","targetHints":{"allow":["GET"]}}],"collection":[{"href":"https:\/\/lospoliticosveracruz.com\/index.php?rest_route=\/wp\/v2\/posts"}],"about":[{"href":"https:\/\/lospoliticosveracruz.com\/index.php?rest_route=\/wp\/v2\/types\/post"}],"author":[{"embeddable":true,"href":"https:\/\/lospoliticosveracruz.com\/index.php?rest_route=\/wp\/v2\/users\/2"}],"replies":[{"embeddable":true,"href":"https:\/\/lospoliticosveracruz.com\/index.php?rest_route=%2Fwp%2Fv2%2Fcomments&post=72063"}],"version-history":[{"count":1,"href":"https:\/\/lospoliticosveracruz.com\/index.php?rest_route=\/wp\/v2\/posts\/72063\/revisions"}],"predecessor-version":[{"id":72065,"href":"https:\/\/lospoliticosveracruz.com\/index.php?rest_route=\/wp\/v2\/posts\/72063\/revisions\/72065"}],"wp:attachment":[{"href":"https:\/\/lospoliticosveracruz.com\/index.php?rest_route=%2Fwp%2Fv2%2Fmedia&parent=72063"}],"wp:term":[{"taxonomy":"category","embeddable":true,"href":"https:\/\/lospoliticosveracruz.com\/index.php?rest_route=%2Fwp%2Fv2%2Fcategories&post=72063"},{"taxonomy":"post_tag","embeddable":true,"href":"https:\/\/lospoliticosveracruz.com\/index.php?rest_route=%2Fwp%2Fv2%2Ftags&post=72063"}],"curies":[{"name":"wp","href":"https:\/\/api.w.org\/{rel}","templated":true}]}}