{"id":72073,"date":"2021-05-05T09:47:32","date_gmt":"2021-05-05T14:47:32","guid":{"rendered":"http:\/\/www.lospoliticosveracruz.com.mx\/?p=72073"},"modified":"2021-05-05T09:47:36","modified_gmt":"2021-05-05T14:47:36","slug":"unidad-con-luis-arturo-2","status":"publish","type":"post","link":"https:\/\/lospoliticosveracruz.com\/?p=72073","title":{"rendered":"Unidad con Luis Arturo!"},"content":{"rendered":"\n<p><\/p>\n\n\n\n<p><em>Ciudad Mendoza<\/em><br>Con el respaldo y los mejores augurios de parte de sus simpatizantes, el candidato a la Diputaci\u00f3n Local del Distrito 21 de Ciudad Mendoza por la coalici\u00f3n \u201cJuntos Haremos Historia\u201d, Luis Arturo Santigo Mart\u00ednez, arranc\u00f3 su campa\u00f1a pol\u00edtica en el parque Miguel Hidalgo.<br>Al abanderado de Morena, Verde Ecologista y PT le acompa\u00f1aron los aspirantes a las presidencias municipales por la coalici\u00f3n en las demarcaciones que integran el Distrito: Cinthya Montalvo de Ixhuatlancillo, Ernesto Torres de Nogales, H\u00e9ctor Rodr\u00edguez de Ciudad Mendoza, Lizeth M\u00e9ndez de Huiloapan, Maura Soriano de La Perla y Ricardo P\u00e9rez de R\u00edo Blanco.<br>Con efusividad, emoci\u00f3n y confianza, la militancia se congreg\u00f3 en el acto pol\u00edtico para manifestarle que sin dudar el pr\u00f3ximo 6 de junio el voto ser\u00e1 para \u00e9l, ya que anhelan en el Congreso del Estado ocupe una curul una figura pol\u00edtica con amplia trayectoria y cercan\u00eda social con miras a la transformaci\u00f3n.<br>En su primer mensaje como candidato oficial de Juntos Haremos Historia, Santiago Mart\u00ednez agradeci\u00f3 la asistencia de la militancia al arranque de su campa\u00f1a pol\u00edtica, y los invit\u00f3 a avanzar en el proyecto de la transformaci\u00f3n con dignidad y orgullo.<br>El delegado del partido Verde Ecologista, Sergio Villanueva y el coordinador distrital del PT, Eduardo Galindo Garc\u00eda llamaron a los tres partidos pol\u00edticos a la unidad para llevar al triunfo el proyecto que encabeza Luis Arturo Santiago.<\/p>\n\n\n\n<p>El arranque del proyecto m\u00e1s fortalecido del distrito para repuntar en la elecci\u00f3n del 6 de junio, fue un evento hist\u00f3rico que bajo los protocolos sanitarios congreg\u00f3 a cientos de militantes de tres corrientes pol\u00edticas unidas para lograr el cambio.<\/p>\n","protected":false},"excerpt":{"rendered":"<p>Ciudad MendozaCon el respaldo y los mejores augurios de parte de sus simpatizantes, el candidato a la Diputaci\u00f3n Local del Distrito 21 de Ciudad Mendoza por la coalici\u00f3n \u201cJuntos Haremos Historia\u201d, Luis Arturo Santigo Mart\u00ednez, arranc\u00f3 su campa\u00f1a pol\u00edtica en el parque Miguel Hidalgo.Al abanderado de Morena, Verde Ecologista y PT le acompa\u00f1aron los aspirantes [&hellip;]<\/p>\n","protected":false},"author":2,"featured_media":0,"comment_status":"closed","ping_status":"closed","sticky":false,"template":"","format":"standard","meta":{"tdm_status":"","tdm_grid_status":"","footnotes":""},"categories":[73],"tags":[27743,13084,27744,27745,10467,27746,27741,1026,2289],"class_list":{"0":"post-72073","1":"post","2":"type-post","3":"status-publish","4":"format-standard","6":"category-de-boleto","7":"tag-cinthya-montalvo","8":"tag-ciudad-mendoza","9":"tag-ernesto-torres","10":"tag-hector-rodriguez","11":"tag-juntos-haremos-historia","12":"tag-lizeth-mendez","13":"tag-luis-arturo-santigo-martinez","14":"tag-morena","15":"tag-pt"},"yoast_head":"<!-- This site is optimized with the Yoast SEO plugin v27.4 - https:\/\/yoast.com\/product\/yoast-seo-wordpress\/ -->\n<title>Unidad con Luis Arturo! - Los pol\u00edticos Veracruz<\/title>\n<meta name=\"robots\" content=\"index, follow, max-snippet:-1, max-image-preview:large, max-video-preview:-1\" \/>\n<link rel=\"canonical\" href=\"https:\/\/lospoliticosveracruz.com\/?p=72073\" \/>\n<meta property=\"og:locale\" content=\"es_ES\" \/>\n<meta property=\"og:type\" content=\"article\" \/>\n<meta property=\"og:title\" content=\"Unidad con Luis Arturo! - Los pol\u00edticos Veracruz\" \/>\n<meta property=\"og:description\" content=\"Ciudad MendozaCon el respaldo y los mejores augurios de parte de sus simpatizantes, el candidato a la Diputaci\u00f3n Local del Distrito 21 de Ciudad Mendoza por la coalici\u00f3n \u201cJuntos Haremos Historia\u201d, Luis Arturo Santigo Mart\u00ednez, arranc\u00f3 su campa\u00f1a pol\u00edtica en el parque Miguel Hidalgo.Al abanderado de Morena, Verde Ecologista y PT le acompa\u00f1aron los aspirantes [&hellip;]\" \/>\n<meta property=\"og:url\" content=\"https:\/\/lospoliticosveracruz.com\/?p=72073\" \/>\n<meta property=\"og:site_name\" content=\"Los pol\u00edticos Veracruz\" \/>\n<meta property=\"article:publisher\" content=\"https:\/\/www.facebook.com\/people\/Notimemes-de-los-Polticos\/61565672886568\/\" \/>\n<meta property=\"article:published_time\" content=\"2021-05-05T14:47:32+00:00\" \/>\n<meta property=\"article:modified_time\" content=\"2021-05-05T14:47:36+00:00\" \/>\n<meta property=\"og:image\" content=\"https:\/\/lospoliticosveracruz.com\/wp-content\/uploads\/2016\/07\/Logo-Dor.jpg\" \/>\n\t<meta property=\"og:image:width\" content=\"200\" \/>\n\t<meta property=\"og:image:height\" content=\"200\" \/>\n\t<meta property=\"og:image:type\" content=\"image\/jpeg\" \/>\n<meta name=\"author\" content=\"Lo viste en Los Pol\u00edticos\" \/>\n<meta name=\"twitter:card\" content=\"summary_large_image\" \/>\n<meta name=\"twitter:creator\" content=\"@LosPoliticosVer\" \/>\n<meta name=\"twitter:site\" content=\"@LosPoliticosVer\" \/>\n<meta name=\"twitter:label1\" content=\"Escrito por\" \/>\n\t<meta name=\"twitter:data1\" content=\"Lo viste en Los Pol\u00edticos\" \/>\n\t<meta name=\"twitter:label2\" content=\"Tiempo de lectura\" \/>\n\t<meta name=\"twitter:data2\" content=\"1 minuto\" \/>\n<script type=\"application\/ld+json\" class=\"yoast-schema-graph\">{\"@context\":\"https:\\\/\\\/schema.org\",\"@graph\":[{\"@type\":\"Article\",\"@id\":\"https:\\\/\\\/lospoliticosveracruz.com\\\/?p=72073#article\",\"isPartOf\":{\"@id\":\"https:\\\/\\\/lospoliticosveracruz.com\\\/?p=72073\"},\"author\":{\"name\":\"Lo viste en Los Pol\u00edticos\",\"@id\":\"https:\\\/\\\/lospoliticosveracruz.com\\\/#\\\/schema\\\/person\\\/b8702bb0e538456e6efd07080bf2a4a2\"},\"headline\":\"Unidad con Luis Arturo!\",\"datePublished\":\"2021-05-05T14:47:32+00:00\",\"dateModified\":\"2021-05-05T14:47:36+00:00\",\"mainEntityOfPage\":{\"@id\":\"https:\\\/\\\/lospoliticosveracruz.com\\\/?p=72073\"},\"wordCount\":298,\"publisher\":{\"@id\":\"https:\\\/\\\/lospoliticosveracruz.com\\\/#organization\"},\"keywords\":[\"Cinthya Montalvo\",\"Ciudad Mendoza\",\"Ernesto Torres\",\"H\u00e9ctor Rodr\u00edguez\",\"Juntos Haremos Historia\",\"Lizeth M\u00e9ndez\",\"Luis Arturo Santigo Mart\u00ednez\",\"Morena\",\"PT\"],\"articleSection\":[\"De Boleto\"],\"inLanguage\":\"es\"},{\"@type\":\"WebPage\",\"@id\":\"https:\\\/\\\/lospoliticosveracruz.com\\\/?p=72073\",\"url\":\"https:\\\/\\\/lospoliticosveracruz.com\\\/?p=72073\",\"name\":\"Unidad con Luis Arturo! - Los pol\u00edticos Veracruz\",\"isPartOf\":{\"@id\":\"https:\\\/\\\/lospoliticosveracruz.com\\\/#website\"},\"datePublished\":\"2021-05-05T14:47:32+00:00\",\"dateModified\":\"2021-05-05T14:47:36+00:00\",\"breadcrumb\":{\"@id\":\"https:\\\/\\\/lospoliticosveracruz.com\\\/?p=72073#breadcrumb\"},\"inLanguage\":\"es\",\"potentialAction\":[{\"@type\":\"ReadAction\",\"target\":[\"https:\\\/\\\/lospoliticosveracruz.com\\\/?p=72073\"]}]},{\"@type\":\"BreadcrumbList\",\"@id\":\"https:\\\/\\\/lospoliticosveracruz.com\\\/?p=72073#breadcrumb\",\"itemListElement\":[{\"@type\":\"ListItem\",\"position\":1,\"name\":\"Portada\",\"item\":\"https:\\\/\\\/lospoliticosveracruz.com\\\/\"},{\"@type\":\"ListItem\",\"position\":2,\"name\":\"Unidad con Luis Arturo!\"}]},{\"@type\":\"WebSite\",\"@id\":\"https:\\\/\\\/lospoliticosveracruz.com\\\/#website\",\"url\":\"https:\\\/\\\/lospoliticosveracruz.com\\\/\",\"name\":\"Los pol\u00edticos Veracruz\",\"description\":\"\",\"publisher\":{\"@id\":\"https:\\\/\\\/lospoliticosveracruz.com\\\/#organization\"},\"potentialAction\":[{\"@type\":\"SearchAction\",\"target\":{\"@type\":\"EntryPoint\",\"urlTemplate\":\"https:\\\/\\\/lospoliticosveracruz.com\\\/?s={search_term_string}\"},\"query-input\":{\"@type\":\"PropertyValueSpecification\",\"valueRequired\":true,\"valueName\":\"search_term_string\"}}],\"inLanguage\":\"es\"},{\"@type\":\"Organization\",\"@id\":\"https:\\\/\\\/lospoliticosveracruz.com\\\/#organization\",\"name\":\"Los pol\u00edticos Veracruz\",\"url\":\"https:\\\/\\\/lospoliticosveracruz.com\\\/\",\"logo\":{\"@type\":\"ImageObject\",\"inLanguage\":\"es\",\"@id\":\"https:\\\/\\\/lospoliticosveracruz.com\\\/#\\\/schema\\\/logo\\\/image\\\/\",\"url\":\"https:\\\/\\\/lospoliticosveracruz.com\\\/wp-content\\\/uploads\\\/2025\\\/12\\\/Logo-Nuevo-LOS-POLITICOS-1.jpg\",\"contentUrl\":\"https:\\\/\\\/lospoliticosveracruz.com\\\/wp-content\\\/uploads\\\/2025\\\/12\\\/Logo-Nuevo-LOS-POLITICOS-1.jpg\",\"width\":260,\"height\":70,\"caption\":\"Los pol\u00edticos Veracruz\"},\"image\":{\"@id\":\"https:\\\/\\\/lospoliticosveracruz.com\\\/#\\\/schema\\\/logo\\\/image\\\/\"},\"sameAs\":[\"https:\\\/\\\/www.facebook.com\\\/people\\\/Notimemes-de-los-Polticos\\\/61565672886568\\\/\",\"https:\\\/\\\/x.com\\\/LosPoliticosVer\"]},{\"@type\":\"Person\",\"@id\":\"https:\\\/\\\/lospoliticosveracruz.com\\\/#\\\/schema\\\/person\\\/b8702bb0e538456e6efd07080bf2a4a2\",\"name\":\"Lo viste en Los Pol\u00edticos\",\"image\":{\"@type\":\"ImageObject\",\"inLanguage\":\"es\",\"@id\":\"https:\\\/\\\/secure.gravatar.com\\\/avatar\\\/3a8de04a2656d44082be478bd6c086daa447c4651605818287b9532d3d0bd435?s=96&d=mm&r=g\",\"url\":\"https:\\\/\\\/secure.gravatar.com\\\/avatar\\\/3a8de04a2656d44082be478bd6c086daa447c4651605818287b9532d3d0bd435?s=96&d=mm&r=g\",\"contentUrl\":\"https:\\\/\\\/secure.gravatar.com\\\/avatar\\\/3a8de04a2656d44082be478bd6c086daa447c4651605818287b9532d3d0bd435?s=96&d=mm&r=g\",\"caption\":\"Lo viste en Los Pol\u00edticos\"},\"url\":\"https:\\\/\\\/lospoliticosveracruz.com\\\/?author=2\"}]}<\/script>\n<!-- \/ Yoast SEO plugin. -->","yoast_head_json":{"title":"Unidad con Luis Arturo! - Los pol\u00edticos Veracruz","robots":{"index":"index","follow":"follow","max-snippet":"max-snippet:-1","max-image-preview":"max-image-preview:large","max-video-preview":"max-video-preview:-1"},"canonical":"https:\/\/lospoliticosveracruz.com\/?p=72073","og_locale":"es_ES","og_type":"article","og_title":"Unidad con Luis Arturo! - Los pol\u00edticos Veracruz","og_description":"Ciudad MendozaCon el respaldo y los mejores augurios de parte de sus simpatizantes, el candidato a la Diputaci\u00f3n Local del Distrito 21 de Ciudad Mendoza por la coalici\u00f3n \u201cJuntos Haremos Historia\u201d, Luis Arturo Santigo Mart\u00ednez, arranc\u00f3 su campa\u00f1a pol\u00edtica en el parque Miguel Hidalgo.Al abanderado de Morena, Verde Ecologista y PT le acompa\u00f1aron los aspirantes [&hellip;]","og_url":"https:\/\/lospoliticosveracruz.com\/?p=72073","og_site_name":"Los pol\u00edticos Veracruz","article_publisher":"https:\/\/www.facebook.com\/people\/Notimemes-de-los-Polticos\/61565672886568\/","article_published_time":"2021-05-05T14:47:32+00:00","article_modified_time":"2021-05-05T14:47:36+00:00","og_image":[{"width":200,"height":200,"url":"https:\/\/lospoliticosveracruz.com\/wp-content\/uploads\/2016\/07\/Logo-Dor.jpg","type":"image\/jpeg"}],"author":"Lo viste en Los Pol\u00edticos","twitter_card":"summary_large_image","twitter_creator":"@LosPoliticosVer","twitter_site":"@LosPoliticosVer","twitter_misc":{"Escrito por":"Lo viste en Los Pol\u00edticos","Tiempo de lectura":"1 minuto"},"schema":{"@context":"https:\/\/schema.org","@graph":[{"@type":"Article","@id":"https:\/\/lospoliticosveracruz.com\/?p=72073#article","isPartOf":{"@id":"https:\/\/lospoliticosveracruz.com\/?p=72073"},"author":{"name":"Lo viste en Los Pol\u00edticos","@id":"https:\/\/lospoliticosveracruz.com\/#\/schema\/person\/b8702bb0e538456e6efd07080bf2a4a2"},"headline":"Unidad con Luis Arturo!","datePublished":"2021-05-05T14:47:32+00:00","dateModified":"2021-05-05T14:47:36+00:00","mainEntityOfPage":{"@id":"https:\/\/lospoliticosveracruz.com\/?p=72073"},"wordCount":298,"publisher":{"@id":"https:\/\/lospoliticosveracruz.com\/#organization"},"keywords":["Cinthya Montalvo","Ciudad Mendoza","Ernesto Torres","H\u00e9ctor Rodr\u00edguez","Juntos Haremos Historia","Lizeth M\u00e9ndez","Luis Arturo Santigo Mart\u00ednez","Morena","PT"],"articleSection":["De Boleto"],"inLanguage":"es"},{"@type":"WebPage","@id":"https:\/\/lospoliticosveracruz.com\/?p=72073","url":"https:\/\/lospoliticosveracruz.com\/?p=72073","name":"Unidad con Luis Arturo! - Los pol\u00edticos Veracruz","isPartOf":{"@id":"https:\/\/lospoliticosveracruz.com\/#website"},"datePublished":"2021-05-05T14:47:32+00:00","dateModified":"2021-05-05T14:47:36+00:00","breadcrumb":{"@id":"https:\/\/lospoliticosveracruz.com\/?p=72073#breadcrumb"},"inLanguage":"es","potentialAction":[{"@type":"ReadAction","target":["https:\/\/lospoliticosveracruz.com\/?p=72073"]}]},{"@type":"BreadcrumbList","@id":"https:\/\/lospoliticosveracruz.com\/?p=72073#breadcrumb","itemListElement":[{"@type":"ListItem","position":1,"name":"Portada","item":"https:\/\/lospoliticosveracruz.com\/"},{"@type":"ListItem","position":2,"name":"Unidad con Luis Arturo!"}]},{"@type":"WebSite","@id":"https:\/\/lospoliticosveracruz.com\/#website","url":"https:\/\/lospoliticosveracruz.com\/","name":"Los pol\u00edticos Veracruz","description":"","publisher":{"@id":"https:\/\/lospoliticosveracruz.com\/#organization"},"potentialAction":[{"@type":"SearchAction","target":{"@type":"EntryPoint","urlTemplate":"https:\/\/lospoliticosveracruz.com\/?s={search_term_string}"},"query-input":{"@type":"PropertyValueSpecification","valueRequired":true,"valueName":"search_term_string"}}],"inLanguage":"es"},{"@type":"Organization","@id":"https:\/\/lospoliticosveracruz.com\/#organization","name":"Los pol\u00edticos Veracruz","url":"https:\/\/lospoliticosveracruz.com\/","logo":{"@type":"ImageObject","inLanguage":"es","@id":"https:\/\/lospoliticosveracruz.com\/#\/schema\/logo\/image\/","url":"https:\/\/lospoliticosveracruz.com\/wp-content\/uploads\/2025\/12\/Logo-Nuevo-LOS-POLITICOS-1.jpg","contentUrl":"https:\/\/lospoliticosveracruz.com\/wp-content\/uploads\/2025\/12\/Logo-Nuevo-LOS-POLITICOS-1.jpg","width":260,"height":70,"caption":"Los pol\u00edticos Veracruz"},"image":{"@id":"https:\/\/lospoliticosveracruz.com\/#\/schema\/logo\/image\/"},"sameAs":["https:\/\/www.facebook.com\/people\/Notimemes-de-los-Polticos\/61565672886568\/","https:\/\/x.com\/LosPoliticosVer"]},{"@type":"Person","@id":"https:\/\/lospoliticosveracruz.com\/#\/schema\/person\/b8702bb0e538456e6efd07080bf2a4a2","name":"Lo viste en Los Pol\u00edticos","image":{"@type":"ImageObject","inLanguage":"es","@id":"https:\/\/secure.gravatar.com\/avatar\/3a8de04a2656d44082be478bd6c086daa447c4651605818287b9532d3d0bd435?s=96&d=mm&r=g","url":"https:\/\/secure.gravatar.com\/avatar\/3a8de04a2656d44082be478bd6c086daa447c4651605818287b9532d3d0bd435?s=96&d=mm&r=g","contentUrl":"https:\/\/secure.gravatar.com\/avatar\/3a8de04a2656d44082be478bd6c086daa447c4651605818287b9532d3d0bd435?s=96&d=mm&r=g","caption":"Lo viste en Los Pol\u00edticos"},"url":"https:\/\/lospoliticosveracruz.com\/?author=2"}]}},"_links":{"self":[{"href":"https:\/\/lospoliticosveracruz.com\/index.php?rest_route=\/wp\/v2\/posts\/72073","targetHints":{"allow":["GET"]}}],"collection":[{"href":"https:\/\/lospoliticosveracruz.com\/index.php?rest_route=\/wp\/v2\/posts"}],"about":[{"href":"https:\/\/lospoliticosveracruz.com\/index.php?rest_route=\/wp\/v2\/types\/post"}],"author":[{"embeddable":true,"href":"https:\/\/lospoliticosveracruz.com\/index.php?rest_route=\/wp\/v2\/users\/2"}],"replies":[{"embeddable":true,"href":"https:\/\/lospoliticosveracruz.com\/index.php?rest_route=%2Fwp%2Fv2%2Fcomments&post=72073"}],"version-history":[{"count":1,"href":"https:\/\/lospoliticosveracruz.com\/index.php?rest_route=\/wp\/v2\/posts\/72073\/revisions"}],"predecessor-version":[{"id":72074,"href":"https:\/\/lospoliticosveracruz.com\/index.php?rest_route=\/wp\/v2\/posts\/72073\/revisions\/72074"}],"wp:attachment":[{"href":"https:\/\/lospoliticosveracruz.com\/index.php?rest_route=%2Fwp%2Fv2%2Fmedia&parent=72073"}],"wp:term":[{"taxonomy":"category","embeddable":true,"href":"https:\/\/lospoliticosveracruz.com\/index.php?rest_route=%2Fwp%2Fv2%2Fcategories&post=72073"},{"taxonomy":"post_tag","embeddable":true,"href":"https:\/\/lospoliticosveracruz.com\/index.php?rest_route=%2Fwp%2Fv2%2Ftags&post=72073"}],"curies":[{"name":"wp","href":"https:\/\/api.w.org\/{rel}","templated":true}]}}