{"id":72135,"date":"2021-05-05T23:01:12","date_gmt":"2021-05-06T04:01:12","guid":{"rendered":"http:\/\/www.lospoliticosveracruz.com.mx\/?p=72135"},"modified":"2021-05-05T23:01:17","modified_gmt":"2021-05-06T04:01:17","slug":"candidatos-y-la-cultura","status":"publish","type":"post","link":"https:\/\/lospoliticosveracruz.com\/?p=72135","title":{"rendered":"Candidatos y la cultura"},"content":{"rendered":"\n<p><strong>Enrique Yasser Pompeyo<\/strong><\/p>\n\n\n\n<p><em>Mesa de Redacci\u00f3n<br><\/em><\/p>\n\n\n\n<p>La cultura es un tema que poco o nada abordan los pol\u00edticos, porque dicen que no deja dinero, que no vende.<br>En tiempos de campa\u00f1as electorales, no es la excepci\u00f3n. Hasta el momento, se desconoce si alg\u00fan candidato a los diferentes cargos de elecci\u00f3n popular ha hecho alguna propuesta para impulsar este rubro.<\/p>\n\n\n\n<div class=\"wp-block-image\"><figure class=\"alignleft size-large is-resized\"><a href=\"http:\/\/www.lospoliticosveracruz.com.mx\/wp-content\/uploads\/2021\/04\/Tecajetes.jpeg\"><img loading=\"lazy\" decoding=\"async\" src=\"http:\/\/www.lospoliticosveracruz.com.mx\/wp-content\/uploads\/2021\/04\/Tecajetes.jpeg\" alt=\"\" class=\"wp-image-71008\" width=\"296\" height=\"432\"\/><\/a><\/figure><\/div>\n\n\n\n<p><br>El tema no es menor, por el contrario. El estado de Veracruz cuenta con una amplia riqueza cultural y a pesar de la pandemia actual, ha faltado posicionarla.<br>M\u00e1s all\u00e1 de eventos como Cumbre Taj\u00edn o Hay Festival, se requieren proyectos que lleguen a la poblaci\u00f3n m\u00e1s vulnerable, a aquella que no puede pagar para acudir a obras de teatro, conciertos, incluso, el cine.<br>Si bien de manera independiente grupos art\u00edsticos buscan implementar ideas novedosas para llegar a m\u00e1s poblaci\u00f3n, ha faltado el respaldo oficial.<br>No estar\u00eda mal que alguno de los candidatos atendiera el tema, pues cada rinc\u00f3n de la geograf\u00eda veracruzana guarda una riqueza cultural que necesita ser dada a conocer a\u00fan m\u00e1s.<br>Ojal\u00e1 y los futuros legisladores y alcaldes no lo dejen de lado, pues la cultura, con las estrategias correctas, tambi\u00e9n pueden generar recursos, turismo y posicionar a Veracruz en el escenario internacional.<br>Por cierto, la Casa de Cultura de Coatepec presenta el conversatorio \u201cNarrativas en contextos de encierro\u201d, que se transmitir\u00e1 el jueves 6 de mayo a trav\u00e9s de la p\u00e1gina de Facebook de @CasadeCulturaCoatepecIVEC, a las 17:00 horas.<br>Una interesante charla en la que participar\u00e1n los talleristas intramuros Sebasti\u00e1n Corredor, Daniela Armijo y Quetzalli Dom\u00ednguez, j\u00f3venes que buscan visibilizar el pensar y sentir de las Personas Privadas de la Libertad (PPL), realidad a la que han podido acercarse a trav\u00e9s de proyectos de promoci\u00f3n de lectura y escritura creativa impartidos en Bogot\u00e1, Quintana Roo y Veracruz, respectivamente.<br>Los ponentes tambi\u00e9n ofrecer\u00e1n el taller \u201cMiradas otras: acercamiento a las narrativas carcelarias\u201d, que se impartir\u00e1 de manera virtual a trav\u00e9s de la red social del recinto los d\u00edas 13, 20 y 27 de mayo, a las 17:00 horas. Durante este curso las y los participantes podr\u00e1n leer los textos publicados por escritores presos, as\u00ed como narraciones realizadas desde la perspectiva del que escribe desde afuera sobre el adentro.<br>Se hablar\u00e1 sobre los textos escritos por los participantes del colectivo \u201cPalabras de Alumbre\u201d, taller de escritura creativa del CERESO de Pacho Viejo. La \u00faltima sesi\u00f3n del taller tendr\u00e1 como invitado a un ex PPL, con quien se podr\u00e1 dialogar en torno a temas como el encierro, lo que significa leer y escribir en un contexto como tal, y lo que es, a grandes rasgos, la experiencia propia de la c\u00e1rcel.<\/p>\n\n\n\n<p><strong>SE DEBE REACTIVAR LA ECONOM\u00cdA: DAVID VELASCO<br><\/strong>\u201cVamos a trabajar muy duro por Xalapa, mi propuesta principal es reactivar la econom\u00eda y generar empleos, ya que eso es lo que m\u00e1s necesita la ciudad; el empleo es fundamental para que los xalape\u00f1os tengan dinero en los bolsillos y se resuelvan otros problemas, como la inseguridad\u201d, as\u00ed lo asegur\u00f3 David Velasco Chedraui, candidato de la alianza \u201cVeracruz Va\u201d a la presidencia municipal de la capital.<br>El empresario, que ya ha sido alcalde de Xalapa y diputado local, expres\u00f3 que cuenta con la experiencia y el proyecto para sacar adelante al municipio de los graves problemas que enfrenta en la actualidad e insisti\u00f3 en que el primer eje de sus propuestas es el empleo, \u201cporque en la medida en que se mitigue el desempleo va a disminuir la inseguridad; Xalapa ya se encuentra entre las ciudades m\u00e1s inseguras, por el alto \u00edndice de secuestros y robo a transe\u00fantes\u201d.<br>Al referirse a las mediciones o encuestas, que muchos utilizan con fines electorales, coment\u00f3 que \u201ca cada candidato que se le pregunte va a decir que va arriba, pero nosotros estamos viendo el entusiasmo y el inter\u00e9s de la gente por un proyecto que les resuelva sus problemas, que tenga experiencia y no que venga a improvisar, como ya lo hemos visto\u201d.<br>\u201cHoy en d\u00eda tenemos una Xalapa un poco cansada de las autoridades, que han dado cero apoyos y cero respaldos a sus necesidades. La principal funci\u00f3n de un alcalde es hacer obras y brindar servicios de calidad y si eso falla, como sucede en Xalapa, pues no se est\u00e1 cumpliendo con lo fundamental\u201d, destac\u00f3.<br>\u201cPor eso la gente nos est\u00e1 brindando su apoyo y su respaldo, como lo vimos en el campo de la FREDEPO, en la Colonia Reserva del Tronconal. Fue un encuentro con much\u00edsima gente. Eso te da mucha confianza, mucha esperanza de seguir adelante, porque no fueron acarreados y en todos ellos veo mucho hartazgo hacia la actual administraci\u00f3n, porque ven poco apoyo, ven pocas obras y en mi caso la gente ya sabe que trabajamos muy bien y que entregamos buenas cuentas\u201d, indic\u00f3.<\/p>\n\n\n\n<p><strong>32 A\u00d1OS DEL SOL<br><\/strong>El \u00e1nimo de participaci\u00f3n de la ciudadan\u00eda para lograr cambiar a Veracruz alienta la participaci\u00f3n de las y los candidatos a diputados y alcaldes de la coalici\u00f3n Va por Veracruz y sobre todo de los del Partido de la Revoluci\u00f3n Democr\u00e1tica (PRD), se\u00f1al\u00f3 Sergio Cadena Mart\u00ednez, presidente de dicho instituto pol\u00edtico.<br>De gira por la zona de Zongolica, envi\u00f3 una c\u00e1lida felicitaci\u00f3n a las y los perredistas, militantes y simpatizantes de todo Veracruz por el 32 aniversario de la fundaci\u00f3n del PRD, lo que, dijo, celebran con trabajo arduo, intenso, serio y responsable para que la situaci\u00f3n tan cr\u00edtica del estado y el pa\u00eds cambie en el corto plazo, en tanto llegan los pr\u00f3ximos 32 a\u00f1os de un partido con un futuro promisorio; \u201cfuimos a recorrer varias comunidades, constatar el respaldo ciudadano para nuestras candidatas a las diputaciones federal y estatal, vimos gente con mucho entusiasmo, con determinaci\u00f3n de cambiar las cosas, de que se hagan mejores, en la zona tenemos el trabajo de Juan Carlos Mezhua y seguramente saldremos victoriosos\u201d.<\/p>\n\n\n\n<div class=\"wp-block-image\"><figure class=\"alignleft size-large is-resized\"><a href=\"https:\/\/drive.google.com\/file\/d\/1Q9mJWAbAAcSE5Xy3gLetz4G7zcZVnOr5\/view?fbclid=IwAR21RCgSVy7rnC7mFt72TIVuewikDvUknkwyTne89f8AwxPGge10KkDXXhI\"><img loading=\"lazy\" decoding=\"async\" src=\"http:\/\/www.lospoliticosveracruz.com.mx\/wp-content\/uploads\/2021\/04\/CLASES-MAGISTRALES.jpg\" alt=\"\" class=\"wp-image-70534\" width=\"350\" height=\"232\"\/><\/a><\/figure><\/div>\n\n\n\n<p><br>El l\u00edder del Sol Azteca destac\u00f3 la gran fiesta que viven tanto el PRD como Veracruz, donde tambi\u00e9n participan \u201chermanas y hermanos\u201d del resto de los partidos pol\u00edticos que integran la alianza Va por Veracruz, quienes han decidido sumarse al movimiento pol\u00edtico ciudadano de cambio que se alzar\u00e1 con el triunfo el pr\u00f3ximo 6 de junio.<br>En la comunidad de Emiliano Zapata, Sabina Mart\u00ednez y Sergio Cadena escucharon y dialogaron con amas de casa y jefas de familia, quienes solicitaron se les auxilie para que los programas sociales de ayuda a ese sector regresen y se fortalezcan, as\u00ed como los apoyos para las y ni\u00f1as y ni\u00f1os de toda la zona serrana, quienes enfrentan el problema de la falta de canales de comunicaci\u00f3n para la toma de clases en l\u00ednea.<br>Por su parte, Sabina Mart\u00ednez, candidata a la diputaci\u00f3n federal de la alianza Va por M\u00e9xico se comprometi\u00f3 a ser una digna representante de las mujeres de la regi\u00f3n y de las perredistas veracruzanas en general, quien no ser\u00e1 una legisladora levantadedos.<\/p>\n\n\n\n<p>enriquepompeyo@hotmail.com<\/p>\n","protected":false},"excerpt":{"rendered":"<p>Enrique Yasser Pompeyo Mesa de Redacci\u00f3n La cultura es un tema que poco o nada abordan los pol\u00edticos, porque dicen que no deja dinero, que no vende.En tiempos de campa\u00f1as electorales, no es la excepci\u00f3n. Hasta el momento, se desconoce si alg\u00fan candidato a los diferentes cargos de elecci\u00f3n popular ha hecho alguna propuesta para [&hellip;]<\/p>\n","protected":false},"author":2,"featured_media":0,"comment_status":"closed","ping_status":"closed","sticky":false,"template":"","format":"standard","meta":{"tdm_status":"","tdm_grid_status":"","footnotes":""},"categories":[70],"tags":[18243,2153,407,15477,18735,183,27761,107,7887,96],"class_list":{"0":"post-72135","1":"post","2":"type-post","3":"status-publish","4":"format-standard","6":"category-de-opinion","7":"tag-casa-de-cultura-de-coatepec","8":"tag-cumbre-tajin","9":"tag-david-velasco-chedraui","10":"tag-enrique-yasser-pompeyo","11":"tag-fredepo","12":"tag-hay-festival","13":"tag-narrativas-en-contextos-de-encierro","14":"tag-prd","15":"tag-sergio-cadena-martinez","16":"tag-xalapa"},"yoast_head":"<!-- This site is optimized with the Yoast SEO plugin v27.4 - https:\/\/yoast.com\/product\/yoast-seo-wordpress\/ -->\n<title>Candidatos y la cultura - Los pol\u00edticos Veracruz<\/title>\n<meta name=\"robots\" content=\"index, follow, max-snippet:-1, max-image-preview:large, max-video-preview:-1\" \/>\n<link rel=\"canonical\" href=\"https:\/\/lospoliticosveracruz.com\/?p=72135\" \/>\n<meta property=\"og:locale\" content=\"es_ES\" \/>\n<meta property=\"og:type\" content=\"article\" \/>\n<meta property=\"og:title\" content=\"Candidatos y la cultura - Los pol\u00edticos Veracruz\" \/>\n<meta property=\"og:description\" content=\"Enrique Yasser Pompeyo Mesa de Redacci\u00f3n La cultura es un tema que poco o nada abordan los pol\u00edticos, porque dicen que no deja dinero, que no vende.En tiempos de campa\u00f1as electorales, no es la excepci\u00f3n. Hasta el momento, se desconoce si alg\u00fan candidato a los diferentes cargos de elecci\u00f3n popular ha hecho alguna propuesta para [&hellip;]\" \/>\n<meta property=\"og:url\" content=\"https:\/\/lospoliticosveracruz.com\/?p=72135\" \/>\n<meta property=\"og:site_name\" content=\"Los pol\u00edticos Veracruz\" \/>\n<meta property=\"article:publisher\" content=\"https:\/\/www.facebook.com\/people\/Notimemes-de-los-Polticos\/61565672886568\/\" \/>\n<meta property=\"article:published_time\" content=\"2021-05-06T04:01:12+00:00\" \/>\n<meta property=\"article:modified_time\" content=\"2021-05-06T04:01:17+00:00\" \/>\n<meta property=\"og:image\" content=\"http:\/\/www.lospoliticosveracruz.com.mx\/wp-content\/uploads\/2021\/04\/Tecajetes.jpeg\" \/>\n<meta name=\"author\" content=\"Lo viste en Los Pol\u00edticos\" \/>\n<meta name=\"twitter:card\" content=\"summary_large_image\" \/>\n<meta name=\"twitter:creator\" content=\"@LosPoliticosVer\" \/>\n<meta name=\"twitter:site\" content=\"@LosPoliticosVer\" \/>\n<meta name=\"twitter:label1\" content=\"Escrito por\" \/>\n\t<meta name=\"twitter:data1\" content=\"Lo viste en Los Pol\u00edticos\" \/>\n\t<meta name=\"twitter:label2\" content=\"Tiempo de lectura\" \/>\n\t<meta name=\"twitter:data2\" content=\"6 minutos\" \/>\n<script type=\"application\/ld+json\" class=\"yoast-schema-graph\">{\"@context\":\"https:\\\/\\\/schema.org\",\"@graph\":[{\"@type\":\"Article\",\"@id\":\"https:\\\/\\\/lospoliticosveracruz.com\\\/?p=72135#article\",\"isPartOf\":{\"@id\":\"https:\\\/\\\/lospoliticosveracruz.com\\\/?p=72135\"},\"author\":{\"name\":\"Lo viste en Los Pol\u00edticos\",\"@id\":\"https:\\\/\\\/lospoliticosveracruz.com\\\/#\\\/schema\\\/person\\\/b8702bb0e538456e6efd07080bf2a4a2\"},\"headline\":\"Candidatos y la cultura\",\"datePublished\":\"2021-05-06T04:01:12+00:00\",\"dateModified\":\"2021-05-06T04:01:17+00:00\",\"mainEntityOfPage\":{\"@id\":\"https:\\\/\\\/lospoliticosveracruz.com\\\/?p=72135\"},\"wordCount\":1219,\"publisher\":{\"@id\":\"https:\\\/\\\/lospoliticosveracruz.com\\\/#organization\"},\"image\":{\"@id\":\"https:\\\/\\\/lospoliticosveracruz.com\\\/?p=72135#primaryimage\"},\"thumbnailUrl\":\"http:\\\/\\\/www.lospoliticosveracruz.com.mx\\\/wp-content\\\/uploads\\\/2021\\\/04\\\/Tecajetes.jpeg\",\"keywords\":[\"Casa de Cultura de Coatepec\",\"Cumbre Taj\u00edn\",\"David Velasco Chedraui\",\"Enrique Yasser Pompeyo\",\"Fredepo\",\"Hay Festival\",\"Narrativas en contextos de encierro\",\"PRD\",\"Sergio Cadena Mart\u00ednez\",\"Xalapa\"],\"articleSection\":[\"De Opini\u00f3n\"],\"inLanguage\":\"es\"},{\"@type\":\"WebPage\",\"@id\":\"https:\\\/\\\/lospoliticosveracruz.com\\\/?p=72135\",\"url\":\"https:\\\/\\\/lospoliticosveracruz.com\\\/?p=72135\",\"name\":\"Candidatos y la cultura - Los pol\u00edticos Veracruz\",\"isPartOf\":{\"@id\":\"https:\\\/\\\/lospoliticosveracruz.com\\\/#website\"},\"primaryImageOfPage\":{\"@id\":\"https:\\\/\\\/lospoliticosveracruz.com\\\/?p=72135#primaryimage\"},\"image\":{\"@id\":\"https:\\\/\\\/lospoliticosveracruz.com\\\/?p=72135#primaryimage\"},\"thumbnailUrl\":\"http:\\\/\\\/www.lospoliticosveracruz.com.mx\\\/wp-content\\\/uploads\\\/2021\\\/04\\\/Tecajetes.jpeg\",\"datePublished\":\"2021-05-06T04:01:12+00:00\",\"dateModified\":\"2021-05-06T04:01:17+00:00\",\"breadcrumb\":{\"@id\":\"https:\\\/\\\/lospoliticosveracruz.com\\\/?p=72135#breadcrumb\"},\"inLanguage\":\"es\",\"potentialAction\":[{\"@type\":\"ReadAction\",\"target\":[\"https:\\\/\\\/lospoliticosveracruz.com\\\/?p=72135\"]}]},{\"@type\":\"ImageObject\",\"inLanguage\":\"es\",\"@id\":\"https:\\\/\\\/lospoliticosveracruz.com\\\/?p=72135#primaryimage\",\"url\":\"http:\\\/\\\/www.lospoliticosveracruz.com.mx\\\/wp-content\\\/uploads\\\/2021\\\/04\\\/Tecajetes.jpeg\",\"contentUrl\":\"http:\\\/\\\/www.lospoliticosveracruz.com.mx\\\/wp-content\\\/uploads\\\/2021\\\/04\\\/Tecajetes.jpeg\"},{\"@type\":\"BreadcrumbList\",\"@id\":\"https:\\\/\\\/lospoliticosveracruz.com\\\/?p=72135#breadcrumb\",\"itemListElement\":[{\"@type\":\"ListItem\",\"position\":1,\"name\":\"Portada\",\"item\":\"https:\\\/\\\/lospoliticosveracruz.com\\\/\"},{\"@type\":\"ListItem\",\"position\":2,\"name\":\"Candidatos y la cultura\"}]},{\"@type\":\"WebSite\",\"@id\":\"https:\\\/\\\/lospoliticosveracruz.com\\\/#website\",\"url\":\"https:\\\/\\\/lospoliticosveracruz.com\\\/\",\"name\":\"Los pol\u00edticos Veracruz\",\"description\":\"\",\"publisher\":{\"@id\":\"https:\\\/\\\/lospoliticosveracruz.com\\\/#organization\"},\"potentialAction\":[{\"@type\":\"SearchAction\",\"target\":{\"@type\":\"EntryPoint\",\"urlTemplate\":\"https:\\\/\\\/lospoliticosveracruz.com\\\/?s={search_term_string}\"},\"query-input\":{\"@type\":\"PropertyValueSpecification\",\"valueRequired\":true,\"valueName\":\"search_term_string\"}}],\"inLanguage\":\"es\"},{\"@type\":\"Organization\",\"@id\":\"https:\\\/\\\/lospoliticosveracruz.com\\\/#organization\",\"name\":\"Los pol\u00edticos Veracruz\",\"url\":\"https:\\\/\\\/lospoliticosveracruz.com\\\/\",\"logo\":{\"@type\":\"ImageObject\",\"inLanguage\":\"es\",\"@id\":\"https:\\\/\\\/lospoliticosveracruz.com\\\/#\\\/schema\\\/logo\\\/image\\\/\",\"url\":\"https:\\\/\\\/lospoliticosveracruz.com\\\/wp-content\\\/uploads\\\/2025\\\/12\\\/Logo-Nuevo-LOS-POLITICOS-1.jpg\",\"contentUrl\":\"https:\\\/\\\/lospoliticosveracruz.com\\\/wp-content\\\/uploads\\\/2025\\\/12\\\/Logo-Nuevo-LOS-POLITICOS-1.jpg\",\"width\":260,\"height\":70,\"caption\":\"Los pol\u00edticos Veracruz\"},\"image\":{\"@id\":\"https:\\\/\\\/lospoliticosveracruz.com\\\/#\\\/schema\\\/logo\\\/image\\\/\"},\"sameAs\":[\"https:\\\/\\\/www.facebook.com\\\/people\\\/Notimemes-de-los-Polticos\\\/61565672886568\\\/\",\"https:\\\/\\\/x.com\\\/LosPoliticosVer\"]},{\"@type\":\"Person\",\"@id\":\"https:\\\/\\\/lospoliticosveracruz.com\\\/#\\\/schema\\\/person\\\/b8702bb0e538456e6efd07080bf2a4a2\",\"name\":\"Lo viste en Los Pol\u00edticos\",\"image\":{\"@type\":\"ImageObject\",\"inLanguage\":\"es\",\"@id\":\"https:\\\/\\\/secure.gravatar.com\\\/avatar\\\/3a8de04a2656d44082be478bd6c086daa447c4651605818287b9532d3d0bd435?s=96&d=mm&r=g\",\"url\":\"https:\\\/\\\/secure.gravatar.com\\\/avatar\\\/3a8de04a2656d44082be478bd6c086daa447c4651605818287b9532d3d0bd435?s=96&d=mm&r=g\",\"contentUrl\":\"https:\\\/\\\/secure.gravatar.com\\\/avatar\\\/3a8de04a2656d44082be478bd6c086daa447c4651605818287b9532d3d0bd435?s=96&d=mm&r=g\",\"caption\":\"Lo viste en Los Pol\u00edticos\"},\"url\":\"https:\\\/\\\/lospoliticosveracruz.com\\\/?author=2\"}]}<\/script>\n<!-- \/ Yoast SEO plugin. -->","yoast_head_json":{"title":"Candidatos y la cultura - Los pol\u00edticos Veracruz","robots":{"index":"index","follow":"follow","max-snippet":"max-snippet:-1","max-image-preview":"max-image-preview:large","max-video-preview":"max-video-preview:-1"},"canonical":"https:\/\/lospoliticosveracruz.com\/?p=72135","og_locale":"es_ES","og_type":"article","og_title":"Candidatos y la cultura - Los pol\u00edticos Veracruz","og_description":"Enrique Yasser Pompeyo Mesa de Redacci\u00f3n La cultura es un tema que poco o nada abordan los pol\u00edticos, porque dicen que no deja dinero, que no vende.En tiempos de campa\u00f1as electorales, no es la excepci\u00f3n. Hasta el momento, se desconoce si alg\u00fan candidato a los diferentes cargos de elecci\u00f3n popular ha hecho alguna propuesta para [&hellip;]","og_url":"https:\/\/lospoliticosveracruz.com\/?p=72135","og_site_name":"Los pol\u00edticos Veracruz","article_publisher":"https:\/\/www.facebook.com\/people\/Notimemes-de-los-Polticos\/61565672886568\/","article_published_time":"2021-05-06T04:01:12+00:00","article_modified_time":"2021-05-06T04:01:17+00:00","og_image":[{"url":"http:\/\/www.lospoliticosveracruz.com.mx\/wp-content\/uploads\/2021\/04\/Tecajetes.jpeg","type":"","width":"","height":""}],"author":"Lo viste en Los Pol\u00edticos","twitter_card":"summary_large_image","twitter_creator":"@LosPoliticosVer","twitter_site":"@LosPoliticosVer","twitter_misc":{"Escrito por":"Lo viste en Los Pol\u00edticos","Tiempo de lectura":"6 minutos"},"schema":{"@context":"https:\/\/schema.org","@graph":[{"@type":"Article","@id":"https:\/\/lospoliticosveracruz.com\/?p=72135#article","isPartOf":{"@id":"https:\/\/lospoliticosveracruz.com\/?p=72135"},"author":{"name":"Lo viste en Los Pol\u00edticos","@id":"https:\/\/lospoliticosveracruz.com\/#\/schema\/person\/b8702bb0e538456e6efd07080bf2a4a2"},"headline":"Candidatos y la cultura","datePublished":"2021-05-06T04:01:12+00:00","dateModified":"2021-05-06T04:01:17+00:00","mainEntityOfPage":{"@id":"https:\/\/lospoliticosveracruz.com\/?p=72135"},"wordCount":1219,"publisher":{"@id":"https:\/\/lospoliticosveracruz.com\/#organization"},"image":{"@id":"https:\/\/lospoliticosveracruz.com\/?p=72135#primaryimage"},"thumbnailUrl":"http:\/\/www.lospoliticosveracruz.com.mx\/wp-content\/uploads\/2021\/04\/Tecajetes.jpeg","keywords":["Casa de Cultura de Coatepec","Cumbre Taj\u00edn","David Velasco Chedraui","Enrique Yasser Pompeyo","Fredepo","Hay Festival","Narrativas en contextos de encierro","PRD","Sergio Cadena Mart\u00ednez","Xalapa"],"articleSection":["De Opini\u00f3n"],"inLanguage":"es"},{"@type":"WebPage","@id":"https:\/\/lospoliticosveracruz.com\/?p=72135","url":"https:\/\/lospoliticosveracruz.com\/?p=72135","name":"Candidatos y la cultura - Los pol\u00edticos Veracruz","isPartOf":{"@id":"https:\/\/lospoliticosveracruz.com\/#website"},"primaryImageOfPage":{"@id":"https:\/\/lospoliticosveracruz.com\/?p=72135#primaryimage"},"image":{"@id":"https:\/\/lospoliticosveracruz.com\/?p=72135#primaryimage"},"thumbnailUrl":"http:\/\/www.lospoliticosveracruz.com.mx\/wp-content\/uploads\/2021\/04\/Tecajetes.jpeg","datePublished":"2021-05-06T04:01:12+00:00","dateModified":"2021-05-06T04:01:17+00:00","breadcrumb":{"@id":"https:\/\/lospoliticosveracruz.com\/?p=72135#breadcrumb"},"inLanguage":"es","potentialAction":[{"@type":"ReadAction","target":["https:\/\/lospoliticosveracruz.com\/?p=72135"]}]},{"@type":"ImageObject","inLanguage":"es","@id":"https:\/\/lospoliticosveracruz.com\/?p=72135#primaryimage","url":"http:\/\/www.lospoliticosveracruz.com.mx\/wp-content\/uploads\/2021\/04\/Tecajetes.jpeg","contentUrl":"http:\/\/www.lospoliticosveracruz.com.mx\/wp-content\/uploads\/2021\/04\/Tecajetes.jpeg"},{"@type":"BreadcrumbList","@id":"https:\/\/lospoliticosveracruz.com\/?p=72135#breadcrumb","itemListElement":[{"@type":"ListItem","position":1,"name":"Portada","item":"https:\/\/lospoliticosveracruz.com\/"},{"@type":"ListItem","position":2,"name":"Candidatos y la cultura"}]},{"@type":"WebSite","@id":"https:\/\/lospoliticosveracruz.com\/#website","url":"https:\/\/lospoliticosveracruz.com\/","name":"Los pol\u00edticos Veracruz","description":"","publisher":{"@id":"https:\/\/lospoliticosveracruz.com\/#organization"},"potentialAction":[{"@type":"SearchAction","target":{"@type":"EntryPoint","urlTemplate":"https:\/\/lospoliticosveracruz.com\/?s={search_term_string}"},"query-input":{"@type":"PropertyValueSpecification","valueRequired":true,"valueName":"search_term_string"}}],"inLanguage":"es"},{"@type":"Organization","@id":"https:\/\/lospoliticosveracruz.com\/#organization","name":"Los pol\u00edticos Veracruz","url":"https:\/\/lospoliticosveracruz.com\/","logo":{"@type":"ImageObject","inLanguage":"es","@id":"https:\/\/lospoliticosveracruz.com\/#\/schema\/logo\/image\/","url":"https:\/\/lospoliticosveracruz.com\/wp-content\/uploads\/2025\/12\/Logo-Nuevo-LOS-POLITICOS-1.jpg","contentUrl":"https:\/\/lospoliticosveracruz.com\/wp-content\/uploads\/2025\/12\/Logo-Nuevo-LOS-POLITICOS-1.jpg","width":260,"height":70,"caption":"Los pol\u00edticos Veracruz"},"image":{"@id":"https:\/\/lospoliticosveracruz.com\/#\/schema\/logo\/image\/"},"sameAs":["https:\/\/www.facebook.com\/people\/Notimemes-de-los-Polticos\/61565672886568\/","https:\/\/x.com\/LosPoliticosVer"]},{"@type":"Person","@id":"https:\/\/lospoliticosveracruz.com\/#\/schema\/person\/b8702bb0e538456e6efd07080bf2a4a2","name":"Lo viste en Los Pol\u00edticos","image":{"@type":"ImageObject","inLanguage":"es","@id":"https:\/\/secure.gravatar.com\/avatar\/3a8de04a2656d44082be478bd6c086daa447c4651605818287b9532d3d0bd435?s=96&d=mm&r=g","url":"https:\/\/secure.gravatar.com\/avatar\/3a8de04a2656d44082be478bd6c086daa447c4651605818287b9532d3d0bd435?s=96&d=mm&r=g","contentUrl":"https:\/\/secure.gravatar.com\/avatar\/3a8de04a2656d44082be478bd6c086daa447c4651605818287b9532d3d0bd435?s=96&d=mm&r=g","caption":"Lo viste en Los Pol\u00edticos"},"url":"https:\/\/lospoliticosveracruz.com\/?author=2"}]}},"_links":{"self":[{"href":"https:\/\/lospoliticosveracruz.com\/index.php?rest_route=\/wp\/v2\/posts\/72135","targetHints":{"allow":["GET"]}}],"collection":[{"href":"https:\/\/lospoliticosveracruz.com\/index.php?rest_route=\/wp\/v2\/posts"}],"about":[{"href":"https:\/\/lospoliticosveracruz.com\/index.php?rest_route=\/wp\/v2\/types\/post"}],"author":[{"embeddable":true,"href":"https:\/\/lospoliticosveracruz.com\/index.php?rest_route=\/wp\/v2\/users\/2"}],"replies":[{"embeddable":true,"href":"https:\/\/lospoliticosveracruz.com\/index.php?rest_route=%2Fwp%2Fv2%2Fcomments&post=72135"}],"version-history":[{"count":1,"href":"https:\/\/lospoliticosveracruz.com\/index.php?rest_route=\/wp\/v2\/posts\/72135\/revisions"}],"predecessor-version":[{"id":72136,"href":"https:\/\/lospoliticosveracruz.com\/index.php?rest_route=\/wp\/v2\/posts\/72135\/revisions\/72136"}],"wp:attachment":[{"href":"https:\/\/lospoliticosveracruz.com\/index.php?rest_route=%2Fwp%2Fv2%2Fmedia&parent=72135"}],"wp:term":[{"taxonomy":"category","embeddable":true,"href":"https:\/\/lospoliticosveracruz.com\/index.php?rest_route=%2Fwp%2Fv2%2Fcategories&post=72135"},{"taxonomy":"post_tag","embeddable":true,"href":"https:\/\/lospoliticosveracruz.com\/index.php?rest_route=%2Fwp%2Fv2%2Ftags&post=72135"}],"curies":[{"name":"wp","href":"https:\/\/api.w.org\/{rel}","templated":true}]}}