{"id":72162,"date":"2021-05-06T12:55:04","date_gmt":"2021-05-06T17:55:04","guid":{"rendered":"http:\/\/www.lospoliticosveracruz.com.mx\/?p=72162"},"modified":"2021-05-06T12:55:08","modified_gmt":"2021-05-06T17:55:08","slug":"una-planilla-comprometida-para-transformar-al-puerto-exsome","status":"publish","type":"post","link":"https:\/\/lospoliticosveracruz.com\/?p=72162","title":{"rendered":"Una planilla comprometida, para transformar al Puerto: Exsome"},"content":{"rendered":"\n<p><strong>Veracruz<\/strong><\/p>\n\n\n\n<p>La presentaci\u00f3n de la planilla del partido Morena para la integraci\u00f3n de la comuna de Veracruz es plural y representa a los diversos sectores de los veracruzanos.<\/p>\n\n\n\n<p>En conferencia de medios, el candidato por la alianza \u201cJuntos Haremos Historia en Veracruz\u201d, Ricardo Exsome Zapata, dio a conocer tambi\u00e9n que \u201ceste es el concepto de Morena, tener una representaci\u00f3n de todo el pueblo, buscando la diversidad.<\/p>\n\n\n\n<p>\u201cY lo m\u00e1s importante, comprometida en hacer que las cosas cambien en la ciudad de Veracruz porque los panistas la tienen olvidada y en el absoluto abandono.\u201d<\/p>\n\n\n\n<p>El candidato por la Coalici\u00f3n Movimiento de Regeneraci\u00f3n Nacional (Morena), del Trabajo (PT) y Verde Ecologista de M\u00e9xico (PVEM), bajo la denominaci\u00f3n \u201cJuntos Haremos Historia en Veracruz\u201d, Ricardo Exsome Zapata, sentenci\u00f3 que \u201ctodo lo anterior es producto de la corrupci\u00f3n con la que operan\u201d.<\/p>\n\n\n\n<p>Sin embargo, \u201ceso se tiene que acabar y lo vamos hacer con este grupo de mujeres y hombres honestos, \u00edntegros y trabajadores.\u201d<\/p>\n\n\n\n<p>Detall\u00f3 \u201cnosotros s\u00ed tenemos la conciencia y el compromiso de que debemos reconstruir Veracruz en todos lados y para beneficio de todos.\u201d<\/p>\n\n\n\n<p>A continuaci\u00f3n los integrantes de la planilla de Morena: Presidente Ricardo Exsome Zapata, Suplente, Jaime Homs Quiroga;&nbsp; S\u00edndica, Minerva Cobos Lucero; Suplente, Santa Mart\u00ednez Jamet; Regidur\u00eda&nbsp; Primera, Sebasti\u00e1n Cano Rodr\u00edguez; Suplente, Areli Salinas G\u00f3mez;&nbsp; Regidur\u00eda Segunda, Dolores Hern\u00e1ndez Sarmiento; Suplente, Carmen Y\u00e9pez Ram\u00edrez; Regidur\u00eda Tercera, Daniel Mart\u00edn Lois; Suplente, Juan Manuel Mart\u00ednez D\u00edaz; Regidur\u00eda Cuarta, Virginia Rold\u00e1n Ram\u00edrez, Suplente, Ana Osorio Garc\u00eda; Regidur\u00eda Quinta, Jos\u00e9 Patricio Franceschy Mar\u00edn; Suplente, Carlos Ochoa Acosta.<\/p>\n\n\n\n<p>En la Regidur\u00eda Sexta se encuentra Lissethe Mart\u00ednez Echeverr\u00eda; Regidur\u00eda S\u00e9ptima, Wilbert Mota Monta\u00f1a; Suplente, Esa\u00fa Hern\u00e1ndez Hern\u00e1ndez; Regidur\u00eda Octava, Maya Karina S\u00e1nchez Andrade, Suplente, Rebeca Salgado; Regidur\u00eda Novena, Jos\u00e9 Reyes Cruz; Suplente, Jos\u00e9 Antonio Lezama Cuello; Regidur\u00eda D\u00e9cima, Ana Paola Herrera Aparicio;&nbsp; Regidur\u00eda D\u00e9cimo Primera, Porfirio Mendoza Ram\u00edrez; Suplente, Luis Jafet Cerino Angulo; Regidur\u00eda D\u00e9cimo Segunda, Fabiola Berenice Z\u00fa\u00f1iga,&nbsp; Regidur\u00eda D\u00e9cimo Tercera, Adbeel Cornejo Vargas; Suplente, Jorge Santiago Salgado Guati Rojo.<\/p>\n\n\n\n<p><strong>LA RECONSTRUCCI\u00d3N EMPIEZA EL 1 DE ENERO DE 2022<\/strong><\/p>\n\n\n\n<p>La reconstrucci\u00f3n de Veracruz ser\u00e1 a partir del pr\u00f3ximo 1 de enero de 2022, comenzando por las zonas donde m\u00e1s se necesita, a\u00f1adi\u00f3 el candidato por la alianza \u201cJuntos Haremos Historia en Veracruz\u201d, Ricardo Exsome Zapata.<\/p>\n\n\n\n<p>Ante los miembros propuestos por Morena para integrar la pr\u00f3xima comuna porte\u00f1a, destac\u00f3 que \u201cen esta planilla no hay ni cu\u00f1ados, ni primos, ni amigos. Todos est\u00e1n aqu\u00ed por el compromiso de reconstruir Veracruz.\u201d<\/p>\n\n\n\n<p><strong>EXSOME PIDE EL VOTO A LOS CIUDADANOS<\/strong><\/p>\n\n\n\n<p>Durante su recorrido por la periferia de la ciudad visit\u00f3 a los habitantes del fraccionamiento Villa Rica y colonia Camino Real, donde durante m\u00e1s de dos horas convers\u00f3 con los vecinos de la zona norte.<\/p>\n\n\n\n<p>En el di\u00e1logo, le manifestaron la falta de diferentes servicios p\u00fablicos, as\u00ed como la gesti\u00f3n de obras sociales para este sector de la ciudad.<\/p>\n\n\n\n<p>Acompa\u00f1ado de algunos de los aspirantes a conformar su cuerpo edilicio y los diputados federales Julio Carranza Ar\u00e9as y Francisco Lorenzo Cabrera; el ingeniero Exsome Zapata camin\u00f3 por las calles Amparo de la Torre, Josefa Salum, Gema Odila Garz\u00f3n, Virreyes, Josefina del R\u00edo Melo, entre otras.<\/p>\n\n\n\n<p>Toc\u00f3 las puertas de varios hogares y estrech\u00f3 la mano de los vecinos quienes le expresaron sus inquietudes y tambi\u00e9n le manifestaron que le dar\u00e1n el voto que le permita ganar la presidencia municipal el pr\u00f3ximo seis de junio.<\/p>\n\n\n\n<p><strong>DE VIVA VOZ ESCUCHA LAS DEMANDAS DE LOS PORTE\u00d1OS<\/strong><\/p>\n\n\n\n<p>Falta de alumbrado, ausencia de vigilancia por parte de la polic\u00eda municipal, regularizaci\u00f3n de predios, fueron algunas de las peticiones que escuch\u00f3 el candidato de la Coalici\u00f3n Movimiento de Regeneraci\u00f3n Nacional (Morena), del Trabajo (PT) y Verde Ecologista de M\u00e9xico (PVEM), bajo la denominaci\u00f3n \u201cJuntos Haremos Historia en Veracruz\u201d, Ricardo Exsome Zapata.<\/p>\n\n\n\n<p>Ante el cambio clim\u00e1tico que genera una sensaci\u00f3n t\u00e9rmica elevada, la se\u00f1ora Mar\u00eda del Carmen P\u00e9rez Castillo pidi\u00f3 la creaci\u00f3n de m\u00e1s \u00e1reas verdes a fin de mitigar la radiaci\u00f3n solar en calles y avenidas del fraccionamiento Villa Rica y colonia Camino Real.<\/p>\n","protected":false},"excerpt":{"rendered":"<p>Veracruz La presentaci\u00f3n de la planilla del partido Morena para la integraci\u00f3n de la comuna de Veracruz es plural y representa a los diversos sectores de los veracruzanos. En conferencia de medios, el candidato por la alianza \u201cJuntos Haremos Historia en Veracruz\u201d, Ricardo Exsome Zapata, dio a conocer tambi\u00e9n que \u201ceste es el concepto de [&hellip;]<\/p>\n","protected":false},"author":2,"featured_media":0,"comment_status":"closed","ping_status":"closed","sticky":false,"template":"","format":"standard","meta":{"tdm_status":"","tdm_grid_status":"","footnotes":""},"categories":[73],"tags":[27771,11046,1026,13435],"class_list":{"0":"post-72162","1":"post","2":"type-post","3":"status-publish","4":"format-standard","6":"category-de-boleto","7":"tag-jaime-homs-quiroga","8":"tag-minerva-cobos-lucero","9":"tag-morena","10":"tag-ricardo-exsome-zapata"},"yoast_head":"<!-- This site is optimized with the Yoast SEO plugin v27.4 - https:\/\/yoast.com\/product\/yoast-seo-wordpress\/ -->\n<title>Una planilla comprometida, para transformar al Puerto: Exsome - Los pol\u00edticos Veracruz<\/title>\n<meta name=\"robots\" content=\"index, follow, max-snippet:-1, max-image-preview:large, max-video-preview:-1\" \/>\n<link rel=\"canonical\" href=\"https:\/\/lospoliticosveracruz.com\/?p=72162\" \/>\n<meta property=\"og:locale\" content=\"es_ES\" \/>\n<meta property=\"og:type\" content=\"article\" \/>\n<meta property=\"og:title\" content=\"Una planilla comprometida, para transformar al Puerto: Exsome - Los pol\u00edticos Veracruz\" \/>\n<meta property=\"og:description\" content=\"Veracruz La presentaci\u00f3n de la planilla del partido Morena para la integraci\u00f3n de la comuna de Veracruz es plural y representa a los diversos sectores de los veracruzanos. En conferencia de medios, el candidato por la alianza \u201cJuntos Haremos Historia en Veracruz\u201d, Ricardo Exsome Zapata, dio a conocer tambi\u00e9n que \u201ceste es el concepto de [&hellip;]\" \/>\n<meta property=\"og:url\" content=\"https:\/\/lospoliticosveracruz.com\/?p=72162\" \/>\n<meta property=\"og:site_name\" content=\"Los pol\u00edticos Veracruz\" \/>\n<meta property=\"article:publisher\" content=\"https:\/\/www.facebook.com\/people\/Notimemes-de-los-Polticos\/61565672886568\/\" \/>\n<meta property=\"article:published_time\" content=\"2021-05-06T17:55:04+00:00\" \/>\n<meta property=\"article:modified_time\" content=\"2021-05-06T17:55:08+00:00\" \/>\n<meta property=\"og:image\" content=\"https:\/\/lospoliticosveracruz.com\/wp-content\/uploads\/2016\/07\/Logo-Dor.jpg\" \/>\n\t<meta property=\"og:image:width\" content=\"200\" \/>\n\t<meta property=\"og:image:height\" content=\"200\" \/>\n\t<meta property=\"og:image:type\" content=\"image\/jpeg\" \/>\n<meta name=\"author\" content=\"Lo viste en Los Pol\u00edticos\" \/>\n<meta name=\"twitter:card\" content=\"summary_large_image\" \/>\n<meta name=\"twitter:creator\" content=\"@LosPoliticosVer\" \/>\n<meta name=\"twitter:site\" content=\"@LosPoliticosVer\" \/>\n<meta name=\"twitter:label1\" content=\"Escrito por\" \/>\n\t<meta name=\"twitter:data1\" content=\"Lo viste en Los Pol\u00edticos\" \/>\n\t<meta name=\"twitter:label2\" content=\"Tiempo de lectura\" \/>\n\t<meta name=\"twitter:data2\" content=\"4 minutos\" \/>\n<script type=\"application\/ld+json\" class=\"yoast-schema-graph\">{\"@context\":\"https:\\\/\\\/schema.org\",\"@graph\":[{\"@type\":\"Article\",\"@id\":\"https:\\\/\\\/lospoliticosveracruz.com\\\/?p=72162#article\",\"isPartOf\":{\"@id\":\"https:\\\/\\\/lospoliticosveracruz.com\\\/?p=72162\"},\"author\":{\"name\":\"Lo viste en Los Pol\u00edticos\",\"@id\":\"https:\\\/\\\/lospoliticosveracruz.com\\\/#\\\/schema\\\/person\\\/b8702bb0e538456e6efd07080bf2a4a2\"},\"headline\":\"Una planilla comprometida, para transformar al Puerto: Exsome\",\"datePublished\":\"2021-05-06T17:55:04+00:00\",\"dateModified\":\"2021-05-06T17:55:08+00:00\",\"mainEntityOfPage\":{\"@id\":\"https:\\\/\\\/lospoliticosveracruz.com\\\/?p=72162\"},\"wordCount\":756,\"publisher\":{\"@id\":\"https:\\\/\\\/lospoliticosveracruz.com\\\/#organization\"},\"keywords\":[\"Jaime Homs Quiroga\",\"Minerva Cobos Lucero\",\"Morena\",\"Ricardo Exsome Zapata\"],\"articleSection\":[\"De Boleto\"],\"inLanguage\":\"es\"},{\"@type\":\"WebPage\",\"@id\":\"https:\\\/\\\/lospoliticosveracruz.com\\\/?p=72162\",\"url\":\"https:\\\/\\\/lospoliticosveracruz.com\\\/?p=72162\",\"name\":\"Una planilla comprometida, para transformar al Puerto: Exsome - Los pol\u00edticos Veracruz\",\"isPartOf\":{\"@id\":\"https:\\\/\\\/lospoliticosveracruz.com\\\/#website\"},\"datePublished\":\"2021-05-06T17:55:04+00:00\",\"dateModified\":\"2021-05-06T17:55:08+00:00\",\"breadcrumb\":{\"@id\":\"https:\\\/\\\/lospoliticosveracruz.com\\\/?p=72162#breadcrumb\"},\"inLanguage\":\"es\",\"potentialAction\":[{\"@type\":\"ReadAction\",\"target\":[\"https:\\\/\\\/lospoliticosveracruz.com\\\/?p=72162\"]}]},{\"@type\":\"BreadcrumbList\",\"@id\":\"https:\\\/\\\/lospoliticosveracruz.com\\\/?p=72162#breadcrumb\",\"itemListElement\":[{\"@type\":\"ListItem\",\"position\":1,\"name\":\"Portada\",\"item\":\"https:\\\/\\\/lospoliticosveracruz.com\\\/\"},{\"@type\":\"ListItem\",\"position\":2,\"name\":\"Una planilla comprometida, para transformar al Puerto: Exsome\"}]},{\"@type\":\"WebSite\",\"@id\":\"https:\\\/\\\/lospoliticosveracruz.com\\\/#website\",\"url\":\"https:\\\/\\\/lospoliticosveracruz.com\\\/\",\"name\":\"Los pol\u00edticos Veracruz\",\"description\":\"\",\"publisher\":{\"@id\":\"https:\\\/\\\/lospoliticosveracruz.com\\\/#organization\"},\"potentialAction\":[{\"@type\":\"SearchAction\",\"target\":{\"@type\":\"EntryPoint\",\"urlTemplate\":\"https:\\\/\\\/lospoliticosveracruz.com\\\/?s={search_term_string}\"},\"query-input\":{\"@type\":\"PropertyValueSpecification\",\"valueRequired\":true,\"valueName\":\"search_term_string\"}}],\"inLanguage\":\"es\"},{\"@type\":\"Organization\",\"@id\":\"https:\\\/\\\/lospoliticosveracruz.com\\\/#organization\",\"name\":\"Los pol\u00edticos Veracruz\",\"url\":\"https:\\\/\\\/lospoliticosveracruz.com\\\/\",\"logo\":{\"@type\":\"ImageObject\",\"inLanguage\":\"es\",\"@id\":\"https:\\\/\\\/lospoliticosveracruz.com\\\/#\\\/schema\\\/logo\\\/image\\\/\",\"url\":\"https:\\\/\\\/lospoliticosveracruz.com\\\/wp-content\\\/uploads\\\/2025\\\/12\\\/Logo-Nuevo-LOS-POLITICOS-1.jpg\",\"contentUrl\":\"https:\\\/\\\/lospoliticosveracruz.com\\\/wp-content\\\/uploads\\\/2025\\\/12\\\/Logo-Nuevo-LOS-POLITICOS-1.jpg\",\"width\":260,\"height\":70,\"caption\":\"Los pol\u00edticos Veracruz\"},\"image\":{\"@id\":\"https:\\\/\\\/lospoliticosveracruz.com\\\/#\\\/schema\\\/logo\\\/image\\\/\"},\"sameAs\":[\"https:\\\/\\\/www.facebook.com\\\/people\\\/Notimemes-de-los-Polticos\\\/61565672886568\\\/\",\"https:\\\/\\\/x.com\\\/LosPoliticosVer\"]},{\"@type\":\"Person\",\"@id\":\"https:\\\/\\\/lospoliticosveracruz.com\\\/#\\\/schema\\\/person\\\/b8702bb0e538456e6efd07080bf2a4a2\",\"name\":\"Lo viste en Los Pol\u00edticos\",\"image\":{\"@type\":\"ImageObject\",\"inLanguage\":\"es\",\"@id\":\"https:\\\/\\\/secure.gravatar.com\\\/avatar\\\/3a8de04a2656d44082be478bd6c086daa447c4651605818287b9532d3d0bd435?s=96&d=mm&r=g\",\"url\":\"https:\\\/\\\/secure.gravatar.com\\\/avatar\\\/3a8de04a2656d44082be478bd6c086daa447c4651605818287b9532d3d0bd435?s=96&d=mm&r=g\",\"contentUrl\":\"https:\\\/\\\/secure.gravatar.com\\\/avatar\\\/3a8de04a2656d44082be478bd6c086daa447c4651605818287b9532d3d0bd435?s=96&d=mm&r=g\",\"caption\":\"Lo viste en Los Pol\u00edticos\"},\"url\":\"https:\\\/\\\/lospoliticosveracruz.com\\\/?author=2\"}]}<\/script>\n<!-- \/ Yoast SEO plugin. -->","yoast_head_json":{"title":"Una planilla comprometida, para transformar al Puerto: Exsome - Los pol\u00edticos Veracruz","robots":{"index":"index","follow":"follow","max-snippet":"max-snippet:-1","max-image-preview":"max-image-preview:large","max-video-preview":"max-video-preview:-1"},"canonical":"https:\/\/lospoliticosveracruz.com\/?p=72162","og_locale":"es_ES","og_type":"article","og_title":"Una planilla comprometida, para transformar al Puerto: Exsome - Los pol\u00edticos Veracruz","og_description":"Veracruz La presentaci\u00f3n de la planilla del partido Morena para la integraci\u00f3n de la comuna de Veracruz es plural y representa a los diversos sectores de los veracruzanos. En conferencia de medios, el candidato por la alianza \u201cJuntos Haremos Historia en Veracruz\u201d, Ricardo Exsome Zapata, dio a conocer tambi\u00e9n que \u201ceste es el concepto de [&hellip;]","og_url":"https:\/\/lospoliticosveracruz.com\/?p=72162","og_site_name":"Los pol\u00edticos Veracruz","article_publisher":"https:\/\/www.facebook.com\/people\/Notimemes-de-los-Polticos\/61565672886568\/","article_published_time":"2021-05-06T17:55:04+00:00","article_modified_time":"2021-05-06T17:55:08+00:00","og_image":[{"width":200,"height":200,"url":"https:\/\/lospoliticosveracruz.com\/wp-content\/uploads\/2016\/07\/Logo-Dor.jpg","type":"image\/jpeg"}],"author":"Lo viste en Los Pol\u00edticos","twitter_card":"summary_large_image","twitter_creator":"@LosPoliticosVer","twitter_site":"@LosPoliticosVer","twitter_misc":{"Escrito por":"Lo viste en Los Pol\u00edticos","Tiempo de lectura":"4 minutos"},"schema":{"@context":"https:\/\/schema.org","@graph":[{"@type":"Article","@id":"https:\/\/lospoliticosveracruz.com\/?p=72162#article","isPartOf":{"@id":"https:\/\/lospoliticosveracruz.com\/?p=72162"},"author":{"name":"Lo viste en Los Pol\u00edticos","@id":"https:\/\/lospoliticosveracruz.com\/#\/schema\/person\/b8702bb0e538456e6efd07080bf2a4a2"},"headline":"Una planilla comprometida, para transformar al Puerto: Exsome","datePublished":"2021-05-06T17:55:04+00:00","dateModified":"2021-05-06T17:55:08+00:00","mainEntityOfPage":{"@id":"https:\/\/lospoliticosveracruz.com\/?p=72162"},"wordCount":756,"publisher":{"@id":"https:\/\/lospoliticosveracruz.com\/#organization"},"keywords":["Jaime Homs Quiroga","Minerva Cobos Lucero","Morena","Ricardo Exsome Zapata"],"articleSection":["De Boleto"],"inLanguage":"es"},{"@type":"WebPage","@id":"https:\/\/lospoliticosveracruz.com\/?p=72162","url":"https:\/\/lospoliticosveracruz.com\/?p=72162","name":"Una planilla comprometida, para transformar al Puerto: Exsome - Los pol\u00edticos Veracruz","isPartOf":{"@id":"https:\/\/lospoliticosveracruz.com\/#website"},"datePublished":"2021-05-06T17:55:04+00:00","dateModified":"2021-05-06T17:55:08+00:00","breadcrumb":{"@id":"https:\/\/lospoliticosveracruz.com\/?p=72162#breadcrumb"},"inLanguage":"es","potentialAction":[{"@type":"ReadAction","target":["https:\/\/lospoliticosveracruz.com\/?p=72162"]}]},{"@type":"BreadcrumbList","@id":"https:\/\/lospoliticosveracruz.com\/?p=72162#breadcrumb","itemListElement":[{"@type":"ListItem","position":1,"name":"Portada","item":"https:\/\/lospoliticosveracruz.com\/"},{"@type":"ListItem","position":2,"name":"Una planilla comprometida, para transformar al Puerto: Exsome"}]},{"@type":"WebSite","@id":"https:\/\/lospoliticosveracruz.com\/#website","url":"https:\/\/lospoliticosveracruz.com\/","name":"Los pol\u00edticos Veracruz","description":"","publisher":{"@id":"https:\/\/lospoliticosveracruz.com\/#organization"},"potentialAction":[{"@type":"SearchAction","target":{"@type":"EntryPoint","urlTemplate":"https:\/\/lospoliticosveracruz.com\/?s={search_term_string}"},"query-input":{"@type":"PropertyValueSpecification","valueRequired":true,"valueName":"search_term_string"}}],"inLanguage":"es"},{"@type":"Organization","@id":"https:\/\/lospoliticosveracruz.com\/#organization","name":"Los pol\u00edticos Veracruz","url":"https:\/\/lospoliticosveracruz.com\/","logo":{"@type":"ImageObject","inLanguage":"es","@id":"https:\/\/lospoliticosveracruz.com\/#\/schema\/logo\/image\/","url":"https:\/\/lospoliticosveracruz.com\/wp-content\/uploads\/2025\/12\/Logo-Nuevo-LOS-POLITICOS-1.jpg","contentUrl":"https:\/\/lospoliticosveracruz.com\/wp-content\/uploads\/2025\/12\/Logo-Nuevo-LOS-POLITICOS-1.jpg","width":260,"height":70,"caption":"Los pol\u00edticos Veracruz"},"image":{"@id":"https:\/\/lospoliticosveracruz.com\/#\/schema\/logo\/image\/"},"sameAs":["https:\/\/www.facebook.com\/people\/Notimemes-de-los-Polticos\/61565672886568\/","https:\/\/x.com\/LosPoliticosVer"]},{"@type":"Person","@id":"https:\/\/lospoliticosveracruz.com\/#\/schema\/person\/b8702bb0e538456e6efd07080bf2a4a2","name":"Lo viste en Los Pol\u00edticos","image":{"@type":"ImageObject","inLanguage":"es","@id":"https:\/\/secure.gravatar.com\/avatar\/3a8de04a2656d44082be478bd6c086daa447c4651605818287b9532d3d0bd435?s=96&d=mm&r=g","url":"https:\/\/secure.gravatar.com\/avatar\/3a8de04a2656d44082be478bd6c086daa447c4651605818287b9532d3d0bd435?s=96&d=mm&r=g","contentUrl":"https:\/\/secure.gravatar.com\/avatar\/3a8de04a2656d44082be478bd6c086daa447c4651605818287b9532d3d0bd435?s=96&d=mm&r=g","caption":"Lo viste en Los Pol\u00edticos"},"url":"https:\/\/lospoliticosveracruz.com\/?author=2"}]}},"_links":{"self":[{"href":"https:\/\/lospoliticosveracruz.com\/index.php?rest_route=\/wp\/v2\/posts\/72162","targetHints":{"allow":["GET"]}}],"collection":[{"href":"https:\/\/lospoliticosveracruz.com\/index.php?rest_route=\/wp\/v2\/posts"}],"about":[{"href":"https:\/\/lospoliticosveracruz.com\/index.php?rest_route=\/wp\/v2\/types\/post"}],"author":[{"embeddable":true,"href":"https:\/\/lospoliticosveracruz.com\/index.php?rest_route=\/wp\/v2\/users\/2"}],"replies":[{"embeddable":true,"href":"https:\/\/lospoliticosveracruz.com\/index.php?rest_route=%2Fwp%2Fv2%2Fcomments&post=72162"}],"version-history":[{"count":1,"href":"https:\/\/lospoliticosveracruz.com\/index.php?rest_route=\/wp\/v2\/posts\/72162\/revisions"}],"predecessor-version":[{"id":72164,"href":"https:\/\/lospoliticosveracruz.com\/index.php?rest_route=\/wp\/v2\/posts\/72162\/revisions\/72164"}],"wp:attachment":[{"href":"https:\/\/lospoliticosveracruz.com\/index.php?rest_route=%2Fwp%2Fv2%2Fmedia&parent=72162"}],"wp:term":[{"taxonomy":"category","embeddable":true,"href":"https:\/\/lospoliticosveracruz.com\/index.php?rest_route=%2Fwp%2Fv2%2Fcategories&post=72162"},{"taxonomy":"post_tag","embeddable":true,"href":"https:\/\/lospoliticosveracruz.com\/index.php?rest_route=%2Fwp%2Fv2%2Ftags&post=72162"}],"curies":[{"name":"wp","href":"https:\/\/api.w.org\/{rel}","templated":true}]}}