{"id":72169,"date":"2021-05-06T13:32:14","date_gmt":"2021-05-06T18:32:14","guid":{"rendered":"http:\/\/www.lospoliticosveracruz.com.mx\/?p=72169"},"modified":"2021-05-06T13:32:17","modified_gmt":"2021-05-06T18:32:17","slug":"parquimetros-a-la-goma-chiquiyunes","status":"publish","type":"post","link":"https:\/\/lospoliticosveracruz.com\/?p=72169","title":{"rendered":"Parqu\u00edmetros, a la goma!: Chiquiyunes"},"content":{"rendered":"\n<p><strong>Veracruz<\/strong><br>Durante su recorrido de campa\u00f1a por el mercado Malibr\u00e1n, el candidato por la alianza \u201cVeracruz va\u201d PAN-PRI-PRD, Miguel \u00c1ngel Yunes M\u00e1rquez, dio a conocer que como parte de un plan integral de movilidad y de impulso al centro de la ciudad, al llegar a la Presidencia Municipal de Veracruz cancelar\u00e1 la concesi\u00f3n de los parqu\u00edmetros.<br>De esta manera tambi\u00e9n se acabar\u00e1 con las constantes quejas de los ciudadanos ante los abusos que comete la empresa concesionaria, sobre todo en el \u00e1rea del mercado Hidalgo.<br>Dijo que ser\u00e1 el Ayuntamiento quien preste este servicio para que los recursos recaudados sean aplicados directamente en obras y acciones en favor de los porte\u00f1os.<br>Manifest\u00f3 que ese dinero tiene que ser en bien de los veracruzanos. \u201cSe va utilizar espec\u00edficamente en un fideicomiso que estar\u00e1 integrado por hoteleros, restauranteros y por comerciantes del mercado para que se ocupe para acciones en favor del centro de Veracruz\u201d, a\u00f1adi\u00f3.<br>Destac\u00f3 que es un servicio necesario en el centro, porque si no hay parqu\u00edmetros los due\u00f1os o los locatarios se estacionan frente al local y no hay lugar para los clientes. \u201cEs un servicio que se da en todo el mundo, lo que est\u00e1 mal es el abuso y la falta de tolerancia\u201d.<br>Dijo que al ser operado por el Ayuntamiento dar\u00e1 cierto tiempo de tolerancia, sobre todo en la zona de los mercados, para que los clientes puedan comprar sin que se les est\u00e9 infraccionando.<br>Miguel \u00c1ngel Yunes M\u00e1rquez dijo que al ser operados por el Ayuntamiento los parqu\u00edmetros funcionar\u00e1n en condiciones totalmente diferentes y reiter\u00f3 que lo m\u00e1s importante es que el 100% de los recursos recaudados sean utilizado en favor de la gente de Veracruz, en obras y acciones del centro de la ciudad que tanto lo necesita.<br>\u201cNecesitamos entrar a una renovaci\u00f3n total del centro de Veracruz y estos recursos que son en promedio 25 millones de pesos al a\u00f1o en lugar que vayan a la bolsa del concesionario que vayan a la bolsa del veracruzano para hacer obras y acciones\u201d; concluy\u00f3.<br>El candidato a la Presidencia Municipal de Veracruz de la alianza \u201cVeracruz va\u201d el d\u00eda de ayer por la tarde estuvo en la colonia Adolfo L\u00f3pez Mateos, y manifest\u00f3 que en sus recorridos la gente le pide que replique en el puerto de Veracruz lo que hizo en Boca del R\u00edo. \u201cEsa es mi principal fortaleza, la gente ve que dimos resultados y lo que hicimos all\u00e1 quiere que lo hagamos en Veracruz; la ventaja es que tengo experiencia para gobernar y eso ayuda a que la gente tenga m\u00e1s confianza en lo que se puede hacer\u201d.<\/p>\n","protected":false},"excerpt":{"rendered":"<p>VeracruzDurante su recorrido de campa\u00f1a por el mercado Malibr\u00e1n, el candidato por la alianza \u201cVeracruz va\u201d PAN-PRI-PRD, Miguel \u00c1ngel Yunes M\u00e1rquez, dio a conocer que como parte de un plan integral de movilidad y de impulso al centro de la ciudad, al llegar a la Presidencia Municipal de Veracruz cancelar\u00e1 la concesi\u00f3n de los parqu\u00edmetros.De [&hellip;]<\/p>\n","protected":false},"author":2,"featured_media":0,"comment_status":"closed","ping_status":"closed","sticky":false,"template":"","format":"standard","meta":{"tdm_status":"","tdm_grid_status":"","footnotes":""},"categories":[73],"tags":[536,22333,703,25692],"class_list":{"0":"post-72169","1":"post","2":"type-post","3":"status-publish","4":"format-standard","6":"category-de-boleto","7":"tag-miguel-angel-yunes-marquez","8":"tag-pan-pri-prd","9":"tag-parquimetros","10":"tag-veracruz-va"},"yoast_head":"<!-- This site is optimized with the Yoast SEO plugin v27.4 - https:\/\/yoast.com\/product\/yoast-seo-wordpress\/ -->\n<title>Parqu\u00edmetros, a la goma!: Chiquiyunes - Los pol\u00edticos Veracruz<\/title>\n<meta name=\"robots\" content=\"index, follow, max-snippet:-1, max-image-preview:large, max-video-preview:-1\" \/>\n<link rel=\"canonical\" href=\"https:\/\/lospoliticosveracruz.com\/?p=72169\" \/>\n<meta property=\"og:locale\" content=\"es_ES\" \/>\n<meta property=\"og:type\" content=\"article\" \/>\n<meta property=\"og:title\" content=\"Parqu\u00edmetros, a la goma!: Chiquiyunes - Los pol\u00edticos Veracruz\" \/>\n<meta property=\"og:description\" content=\"VeracruzDurante su recorrido de campa\u00f1a por el mercado Malibr\u00e1n, el candidato por la alianza \u201cVeracruz va\u201d PAN-PRI-PRD, Miguel \u00c1ngel Yunes M\u00e1rquez, dio a conocer que como parte de un plan integral de movilidad y de impulso al centro de la ciudad, al llegar a la Presidencia Municipal de Veracruz cancelar\u00e1 la concesi\u00f3n de los parqu\u00edmetros.De [&hellip;]\" \/>\n<meta property=\"og:url\" content=\"https:\/\/lospoliticosveracruz.com\/?p=72169\" \/>\n<meta property=\"og:site_name\" content=\"Los pol\u00edticos Veracruz\" \/>\n<meta property=\"article:publisher\" content=\"https:\/\/www.facebook.com\/people\/Notimemes-de-los-Polticos\/61565672886568\/\" \/>\n<meta property=\"article:published_time\" content=\"2021-05-06T18:32:14+00:00\" \/>\n<meta property=\"article:modified_time\" content=\"2021-05-06T18:32:17+00:00\" \/>\n<meta property=\"og:image\" content=\"https:\/\/lospoliticosveracruz.com\/wp-content\/uploads\/2016\/07\/Logo-Dor.jpg\" \/>\n\t<meta property=\"og:image:width\" content=\"200\" \/>\n\t<meta property=\"og:image:height\" content=\"200\" \/>\n\t<meta property=\"og:image:type\" content=\"image\/jpeg\" \/>\n<meta name=\"author\" content=\"Lo viste en Los Pol\u00edticos\" \/>\n<meta name=\"twitter:card\" content=\"summary_large_image\" \/>\n<meta name=\"twitter:creator\" content=\"@LosPoliticosVer\" \/>\n<meta name=\"twitter:site\" content=\"@LosPoliticosVer\" \/>\n<meta name=\"twitter:label1\" content=\"Escrito por\" \/>\n\t<meta name=\"twitter:data1\" content=\"Lo viste en Los Pol\u00edticos\" \/>\n\t<meta name=\"twitter:label2\" content=\"Tiempo de lectura\" \/>\n\t<meta name=\"twitter:data2\" content=\"2 minutos\" \/>\n<script type=\"application\/ld+json\" class=\"yoast-schema-graph\">{\"@context\":\"https:\\\/\\\/schema.org\",\"@graph\":[{\"@type\":\"Article\",\"@id\":\"https:\\\/\\\/lospoliticosveracruz.com\\\/?p=72169#article\",\"isPartOf\":{\"@id\":\"https:\\\/\\\/lospoliticosveracruz.com\\\/?p=72169\"},\"author\":{\"name\":\"Lo viste en Los Pol\u00edticos\",\"@id\":\"https:\\\/\\\/lospoliticosveracruz.com\\\/#\\\/schema\\\/person\\\/b8702bb0e538456e6efd07080bf2a4a2\"},\"headline\":\"Parqu\u00edmetros, a la goma!: Chiquiyunes\",\"datePublished\":\"2021-05-06T18:32:14+00:00\",\"dateModified\":\"2021-05-06T18:32:17+00:00\",\"mainEntityOfPage\":{\"@id\":\"https:\\\/\\\/lospoliticosveracruz.com\\\/?p=72169\"},\"wordCount\":462,\"publisher\":{\"@id\":\"https:\\\/\\\/lospoliticosveracruz.com\\\/#organization\"},\"keywords\":[\"Miguel \u00c1ngel Yunes M\u00e1rquez\",\"PAN-PRI-PRD\",\"parqu\u00edmetros\",\"Veracruz Va\"],\"articleSection\":[\"De Boleto\"],\"inLanguage\":\"es\"},{\"@type\":\"WebPage\",\"@id\":\"https:\\\/\\\/lospoliticosveracruz.com\\\/?p=72169\",\"url\":\"https:\\\/\\\/lospoliticosveracruz.com\\\/?p=72169\",\"name\":\"Parqu\u00edmetros, a la goma!: Chiquiyunes - Los pol\u00edticos Veracruz\",\"isPartOf\":{\"@id\":\"https:\\\/\\\/lospoliticosveracruz.com\\\/#website\"},\"datePublished\":\"2021-05-06T18:32:14+00:00\",\"dateModified\":\"2021-05-06T18:32:17+00:00\",\"breadcrumb\":{\"@id\":\"https:\\\/\\\/lospoliticosveracruz.com\\\/?p=72169#breadcrumb\"},\"inLanguage\":\"es\",\"potentialAction\":[{\"@type\":\"ReadAction\",\"target\":[\"https:\\\/\\\/lospoliticosveracruz.com\\\/?p=72169\"]}]},{\"@type\":\"BreadcrumbList\",\"@id\":\"https:\\\/\\\/lospoliticosveracruz.com\\\/?p=72169#breadcrumb\",\"itemListElement\":[{\"@type\":\"ListItem\",\"position\":1,\"name\":\"Portada\",\"item\":\"https:\\\/\\\/lospoliticosveracruz.com\\\/\"},{\"@type\":\"ListItem\",\"position\":2,\"name\":\"Parqu\u00edmetros, a la goma!: Chiquiyunes\"}]},{\"@type\":\"WebSite\",\"@id\":\"https:\\\/\\\/lospoliticosveracruz.com\\\/#website\",\"url\":\"https:\\\/\\\/lospoliticosveracruz.com\\\/\",\"name\":\"Los pol\u00edticos Veracruz\",\"description\":\"\",\"publisher\":{\"@id\":\"https:\\\/\\\/lospoliticosveracruz.com\\\/#organization\"},\"potentialAction\":[{\"@type\":\"SearchAction\",\"target\":{\"@type\":\"EntryPoint\",\"urlTemplate\":\"https:\\\/\\\/lospoliticosveracruz.com\\\/?s={search_term_string}\"},\"query-input\":{\"@type\":\"PropertyValueSpecification\",\"valueRequired\":true,\"valueName\":\"search_term_string\"}}],\"inLanguage\":\"es\"},{\"@type\":\"Organization\",\"@id\":\"https:\\\/\\\/lospoliticosveracruz.com\\\/#organization\",\"name\":\"Los pol\u00edticos Veracruz\",\"url\":\"https:\\\/\\\/lospoliticosveracruz.com\\\/\",\"logo\":{\"@type\":\"ImageObject\",\"inLanguage\":\"es\",\"@id\":\"https:\\\/\\\/lospoliticosveracruz.com\\\/#\\\/schema\\\/logo\\\/image\\\/\",\"url\":\"https:\\\/\\\/lospoliticosveracruz.com\\\/wp-content\\\/uploads\\\/2025\\\/12\\\/Logo-Nuevo-LOS-POLITICOS-1.jpg\",\"contentUrl\":\"https:\\\/\\\/lospoliticosveracruz.com\\\/wp-content\\\/uploads\\\/2025\\\/12\\\/Logo-Nuevo-LOS-POLITICOS-1.jpg\",\"width\":260,\"height\":70,\"caption\":\"Los pol\u00edticos Veracruz\"},\"image\":{\"@id\":\"https:\\\/\\\/lospoliticosveracruz.com\\\/#\\\/schema\\\/logo\\\/image\\\/\"},\"sameAs\":[\"https:\\\/\\\/www.facebook.com\\\/people\\\/Notimemes-de-los-Polticos\\\/61565672886568\\\/\",\"https:\\\/\\\/x.com\\\/LosPoliticosVer\"]},{\"@type\":\"Person\",\"@id\":\"https:\\\/\\\/lospoliticosveracruz.com\\\/#\\\/schema\\\/person\\\/b8702bb0e538456e6efd07080bf2a4a2\",\"name\":\"Lo viste en Los Pol\u00edticos\",\"image\":{\"@type\":\"ImageObject\",\"inLanguage\":\"es\",\"@id\":\"https:\\\/\\\/secure.gravatar.com\\\/avatar\\\/3a8de04a2656d44082be478bd6c086daa447c4651605818287b9532d3d0bd435?s=96&d=mm&r=g\",\"url\":\"https:\\\/\\\/secure.gravatar.com\\\/avatar\\\/3a8de04a2656d44082be478bd6c086daa447c4651605818287b9532d3d0bd435?s=96&d=mm&r=g\",\"contentUrl\":\"https:\\\/\\\/secure.gravatar.com\\\/avatar\\\/3a8de04a2656d44082be478bd6c086daa447c4651605818287b9532d3d0bd435?s=96&d=mm&r=g\",\"caption\":\"Lo viste en Los Pol\u00edticos\"},\"url\":\"https:\\\/\\\/lospoliticosveracruz.com\\\/?author=2\"}]}<\/script>\n<!-- \/ Yoast SEO plugin. -->","yoast_head_json":{"title":"Parqu\u00edmetros, a la goma!: Chiquiyunes - Los pol\u00edticos Veracruz","robots":{"index":"index","follow":"follow","max-snippet":"max-snippet:-1","max-image-preview":"max-image-preview:large","max-video-preview":"max-video-preview:-1"},"canonical":"https:\/\/lospoliticosveracruz.com\/?p=72169","og_locale":"es_ES","og_type":"article","og_title":"Parqu\u00edmetros, a la goma!: Chiquiyunes - Los pol\u00edticos Veracruz","og_description":"VeracruzDurante su recorrido de campa\u00f1a por el mercado Malibr\u00e1n, el candidato por la alianza \u201cVeracruz va\u201d PAN-PRI-PRD, Miguel \u00c1ngel Yunes M\u00e1rquez, dio a conocer que como parte de un plan integral de movilidad y de impulso al centro de la ciudad, al llegar a la Presidencia Municipal de Veracruz cancelar\u00e1 la concesi\u00f3n de los parqu\u00edmetros.De [&hellip;]","og_url":"https:\/\/lospoliticosveracruz.com\/?p=72169","og_site_name":"Los pol\u00edticos Veracruz","article_publisher":"https:\/\/www.facebook.com\/people\/Notimemes-de-los-Polticos\/61565672886568\/","article_published_time":"2021-05-06T18:32:14+00:00","article_modified_time":"2021-05-06T18:32:17+00:00","og_image":[{"width":200,"height":200,"url":"https:\/\/lospoliticosveracruz.com\/wp-content\/uploads\/2016\/07\/Logo-Dor.jpg","type":"image\/jpeg"}],"author":"Lo viste en Los Pol\u00edticos","twitter_card":"summary_large_image","twitter_creator":"@LosPoliticosVer","twitter_site":"@LosPoliticosVer","twitter_misc":{"Escrito por":"Lo viste en Los Pol\u00edticos","Tiempo de lectura":"2 minutos"},"schema":{"@context":"https:\/\/schema.org","@graph":[{"@type":"Article","@id":"https:\/\/lospoliticosveracruz.com\/?p=72169#article","isPartOf":{"@id":"https:\/\/lospoliticosveracruz.com\/?p=72169"},"author":{"name":"Lo viste en Los Pol\u00edticos","@id":"https:\/\/lospoliticosveracruz.com\/#\/schema\/person\/b8702bb0e538456e6efd07080bf2a4a2"},"headline":"Parqu\u00edmetros, a la goma!: Chiquiyunes","datePublished":"2021-05-06T18:32:14+00:00","dateModified":"2021-05-06T18:32:17+00:00","mainEntityOfPage":{"@id":"https:\/\/lospoliticosveracruz.com\/?p=72169"},"wordCount":462,"publisher":{"@id":"https:\/\/lospoliticosveracruz.com\/#organization"},"keywords":["Miguel \u00c1ngel Yunes M\u00e1rquez","PAN-PRI-PRD","parqu\u00edmetros","Veracruz Va"],"articleSection":["De Boleto"],"inLanguage":"es"},{"@type":"WebPage","@id":"https:\/\/lospoliticosveracruz.com\/?p=72169","url":"https:\/\/lospoliticosveracruz.com\/?p=72169","name":"Parqu\u00edmetros, a la goma!: Chiquiyunes - Los pol\u00edticos Veracruz","isPartOf":{"@id":"https:\/\/lospoliticosveracruz.com\/#website"},"datePublished":"2021-05-06T18:32:14+00:00","dateModified":"2021-05-06T18:32:17+00:00","breadcrumb":{"@id":"https:\/\/lospoliticosveracruz.com\/?p=72169#breadcrumb"},"inLanguage":"es","potentialAction":[{"@type":"ReadAction","target":["https:\/\/lospoliticosveracruz.com\/?p=72169"]}]},{"@type":"BreadcrumbList","@id":"https:\/\/lospoliticosveracruz.com\/?p=72169#breadcrumb","itemListElement":[{"@type":"ListItem","position":1,"name":"Portada","item":"https:\/\/lospoliticosveracruz.com\/"},{"@type":"ListItem","position":2,"name":"Parqu\u00edmetros, a la goma!: Chiquiyunes"}]},{"@type":"WebSite","@id":"https:\/\/lospoliticosveracruz.com\/#website","url":"https:\/\/lospoliticosveracruz.com\/","name":"Los pol\u00edticos Veracruz","description":"","publisher":{"@id":"https:\/\/lospoliticosveracruz.com\/#organization"},"potentialAction":[{"@type":"SearchAction","target":{"@type":"EntryPoint","urlTemplate":"https:\/\/lospoliticosveracruz.com\/?s={search_term_string}"},"query-input":{"@type":"PropertyValueSpecification","valueRequired":true,"valueName":"search_term_string"}}],"inLanguage":"es"},{"@type":"Organization","@id":"https:\/\/lospoliticosveracruz.com\/#organization","name":"Los pol\u00edticos Veracruz","url":"https:\/\/lospoliticosveracruz.com\/","logo":{"@type":"ImageObject","inLanguage":"es","@id":"https:\/\/lospoliticosveracruz.com\/#\/schema\/logo\/image\/","url":"https:\/\/lospoliticosveracruz.com\/wp-content\/uploads\/2025\/12\/Logo-Nuevo-LOS-POLITICOS-1.jpg","contentUrl":"https:\/\/lospoliticosveracruz.com\/wp-content\/uploads\/2025\/12\/Logo-Nuevo-LOS-POLITICOS-1.jpg","width":260,"height":70,"caption":"Los pol\u00edticos Veracruz"},"image":{"@id":"https:\/\/lospoliticosveracruz.com\/#\/schema\/logo\/image\/"},"sameAs":["https:\/\/www.facebook.com\/people\/Notimemes-de-los-Polticos\/61565672886568\/","https:\/\/x.com\/LosPoliticosVer"]},{"@type":"Person","@id":"https:\/\/lospoliticosveracruz.com\/#\/schema\/person\/b8702bb0e538456e6efd07080bf2a4a2","name":"Lo viste en Los Pol\u00edticos","image":{"@type":"ImageObject","inLanguage":"es","@id":"https:\/\/secure.gravatar.com\/avatar\/3a8de04a2656d44082be478bd6c086daa447c4651605818287b9532d3d0bd435?s=96&d=mm&r=g","url":"https:\/\/secure.gravatar.com\/avatar\/3a8de04a2656d44082be478bd6c086daa447c4651605818287b9532d3d0bd435?s=96&d=mm&r=g","contentUrl":"https:\/\/secure.gravatar.com\/avatar\/3a8de04a2656d44082be478bd6c086daa447c4651605818287b9532d3d0bd435?s=96&d=mm&r=g","caption":"Lo viste en Los Pol\u00edticos"},"url":"https:\/\/lospoliticosveracruz.com\/?author=2"}]}},"_links":{"self":[{"href":"https:\/\/lospoliticosveracruz.com\/index.php?rest_route=\/wp\/v2\/posts\/72169","targetHints":{"allow":["GET"]}}],"collection":[{"href":"https:\/\/lospoliticosveracruz.com\/index.php?rest_route=\/wp\/v2\/posts"}],"about":[{"href":"https:\/\/lospoliticosveracruz.com\/index.php?rest_route=\/wp\/v2\/types\/post"}],"author":[{"embeddable":true,"href":"https:\/\/lospoliticosveracruz.com\/index.php?rest_route=\/wp\/v2\/users\/2"}],"replies":[{"embeddable":true,"href":"https:\/\/lospoliticosveracruz.com\/index.php?rest_route=%2Fwp%2Fv2%2Fcomments&post=72169"}],"version-history":[{"count":1,"href":"https:\/\/lospoliticosveracruz.com\/index.php?rest_route=\/wp\/v2\/posts\/72169\/revisions"}],"predecessor-version":[{"id":72170,"href":"https:\/\/lospoliticosveracruz.com\/index.php?rest_route=\/wp\/v2\/posts\/72169\/revisions\/72170"}],"wp:attachment":[{"href":"https:\/\/lospoliticosveracruz.com\/index.php?rest_route=%2Fwp%2Fv2%2Fmedia&parent=72169"}],"wp:term":[{"taxonomy":"category","embeddable":true,"href":"https:\/\/lospoliticosveracruz.com\/index.php?rest_route=%2Fwp%2Fv2%2Fcategories&post=72169"},{"taxonomy":"post_tag","embeddable":true,"href":"https:\/\/lospoliticosveracruz.com\/index.php?rest_route=%2Fwp%2Fv2%2Ftags&post=72169"}],"curies":[{"name":"wp","href":"https:\/\/api.w.org\/{rel}","templated":true}]}}