{"id":72192,"date":"2021-05-06T16:35:22","date_gmt":"2021-05-06T21:35:22","guid":{"rendered":"http:\/\/www.lospoliticosveracruz.com.mx\/?p=72192"},"modified":"2021-05-06T16:35:29","modified_gmt":"2021-05-06T21:35:29","slug":"dispensarios-medicos-en-todo-medellin-cardenas","status":"publish","type":"post","link":"https:\/\/lospoliticosveracruz.com\/?p=72192","title":{"rendered":"Dispensarios m\u00e9dicos en todo Medell\u00edn: C\u00e1rdenas"},"content":{"rendered":"\n<p><strong>Medell\u00edn de Bravo<br><\/strong>En su tercer d\u00eda de campa\u00f1a, el candidato a la presidencia municipal de Medell\u00edn de la coalici\u00f3n \u201cVeracruz Va\u201d integrada por el PAN, PRI y PRD, Gabriel C\u00e1rdenas Gu\u00edzar, se comprometi\u00f3 a construir 5 dispensarios m\u00e9dicos en la zona rural del municipio los cuales contar\u00e1n con personal m\u00e9dico y medicinas.<br>Record\u00f3 que uno de los ejes principales en lo que se basar\u00e1 su gobierno en caso de ser favorecido por el voto de la ciudadan\u00eda el pr\u00f3ximo 6 de junio, ser\u00e1 la atenci\u00f3n de la salud de los medillenses, por eso de la mano de la edificaci\u00f3n de un hospital de Medell\u00edn en la zona urbana del municipio, proyecta la construcci\u00f3n de dispensarios m\u00e9dicos en la zona rural.<br>El candidato de la coalici\u00f3n PAN, PRI, PRD, se\u00f1al\u00f3 que la construcci\u00f3n de dichos espacios m\u00e9dicos, se realizar\u00e1 con recursos propios y estar\u00e1n ubicados de manera estrat\u00e9gica en localidades a los que mayor n\u00famero de poblaci\u00f3n pueda tener acceso.<br>Indic\u00f3 que a pesar de que existen casas de salud que ha instalado la secretar\u00eda de salud, estas no cuentan con atenci\u00f3n m\u00e9dica ni medicinas y muchas veces pobladores que tienen que desplazarse por largas distancias no encuentran abierto, por eso en su administraci\u00f3n municipal pondr\u00e1 importancia en la calidad de servicio m\u00e9dico a la ciudadan\u00eda y no tenga que pasar por esto.<br>\u201cLa propuesta de salud que tenemos y que est\u00e1 dirigida espec\u00edficamente a la zona rural de Medell\u00edn es la construcci\u00f3n de 5 dispensarios m\u00e9dicos que tengan atenci\u00f3n m\u00e9dica y medicinas. Medell\u00edn es un municipio con una extensi\u00f3n territorial rural significativa y las distancias de un poblado a otro son grandes, nosotros lo que tenemos que hacer es acercar los servicios de salud a las zonas rurales\u201d, asever\u00f3 el candidato de la alianza \u201cVeracruz Va\u201d, a la presidencia municipal de Medell\u00edn, Gabriel C\u00e1rdenas Gu\u00edzar.<br>Este jueves el aspirante a la Alcald\u00eda de Medell\u00edn de Bravo, recorri\u00f3 casa por casa algunas colonias de la localidad de El Tejar, en donde fue bien recibido por sus habitantes y a \u00e9l le permiti\u00f3 escuchar las necesidades m\u00e1s apremiantes de esta zona.<\/p>\n","protected":false},"excerpt":{"rendered":"<p>Medell\u00edn de BravoEn su tercer d\u00eda de campa\u00f1a, el candidato a la presidencia municipal de Medell\u00edn de la coalici\u00f3n \u201cVeracruz Va\u201d integrada por el PAN, PRI y PRD, Gabriel C\u00e1rdenas Gu\u00edzar, se comprometi\u00f3 a construir 5 dispensarios m\u00e9dicos en la zona rural del municipio los cuales contar\u00e1n con personal m\u00e9dico y medicinas.Record\u00f3 que uno de [&hellip;]<\/p>\n","protected":false},"author":2,"featured_media":0,"comment_status":"closed","ping_status":"closed","sticky":false,"template":"","format":"standard","meta":{"tdm_status":"","tdm_grid_status":"","footnotes":""},"categories":[73],"tags":[24503,25692],"class_list":{"0":"post-72192","1":"post","2":"type-post","3":"status-publish","4":"format-standard","6":"category-de-boleto","7":"tag-gabriel-cardenas-guizar","8":"tag-veracruz-va"},"yoast_head":"<!-- This site is optimized with the Yoast SEO plugin v27.4 - https:\/\/yoast.com\/product\/yoast-seo-wordpress\/ -->\n<title>Dispensarios m\u00e9dicos en todo Medell\u00edn: C\u00e1rdenas - Los pol\u00edticos Veracruz<\/title>\n<meta name=\"robots\" content=\"index, follow, max-snippet:-1, max-image-preview:large, max-video-preview:-1\" \/>\n<link rel=\"canonical\" href=\"https:\/\/lospoliticosveracruz.com\/?p=72192\" \/>\n<meta property=\"og:locale\" content=\"es_ES\" \/>\n<meta property=\"og:type\" content=\"article\" \/>\n<meta property=\"og:title\" content=\"Dispensarios m\u00e9dicos en todo Medell\u00edn: C\u00e1rdenas - Los pol\u00edticos Veracruz\" \/>\n<meta property=\"og:description\" content=\"Medell\u00edn de BravoEn su tercer d\u00eda de campa\u00f1a, el candidato a la presidencia municipal de Medell\u00edn de la coalici\u00f3n \u201cVeracruz Va\u201d integrada por el PAN, PRI y PRD, Gabriel C\u00e1rdenas Gu\u00edzar, se comprometi\u00f3 a construir 5 dispensarios m\u00e9dicos en la zona rural del municipio los cuales contar\u00e1n con personal m\u00e9dico y medicinas.Record\u00f3 que uno de [&hellip;]\" \/>\n<meta property=\"og:url\" content=\"https:\/\/lospoliticosveracruz.com\/?p=72192\" \/>\n<meta property=\"og:site_name\" content=\"Los pol\u00edticos Veracruz\" \/>\n<meta property=\"article:publisher\" content=\"https:\/\/www.facebook.com\/people\/Notimemes-de-los-Polticos\/61565672886568\/\" \/>\n<meta property=\"article:published_time\" content=\"2021-05-06T21:35:22+00:00\" \/>\n<meta property=\"article:modified_time\" content=\"2021-05-06T21:35:29+00:00\" \/>\n<meta property=\"og:image\" content=\"https:\/\/lospoliticosveracruz.com\/wp-content\/uploads\/2016\/07\/Logo-Dor.jpg\" \/>\n\t<meta property=\"og:image:width\" content=\"200\" \/>\n\t<meta property=\"og:image:height\" content=\"200\" \/>\n\t<meta property=\"og:image:type\" content=\"image\/jpeg\" \/>\n<meta name=\"author\" content=\"Lo viste en Los Pol\u00edticos\" \/>\n<meta name=\"twitter:card\" content=\"summary_large_image\" \/>\n<meta name=\"twitter:creator\" content=\"@LosPoliticosVer\" \/>\n<meta name=\"twitter:site\" content=\"@LosPoliticosVer\" \/>\n<meta name=\"twitter:label1\" content=\"Escrito por\" \/>\n\t<meta name=\"twitter:data1\" content=\"Lo viste en Los Pol\u00edticos\" \/>\n\t<meta name=\"twitter:label2\" content=\"Tiempo de lectura\" \/>\n\t<meta name=\"twitter:data2\" content=\"2 minutos\" \/>\n<script type=\"application\/ld+json\" class=\"yoast-schema-graph\">{\"@context\":\"https:\\\/\\\/schema.org\",\"@graph\":[{\"@type\":\"Article\",\"@id\":\"https:\\\/\\\/lospoliticosveracruz.com\\\/?p=72192#article\",\"isPartOf\":{\"@id\":\"https:\\\/\\\/lospoliticosveracruz.com\\\/?p=72192\"},\"author\":{\"name\":\"Lo viste en Los Pol\u00edticos\",\"@id\":\"https:\\\/\\\/lospoliticosveracruz.com\\\/#\\\/schema\\\/person\\\/b8702bb0e538456e6efd07080bf2a4a2\"},\"headline\":\"Dispensarios m\u00e9dicos en todo Medell\u00edn: C\u00e1rdenas\",\"datePublished\":\"2021-05-06T21:35:22+00:00\",\"dateModified\":\"2021-05-06T21:35:29+00:00\",\"mainEntityOfPage\":{\"@id\":\"https:\\\/\\\/lospoliticosveracruz.com\\\/?p=72192\"},\"wordCount\":401,\"publisher\":{\"@id\":\"https:\\\/\\\/lospoliticosveracruz.com\\\/#organization\"},\"keywords\":[\"Gabriel C\u00e1rdenas Gu\u00edzar\",\"Veracruz Va\"],\"articleSection\":[\"De Boleto\"],\"inLanguage\":\"es\"},{\"@type\":\"WebPage\",\"@id\":\"https:\\\/\\\/lospoliticosveracruz.com\\\/?p=72192\",\"url\":\"https:\\\/\\\/lospoliticosveracruz.com\\\/?p=72192\",\"name\":\"Dispensarios m\u00e9dicos en todo Medell\u00edn: C\u00e1rdenas - Los pol\u00edticos Veracruz\",\"isPartOf\":{\"@id\":\"https:\\\/\\\/lospoliticosveracruz.com\\\/#website\"},\"datePublished\":\"2021-05-06T21:35:22+00:00\",\"dateModified\":\"2021-05-06T21:35:29+00:00\",\"breadcrumb\":{\"@id\":\"https:\\\/\\\/lospoliticosveracruz.com\\\/?p=72192#breadcrumb\"},\"inLanguage\":\"es\",\"potentialAction\":[{\"@type\":\"ReadAction\",\"target\":[\"https:\\\/\\\/lospoliticosveracruz.com\\\/?p=72192\"]}]},{\"@type\":\"BreadcrumbList\",\"@id\":\"https:\\\/\\\/lospoliticosveracruz.com\\\/?p=72192#breadcrumb\",\"itemListElement\":[{\"@type\":\"ListItem\",\"position\":1,\"name\":\"Portada\",\"item\":\"https:\\\/\\\/lospoliticosveracruz.com\\\/\"},{\"@type\":\"ListItem\",\"position\":2,\"name\":\"Dispensarios m\u00e9dicos en todo Medell\u00edn: C\u00e1rdenas\"}]},{\"@type\":\"WebSite\",\"@id\":\"https:\\\/\\\/lospoliticosveracruz.com\\\/#website\",\"url\":\"https:\\\/\\\/lospoliticosveracruz.com\\\/\",\"name\":\"Los pol\u00edticos Veracruz\",\"description\":\"\",\"publisher\":{\"@id\":\"https:\\\/\\\/lospoliticosveracruz.com\\\/#organization\"},\"potentialAction\":[{\"@type\":\"SearchAction\",\"target\":{\"@type\":\"EntryPoint\",\"urlTemplate\":\"https:\\\/\\\/lospoliticosveracruz.com\\\/?s={search_term_string}\"},\"query-input\":{\"@type\":\"PropertyValueSpecification\",\"valueRequired\":true,\"valueName\":\"search_term_string\"}}],\"inLanguage\":\"es\"},{\"@type\":\"Organization\",\"@id\":\"https:\\\/\\\/lospoliticosveracruz.com\\\/#organization\",\"name\":\"Los pol\u00edticos Veracruz\",\"url\":\"https:\\\/\\\/lospoliticosveracruz.com\\\/\",\"logo\":{\"@type\":\"ImageObject\",\"inLanguage\":\"es\",\"@id\":\"https:\\\/\\\/lospoliticosveracruz.com\\\/#\\\/schema\\\/logo\\\/image\\\/\",\"url\":\"https:\\\/\\\/lospoliticosveracruz.com\\\/wp-content\\\/uploads\\\/2025\\\/12\\\/Logo-Nuevo-LOS-POLITICOS-1.jpg\",\"contentUrl\":\"https:\\\/\\\/lospoliticosveracruz.com\\\/wp-content\\\/uploads\\\/2025\\\/12\\\/Logo-Nuevo-LOS-POLITICOS-1.jpg\",\"width\":260,\"height\":70,\"caption\":\"Los pol\u00edticos Veracruz\"},\"image\":{\"@id\":\"https:\\\/\\\/lospoliticosveracruz.com\\\/#\\\/schema\\\/logo\\\/image\\\/\"},\"sameAs\":[\"https:\\\/\\\/www.facebook.com\\\/people\\\/Notimemes-de-los-Polticos\\\/61565672886568\\\/\",\"https:\\\/\\\/x.com\\\/LosPoliticosVer\"]},{\"@type\":\"Person\",\"@id\":\"https:\\\/\\\/lospoliticosveracruz.com\\\/#\\\/schema\\\/person\\\/b8702bb0e538456e6efd07080bf2a4a2\",\"name\":\"Lo viste en Los Pol\u00edticos\",\"image\":{\"@type\":\"ImageObject\",\"inLanguage\":\"es\",\"@id\":\"https:\\\/\\\/secure.gravatar.com\\\/avatar\\\/3a8de04a2656d44082be478bd6c086daa447c4651605818287b9532d3d0bd435?s=96&d=mm&r=g\",\"url\":\"https:\\\/\\\/secure.gravatar.com\\\/avatar\\\/3a8de04a2656d44082be478bd6c086daa447c4651605818287b9532d3d0bd435?s=96&d=mm&r=g\",\"contentUrl\":\"https:\\\/\\\/secure.gravatar.com\\\/avatar\\\/3a8de04a2656d44082be478bd6c086daa447c4651605818287b9532d3d0bd435?s=96&d=mm&r=g\",\"caption\":\"Lo viste en Los Pol\u00edticos\"},\"url\":\"https:\\\/\\\/lospoliticosveracruz.com\\\/?author=2\"}]}<\/script>\n<!-- \/ Yoast SEO plugin. -->","yoast_head_json":{"title":"Dispensarios m\u00e9dicos en todo Medell\u00edn: C\u00e1rdenas - Los pol\u00edticos Veracruz","robots":{"index":"index","follow":"follow","max-snippet":"max-snippet:-1","max-image-preview":"max-image-preview:large","max-video-preview":"max-video-preview:-1"},"canonical":"https:\/\/lospoliticosveracruz.com\/?p=72192","og_locale":"es_ES","og_type":"article","og_title":"Dispensarios m\u00e9dicos en todo Medell\u00edn: C\u00e1rdenas - Los pol\u00edticos Veracruz","og_description":"Medell\u00edn de BravoEn su tercer d\u00eda de campa\u00f1a, el candidato a la presidencia municipal de Medell\u00edn de la coalici\u00f3n \u201cVeracruz Va\u201d integrada por el PAN, PRI y PRD, Gabriel C\u00e1rdenas Gu\u00edzar, se comprometi\u00f3 a construir 5 dispensarios m\u00e9dicos en la zona rural del municipio los cuales contar\u00e1n con personal m\u00e9dico y medicinas.Record\u00f3 que uno de [&hellip;]","og_url":"https:\/\/lospoliticosveracruz.com\/?p=72192","og_site_name":"Los pol\u00edticos Veracruz","article_publisher":"https:\/\/www.facebook.com\/people\/Notimemes-de-los-Polticos\/61565672886568\/","article_published_time":"2021-05-06T21:35:22+00:00","article_modified_time":"2021-05-06T21:35:29+00:00","og_image":[{"width":200,"height":200,"url":"https:\/\/lospoliticosveracruz.com\/wp-content\/uploads\/2016\/07\/Logo-Dor.jpg","type":"image\/jpeg"}],"author":"Lo viste en Los Pol\u00edticos","twitter_card":"summary_large_image","twitter_creator":"@LosPoliticosVer","twitter_site":"@LosPoliticosVer","twitter_misc":{"Escrito por":"Lo viste en Los Pol\u00edticos","Tiempo de lectura":"2 minutos"},"schema":{"@context":"https:\/\/schema.org","@graph":[{"@type":"Article","@id":"https:\/\/lospoliticosveracruz.com\/?p=72192#article","isPartOf":{"@id":"https:\/\/lospoliticosveracruz.com\/?p=72192"},"author":{"name":"Lo viste en Los Pol\u00edticos","@id":"https:\/\/lospoliticosveracruz.com\/#\/schema\/person\/b8702bb0e538456e6efd07080bf2a4a2"},"headline":"Dispensarios m\u00e9dicos en todo Medell\u00edn: C\u00e1rdenas","datePublished":"2021-05-06T21:35:22+00:00","dateModified":"2021-05-06T21:35:29+00:00","mainEntityOfPage":{"@id":"https:\/\/lospoliticosveracruz.com\/?p=72192"},"wordCount":401,"publisher":{"@id":"https:\/\/lospoliticosveracruz.com\/#organization"},"keywords":["Gabriel C\u00e1rdenas Gu\u00edzar","Veracruz Va"],"articleSection":["De Boleto"],"inLanguage":"es"},{"@type":"WebPage","@id":"https:\/\/lospoliticosveracruz.com\/?p=72192","url":"https:\/\/lospoliticosveracruz.com\/?p=72192","name":"Dispensarios m\u00e9dicos en todo Medell\u00edn: C\u00e1rdenas - Los pol\u00edticos Veracruz","isPartOf":{"@id":"https:\/\/lospoliticosveracruz.com\/#website"},"datePublished":"2021-05-06T21:35:22+00:00","dateModified":"2021-05-06T21:35:29+00:00","breadcrumb":{"@id":"https:\/\/lospoliticosveracruz.com\/?p=72192#breadcrumb"},"inLanguage":"es","potentialAction":[{"@type":"ReadAction","target":["https:\/\/lospoliticosveracruz.com\/?p=72192"]}]},{"@type":"BreadcrumbList","@id":"https:\/\/lospoliticosveracruz.com\/?p=72192#breadcrumb","itemListElement":[{"@type":"ListItem","position":1,"name":"Portada","item":"https:\/\/lospoliticosveracruz.com\/"},{"@type":"ListItem","position":2,"name":"Dispensarios m\u00e9dicos en todo Medell\u00edn: C\u00e1rdenas"}]},{"@type":"WebSite","@id":"https:\/\/lospoliticosveracruz.com\/#website","url":"https:\/\/lospoliticosveracruz.com\/","name":"Los pol\u00edticos Veracruz","description":"","publisher":{"@id":"https:\/\/lospoliticosveracruz.com\/#organization"},"potentialAction":[{"@type":"SearchAction","target":{"@type":"EntryPoint","urlTemplate":"https:\/\/lospoliticosveracruz.com\/?s={search_term_string}"},"query-input":{"@type":"PropertyValueSpecification","valueRequired":true,"valueName":"search_term_string"}}],"inLanguage":"es"},{"@type":"Organization","@id":"https:\/\/lospoliticosveracruz.com\/#organization","name":"Los pol\u00edticos Veracruz","url":"https:\/\/lospoliticosveracruz.com\/","logo":{"@type":"ImageObject","inLanguage":"es","@id":"https:\/\/lospoliticosveracruz.com\/#\/schema\/logo\/image\/","url":"https:\/\/lospoliticosveracruz.com\/wp-content\/uploads\/2025\/12\/Logo-Nuevo-LOS-POLITICOS-1.jpg","contentUrl":"https:\/\/lospoliticosveracruz.com\/wp-content\/uploads\/2025\/12\/Logo-Nuevo-LOS-POLITICOS-1.jpg","width":260,"height":70,"caption":"Los pol\u00edticos Veracruz"},"image":{"@id":"https:\/\/lospoliticosveracruz.com\/#\/schema\/logo\/image\/"},"sameAs":["https:\/\/www.facebook.com\/people\/Notimemes-de-los-Polticos\/61565672886568\/","https:\/\/x.com\/LosPoliticosVer"]},{"@type":"Person","@id":"https:\/\/lospoliticosveracruz.com\/#\/schema\/person\/b8702bb0e538456e6efd07080bf2a4a2","name":"Lo viste en Los Pol\u00edticos","image":{"@type":"ImageObject","inLanguage":"es","@id":"https:\/\/secure.gravatar.com\/avatar\/3a8de04a2656d44082be478bd6c086daa447c4651605818287b9532d3d0bd435?s=96&d=mm&r=g","url":"https:\/\/secure.gravatar.com\/avatar\/3a8de04a2656d44082be478bd6c086daa447c4651605818287b9532d3d0bd435?s=96&d=mm&r=g","contentUrl":"https:\/\/secure.gravatar.com\/avatar\/3a8de04a2656d44082be478bd6c086daa447c4651605818287b9532d3d0bd435?s=96&d=mm&r=g","caption":"Lo viste en Los Pol\u00edticos"},"url":"https:\/\/lospoliticosveracruz.com\/?author=2"}]}},"_links":{"self":[{"href":"https:\/\/lospoliticosveracruz.com\/index.php?rest_route=\/wp\/v2\/posts\/72192","targetHints":{"allow":["GET"]}}],"collection":[{"href":"https:\/\/lospoliticosveracruz.com\/index.php?rest_route=\/wp\/v2\/posts"}],"about":[{"href":"https:\/\/lospoliticosveracruz.com\/index.php?rest_route=\/wp\/v2\/types\/post"}],"author":[{"embeddable":true,"href":"https:\/\/lospoliticosveracruz.com\/index.php?rest_route=\/wp\/v2\/users\/2"}],"replies":[{"embeddable":true,"href":"https:\/\/lospoliticosveracruz.com\/index.php?rest_route=%2Fwp%2Fv2%2Fcomments&post=72192"}],"version-history":[{"count":1,"href":"https:\/\/lospoliticosveracruz.com\/index.php?rest_route=\/wp\/v2\/posts\/72192\/revisions"}],"predecessor-version":[{"id":72193,"href":"https:\/\/lospoliticosveracruz.com\/index.php?rest_route=\/wp\/v2\/posts\/72192\/revisions\/72193"}],"wp:attachment":[{"href":"https:\/\/lospoliticosveracruz.com\/index.php?rest_route=%2Fwp%2Fv2%2Fmedia&parent=72192"}],"wp:term":[{"taxonomy":"category","embeddable":true,"href":"https:\/\/lospoliticosveracruz.com\/index.php?rest_route=%2Fwp%2Fv2%2Fcategories&post=72192"},{"taxonomy":"post_tag","embeddable":true,"href":"https:\/\/lospoliticosveracruz.com\/index.php?rest_route=%2Fwp%2Fv2%2Ftags&post=72192"}],"curies":[{"name":"wp","href":"https:\/\/api.w.org\/{rel}","templated":true}]}}