{"id":72197,"date":"2021-05-06T17:36:27","date_gmt":"2021-05-06T22:36:27","guid":{"rendered":"http:\/\/www.lospoliticosveracruz.com.mx\/?p=72197"},"modified":"2021-05-06T17:36:31","modified_gmt":"2021-05-06T22:36:31","slug":"agarran-la-fortaleza-para-despensas-de-veracruz-va","status":"publish","type":"post","link":"https:\/\/lospoliticosveracruz.com\/?p=72197","title":{"rendered":"Agarran la Fortaleza para despensas de Veracruz Va"},"content":{"rendered":"\n<p><strong>Xalapa<\/strong><br>Los representantes de Morena ante los Organismos Electorales, maestro David Agust\u00edn Jim\u00e9nez Rojas y maestro Gabriel On\u00e9simo Z\u00fa\u00f1iga Obando, presentaron una denuncia ante el \u00d3rgano P\u00fablico Local Electoral, en contra C. Delfino Ortega Mart\u00ednez candidato a la alcald\u00eda de Perote Ver., por la coalici\u00f3n \u201cVeracruz Va\u201d por realizar entrega de propaganda electoral en forma de paquetes alimentarios y coacci\u00f3n del voto.<br>El representante de Morena ante el INE David Jim\u00e9nez Rojas inform\u00f3 que como parte del operativo \u201cCaza-mapaches\u201d del que formamos parte todos los ciudadanos, fueron confiscadas 19 000 (diecinueve mil) despensas, mismas que estaban resguardadas en \u201cEl Castillo Fortaleza de San Carlos\u201d -monumento hist\u00f3rico de nuestro estado- , se\u00f1al\u00f3 que es lamentable que la corrupci\u00f3n de estos pseudo pol\u00edticos trasgredan incluso los sitios emblem\u00e1ticos, que lugares hist\u00f3ricos se utilicen como bodegas de corrupci\u00f3n.<br>As\u00ed tambi\u00e9n el representante de Morena ante el INE Gabriel On\u00e9simo Z\u00fa\u00f1iga Obando subrayo el operativo sigue dando resultados, \u201cestamos presentando las pruebas de c\u00f3mo el PRI-PAN-PRD ahora vestidos de \u201cVeracruz Va\u201d siguen coaccionando el voto, aprovechando de la pobreza del pueblo de Veracruz, comprando votos con despensas, haciendo uso de indebido de recursos p\u00fablicos, utiliz\u00e1ndolos para comprar votos\u201d.<br>Z\u00fa\u00f1iga Obando enfatiz\u00f3 \u201cLos veracruzanos est\u00e1n cansados de las viejas pr\u00e1cticas, ellos son los principales elementos de este operativo, que sigue dando resultados\u201d.<br>Para finalizar, ambos hicieron un llamado a los veracruzanos a no bajar la guardia y continuar la jornada \u201cCaza \u2013 Mapaches\u201d, \u201cporque la transformaci\u00f3n en Veracruz es verdadera y es producto de la lucha de todos los ciudadanos\u201d.<\/p>\n","protected":false},"excerpt":{"rendered":"<p>XalapaLos representantes de Morena ante los Organismos Electorales, maestro David Agust\u00edn Jim\u00e9nez Rojas y maestro Gabriel On\u00e9simo Z\u00fa\u00f1iga Obando, presentaron una denuncia ante el \u00d3rgano P\u00fablico Local Electoral, en contra C. Delfino Ortega Mart\u00ednez candidato a la alcald\u00eda de Perote Ver., por la coalici\u00f3n \u201cVeracruz Va\u201d por realizar entrega de propaganda electoral en forma de [&hellip;]<\/p>\n","protected":false},"author":2,"featured_media":0,"comment_status":"closed","ping_status":"closed","sticky":false,"template":"","format":"standard","meta":{"tdm_status":"","tdm_grid_status":"","footnotes":""},"categories":[73],"tags":[27778,16170,27776,27775,3272,25692],"class_list":{"0":"post-72197","1":"post","2":"type-post","3":"status-publish","4":"format-standard","6":"category-de-boleto","7":"tag-caza-mapaches","8":"tag-david-agustin-jimenez-rojas","9":"tag-delfino-ortega-martinez-2","10":"tag-gabriel-onesimo-zuniga-obando","11":"tag-ople","12":"tag-veracruz-va"},"yoast_head":"<!-- This site is optimized with the Yoast SEO plugin v27.4 - https:\/\/yoast.com\/product\/yoast-seo-wordpress\/ -->\n<title>Agarran la Fortaleza para despensas de Veracruz Va - Los pol\u00edticos Veracruz<\/title>\n<meta name=\"robots\" content=\"index, follow, max-snippet:-1, max-image-preview:large, max-video-preview:-1\" \/>\n<link rel=\"canonical\" href=\"https:\/\/lospoliticosveracruz.com\/?p=72197\" \/>\n<meta property=\"og:locale\" content=\"es_ES\" \/>\n<meta property=\"og:type\" content=\"article\" \/>\n<meta property=\"og:title\" content=\"Agarran la Fortaleza para despensas de Veracruz Va - Los pol\u00edticos Veracruz\" \/>\n<meta property=\"og:description\" content=\"XalapaLos representantes de Morena ante los Organismos Electorales, maestro David Agust\u00edn Jim\u00e9nez Rojas y maestro Gabriel On\u00e9simo Z\u00fa\u00f1iga Obando, presentaron una denuncia ante el \u00d3rgano P\u00fablico Local Electoral, en contra C. Delfino Ortega Mart\u00ednez candidato a la alcald\u00eda de Perote Ver., por la coalici\u00f3n \u201cVeracruz Va\u201d por realizar entrega de propaganda electoral en forma de [&hellip;]\" \/>\n<meta property=\"og:url\" content=\"https:\/\/lospoliticosveracruz.com\/?p=72197\" \/>\n<meta property=\"og:site_name\" content=\"Los pol\u00edticos Veracruz\" \/>\n<meta property=\"article:publisher\" content=\"https:\/\/www.facebook.com\/people\/Notimemes-de-los-Polticos\/61565672886568\/\" \/>\n<meta property=\"article:published_time\" content=\"2021-05-06T22:36:27+00:00\" \/>\n<meta property=\"article:modified_time\" content=\"2021-05-06T22:36:31+00:00\" \/>\n<meta property=\"og:image\" content=\"https:\/\/lospoliticosveracruz.com\/wp-content\/uploads\/2016\/07\/Logo-Dor.jpg\" \/>\n\t<meta property=\"og:image:width\" content=\"200\" \/>\n\t<meta property=\"og:image:height\" content=\"200\" \/>\n\t<meta property=\"og:image:type\" content=\"image\/jpeg\" \/>\n<meta name=\"author\" content=\"Lo viste en Los Pol\u00edticos\" \/>\n<meta name=\"twitter:card\" content=\"summary_large_image\" \/>\n<meta name=\"twitter:creator\" content=\"@LosPoliticosVer\" \/>\n<meta name=\"twitter:site\" content=\"@LosPoliticosVer\" \/>\n<meta name=\"twitter:label1\" content=\"Escrito por\" \/>\n\t<meta name=\"twitter:data1\" content=\"Lo viste en Los Pol\u00edticos\" \/>\n\t<meta name=\"twitter:label2\" content=\"Tiempo de lectura\" \/>\n\t<meta name=\"twitter:data2\" content=\"1 minuto\" \/>\n<script type=\"application\/ld+json\" class=\"yoast-schema-graph\">{\"@context\":\"https:\\\/\\\/schema.org\",\"@graph\":[{\"@type\":\"Article\",\"@id\":\"https:\\\/\\\/lospoliticosveracruz.com\\\/?p=72197#article\",\"isPartOf\":{\"@id\":\"https:\\\/\\\/lospoliticosveracruz.com\\\/?p=72197\"},\"author\":{\"name\":\"Lo viste en Los Pol\u00edticos\",\"@id\":\"https:\\\/\\\/lospoliticosveracruz.com\\\/#\\\/schema\\\/person\\\/b8702bb0e538456e6efd07080bf2a4a2\"},\"headline\":\"Agarran la Fortaleza para despensas de Veracruz Va\",\"datePublished\":\"2021-05-06T22:36:27+00:00\",\"dateModified\":\"2021-05-06T22:36:31+00:00\",\"mainEntityOfPage\":{\"@id\":\"https:\\\/\\\/lospoliticosveracruz.com\\\/?p=72197\"},\"wordCount\":286,\"publisher\":{\"@id\":\"https:\\\/\\\/lospoliticosveracruz.com\\\/#organization\"},\"keywords\":[\"Caza-mapaches\",\"David Agust\u00edn Jim\u00e9nez Rojas\",\"Delfino Ortega Mart\u00ednez\",\"Gabriel On\u00e9simo Z\u00fa\u00f1iga Obando\",\"OPLE\",\"Veracruz Va\"],\"articleSection\":[\"De Boleto\"],\"inLanguage\":\"es\"},{\"@type\":\"WebPage\",\"@id\":\"https:\\\/\\\/lospoliticosveracruz.com\\\/?p=72197\",\"url\":\"https:\\\/\\\/lospoliticosveracruz.com\\\/?p=72197\",\"name\":\"Agarran la Fortaleza para despensas de Veracruz Va - Los pol\u00edticos Veracruz\",\"isPartOf\":{\"@id\":\"https:\\\/\\\/lospoliticosveracruz.com\\\/#website\"},\"datePublished\":\"2021-05-06T22:36:27+00:00\",\"dateModified\":\"2021-05-06T22:36:31+00:00\",\"breadcrumb\":{\"@id\":\"https:\\\/\\\/lospoliticosveracruz.com\\\/?p=72197#breadcrumb\"},\"inLanguage\":\"es\",\"potentialAction\":[{\"@type\":\"ReadAction\",\"target\":[\"https:\\\/\\\/lospoliticosveracruz.com\\\/?p=72197\"]}]},{\"@type\":\"BreadcrumbList\",\"@id\":\"https:\\\/\\\/lospoliticosveracruz.com\\\/?p=72197#breadcrumb\",\"itemListElement\":[{\"@type\":\"ListItem\",\"position\":1,\"name\":\"Portada\",\"item\":\"https:\\\/\\\/lospoliticosveracruz.com\\\/\"},{\"@type\":\"ListItem\",\"position\":2,\"name\":\"Agarran la Fortaleza para despensas de Veracruz Va\"}]},{\"@type\":\"WebSite\",\"@id\":\"https:\\\/\\\/lospoliticosveracruz.com\\\/#website\",\"url\":\"https:\\\/\\\/lospoliticosveracruz.com\\\/\",\"name\":\"Los pol\u00edticos Veracruz\",\"description\":\"\",\"publisher\":{\"@id\":\"https:\\\/\\\/lospoliticosveracruz.com\\\/#organization\"},\"potentialAction\":[{\"@type\":\"SearchAction\",\"target\":{\"@type\":\"EntryPoint\",\"urlTemplate\":\"https:\\\/\\\/lospoliticosveracruz.com\\\/?s={search_term_string}\"},\"query-input\":{\"@type\":\"PropertyValueSpecification\",\"valueRequired\":true,\"valueName\":\"search_term_string\"}}],\"inLanguage\":\"es\"},{\"@type\":\"Organization\",\"@id\":\"https:\\\/\\\/lospoliticosveracruz.com\\\/#organization\",\"name\":\"Los pol\u00edticos Veracruz\",\"url\":\"https:\\\/\\\/lospoliticosveracruz.com\\\/\",\"logo\":{\"@type\":\"ImageObject\",\"inLanguage\":\"es\",\"@id\":\"https:\\\/\\\/lospoliticosveracruz.com\\\/#\\\/schema\\\/logo\\\/image\\\/\",\"url\":\"https:\\\/\\\/lospoliticosveracruz.com\\\/wp-content\\\/uploads\\\/2025\\\/12\\\/Logo-Nuevo-LOS-POLITICOS-1.jpg\",\"contentUrl\":\"https:\\\/\\\/lospoliticosveracruz.com\\\/wp-content\\\/uploads\\\/2025\\\/12\\\/Logo-Nuevo-LOS-POLITICOS-1.jpg\",\"width\":260,\"height\":70,\"caption\":\"Los pol\u00edticos Veracruz\"},\"image\":{\"@id\":\"https:\\\/\\\/lospoliticosveracruz.com\\\/#\\\/schema\\\/logo\\\/image\\\/\"},\"sameAs\":[\"https:\\\/\\\/www.facebook.com\\\/people\\\/Notimemes-de-los-Polticos\\\/61565672886568\\\/\",\"https:\\\/\\\/x.com\\\/LosPoliticosVer\"]},{\"@type\":\"Person\",\"@id\":\"https:\\\/\\\/lospoliticosveracruz.com\\\/#\\\/schema\\\/person\\\/b8702bb0e538456e6efd07080bf2a4a2\",\"name\":\"Lo viste en Los Pol\u00edticos\",\"image\":{\"@type\":\"ImageObject\",\"inLanguage\":\"es\",\"@id\":\"https:\\\/\\\/secure.gravatar.com\\\/avatar\\\/3a8de04a2656d44082be478bd6c086daa447c4651605818287b9532d3d0bd435?s=96&d=mm&r=g\",\"url\":\"https:\\\/\\\/secure.gravatar.com\\\/avatar\\\/3a8de04a2656d44082be478bd6c086daa447c4651605818287b9532d3d0bd435?s=96&d=mm&r=g\",\"contentUrl\":\"https:\\\/\\\/secure.gravatar.com\\\/avatar\\\/3a8de04a2656d44082be478bd6c086daa447c4651605818287b9532d3d0bd435?s=96&d=mm&r=g\",\"caption\":\"Lo viste en Los Pol\u00edticos\"},\"url\":\"https:\\\/\\\/lospoliticosveracruz.com\\\/?author=2\"}]}<\/script>\n<!-- \/ Yoast SEO plugin. -->","yoast_head_json":{"title":"Agarran la Fortaleza para despensas de Veracruz Va - Los pol\u00edticos Veracruz","robots":{"index":"index","follow":"follow","max-snippet":"max-snippet:-1","max-image-preview":"max-image-preview:large","max-video-preview":"max-video-preview:-1"},"canonical":"https:\/\/lospoliticosveracruz.com\/?p=72197","og_locale":"es_ES","og_type":"article","og_title":"Agarran la Fortaleza para despensas de Veracruz Va - Los pol\u00edticos Veracruz","og_description":"XalapaLos representantes de Morena ante los Organismos Electorales, maestro David Agust\u00edn Jim\u00e9nez Rojas y maestro Gabriel On\u00e9simo Z\u00fa\u00f1iga Obando, presentaron una denuncia ante el \u00d3rgano P\u00fablico Local Electoral, en contra C. Delfino Ortega Mart\u00ednez candidato a la alcald\u00eda de Perote Ver., por la coalici\u00f3n \u201cVeracruz Va\u201d por realizar entrega de propaganda electoral en forma de [&hellip;]","og_url":"https:\/\/lospoliticosveracruz.com\/?p=72197","og_site_name":"Los pol\u00edticos Veracruz","article_publisher":"https:\/\/www.facebook.com\/people\/Notimemes-de-los-Polticos\/61565672886568\/","article_published_time":"2021-05-06T22:36:27+00:00","article_modified_time":"2021-05-06T22:36:31+00:00","og_image":[{"width":200,"height":200,"url":"https:\/\/lospoliticosveracruz.com\/wp-content\/uploads\/2016\/07\/Logo-Dor.jpg","type":"image\/jpeg"}],"author":"Lo viste en Los Pol\u00edticos","twitter_card":"summary_large_image","twitter_creator":"@LosPoliticosVer","twitter_site":"@LosPoliticosVer","twitter_misc":{"Escrito por":"Lo viste en Los Pol\u00edticos","Tiempo de lectura":"1 minuto"},"schema":{"@context":"https:\/\/schema.org","@graph":[{"@type":"Article","@id":"https:\/\/lospoliticosveracruz.com\/?p=72197#article","isPartOf":{"@id":"https:\/\/lospoliticosveracruz.com\/?p=72197"},"author":{"name":"Lo viste en Los Pol\u00edticos","@id":"https:\/\/lospoliticosveracruz.com\/#\/schema\/person\/b8702bb0e538456e6efd07080bf2a4a2"},"headline":"Agarran la Fortaleza para despensas de Veracruz Va","datePublished":"2021-05-06T22:36:27+00:00","dateModified":"2021-05-06T22:36:31+00:00","mainEntityOfPage":{"@id":"https:\/\/lospoliticosveracruz.com\/?p=72197"},"wordCount":286,"publisher":{"@id":"https:\/\/lospoliticosveracruz.com\/#organization"},"keywords":["Caza-mapaches","David Agust\u00edn Jim\u00e9nez Rojas","Delfino Ortega Mart\u00ednez","Gabriel On\u00e9simo Z\u00fa\u00f1iga Obando","OPLE","Veracruz Va"],"articleSection":["De Boleto"],"inLanguage":"es"},{"@type":"WebPage","@id":"https:\/\/lospoliticosveracruz.com\/?p=72197","url":"https:\/\/lospoliticosveracruz.com\/?p=72197","name":"Agarran la Fortaleza para despensas de Veracruz Va - Los pol\u00edticos Veracruz","isPartOf":{"@id":"https:\/\/lospoliticosveracruz.com\/#website"},"datePublished":"2021-05-06T22:36:27+00:00","dateModified":"2021-05-06T22:36:31+00:00","breadcrumb":{"@id":"https:\/\/lospoliticosveracruz.com\/?p=72197#breadcrumb"},"inLanguage":"es","potentialAction":[{"@type":"ReadAction","target":["https:\/\/lospoliticosveracruz.com\/?p=72197"]}]},{"@type":"BreadcrumbList","@id":"https:\/\/lospoliticosveracruz.com\/?p=72197#breadcrumb","itemListElement":[{"@type":"ListItem","position":1,"name":"Portada","item":"https:\/\/lospoliticosveracruz.com\/"},{"@type":"ListItem","position":2,"name":"Agarran la Fortaleza para despensas de Veracruz Va"}]},{"@type":"WebSite","@id":"https:\/\/lospoliticosveracruz.com\/#website","url":"https:\/\/lospoliticosveracruz.com\/","name":"Los pol\u00edticos Veracruz","description":"","publisher":{"@id":"https:\/\/lospoliticosveracruz.com\/#organization"},"potentialAction":[{"@type":"SearchAction","target":{"@type":"EntryPoint","urlTemplate":"https:\/\/lospoliticosveracruz.com\/?s={search_term_string}"},"query-input":{"@type":"PropertyValueSpecification","valueRequired":true,"valueName":"search_term_string"}}],"inLanguage":"es"},{"@type":"Organization","@id":"https:\/\/lospoliticosveracruz.com\/#organization","name":"Los pol\u00edticos Veracruz","url":"https:\/\/lospoliticosveracruz.com\/","logo":{"@type":"ImageObject","inLanguage":"es","@id":"https:\/\/lospoliticosveracruz.com\/#\/schema\/logo\/image\/","url":"https:\/\/lospoliticosveracruz.com\/wp-content\/uploads\/2025\/12\/Logo-Nuevo-LOS-POLITICOS-1.jpg","contentUrl":"https:\/\/lospoliticosveracruz.com\/wp-content\/uploads\/2025\/12\/Logo-Nuevo-LOS-POLITICOS-1.jpg","width":260,"height":70,"caption":"Los pol\u00edticos Veracruz"},"image":{"@id":"https:\/\/lospoliticosveracruz.com\/#\/schema\/logo\/image\/"},"sameAs":["https:\/\/www.facebook.com\/people\/Notimemes-de-los-Polticos\/61565672886568\/","https:\/\/x.com\/LosPoliticosVer"]},{"@type":"Person","@id":"https:\/\/lospoliticosveracruz.com\/#\/schema\/person\/b8702bb0e538456e6efd07080bf2a4a2","name":"Lo viste en Los Pol\u00edticos","image":{"@type":"ImageObject","inLanguage":"es","@id":"https:\/\/secure.gravatar.com\/avatar\/3a8de04a2656d44082be478bd6c086daa447c4651605818287b9532d3d0bd435?s=96&d=mm&r=g","url":"https:\/\/secure.gravatar.com\/avatar\/3a8de04a2656d44082be478bd6c086daa447c4651605818287b9532d3d0bd435?s=96&d=mm&r=g","contentUrl":"https:\/\/secure.gravatar.com\/avatar\/3a8de04a2656d44082be478bd6c086daa447c4651605818287b9532d3d0bd435?s=96&d=mm&r=g","caption":"Lo viste en Los Pol\u00edticos"},"url":"https:\/\/lospoliticosveracruz.com\/?author=2"}]}},"_links":{"self":[{"href":"https:\/\/lospoliticosveracruz.com\/index.php?rest_route=\/wp\/v2\/posts\/72197","targetHints":{"allow":["GET"]}}],"collection":[{"href":"https:\/\/lospoliticosveracruz.com\/index.php?rest_route=\/wp\/v2\/posts"}],"about":[{"href":"https:\/\/lospoliticosveracruz.com\/index.php?rest_route=\/wp\/v2\/types\/post"}],"author":[{"embeddable":true,"href":"https:\/\/lospoliticosveracruz.com\/index.php?rest_route=\/wp\/v2\/users\/2"}],"replies":[{"embeddable":true,"href":"https:\/\/lospoliticosveracruz.com\/index.php?rest_route=%2Fwp%2Fv2%2Fcomments&post=72197"}],"version-history":[{"count":1,"href":"https:\/\/lospoliticosveracruz.com\/index.php?rest_route=\/wp\/v2\/posts\/72197\/revisions"}],"predecessor-version":[{"id":72199,"href":"https:\/\/lospoliticosveracruz.com\/index.php?rest_route=\/wp\/v2\/posts\/72197\/revisions\/72199"}],"wp:attachment":[{"href":"https:\/\/lospoliticosveracruz.com\/index.php?rest_route=%2Fwp%2Fv2%2Fmedia&parent=72197"}],"wp:term":[{"taxonomy":"category","embeddable":true,"href":"https:\/\/lospoliticosveracruz.com\/index.php?rest_route=%2Fwp%2Fv2%2Fcategories&post=72197"},{"taxonomy":"post_tag","embeddable":true,"href":"https:\/\/lospoliticosveracruz.com\/index.php?rest_route=%2Fwp%2Fv2%2Ftags&post=72197"}],"curies":[{"name":"wp","href":"https:\/\/api.w.org\/{rel}","templated":true}]}}