{"id":72232,"date":"2021-05-06T22:59:35","date_gmt":"2021-05-07T03:59:35","guid":{"rendered":"http:\/\/www.lospoliticosveracruz.com.mx\/?p=72232"},"modified":"2021-05-06T23:03:45","modified_gmt":"2021-05-07T04:03:45","slug":"malono-sanchez-y-coatepec","status":"publish","type":"post","link":"https:\/\/lospoliticosveracruz.com\/?p=72232","title":{"rendered":"MaloNo S\u00e1nchez y Coatepec\u2026"},"content":{"rendered":"\n<p><strong>Salvador Mu\u00f1oz<\/strong><\/p>\n\n\n\n<p><em>Los Pol\u00edticos<br><\/em><\/p>\n\n\n\n<p>En 2013, el alcalde de Coatepec era Manolo S\u00e1nchez quien hab\u00eda llegado a la presidencia municipal bajo las siglas del PAN\u2026 el candidato del mismo partido en ese entonces, era Andr\u00e9s Cuevas Melo\u2026 la l\u00f3gica apuntaba, por ser el partido en el poder municipal, que ganara el candidato albiazul\u2026 pero no, el que gan\u00f3 fue el PRI con Juanelo\u2026 \u00bfmal candidato o mal presidente municipal? Hoy, ocho a\u00f1os despu\u00e9s, las elecciones dan la oportunidad a Andr\u00e9s o a Manolo de responder a esta pregunta, aunque ahora, el primero lo haga bajo las siglas de Movimiento Ciudadano, y el otro, se mantenga en el PAN.<\/p>\n\n\n\n<figure class=\"wp-block-gallery columns-2 is-cropped wp-block-gallery-1 is-layout-flex wp-block-gallery-is-layout-flex\"><ul class=\"blocks-gallery-grid\"><li class=\"blocks-gallery-item\"><figure><a href=\"http:\/\/www.lospoliticosveracruz.com.mx\/wp-content\/uploads\/2021\/05\/WhatsApp-Image-2021-05-06-at-19.29.55.jpeg\"><img decoding=\"async\" src=\"http:\/\/www.lospoliticosveracruz.com.mx\/wp-content\/uploads\/2021\/05\/WhatsApp-Image-2021-05-06-at-19.29.55.jpeg\" alt=\"\" data-id=\"72236\" data-full-url=\"http:\/\/www.lospoliticosveracruz.com.mx\/wp-content\/uploads\/2021\/05\/WhatsApp-Image-2021-05-06-at-19.29.55.jpeg\" data-link=\"http:\/\/www.lospoliticosveracruz.com.mx\/?attachment_id=72236\" class=\"wp-image-72236\"\/><\/a><\/figure><\/li><li class=\"blocks-gallery-item\"><figure><a href=\"http:\/\/www.lospoliticosveracruz.com.mx\/wp-content\/uploads\/2021\/05\/WhatsApp-Image-2021-05-06-at-19.29.55-1.jpeg\"><img decoding=\"async\" src=\"http:\/\/www.lospoliticosveracruz.com.mx\/wp-content\/uploads\/2021\/05\/WhatsApp-Image-2021-05-06-at-19.29.55-1-796x1024.jpeg\" alt=\"\" data-id=\"72234\" data-full-url=\"http:\/\/www.lospoliticosveracruz.com.mx\/wp-content\/uploads\/2021\/05\/WhatsApp-Image-2021-05-06-at-19.29.55-1.jpeg\" data-link=\"http:\/\/www.lospoliticosveracruz.com.mx\/?attachment_id=72234\" class=\"wp-image-72234\"\/><\/a><\/figure><\/li><\/ul><\/figure>\n\n\n\n<p><br><strong>II<\/strong><br>Un caso para Ripley sin duda alguna es Manolo S\u00e1nchez, el candidato del PAN para la presidencia municipal por este Pueblo M\u00e1gico\u2026 primero, por el apodo que circula entre los coatepecanos, en desaprobaci\u00f3n a su candidatura y a la vez, a su administraci\u00f3n municipal en 2013: MaloNo S\u00e1nchez.<br>El segundo punto, es la cantidad de memes que circulan en torno a su figura, recordando su periodo municipal en donde lo menos que se le dice es \u201crata\u201d, as\u00ed, con esas palabras.<br>Trata uno de hacer memoria, y no se recuerda a alg\u00fan otro candidato de otro municipio, que sea tratado de tal modo como lo hacen los ciudadanos de este Pueblo M\u00e1gico\u2026 se les puede llamar ineptos, incapaces, desconocidos, oportunistas, corruptos quiz\u00e1s lo m\u00e1s fuerte, \u00bfpero llamarlo \u201crata\u201d?<\/p>\n\n\n\n<figure class=\"wp-block-gallery columns-1 is-cropped wp-block-gallery-2 is-layout-flex wp-block-gallery-is-layout-flex\"><ul class=\"blocks-gallery-grid\"><li class=\"blocks-gallery-item\"><figure><a href=\"http:\/\/www.lospoliticosveracruz.com.mx\/wp-content\/uploads\/2021\/05\/WhatsApp-Image-2021-05-06-at-19.29.55-2.jpeg\"><img decoding=\"async\" src=\"http:\/\/www.lospoliticosveracruz.com.mx\/wp-content\/uploads\/2021\/05\/WhatsApp-Image-2021-05-06-at-19.29.55-2.jpeg\" alt=\"\" data-id=\"72235\" data-full-url=\"http:\/\/www.lospoliticosveracruz.com.mx\/wp-content\/uploads\/2021\/05\/WhatsApp-Image-2021-05-06-at-19.29.55-2.jpeg\" data-link=\"http:\/\/www.lospoliticosveracruz.com.mx\/?attachment_id=72235\" class=\"wp-image-72235\"\/><\/a><\/figure><\/li><\/ul><\/figure>\n\n\n\n<p><br><strong>III<\/strong><br>En el panismo de Coatepec, el de cuna, el que mama la ideolog\u00eda del partido, siguen sin entender c\u00f3mo diablos en Acci\u00f3n Nacional se decidieron por un candidato cuya imagen, no s\u00f3lo est\u00e1 muy deteriorada entre ellos mismos, sino tambi\u00e9n entre la poblaci\u00f3n, que vio el progreso que hubo en la administraci\u00f3n municipal de MaloNo\u2026 de \u00e9l, no del Pueblo M\u00e1gico.<br>Hay quienes esperan ver qui\u00e9n ser\u00e1 el candidato que cuestione la deuda que pag\u00f3 el alcalde Luis Enrique Fern\u00e1ndez Peredo por laudos heredados por el mismo MaloNo S\u00e1nchez por la cantidad de 20 millones de pesos\u2026 s\u00ed, porque ni Juanelo se quiso hacer responsable de ello\u2026 bueno, aunque siendo sinceros, m\u00e1s bien ni tiempo le dio por el \u201cpisa y corre\u201d que tuvo que activar para aplicar el \u201cM\u00e1s vale aqu\u00ed corri\u00f3\u2026\u201d<br>As\u00ed, se dice, que Fern\u00e1ndez Peredo tiene la excusa perfecta para justificar el p\u00e9simo servicio de recolecci\u00f3n de basura y la ausencia de una planta de tratamiento, pues parte del dinero que el Ayuntamiento tuvo, se fue en las deuditas de MaloNo S\u00e1nchez, hoy candidato a la presidencia municipal.<br>Quiz\u00e1s por eso se cuenta que cuando MaloNo S\u00e1nchez le pidi\u00f3 al alcalde apoyo econ\u00f3mico para hacer su campa\u00f1a por la alcald\u00eda, el edil, le dijo que gustoso, le brindaba todo lo que a Log\u00edstica se refiere, pero dinero no ten\u00eda, porque se le hab\u00eda ido en el pago de esos laudos\u2026 \u00a1y otras cositas que en otra columna contar\u00e9!<br><strong>IV<br><\/strong>Hoy, el tiempo electoral pone al t\u00fa por t\u00fa a MaloNo S\u00e1nchez y Andr\u00e9s Cuevas Melo\u2026 hoy, el panismo, a\u00fan no est\u00e1 convencido del candidato que el partido eligi\u00f3 teniendo a la mano a Sof\u00eda Viveros, reconocida panista y reconocida coatepecana por su calidad moral\u2026 hoy, los ciudadanos que ven a MaloNo S\u00e1nchez haciendo campa\u00f1a, s\u00f3lo atinan a decir una cosa\u2026 \u201cManolo no est\u00e1 para pedir el voto\u2026 sino para pedir perd\u00f3n a Coatepec\u201d.<\/p>\n\n\n\n<p>smcainito@gmail.com<\/p>\n","protected":false},"excerpt":{"rendered":"<p>Salvador Mu\u00f1oz Los Pol\u00edticos En 2013, el alcalde de Coatepec era Manolo S\u00e1nchez quien hab\u00eda llegado a la presidencia municipal bajo las siglas del PAN\u2026 el candidato del mismo partido en ese entonces, era Andr\u00e9s Cuevas Melo\u2026 la l\u00f3gica apuntaba, por ser el partido en el poder municipal, que ganara el candidato albiazul\u2026 pero no, [&hellip;]<\/p>\n","protected":false},"author":2,"featured_media":0,"comment_status":"closed","ping_status":"closed","sticky":false,"template":"","format":"standard","meta":{"tdm_status":"","tdm_grid_status":"","footnotes":""},"categories":[70],"tags":[422,8207,27793,20456,2327,266,251,2646,27795,27794],"class_list":{"0":"post-72232","1":"post","2":"type-post","3":"status-publish","4":"format-standard","6":"category-de-opinion","7":"tag-juanelo","8":"tag-luis-enrique-fernandez-peredo","9":"tag-malono-sanchez","10":"tag-manolo-sanchez","11":"tag-movimiento-ciudadano","12":"tag-pan","13":"tag-pri","14":"tag-salvador-munoz","15":"tag-sofia-viveros","16":"tag-tiempo-electoral"},"yoast_head":"<!-- This site is optimized with the Yoast SEO plugin v27.4 - https:\/\/yoast.com\/product\/yoast-seo-wordpress\/ -->\n<title>MaloNo S\u00e1nchez y Coatepec\u2026 - Los pol\u00edticos Veracruz<\/title>\n<meta name=\"robots\" content=\"index, follow, max-snippet:-1, max-image-preview:large, max-video-preview:-1\" \/>\n<link rel=\"canonical\" href=\"https:\/\/lospoliticosveracruz.com\/?p=72232\" \/>\n<meta property=\"og:locale\" content=\"es_ES\" \/>\n<meta property=\"og:type\" content=\"article\" \/>\n<meta property=\"og:title\" content=\"MaloNo S\u00e1nchez y Coatepec\u2026 - Los pol\u00edticos Veracruz\" \/>\n<meta property=\"og:description\" content=\"Salvador Mu\u00f1oz Los Pol\u00edticos En 2013, el alcalde de Coatepec era Manolo S\u00e1nchez quien hab\u00eda llegado a la presidencia municipal bajo las siglas del PAN\u2026 el candidato del mismo partido en ese entonces, era Andr\u00e9s Cuevas Melo\u2026 la l\u00f3gica apuntaba, por ser el partido en el poder municipal, que ganara el candidato albiazul\u2026 pero no, [&hellip;]\" \/>\n<meta property=\"og:url\" content=\"https:\/\/lospoliticosveracruz.com\/?p=72232\" \/>\n<meta property=\"og:site_name\" content=\"Los pol\u00edticos Veracruz\" \/>\n<meta property=\"article:publisher\" content=\"https:\/\/www.facebook.com\/people\/Notimemes-de-los-Polticos\/61565672886568\/\" \/>\n<meta property=\"article:published_time\" content=\"2021-05-07T03:59:35+00:00\" \/>\n<meta property=\"article:modified_time\" content=\"2021-05-07T04:03:45+00:00\" \/>\n<meta property=\"og:image\" content=\"http:\/\/www.lospoliticosveracruz.com.mx\/wp-content\/uploads\/2021\/05\/WhatsApp-Image-2021-05-06-at-19.29.55.jpeg\" \/>\n<meta name=\"author\" content=\"Lo viste en Los Pol\u00edticos\" \/>\n<meta name=\"twitter:card\" content=\"summary_large_image\" \/>\n<meta name=\"twitter:creator\" content=\"@LosPoliticosVer\" \/>\n<meta name=\"twitter:site\" content=\"@LosPoliticosVer\" \/>\n<meta name=\"twitter:label1\" content=\"Escrito por\" \/>\n\t<meta name=\"twitter:data1\" content=\"Lo viste en Los Pol\u00edticos\" \/>\n\t<meta name=\"twitter:label2\" content=\"Tiempo de lectura\" \/>\n\t<meta name=\"twitter:data2\" content=\"3 minutos\" \/>\n<script type=\"application\/ld+json\" class=\"yoast-schema-graph\">{\"@context\":\"https:\\\/\\\/schema.org\",\"@graph\":[{\"@type\":\"Article\",\"@id\":\"https:\\\/\\\/lospoliticosveracruz.com\\\/?p=72232#article\",\"isPartOf\":{\"@id\":\"https:\\\/\\\/lospoliticosveracruz.com\\\/?p=72232\"},\"author\":{\"name\":\"Lo viste en Los Pol\u00edticos\",\"@id\":\"https:\\\/\\\/lospoliticosveracruz.com\\\/#\\\/schema\\\/person\\\/b8702bb0e538456e6efd07080bf2a4a2\"},\"headline\":\"MaloNo S\u00e1nchez y Coatepec\u2026\",\"datePublished\":\"2021-05-07T03:59:35+00:00\",\"dateModified\":\"2021-05-07T04:03:45+00:00\",\"mainEntityOfPage\":{\"@id\":\"https:\\\/\\\/lospoliticosveracruz.com\\\/?p=72232\"},\"wordCount\":611,\"publisher\":{\"@id\":\"https:\\\/\\\/lospoliticosveracruz.com\\\/#organization\"},\"image\":{\"@id\":\"https:\\\/\\\/lospoliticosveracruz.com\\\/?p=72232#primaryimage\"},\"thumbnailUrl\":\"http:\\\/\\\/www.lospoliticosveracruz.com.mx\\\/wp-content\\\/uploads\\\/2021\\\/05\\\/WhatsApp-Image-2021-05-06-at-19.29.55.jpeg\",\"keywords\":[\"Juanelo\",\"Luis Enrique Fern\u00e1ndez Peredo\",\"MaloNo S\u00e1nchez\",\"Manolo S\u00e1nchez\",\"Movimiento Ciudadano\",\"PAN\",\"PRI\",\"Salvador Mu\u00f1oz\",\"Sof\u00eda Viveros\",\"tiempo electoral\"],\"articleSection\":[\"De Opini\u00f3n\"],\"inLanguage\":\"es\"},{\"@type\":\"WebPage\",\"@id\":\"https:\\\/\\\/lospoliticosveracruz.com\\\/?p=72232\",\"url\":\"https:\\\/\\\/lospoliticosveracruz.com\\\/?p=72232\",\"name\":\"MaloNo S\u00e1nchez y Coatepec\u2026 - Los pol\u00edticos Veracruz\",\"isPartOf\":{\"@id\":\"https:\\\/\\\/lospoliticosveracruz.com\\\/#website\"},\"primaryImageOfPage\":{\"@id\":\"https:\\\/\\\/lospoliticosveracruz.com\\\/?p=72232#primaryimage\"},\"image\":{\"@id\":\"https:\\\/\\\/lospoliticosveracruz.com\\\/?p=72232#primaryimage\"},\"thumbnailUrl\":\"http:\\\/\\\/www.lospoliticosveracruz.com.mx\\\/wp-content\\\/uploads\\\/2021\\\/05\\\/WhatsApp-Image-2021-05-06-at-19.29.55.jpeg\",\"datePublished\":\"2021-05-07T03:59:35+00:00\",\"dateModified\":\"2021-05-07T04:03:45+00:00\",\"breadcrumb\":{\"@id\":\"https:\\\/\\\/lospoliticosveracruz.com\\\/?p=72232#breadcrumb\"},\"inLanguage\":\"es\",\"potentialAction\":[{\"@type\":\"ReadAction\",\"target\":[\"https:\\\/\\\/lospoliticosveracruz.com\\\/?p=72232\"]}]},{\"@type\":\"ImageObject\",\"inLanguage\":\"es\",\"@id\":\"https:\\\/\\\/lospoliticosveracruz.com\\\/?p=72232#primaryimage\",\"url\":\"http:\\\/\\\/www.lospoliticosveracruz.com.mx\\\/wp-content\\\/uploads\\\/2021\\\/05\\\/WhatsApp-Image-2021-05-06-at-19.29.55.jpeg\",\"contentUrl\":\"http:\\\/\\\/www.lospoliticosveracruz.com.mx\\\/wp-content\\\/uploads\\\/2021\\\/05\\\/WhatsApp-Image-2021-05-06-at-19.29.55.jpeg\"},{\"@type\":\"BreadcrumbList\",\"@id\":\"https:\\\/\\\/lospoliticosveracruz.com\\\/?p=72232#breadcrumb\",\"itemListElement\":[{\"@type\":\"ListItem\",\"position\":1,\"name\":\"Portada\",\"item\":\"https:\\\/\\\/lospoliticosveracruz.com\\\/\"},{\"@type\":\"ListItem\",\"position\":2,\"name\":\"MaloNo S\u00e1nchez y Coatepec\u2026\"}]},{\"@type\":\"WebSite\",\"@id\":\"https:\\\/\\\/lospoliticosveracruz.com\\\/#website\",\"url\":\"https:\\\/\\\/lospoliticosveracruz.com\\\/\",\"name\":\"Los pol\u00edticos Veracruz\",\"description\":\"\",\"publisher\":{\"@id\":\"https:\\\/\\\/lospoliticosveracruz.com\\\/#organization\"},\"potentialAction\":[{\"@type\":\"SearchAction\",\"target\":{\"@type\":\"EntryPoint\",\"urlTemplate\":\"https:\\\/\\\/lospoliticosveracruz.com\\\/?s={search_term_string}\"},\"query-input\":{\"@type\":\"PropertyValueSpecification\",\"valueRequired\":true,\"valueName\":\"search_term_string\"}}],\"inLanguage\":\"es\"},{\"@type\":\"Organization\",\"@id\":\"https:\\\/\\\/lospoliticosveracruz.com\\\/#organization\",\"name\":\"Los pol\u00edticos Veracruz\",\"url\":\"https:\\\/\\\/lospoliticosveracruz.com\\\/\",\"logo\":{\"@type\":\"ImageObject\",\"inLanguage\":\"es\",\"@id\":\"https:\\\/\\\/lospoliticosveracruz.com\\\/#\\\/schema\\\/logo\\\/image\\\/\",\"url\":\"https:\\\/\\\/lospoliticosveracruz.com\\\/wp-content\\\/uploads\\\/2025\\\/12\\\/Logo-Nuevo-LOS-POLITICOS-1.jpg\",\"contentUrl\":\"https:\\\/\\\/lospoliticosveracruz.com\\\/wp-content\\\/uploads\\\/2025\\\/12\\\/Logo-Nuevo-LOS-POLITICOS-1.jpg\",\"width\":260,\"height\":70,\"caption\":\"Los pol\u00edticos Veracruz\"},\"image\":{\"@id\":\"https:\\\/\\\/lospoliticosveracruz.com\\\/#\\\/schema\\\/logo\\\/image\\\/\"},\"sameAs\":[\"https:\\\/\\\/www.facebook.com\\\/people\\\/Notimemes-de-los-Polticos\\\/61565672886568\\\/\",\"https:\\\/\\\/x.com\\\/LosPoliticosVer\"]},{\"@type\":\"Person\",\"@id\":\"https:\\\/\\\/lospoliticosveracruz.com\\\/#\\\/schema\\\/person\\\/b8702bb0e538456e6efd07080bf2a4a2\",\"name\":\"Lo viste en Los Pol\u00edticos\",\"image\":{\"@type\":\"ImageObject\",\"inLanguage\":\"es\",\"@id\":\"https:\\\/\\\/secure.gravatar.com\\\/avatar\\\/3a8de04a2656d44082be478bd6c086daa447c4651605818287b9532d3d0bd435?s=96&d=mm&r=g\",\"url\":\"https:\\\/\\\/secure.gravatar.com\\\/avatar\\\/3a8de04a2656d44082be478bd6c086daa447c4651605818287b9532d3d0bd435?s=96&d=mm&r=g\",\"contentUrl\":\"https:\\\/\\\/secure.gravatar.com\\\/avatar\\\/3a8de04a2656d44082be478bd6c086daa447c4651605818287b9532d3d0bd435?s=96&d=mm&r=g\",\"caption\":\"Lo viste en Los Pol\u00edticos\"},\"url\":\"https:\\\/\\\/lospoliticosveracruz.com\\\/?author=2\"}]}<\/script>\n<!-- \/ Yoast SEO plugin. -->","yoast_head_json":{"title":"MaloNo S\u00e1nchez y Coatepec\u2026 - Los pol\u00edticos Veracruz","robots":{"index":"index","follow":"follow","max-snippet":"max-snippet:-1","max-image-preview":"max-image-preview:large","max-video-preview":"max-video-preview:-1"},"canonical":"https:\/\/lospoliticosveracruz.com\/?p=72232","og_locale":"es_ES","og_type":"article","og_title":"MaloNo S\u00e1nchez y Coatepec\u2026 - Los pol\u00edticos Veracruz","og_description":"Salvador Mu\u00f1oz Los Pol\u00edticos En 2013, el alcalde de Coatepec era Manolo S\u00e1nchez quien hab\u00eda llegado a la presidencia municipal bajo las siglas del PAN\u2026 el candidato del mismo partido en ese entonces, era Andr\u00e9s Cuevas Melo\u2026 la l\u00f3gica apuntaba, por ser el partido en el poder municipal, que ganara el candidato albiazul\u2026 pero no, [&hellip;]","og_url":"https:\/\/lospoliticosveracruz.com\/?p=72232","og_site_name":"Los pol\u00edticos Veracruz","article_publisher":"https:\/\/www.facebook.com\/people\/Notimemes-de-los-Polticos\/61565672886568\/","article_published_time":"2021-05-07T03:59:35+00:00","article_modified_time":"2021-05-07T04:03:45+00:00","og_image":[{"url":"http:\/\/www.lospoliticosveracruz.com.mx\/wp-content\/uploads\/2021\/05\/WhatsApp-Image-2021-05-06-at-19.29.55.jpeg","type":"","width":"","height":""}],"author":"Lo viste en Los Pol\u00edticos","twitter_card":"summary_large_image","twitter_creator":"@LosPoliticosVer","twitter_site":"@LosPoliticosVer","twitter_misc":{"Escrito por":"Lo viste en Los Pol\u00edticos","Tiempo de lectura":"3 minutos"},"schema":{"@context":"https:\/\/schema.org","@graph":[{"@type":"Article","@id":"https:\/\/lospoliticosveracruz.com\/?p=72232#article","isPartOf":{"@id":"https:\/\/lospoliticosveracruz.com\/?p=72232"},"author":{"name":"Lo viste en Los Pol\u00edticos","@id":"https:\/\/lospoliticosveracruz.com\/#\/schema\/person\/b8702bb0e538456e6efd07080bf2a4a2"},"headline":"MaloNo S\u00e1nchez y Coatepec\u2026","datePublished":"2021-05-07T03:59:35+00:00","dateModified":"2021-05-07T04:03:45+00:00","mainEntityOfPage":{"@id":"https:\/\/lospoliticosveracruz.com\/?p=72232"},"wordCount":611,"publisher":{"@id":"https:\/\/lospoliticosveracruz.com\/#organization"},"image":{"@id":"https:\/\/lospoliticosveracruz.com\/?p=72232#primaryimage"},"thumbnailUrl":"http:\/\/www.lospoliticosveracruz.com.mx\/wp-content\/uploads\/2021\/05\/WhatsApp-Image-2021-05-06-at-19.29.55.jpeg","keywords":["Juanelo","Luis Enrique Fern\u00e1ndez Peredo","MaloNo S\u00e1nchez","Manolo S\u00e1nchez","Movimiento Ciudadano","PAN","PRI","Salvador Mu\u00f1oz","Sof\u00eda Viveros","tiempo electoral"],"articleSection":["De Opini\u00f3n"],"inLanguage":"es"},{"@type":"WebPage","@id":"https:\/\/lospoliticosveracruz.com\/?p=72232","url":"https:\/\/lospoliticosveracruz.com\/?p=72232","name":"MaloNo S\u00e1nchez y Coatepec\u2026 - Los pol\u00edticos Veracruz","isPartOf":{"@id":"https:\/\/lospoliticosveracruz.com\/#website"},"primaryImageOfPage":{"@id":"https:\/\/lospoliticosveracruz.com\/?p=72232#primaryimage"},"image":{"@id":"https:\/\/lospoliticosveracruz.com\/?p=72232#primaryimage"},"thumbnailUrl":"http:\/\/www.lospoliticosveracruz.com.mx\/wp-content\/uploads\/2021\/05\/WhatsApp-Image-2021-05-06-at-19.29.55.jpeg","datePublished":"2021-05-07T03:59:35+00:00","dateModified":"2021-05-07T04:03:45+00:00","breadcrumb":{"@id":"https:\/\/lospoliticosveracruz.com\/?p=72232#breadcrumb"},"inLanguage":"es","potentialAction":[{"@type":"ReadAction","target":["https:\/\/lospoliticosveracruz.com\/?p=72232"]}]},{"@type":"ImageObject","inLanguage":"es","@id":"https:\/\/lospoliticosveracruz.com\/?p=72232#primaryimage","url":"http:\/\/www.lospoliticosveracruz.com.mx\/wp-content\/uploads\/2021\/05\/WhatsApp-Image-2021-05-06-at-19.29.55.jpeg","contentUrl":"http:\/\/www.lospoliticosveracruz.com.mx\/wp-content\/uploads\/2021\/05\/WhatsApp-Image-2021-05-06-at-19.29.55.jpeg"},{"@type":"BreadcrumbList","@id":"https:\/\/lospoliticosveracruz.com\/?p=72232#breadcrumb","itemListElement":[{"@type":"ListItem","position":1,"name":"Portada","item":"https:\/\/lospoliticosveracruz.com\/"},{"@type":"ListItem","position":2,"name":"MaloNo S\u00e1nchez y Coatepec\u2026"}]},{"@type":"WebSite","@id":"https:\/\/lospoliticosveracruz.com\/#website","url":"https:\/\/lospoliticosveracruz.com\/","name":"Los pol\u00edticos Veracruz","description":"","publisher":{"@id":"https:\/\/lospoliticosveracruz.com\/#organization"},"potentialAction":[{"@type":"SearchAction","target":{"@type":"EntryPoint","urlTemplate":"https:\/\/lospoliticosveracruz.com\/?s={search_term_string}"},"query-input":{"@type":"PropertyValueSpecification","valueRequired":true,"valueName":"search_term_string"}}],"inLanguage":"es"},{"@type":"Organization","@id":"https:\/\/lospoliticosveracruz.com\/#organization","name":"Los pol\u00edticos Veracruz","url":"https:\/\/lospoliticosveracruz.com\/","logo":{"@type":"ImageObject","inLanguage":"es","@id":"https:\/\/lospoliticosveracruz.com\/#\/schema\/logo\/image\/","url":"https:\/\/lospoliticosveracruz.com\/wp-content\/uploads\/2025\/12\/Logo-Nuevo-LOS-POLITICOS-1.jpg","contentUrl":"https:\/\/lospoliticosveracruz.com\/wp-content\/uploads\/2025\/12\/Logo-Nuevo-LOS-POLITICOS-1.jpg","width":260,"height":70,"caption":"Los pol\u00edticos Veracruz"},"image":{"@id":"https:\/\/lospoliticosveracruz.com\/#\/schema\/logo\/image\/"},"sameAs":["https:\/\/www.facebook.com\/people\/Notimemes-de-los-Polticos\/61565672886568\/","https:\/\/x.com\/LosPoliticosVer"]},{"@type":"Person","@id":"https:\/\/lospoliticosveracruz.com\/#\/schema\/person\/b8702bb0e538456e6efd07080bf2a4a2","name":"Lo viste en Los Pol\u00edticos","image":{"@type":"ImageObject","inLanguage":"es","@id":"https:\/\/secure.gravatar.com\/avatar\/3a8de04a2656d44082be478bd6c086daa447c4651605818287b9532d3d0bd435?s=96&d=mm&r=g","url":"https:\/\/secure.gravatar.com\/avatar\/3a8de04a2656d44082be478bd6c086daa447c4651605818287b9532d3d0bd435?s=96&d=mm&r=g","contentUrl":"https:\/\/secure.gravatar.com\/avatar\/3a8de04a2656d44082be478bd6c086daa447c4651605818287b9532d3d0bd435?s=96&d=mm&r=g","caption":"Lo viste en Los Pol\u00edticos"},"url":"https:\/\/lospoliticosveracruz.com\/?author=2"}]}},"_links":{"self":[{"href":"https:\/\/lospoliticosveracruz.com\/index.php?rest_route=\/wp\/v2\/posts\/72232","targetHints":{"allow":["GET"]}}],"collection":[{"href":"https:\/\/lospoliticosveracruz.com\/index.php?rest_route=\/wp\/v2\/posts"}],"about":[{"href":"https:\/\/lospoliticosveracruz.com\/index.php?rest_route=\/wp\/v2\/types\/post"}],"author":[{"embeddable":true,"href":"https:\/\/lospoliticosveracruz.com\/index.php?rest_route=\/wp\/v2\/users\/2"}],"replies":[{"embeddable":true,"href":"https:\/\/lospoliticosveracruz.com\/index.php?rest_route=%2Fwp%2Fv2%2Fcomments&post=72232"}],"version-history":[{"count":2,"href":"https:\/\/lospoliticosveracruz.com\/index.php?rest_route=\/wp\/v2\/posts\/72232\/revisions"}],"predecessor-version":[{"id":72238,"href":"https:\/\/lospoliticosveracruz.com\/index.php?rest_route=\/wp\/v2\/posts\/72232\/revisions\/72238"}],"wp:attachment":[{"href":"https:\/\/lospoliticosveracruz.com\/index.php?rest_route=%2Fwp%2Fv2%2Fmedia&parent=72232"}],"wp:term":[{"taxonomy":"category","embeddable":true,"href":"https:\/\/lospoliticosveracruz.com\/index.php?rest_route=%2Fwp%2Fv2%2Fcategories&post=72232"},{"taxonomy":"post_tag","embeddable":true,"href":"https:\/\/lospoliticosveracruz.com\/index.php?rest_route=%2Fwp%2Fv2%2Ftags&post=72232"}],"curies":[{"name":"wp","href":"https:\/\/api.w.org\/{rel}","templated":true}]}}