{"id":72239,"date":"2021-05-06T23:11:18","date_gmt":"2021-05-07T04:11:18","guid":{"rendered":"http:\/\/www.lospoliticosveracruz.com.mx\/?p=72239"},"modified":"2021-05-06T23:11:24","modified_gmt":"2021-05-07T04:11:24","slug":"coatepec-y-el-pvem-xalapa-y-empresarios","status":"publish","type":"post","link":"https:\/\/lospoliticosveracruz.com\/?p=72239","title":{"rendered":"Coatepec y el PVEM \/ Xalapa y empresarios"},"content":{"rendered":"\n<p><strong>Enrique Yasser Pompeyo<\/strong><\/p>\n\n\n\n<p><em>Mesa de Redacci\u00f3n<br><\/em><\/p>\n\n\n\n<p>El cuidado del medio ambiente y el desarrollo sostenible es un tema fundamental en la entidad veracruzana.<br>En este proceso electoral, algunos candidatos y partidos contemplan en su plataforma pol\u00edtica proyectos que pueden coadyuvar.<\/p>\n\n\n\n<div class=\"wp-block-image\"><figure class=\"alignleft size-large is-resized\"><a href=\"http:\/\/www.lospoliticosveracruz.com.mx\/wp-content\/uploads\/2021\/04\/Tecajetes.jpeg\"><img loading=\"lazy\" decoding=\"async\" src=\"http:\/\/www.lospoliticosveracruz.com.mx\/wp-content\/uploads\/2021\/04\/Tecajetes.jpeg\" alt=\"\" class=\"wp-image-71008\" width=\"296\" height=\"432\"\/><\/a><\/figure><\/div>\n\n\n\n<p><br>Es el caso del municipio de Coatepec, donde el Partido Verde Ecologista de M\u00e9xico (PVEM), a trav\u00e9s de su candidata a s\u00edndica, Linda Rub\u00ed Mart\u00ednez D\u00edaz, busca darle una atenci\u00f3n prioritaria.<br>El proyecto es amplio y ambicioso. En el pueblo m\u00e1gico y en todo el distrito se busca implementar la Agenda 20\/30 de la Organizaci\u00f3n de las Naciones Unidas (ONU) que contempla 17 objetivos para el desarrollo sostenible.<br>La Agenda consiste en un plan de acci\u00f3n para las personas, el planeta, la prosperidad, la paz y el trabajo conjunto.<br>Los objetivos son: Fin de la pobreza; Hambre cero; Salud y bienestar; Educaci\u00f3n de calidad; Igualdad de g\u00e9nero; Agua limpia y saneamiento; Energ\u00eda asequible y no contaminante; Trabajo decente y crecimiento econ\u00f3mico; Industria, innovaci\u00f3n e infraestructura; Reducci\u00f3n de las desigualdades; Ciudades y comunidades sustentables; Producci\u00f3n y consumo responsables; Acci\u00f3n por el clima; Vida submarina; Vida de ecosistemas terrestres; Paz, justicia e instituciones s\u00f3lidas; y Alianzas para lograr los objetivos.<br>En Coatepec, una de las prioridades ser\u00e1 la infraestructura en las comunidades para dotarlas de agua, energ\u00eda el\u00e9ctrica y pavimentaci\u00f3n de calles, as\u00ed como espacios de recreaci\u00f3n como los parques para las familias coatepecanas.<br>El agua es fundamental, por lo que proponen la creaci\u00f3n de una cadena de purificaci\u00f3n de agua domiciliaria, para que los habitantes puedan consumirla de manera directa. El tema es viable, pues ya se hace en la ciudad de Quer\u00e9taro; a nivel internacional ya se hizo en Par\u00eds, Francia.<br>Se trata de un plan integral que requiere de una gran inversi\u00f3n para tratar el vital l\u00edquido que beneficiar\u00e1 a las generaciones presentes y futuras.<br>Por todo ello, Linda Rub\u00ed Mart\u00ednez D\u00edaz, recorre el municipio junto con In\u00e9s Mart\u00ednez, candidata a la diputaci\u00f3n federal por el distrito 9 de Coatepec, as\u00ed como con Gustavo Mart\u00edn Ortiz y Jorge Mart\u00ednez, candidatos propietario y suplente a la regidur\u00eda primera de la planilla verde; adem\u00e1s del delegado del PVEM, Rafael Tepetla.<br>Las propuestas son viables y la poblaci\u00f3n decidir\u00e1 el pr\u00f3ximo 6 de junio a quienes consideren las mejores opciones para representarlos.<\/p>\n\n\n\n<p><strong>EMPRESARIOS AFECTADOS EN XALAPA<br><\/strong>Al reunirse con integrantes del Consejo Empresarial Metropolitano de Xalapa, el candidato de la coalici\u00f3n \u201cVeracruz Va\u201d a la presidencia municipal de la capital, David Velasco Chedraui, reconoci\u00f3 que los empresarios se encuentran entre los sectores m\u00e1s afectados por la pandemia del COVID-19, abandonados por el mal gobierno de la ciudad.<br>\u201cEste es uno de los sectores m\u00e1s da\u00f1ados, m\u00e1s golpeados; est\u00e1n muy descontentos con el actual gobierno no s\u00f3lo porque no recibieron ning\u00fan apoyo o incentivo fiscal a nivel federal para sortear la crisis, sino porque los han maltratado con una gran burocracia para abrir negocios, para realizar obras y porque se detuvieron las inversiones p\u00fablicas y las pocas obras se entregaron a empresas for\u00e1neas\u201d, asever\u00f3.<br>Adem\u00e1s, insisti\u00f3 David Velasco Chedraui, a pesar de las muchas necesidades que existen en las colonias, la gente se entera que el gobierno municipal ha regresado millones de pesos a la federaci\u00f3n. \u201cEsto es grav\u00edsimo, porque dinero que ya deber\u00eda de estar trabajando en Xalapa en obras y generando empleo, se regresa. Cuando ya hab\u00edamos logrado ir de m\u00e1s a m\u00e1s, ahora es al rev\u00e9s, porque venimos de menos a menos\u201d.<br>De frente, ante los miembros del sector al que pertenece, el candidato de la alianza PAN, PRI y PRD, ofreci\u00f3 poner al servicio de la ciudad la experiencia con la que cuenta, porque cuando gobern\u00f3 la ciudad el municipio no s\u00f3lo fue calificado como el m\u00e1s transparente del estado, tambi\u00e9n fue reconocido por la gran cantidad de obra p\u00fablica que realiz\u00f3.<br>\u201cMe aventuro en esta dif\u00edcil tarea porque soy xalape\u00f1o, porque veo todo lo que nos est\u00e1n afectando a todos los empresarios y, aunque no traigo una varita m\u00e1gica, s\u00ed s\u00e9 c\u00f3mo reactivar la econom\u00eda, c\u00f3mo generar inversi\u00f3n p\u00fablica, c\u00f3mo buscar y bajar m\u00e1s recursos, con un equipo especializado, como lo hice cuando fui alcalde y sobre todo c\u00f3mo administrar bien esos recursos para no regresarlos a la federaci\u00f3n\u201d.<br>Adem\u00e1s, coment\u00f3 que su gobierno les dar\u00e1 obra a las empresas locales, utilizar\u00e1 los talentos y valores de la capital e implementar\u00e1 el Programa de Ciudades Inteligentes para digitalizar los procesos de tr\u00e1mites para abrir negocios y otorgar permisos de construcci\u00f3n, que permitan no s\u00f3lo acabar con la actual burocracia en donde un permiso tarda m\u00e1s de un a\u00f1o, tambi\u00e9n acabar con los moches y las irregularidades, as\u00ed como reactivar las inversiones que generan empleo y bienestar en las familias.<br>Finalmente, a petici\u00f3n expresa de los empresarios, David Velasco Chedraui hizo p\u00fablico el compromiso de cumplir a cabalidad el periodo para el que sea electo como alcalde de Xalapa y no dejar su periodo de gobierno para buscar otro cargo de elecci\u00f3n popular.<\/p>\n\n\n\n<p><strong>LLAMA SERGIO CADENA A RAZONAR EL VOTO<br><\/strong>El pueblo de Veracruz y en especial la ciudadan\u00eda de la zona norte de la entidad acudir\u00e1 a las urnas para expresar su malestar respecto a la p\u00e9sima actuaci\u00f3n del gobierno federal y estatal, as\u00ed como el enorme y justo deseo de cambio para que reencontremos el camino al progreso se\u00f1al\u00f3 Sergio Cadena Mart\u00ednez, presidente del PRD en el estado.<br>Acompa\u00f1ado por el dirigente nacional del partido del Sol Azteca, Jes\u00fas Zambrano Grijalva, las candidatas a las diputaciones local y federal, Adely Morales y Eliza Rivera, as\u00ed como por militantes, simpatizantes, liderazgos regionales y los directivos municipales del PRl y del PAN, Cadena Mart\u00ednez hizo un llamado a las y los veracruzanos para que razonen su pr\u00f3ximo sufragio y con ello abran la puerta a un mejor futuro.<br>Durante su recorrido hacia el centro de la ciudad, donde se concentraron poco m\u00e1s de seis mil tihuatlecos, entre empresarios muebleros, productores del campo, amas de casa, educadores y j\u00f3venes se sumaron a la marcha para exigir la liberaci\u00f3n de los presos pol\u00edticos emanados de la alianza del PRD y del PAN, que han sido detenidos y encarcelados injustamente durante la presente administraci\u00f3n estatal.<\/p>\n\n\n\n<div class=\"wp-block-image\"><figure class=\"alignleft size-large is-resized\"><a href=\"https:\/\/drive.google.com\/file\/d\/1Q9mJWAbAAcSE5Xy3gLetz4G7zcZVnOr5\/view?fbclid=IwAR21RCgSVy7rnC7mFt72TIVuewikDvUknkwyTne89f8AwxPGge10KkDXXhI\"><img loading=\"lazy\" decoding=\"async\" src=\"http:\/\/www.lospoliticosveracruz.com.mx\/wp-content\/uploads\/2021\/04\/CLASES-MAGISTRALES.jpg\" alt=\"\" class=\"wp-image-70534\" width=\"350\" height=\"232\"\/><\/a><\/figure><\/div>\n\n\n\n<p><br>Por su parte, Jes\u00fas Zambrano pidi\u00f3 a las y los veracruzanos honrar su historia votando por los candidatos del PRD y de la alianza Va por M\u00e9xico y Va por Veracruz, para demostrarle a sus adversarios pol\u00edticos la altura de miras y la calidad de los militantes y simpatizantes que participan en el rescate del pa\u00eds y el estado.<br>Finalmente, Sergio Cadena agradeci\u00f3 el \u00e1nimo con que miles y miles de mujeres y hombres de todo lo largo y ancho de la entidad est\u00e1n caminando todos los d\u00edas para llevar el mensaje de aliento de las y los candidatos del PRD, a todos los rincones de Veracruz, lo que garantizar\u00e1 resultados positivos para su partido en la fiesta pol\u00edtica de junio pr\u00f3ximo.<\/p>\n\n\n\n<p>enriquepompeyo@hotmail.com<\/p>\n","protected":false},"excerpt":{"rendered":"<p>Enrique Yasser Pompeyo Mesa de Redacci\u00f3n El cuidado del medio ambiente y el desarrollo sostenible es un tema fundamental en la entidad veracruzana.En este proceso electoral, algunos candidatos y partidos contemplan en su plataforma pol\u00edtica proyectos que pueden coadyuvar. Es el caso del municipio de Coatepec, donde el Partido Verde Ecologista de M\u00e9xico (PVEM), a [&hellip;]<\/p>\n","protected":false},"author":2,"featured_media":0,"comment_status":"closed","ping_status":"closed","sticky":false,"template":"","format":"standard","meta":{"tdm_status":"","tdm_grid_status":"","footnotes":""},"categories":[70],"tags":[27796,277,407,15477,27798,27797,27799,10841,264,7887],"class_list":{"0":"post-72239","1":"post","2":"type-post","3":"status-publish","4":"format-standard","6":"category-de-opinion","7":"tag-candidata-a-sindica","8":"tag-coatepec","9":"tag-david-velasco-chedraui","10":"tag-enrique-yasser-pompeyo","11":"tag-gustavo-martin-ortiz","12":"tag-ines-martinez","13":"tag-jorge-martinez","14":"tag-linda-rubi-martinez-diaz","15":"tag-pvem","16":"tag-sergio-cadena-martinez"},"yoast_head":"<!-- This site is optimized with the Yoast SEO plugin v27.4 - https:\/\/yoast.com\/product\/yoast-seo-wordpress\/ -->\n<title>Coatepec y el PVEM \/ Xalapa y empresarios - Los pol\u00edticos Veracruz<\/title>\n<meta name=\"robots\" content=\"index, follow, max-snippet:-1, max-image-preview:large, max-video-preview:-1\" \/>\n<link rel=\"canonical\" href=\"https:\/\/lospoliticosveracruz.com\/?p=72239\" \/>\n<meta property=\"og:locale\" content=\"es_ES\" \/>\n<meta property=\"og:type\" content=\"article\" \/>\n<meta property=\"og:title\" content=\"Coatepec y el PVEM \/ Xalapa y empresarios - Los pol\u00edticos Veracruz\" \/>\n<meta property=\"og:description\" content=\"Enrique Yasser Pompeyo Mesa de Redacci\u00f3n El cuidado del medio ambiente y el desarrollo sostenible es un tema fundamental en la entidad veracruzana.En este proceso electoral, algunos candidatos y partidos contemplan en su plataforma pol\u00edtica proyectos que pueden coadyuvar. Es el caso del municipio de Coatepec, donde el Partido Verde Ecologista de M\u00e9xico (PVEM), a [&hellip;]\" \/>\n<meta property=\"og:url\" content=\"https:\/\/lospoliticosveracruz.com\/?p=72239\" \/>\n<meta property=\"og:site_name\" content=\"Los pol\u00edticos Veracruz\" \/>\n<meta property=\"article:publisher\" content=\"https:\/\/www.facebook.com\/people\/Notimemes-de-los-Polticos\/61565672886568\/\" \/>\n<meta property=\"article:published_time\" content=\"2021-05-07T04:11:18+00:00\" \/>\n<meta property=\"article:modified_time\" content=\"2021-05-07T04:11:24+00:00\" \/>\n<meta property=\"og:image\" content=\"http:\/\/www.lospoliticosveracruz.com.mx\/wp-content\/uploads\/2021\/04\/Tecajetes.jpeg\" \/>\n<meta name=\"author\" content=\"Lo viste en Los Pol\u00edticos\" \/>\n<meta name=\"twitter:card\" content=\"summary_large_image\" \/>\n<meta name=\"twitter:creator\" content=\"@LosPoliticosVer\" \/>\n<meta name=\"twitter:site\" content=\"@LosPoliticosVer\" \/>\n<meta name=\"twitter:label1\" content=\"Escrito por\" \/>\n\t<meta name=\"twitter:data1\" content=\"Lo viste en Los Pol\u00edticos\" \/>\n\t<meta name=\"twitter:label2\" content=\"Tiempo de lectura\" \/>\n\t<meta name=\"twitter:data2\" content=\"6 minutos\" \/>\n<script type=\"application\/ld+json\" class=\"yoast-schema-graph\">{\"@context\":\"https:\\\/\\\/schema.org\",\"@graph\":[{\"@type\":\"Article\",\"@id\":\"https:\\\/\\\/lospoliticosveracruz.com\\\/?p=72239#article\",\"isPartOf\":{\"@id\":\"https:\\\/\\\/lospoliticosveracruz.com\\\/?p=72239\"},\"author\":{\"name\":\"Lo viste en Los Pol\u00edticos\",\"@id\":\"https:\\\/\\\/lospoliticosveracruz.com\\\/#\\\/schema\\\/person\\\/b8702bb0e538456e6efd07080bf2a4a2\"},\"headline\":\"Coatepec y el PVEM \\\/ Xalapa y empresarios\",\"datePublished\":\"2021-05-07T04:11:18+00:00\",\"dateModified\":\"2021-05-07T04:11:24+00:00\",\"mainEntityOfPage\":{\"@id\":\"https:\\\/\\\/lospoliticosveracruz.com\\\/?p=72239\"},\"wordCount\":1259,\"publisher\":{\"@id\":\"https:\\\/\\\/lospoliticosveracruz.com\\\/#organization\"},\"image\":{\"@id\":\"https:\\\/\\\/lospoliticosveracruz.com\\\/?p=72239#primaryimage\"},\"thumbnailUrl\":\"http:\\\/\\\/www.lospoliticosveracruz.com.mx\\\/wp-content\\\/uploads\\\/2021\\\/04\\\/Tecajetes.jpeg\",\"keywords\":[\"candidata a s\u00edndica\",\"Coatepec\",\"David Velasco Chedraui\",\"Enrique Yasser Pompeyo\",\"Gustavo Mart\u00edn Ortiz\",\"In\u00e9s Mart\u00ednez\",\"Jorge Mart\u00ednez\",\"Linda Rub\u00ed Mart\u00ednez D\u00edaz\",\"PVEM\",\"Sergio Cadena Mart\u00ednez\"],\"articleSection\":[\"De Opini\u00f3n\"],\"inLanguage\":\"es\"},{\"@type\":\"WebPage\",\"@id\":\"https:\\\/\\\/lospoliticosveracruz.com\\\/?p=72239\",\"url\":\"https:\\\/\\\/lospoliticosveracruz.com\\\/?p=72239\",\"name\":\"Coatepec y el PVEM \\\/ Xalapa y empresarios - Los pol\u00edticos Veracruz\",\"isPartOf\":{\"@id\":\"https:\\\/\\\/lospoliticosveracruz.com\\\/#website\"},\"primaryImageOfPage\":{\"@id\":\"https:\\\/\\\/lospoliticosveracruz.com\\\/?p=72239#primaryimage\"},\"image\":{\"@id\":\"https:\\\/\\\/lospoliticosveracruz.com\\\/?p=72239#primaryimage\"},\"thumbnailUrl\":\"http:\\\/\\\/www.lospoliticosveracruz.com.mx\\\/wp-content\\\/uploads\\\/2021\\\/04\\\/Tecajetes.jpeg\",\"datePublished\":\"2021-05-07T04:11:18+00:00\",\"dateModified\":\"2021-05-07T04:11:24+00:00\",\"breadcrumb\":{\"@id\":\"https:\\\/\\\/lospoliticosveracruz.com\\\/?p=72239#breadcrumb\"},\"inLanguage\":\"es\",\"potentialAction\":[{\"@type\":\"ReadAction\",\"target\":[\"https:\\\/\\\/lospoliticosveracruz.com\\\/?p=72239\"]}]},{\"@type\":\"ImageObject\",\"inLanguage\":\"es\",\"@id\":\"https:\\\/\\\/lospoliticosveracruz.com\\\/?p=72239#primaryimage\",\"url\":\"http:\\\/\\\/www.lospoliticosveracruz.com.mx\\\/wp-content\\\/uploads\\\/2021\\\/04\\\/Tecajetes.jpeg\",\"contentUrl\":\"http:\\\/\\\/www.lospoliticosveracruz.com.mx\\\/wp-content\\\/uploads\\\/2021\\\/04\\\/Tecajetes.jpeg\"},{\"@type\":\"BreadcrumbList\",\"@id\":\"https:\\\/\\\/lospoliticosveracruz.com\\\/?p=72239#breadcrumb\",\"itemListElement\":[{\"@type\":\"ListItem\",\"position\":1,\"name\":\"Portada\",\"item\":\"https:\\\/\\\/lospoliticosveracruz.com\\\/\"},{\"@type\":\"ListItem\",\"position\":2,\"name\":\"Coatepec y el PVEM \\\/ Xalapa y empresarios\"}]},{\"@type\":\"WebSite\",\"@id\":\"https:\\\/\\\/lospoliticosveracruz.com\\\/#website\",\"url\":\"https:\\\/\\\/lospoliticosveracruz.com\\\/\",\"name\":\"Los pol\u00edticos Veracruz\",\"description\":\"\",\"publisher\":{\"@id\":\"https:\\\/\\\/lospoliticosveracruz.com\\\/#organization\"},\"potentialAction\":[{\"@type\":\"SearchAction\",\"target\":{\"@type\":\"EntryPoint\",\"urlTemplate\":\"https:\\\/\\\/lospoliticosveracruz.com\\\/?s={search_term_string}\"},\"query-input\":{\"@type\":\"PropertyValueSpecification\",\"valueRequired\":true,\"valueName\":\"search_term_string\"}}],\"inLanguage\":\"es\"},{\"@type\":\"Organization\",\"@id\":\"https:\\\/\\\/lospoliticosveracruz.com\\\/#organization\",\"name\":\"Los pol\u00edticos Veracruz\",\"url\":\"https:\\\/\\\/lospoliticosveracruz.com\\\/\",\"logo\":{\"@type\":\"ImageObject\",\"inLanguage\":\"es\",\"@id\":\"https:\\\/\\\/lospoliticosveracruz.com\\\/#\\\/schema\\\/logo\\\/image\\\/\",\"url\":\"https:\\\/\\\/lospoliticosveracruz.com\\\/wp-content\\\/uploads\\\/2025\\\/12\\\/Logo-Nuevo-LOS-POLITICOS-1.jpg\",\"contentUrl\":\"https:\\\/\\\/lospoliticosveracruz.com\\\/wp-content\\\/uploads\\\/2025\\\/12\\\/Logo-Nuevo-LOS-POLITICOS-1.jpg\",\"width\":260,\"height\":70,\"caption\":\"Los pol\u00edticos Veracruz\"},\"image\":{\"@id\":\"https:\\\/\\\/lospoliticosveracruz.com\\\/#\\\/schema\\\/logo\\\/image\\\/\"},\"sameAs\":[\"https:\\\/\\\/www.facebook.com\\\/people\\\/Notimemes-de-los-Polticos\\\/61565672886568\\\/\",\"https:\\\/\\\/x.com\\\/LosPoliticosVer\"]},{\"@type\":\"Person\",\"@id\":\"https:\\\/\\\/lospoliticosveracruz.com\\\/#\\\/schema\\\/person\\\/b8702bb0e538456e6efd07080bf2a4a2\",\"name\":\"Lo viste en Los Pol\u00edticos\",\"image\":{\"@type\":\"ImageObject\",\"inLanguage\":\"es\",\"@id\":\"https:\\\/\\\/secure.gravatar.com\\\/avatar\\\/3a8de04a2656d44082be478bd6c086daa447c4651605818287b9532d3d0bd435?s=96&d=mm&r=g\",\"url\":\"https:\\\/\\\/secure.gravatar.com\\\/avatar\\\/3a8de04a2656d44082be478bd6c086daa447c4651605818287b9532d3d0bd435?s=96&d=mm&r=g\",\"contentUrl\":\"https:\\\/\\\/secure.gravatar.com\\\/avatar\\\/3a8de04a2656d44082be478bd6c086daa447c4651605818287b9532d3d0bd435?s=96&d=mm&r=g\",\"caption\":\"Lo viste en Los Pol\u00edticos\"},\"url\":\"https:\\\/\\\/lospoliticosveracruz.com\\\/?author=2\"}]}<\/script>\n<!-- \/ Yoast SEO plugin. -->","yoast_head_json":{"title":"Coatepec y el PVEM \/ Xalapa y empresarios - Los pol\u00edticos Veracruz","robots":{"index":"index","follow":"follow","max-snippet":"max-snippet:-1","max-image-preview":"max-image-preview:large","max-video-preview":"max-video-preview:-1"},"canonical":"https:\/\/lospoliticosveracruz.com\/?p=72239","og_locale":"es_ES","og_type":"article","og_title":"Coatepec y el PVEM \/ Xalapa y empresarios - Los pol\u00edticos Veracruz","og_description":"Enrique Yasser Pompeyo Mesa de Redacci\u00f3n El cuidado del medio ambiente y el desarrollo sostenible es un tema fundamental en la entidad veracruzana.En este proceso electoral, algunos candidatos y partidos contemplan en su plataforma pol\u00edtica proyectos que pueden coadyuvar. Es el caso del municipio de Coatepec, donde el Partido Verde Ecologista de M\u00e9xico (PVEM), a [&hellip;]","og_url":"https:\/\/lospoliticosveracruz.com\/?p=72239","og_site_name":"Los pol\u00edticos Veracruz","article_publisher":"https:\/\/www.facebook.com\/people\/Notimemes-de-los-Polticos\/61565672886568\/","article_published_time":"2021-05-07T04:11:18+00:00","article_modified_time":"2021-05-07T04:11:24+00:00","og_image":[{"url":"http:\/\/www.lospoliticosveracruz.com.mx\/wp-content\/uploads\/2021\/04\/Tecajetes.jpeg","type":"","width":"","height":""}],"author":"Lo viste en Los Pol\u00edticos","twitter_card":"summary_large_image","twitter_creator":"@LosPoliticosVer","twitter_site":"@LosPoliticosVer","twitter_misc":{"Escrito por":"Lo viste en Los Pol\u00edticos","Tiempo de lectura":"6 minutos"},"schema":{"@context":"https:\/\/schema.org","@graph":[{"@type":"Article","@id":"https:\/\/lospoliticosveracruz.com\/?p=72239#article","isPartOf":{"@id":"https:\/\/lospoliticosveracruz.com\/?p=72239"},"author":{"name":"Lo viste en Los Pol\u00edticos","@id":"https:\/\/lospoliticosveracruz.com\/#\/schema\/person\/b8702bb0e538456e6efd07080bf2a4a2"},"headline":"Coatepec y el PVEM \/ Xalapa y empresarios","datePublished":"2021-05-07T04:11:18+00:00","dateModified":"2021-05-07T04:11:24+00:00","mainEntityOfPage":{"@id":"https:\/\/lospoliticosveracruz.com\/?p=72239"},"wordCount":1259,"publisher":{"@id":"https:\/\/lospoliticosveracruz.com\/#organization"},"image":{"@id":"https:\/\/lospoliticosveracruz.com\/?p=72239#primaryimage"},"thumbnailUrl":"http:\/\/www.lospoliticosveracruz.com.mx\/wp-content\/uploads\/2021\/04\/Tecajetes.jpeg","keywords":["candidata a s\u00edndica","Coatepec","David Velasco Chedraui","Enrique Yasser Pompeyo","Gustavo Mart\u00edn Ortiz","In\u00e9s Mart\u00ednez","Jorge Mart\u00ednez","Linda Rub\u00ed Mart\u00ednez D\u00edaz","PVEM","Sergio Cadena Mart\u00ednez"],"articleSection":["De Opini\u00f3n"],"inLanguage":"es"},{"@type":"WebPage","@id":"https:\/\/lospoliticosveracruz.com\/?p=72239","url":"https:\/\/lospoliticosveracruz.com\/?p=72239","name":"Coatepec y el PVEM \/ Xalapa y empresarios - Los pol\u00edticos Veracruz","isPartOf":{"@id":"https:\/\/lospoliticosveracruz.com\/#website"},"primaryImageOfPage":{"@id":"https:\/\/lospoliticosveracruz.com\/?p=72239#primaryimage"},"image":{"@id":"https:\/\/lospoliticosveracruz.com\/?p=72239#primaryimage"},"thumbnailUrl":"http:\/\/www.lospoliticosveracruz.com.mx\/wp-content\/uploads\/2021\/04\/Tecajetes.jpeg","datePublished":"2021-05-07T04:11:18+00:00","dateModified":"2021-05-07T04:11:24+00:00","breadcrumb":{"@id":"https:\/\/lospoliticosveracruz.com\/?p=72239#breadcrumb"},"inLanguage":"es","potentialAction":[{"@type":"ReadAction","target":["https:\/\/lospoliticosveracruz.com\/?p=72239"]}]},{"@type":"ImageObject","inLanguage":"es","@id":"https:\/\/lospoliticosveracruz.com\/?p=72239#primaryimage","url":"http:\/\/www.lospoliticosveracruz.com.mx\/wp-content\/uploads\/2021\/04\/Tecajetes.jpeg","contentUrl":"http:\/\/www.lospoliticosveracruz.com.mx\/wp-content\/uploads\/2021\/04\/Tecajetes.jpeg"},{"@type":"BreadcrumbList","@id":"https:\/\/lospoliticosveracruz.com\/?p=72239#breadcrumb","itemListElement":[{"@type":"ListItem","position":1,"name":"Portada","item":"https:\/\/lospoliticosveracruz.com\/"},{"@type":"ListItem","position":2,"name":"Coatepec y el PVEM \/ Xalapa y empresarios"}]},{"@type":"WebSite","@id":"https:\/\/lospoliticosveracruz.com\/#website","url":"https:\/\/lospoliticosveracruz.com\/","name":"Los pol\u00edticos Veracruz","description":"","publisher":{"@id":"https:\/\/lospoliticosveracruz.com\/#organization"},"potentialAction":[{"@type":"SearchAction","target":{"@type":"EntryPoint","urlTemplate":"https:\/\/lospoliticosveracruz.com\/?s={search_term_string}"},"query-input":{"@type":"PropertyValueSpecification","valueRequired":true,"valueName":"search_term_string"}}],"inLanguage":"es"},{"@type":"Organization","@id":"https:\/\/lospoliticosveracruz.com\/#organization","name":"Los pol\u00edticos Veracruz","url":"https:\/\/lospoliticosveracruz.com\/","logo":{"@type":"ImageObject","inLanguage":"es","@id":"https:\/\/lospoliticosveracruz.com\/#\/schema\/logo\/image\/","url":"https:\/\/lospoliticosveracruz.com\/wp-content\/uploads\/2025\/12\/Logo-Nuevo-LOS-POLITICOS-1.jpg","contentUrl":"https:\/\/lospoliticosveracruz.com\/wp-content\/uploads\/2025\/12\/Logo-Nuevo-LOS-POLITICOS-1.jpg","width":260,"height":70,"caption":"Los pol\u00edticos Veracruz"},"image":{"@id":"https:\/\/lospoliticosveracruz.com\/#\/schema\/logo\/image\/"},"sameAs":["https:\/\/www.facebook.com\/people\/Notimemes-de-los-Polticos\/61565672886568\/","https:\/\/x.com\/LosPoliticosVer"]},{"@type":"Person","@id":"https:\/\/lospoliticosveracruz.com\/#\/schema\/person\/b8702bb0e538456e6efd07080bf2a4a2","name":"Lo viste en Los Pol\u00edticos","image":{"@type":"ImageObject","inLanguage":"es","@id":"https:\/\/secure.gravatar.com\/avatar\/3a8de04a2656d44082be478bd6c086daa447c4651605818287b9532d3d0bd435?s=96&d=mm&r=g","url":"https:\/\/secure.gravatar.com\/avatar\/3a8de04a2656d44082be478bd6c086daa447c4651605818287b9532d3d0bd435?s=96&d=mm&r=g","contentUrl":"https:\/\/secure.gravatar.com\/avatar\/3a8de04a2656d44082be478bd6c086daa447c4651605818287b9532d3d0bd435?s=96&d=mm&r=g","caption":"Lo viste en Los Pol\u00edticos"},"url":"https:\/\/lospoliticosveracruz.com\/?author=2"}]}},"_links":{"self":[{"href":"https:\/\/lospoliticosveracruz.com\/index.php?rest_route=\/wp\/v2\/posts\/72239","targetHints":{"allow":["GET"]}}],"collection":[{"href":"https:\/\/lospoliticosveracruz.com\/index.php?rest_route=\/wp\/v2\/posts"}],"about":[{"href":"https:\/\/lospoliticosveracruz.com\/index.php?rest_route=\/wp\/v2\/types\/post"}],"author":[{"embeddable":true,"href":"https:\/\/lospoliticosveracruz.com\/index.php?rest_route=\/wp\/v2\/users\/2"}],"replies":[{"embeddable":true,"href":"https:\/\/lospoliticosveracruz.com\/index.php?rest_route=%2Fwp%2Fv2%2Fcomments&post=72239"}],"version-history":[{"count":1,"href":"https:\/\/lospoliticosveracruz.com\/index.php?rest_route=\/wp\/v2\/posts\/72239\/revisions"}],"predecessor-version":[{"id":72243,"href":"https:\/\/lospoliticosveracruz.com\/index.php?rest_route=\/wp\/v2\/posts\/72239\/revisions\/72243"}],"wp:attachment":[{"href":"https:\/\/lospoliticosveracruz.com\/index.php?rest_route=%2Fwp%2Fv2%2Fmedia&parent=72239"}],"wp:term":[{"taxonomy":"category","embeddable":true,"href":"https:\/\/lospoliticosveracruz.com\/index.php?rest_route=%2Fwp%2Fv2%2Fcategories&post=72239"},{"taxonomy":"post_tag","embeddable":true,"href":"https:\/\/lospoliticosveracruz.com\/index.php?rest_route=%2Fwp%2Fv2%2Ftags&post=72239"}],"curies":[{"name":"wp","href":"https:\/\/api.w.org\/{rel}","templated":true}]}}