{"id":72320,"date":"2021-05-08T12:16:43","date_gmt":"2021-05-08T17:16:43","guid":{"rendered":"http:\/\/www.lospoliticosveracruz.com.mx\/?p=72320"},"modified":"2021-05-08T12:16:46","modified_gmt":"2021-05-08T17:16:46","slug":"morena-esperanza-y-transformacion-de-papantla","status":"publish","type":"post","link":"https:\/\/lospoliticosveracruz.com\/?p=72320","title":{"rendered":"Morena, esperanza y transformaci\u00f3n de Papantla"},"content":{"rendered":"\n<p><em>Papantla<\/em><br>Con campa\u00f1as de austeridad, caminando y visitando casa por casa, cercanos y atendiendo a los ciudadanos es como los candidatos de Morena llevan el mensaje de transformaci\u00f3n y esperanza a cada rinc\u00f3n de Veracruz, expres\u00f3 el Secretario de Organizaci\u00f3n Yair Ademar Dom\u00ednguez qui\u00e9n acompa\u00f1\u00f3 al candidato a la Presidencia Municipal de Papantla, Eric Dom\u00ednguez V\u00e1zquez.<\/p>\n\n\n\n<p>\u201cAtendi\u00e9ndolos, escuch\u00e1ndolos y visit\u00e1ndolos, es como nuestros candidatos hacen campa\u00f1a, con austeridad, porque para Morena lo m\u00e1s importante es tener esta cercan\u00eda con ustedes, pues nuestro inter\u00e9s es que todos tengamos las mismas oportunidades de tener una vida digna\u201d expres\u00f3.<\/p>\n\n\n\n<p>Dijo que el candidato Eric Dom\u00ednguez V\u00e1zquez, es un hombre comprometido con su pueblo que atiende y escucha sus necesidades, que busca recuperar la grandeza de esta tierra papanteca.<\/p>\n\n\n\n<p>\u00abAqu\u00ed en Papantla no hay duda, va a llegar el pr\u00f3ximo 6 de junio la esperanza y la transformaci\u00f3n de la mano de Eric Dom\u00ednguez V\u00e1zquez, quien sin duda ser\u00e1 nuestro pr\u00f3ximo alcalde en este municipio\u00bb dijo.<\/p>\n\n\n\n<p>Ademar Dom\u00ednguez se\u00f1al\u00f3 que Morena busca ser la voz del pueblo para luchar junto con su gente por la transformaci\u00f3n que todos esperamos, por eso hizo un llamado a no permitir que vuelvan a gobernar los pol\u00edticos corruptos y que s\u00f3lo han saqueado al pa\u00eds.<\/p>\n\n\n\n<p>Exhort\u00f3 a los ciudadanos de Papantla a defender su voto y el pr\u00f3ximo 6 de junio salir a refrendar su compromiso con la lucha que Morena busca encabezar \u201cpara sacar adelante a nuestra gente\u201d.<\/p>\n","protected":false},"excerpt":{"rendered":"<p>PapantlaCon campa\u00f1as de austeridad, caminando y visitando casa por casa, cercanos y atendiendo a los ciudadanos es como los candidatos de Morena llevan el mensaje de transformaci\u00f3n y esperanza a cada rinc\u00f3n de Veracruz, expres\u00f3 el Secretario de Organizaci\u00f3n Yair Ademar Dom\u00ednguez qui\u00e9n acompa\u00f1\u00f3 al candidato a la Presidencia Municipal de Papantla, Eric Dom\u00ednguez V\u00e1zquez. [&hellip;]<\/p>\n","protected":false},"author":2,"featured_media":0,"comment_status":"closed","ping_status":"closed","sticky":false,"template":"","format":"standard","meta":{"tdm_status":"","tdm_grid_status":"","footnotes":""},"categories":[73],"tags":[13135,3315,20652],"class_list":{"0":"post-72320","1":"post","2":"type-post","3":"status-publish","4":"format-standard","6":"category-de-boleto","7":"tag-eric-dominguez-vazquez","8":"tag-papantla","9":"tag-yair-ademar-dominguez"},"yoast_head":"<!-- This site is optimized with the Yoast SEO plugin v27.4 - https:\/\/yoast.com\/product\/yoast-seo-wordpress\/ -->\n<title>Morena, esperanza y transformaci\u00f3n de Papantla - Los pol\u00edticos Veracruz<\/title>\n<meta name=\"robots\" content=\"index, follow, max-snippet:-1, max-image-preview:large, max-video-preview:-1\" \/>\n<link rel=\"canonical\" href=\"https:\/\/lospoliticosveracruz.com\/?p=72320\" \/>\n<meta property=\"og:locale\" content=\"es_ES\" \/>\n<meta property=\"og:type\" content=\"article\" \/>\n<meta property=\"og:title\" content=\"Morena, esperanza y transformaci\u00f3n de Papantla - Los pol\u00edticos Veracruz\" \/>\n<meta property=\"og:description\" content=\"PapantlaCon campa\u00f1as de austeridad, caminando y visitando casa por casa, cercanos y atendiendo a los ciudadanos es como los candidatos de Morena llevan el mensaje de transformaci\u00f3n y esperanza a cada rinc\u00f3n de Veracruz, expres\u00f3 el Secretario de Organizaci\u00f3n Yair Ademar Dom\u00ednguez qui\u00e9n acompa\u00f1\u00f3 al candidato a la Presidencia Municipal de Papantla, Eric Dom\u00ednguez V\u00e1zquez. [&hellip;]\" \/>\n<meta property=\"og:url\" content=\"https:\/\/lospoliticosveracruz.com\/?p=72320\" \/>\n<meta property=\"og:site_name\" content=\"Los pol\u00edticos Veracruz\" \/>\n<meta property=\"article:publisher\" content=\"https:\/\/www.facebook.com\/people\/Notimemes-de-los-Polticos\/61565672886568\/\" \/>\n<meta property=\"article:published_time\" content=\"2021-05-08T17:16:43+00:00\" \/>\n<meta property=\"article:modified_time\" content=\"2021-05-08T17:16:46+00:00\" \/>\n<meta property=\"og:image\" content=\"https:\/\/lospoliticosveracruz.com\/wp-content\/uploads\/2016\/07\/Logo-Dor.jpg\" \/>\n\t<meta property=\"og:image:width\" content=\"200\" \/>\n\t<meta property=\"og:image:height\" content=\"200\" \/>\n\t<meta property=\"og:image:type\" content=\"image\/jpeg\" \/>\n<meta name=\"author\" content=\"Lo viste en Los Pol\u00edticos\" \/>\n<meta name=\"twitter:card\" content=\"summary_large_image\" \/>\n<meta name=\"twitter:creator\" content=\"@LosPoliticosVer\" \/>\n<meta name=\"twitter:site\" content=\"@LosPoliticosVer\" \/>\n<meta name=\"twitter:label1\" content=\"Escrito por\" \/>\n\t<meta name=\"twitter:data1\" content=\"Lo viste en Los Pol\u00edticos\" \/>\n\t<meta name=\"twitter:label2\" content=\"Tiempo de lectura\" \/>\n\t<meta name=\"twitter:data2\" content=\"1 minuto\" \/>\n<script type=\"application\/ld+json\" class=\"yoast-schema-graph\">{\"@context\":\"https:\\\/\\\/schema.org\",\"@graph\":[{\"@type\":\"Article\",\"@id\":\"https:\\\/\\\/lospoliticosveracruz.com\\\/?p=72320#article\",\"isPartOf\":{\"@id\":\"https:\\\/\\\/lospoliticosveracruz.com\\\/?p=72320\"},\"author\":{\"name\":\"Lo viste en Los Pol\u00edticos\",\"@id\":\"https:\\\/\\\/lospoliticosveracruz.com\\\/#\\\/schema\\\/person\\\/b8702bb0e538456e6efd07080bf2a4a2\"},\"headline\":\"Morena, esperanza y transformaci\u00f3n de Papantla\",\"datePublished\":\"2021-05-08T17:16:43+00:00\",\"dateModified\":\"2021-05-08T17:16:46+00:00\",\"mainEntityOfPage\":{\"@id\":\"https:\\\/\\\/lospoliticosveracruz.com\\\/?p=72320\"},\"wordCount\":275,\"publisher\":{\"@id\":\"https:\\\/\\\/lospoliticosveracruz.com\\\/#organization\"},\"keywords\":[\"Eric Dom\u00ednguez V\u00e1zquez\",\"Papantla\",\"Yair Ademar Dom\u00ednguez\"],\"articleSection\":[\"De Boleto\"],\"inLanguage\":\"es\"},{\"@type\":\"WebPage\",\"@id\":\"https:\\\/\\\/lospoliticosveracruz.com\\\/?p=72320\",\"url\":\"https:\\\/\\\/lospoliticosveracruz.com\\\/?p=72320\",\"name\":\"Morena, esperanza y transformaci\u00f3n de Papantla - Los pol\u00edticos Veracruz\",\"isPartOf\":{\"@id\":\"https:\\\/\\\/lospoliticosveracruz.com\\\/#website\"},\"datePublished\":\"2021-05-08T17:16:43+00:00\",\"dateModified\":\"2021-05-08T17:16:46+00:00\",\"breadcrumb\":{\"@id\":\"https:\\\/\\\/lospoliticosveracruz.com\\\/?p=72320#breadcrumb\"},\"inLanguage\":\"es\",\"potentialAction\":[{\"@type\":\"ReadAction\",\"target\":[\"https:\\\/\\\/lospoliticosveracruz.com\\\/?p=72320\"]}]},{\"@type\":\"BreadcrumbList\",\"@id\":\"https:\\\/\\\/lospoliticosveracruz.com\\\/?p=72320#breadcrumb\",\"itemListElement\":[{\"@type\":\"ListItem\",\"position\":1,\"name\":\"Portada\",\"item\":\"https:\\\/\\\/lospoliticosveracruz.com\\\/\"},{\"@type\":\"ListItem\",\"position\":2,\"name\":\"Morena, esperanza y transformaci\u00f3n de Papantla\"}]},{\"@type\":\"WebSite\",\"@id\":\"https:\\\/\\\/lospoliticosveracruz.com\\\/#website\",\"url\":\"https:\\\/\\\/lospoliticosveracruz.com\\\/\",\"name\":\"Los pol\u00edticos Veracruz\",\"description\":\"\",\"publisher\":{\"@id\":\"https:\\\/\\\/lospoliticosveracruz.com\\\/#organization\"},\"potentialAction\":[{\"@type\":\"SearchAction\",\"target\":{\"@type\":\"EntryPoint\",\"urlTemplate\":\"https:\\\/\\\/lospoliticosveracruz.com\\\/?s={search_term_string}\"},\"query-input\":{\"@type\":\"PropertyValueSpecification\",\"valueRequired\":true,\"valueName\":\"search_term_string\"}}],\"inLanguage\":\"es\"},{\"@type\":\"Organization\",\"@id\":\"https:\\\/\\\/lospoliticosveracruz.com\\\/#organization\",\"name\":\"Los pol\u00edticos Veracruz\",\"url\":\"https:\\\/\\\/lospoliticosveracruz.com\\\/\",\"logo\":{\"@type\":\"ImageObject\",\"inLanguage\":\"es\",\"@id\":\"https:\\\/\\\/lospoliticosveracruz.com\\\/#\\\/schema\\\/logo\\\/image\\\/\",\"url\":\"https:\\\/\\\/lospoliticosveracruz.com\\\/wp-content\\\/uploads\\\/2025\\\/12\\\/Logo-Nuevo-LOS-POLITICOS-1.jpg\",\"contentUrl\":\"https:\\\/\\\/lospoliticosveracruz.com\\\/wp-content\\\/uploads\\\/2025\\\/12\\\/Logo-Nuevo-LOS-POLITICOS-1.jpg\",\"width\":260,\"height\":70,\"caption\":\"Los pol\u00edticos Veracruz\"},\"image\":{\"@id\":\"https:\\\/\\\/lospoliticosveracruz.com\\\/#\\\/schema\\\/logo\\\/image\\\/\"},\"sameAs\":[\"https:\\\/\\\/www.facebook.com\\\/people\\\/Notimemes-de-los-Polticos\\\/61565672886568\\\/\",\"https:\\\/\\\/x.com\\\/LosPoliticosVer\"]},{\"@type\":\"Person\",\"@id\":\"https:\\\/\\\/lospoliticosveracruz.com\\\/#\\\/schema\\\/person\\\/b8702bb0e538456e6efd07080bf2a4a2\",\"name\":\"Lo viste en Los Pol\u00edticos\",\"image\":{\"@type\":\"ImageObject\",\"inLanguage\":\"es\",\"@id\":\"https:\\\/\\\/secure.gravatar.com\\\/avatar\\\/3a8de04a2656d44082be478bd6c086daa447c4651605818287b9532d3d0bd435?s=96&d=mm&r=g\",\"url\":\"https:\\\/\\\/secure.gravatar.com\\\/avatar\\\/3a8de04a2656d44082be478bd6c086daa447c4651605818287b9532d3d0bd435?s=96&d=mm&r=g\",\"contentUrl\":\"https:\\\/\\\/secure.gravatar.com\\\/avatar\\\/3a8de04a2656d44082be478bd6c086daa447c4651605818287b9532d3d0bd435?s=96&d=mm&r=g\",\"caption\":\"Lo viste en Los Pol\u00edticos\"},\"url\":\"https:\\\/\\\/lospoliticosveracruz.com\\\/?author=2\"}]}<\/script>\n<!-- \/ Yoast SEO plugin. -->","yoast_head_json":{"title":"Morena, esperanza y transformaci\u00f3n de Papantla - Los pol\u00edticos Veracruz","robots":{"index":"index","follow":"follow","max-snippet":"max-snippet:-1","max-image-preview":"max-image-preview:large","max-video-preview":"max-video-preview:-1"},"canonical":"https:\/\/lospoliticosveracruz.com\/?p=72320","og_locale":"es_ES","og_type":"article","og_title":"Morena, esperanza y transformaci\u00f3n de Papantla - Los pol\u00edticos Veracruz","og_description":"PapantlaCon campa\u00f1as de austeridad, caminando y visitando casa por casa, cercanos y atendiendo a los ciudadanos es como los candidatos de Morena llevan el mensaje de transformaci\u00f3n y esperanza a cada rinc\u00f3n de Veracruz, expres\u00f3 el Secretario de Organizaci\u00f3n Yair Ademar Dom\u00ednguez qui\u00e9n acompa\u00f1\u00f3 al candidato a la Presidencia Municipal de Papantla, Eric Dom\u00ednguez V\u00e1zquez. [&hellip;]","og_url":"https:\/\/lospoliticosveracruz.com\/?p=72320","og_site_name":"Los pol\u00edticos Veracruz","article_publisher":"https:\/\/www.facebook.com\/people\/Notimemes-de-los-Polticos\/61565672886568\/","article_published_time":"2021-05-08T17:16:43+00:00","article_modified_time":"2021-05-08T17:16:46+00:00","og_image":[{"width":200,"height":200,"url":"https:\/\/lospoliticosveracruz.com\/wp-content\/uploads\/2016\/07\/Logo-Dor.jpg","type":"image\/jpeg"}],"author":"Lo viste en Los Pol\u00edticos","twitter_card":"summary_large_image","twitter_creator":"@LosPoliticosVer","twitter_site":"@LosPoliticosVer","twitter_misc":{"Escrito por":"Lo viste en Los Pol\u00edticos","Tiempo de lectura":"1 minuto"},"schema":{"@context":"https:\/\/schema.org","@graph":[{"@type":"Article","@id":"https:\/\/lospoliticosveracruz.com\/?p=72320#article","isPartOf":{"@id":"https:\/\/lospoliticosveracruz.com\/?p=72320"},"author":{"name":"Lo viste en Los Pol\u00edticos","@id":"https:\/\/lospoliticosveracruz.com\/#\/schema\/person\/b8702bb0e538456e6efd07080bf2a4a2"},"headline":"Morena, esperanza y transformaci\u00f3n de Papantla","datePublished":"2021-05-08T17:16:43+00:00","dateModified":"2021-05-08T17:16:46+00:00","mainEntityOfPage":{"@id":"https:\/\/lospoliticosveracruz.com\/?p=72320"},"wordCount":275,"publisher":{"@id":"https:\/\/lospoliticosveracruz.com\/#organization"},"keywords":["Eric Dom\u00ednguez V\u00e1zquez","Papantla","Yair Ademar Dom\u00ednguez"],"articleSection":["De Boleto"],"inLanguage":"es"},{"@type":"WebPage","@id":"https:\/\/lospoliticosveracruz.com\/?p=72320","url":"https:\/\/lospoliticosveracruz.com\/?p=72320","name":"Morena, esperanza y transformaci\u00f3n de Papantla - Los pol\u00edticos Veracruz","isPartOf":{"@id":"https:\/\/lospoliticosveracruz.com\/#website"},"datePublished":"2021-05-08T17:16:43+00:00","dateModified":"2021-05-08T17:16:46+00:00","breadcrumb":{"@id":"https:\/\/lospoliticosveracruz.com\/?p=72320#breadcrumb"},"inLanguage":"es","potentialAction":[{"@type":"ReadAction","target":["https:\/\/lospoliticosveracruz.com\/?p=72320"]}]},{"@type":"BreadcrumbList","@id":"https:\/\/lospoliticosveracruz.com\/?p=72320#breadcrumb","itemListElement":[{"@type":"ListItem","position":1,"name":"Portada","item":"https:\/\/lospoliticosveracruz.com\/"},{"@type":"ListItem","position":2,"name":"Morena, esperanza y transformaci\u00f3n de Papantla"}]},{"@type":"WebSite","@id":"https:\/\/lospoliticosveracruz.com\/#website","url":"https:\/\/lospoliticosveracruz.com\/","name":"Los pol\u00edticos Veracruz","description":"","publisher":{"@id":"https:\/\/lospoliticosveracruz.com\/#organization"},"potentialAction":[{"@type":"SearchAction","target":{"@type":"EntryPoint","urlTemplate":"https:\/\/lospoliticosveracruz.com\/?s={search_term_string}"},"query-input":{"@type":"PropertyValueSpecification","valueRequired":true,"valueName":"search_term_string"}}],"inLanguage":"es"},{"@type":"Organization","@id":"https:\/\/lospoliticosveracruz.com\/#organization","name":"Los pol\u00edticos Veracruz","url":"https:\/\/lospoliticosveracruz.com\/","logo":{"@type":"ImageObject","inLanguage":"es","@id":"https:\/\/lospoliticosveracruz.com\/#\/schema\/logo\/image\/","url":"https:\/\/lospoliticosveracruz.com\/wp-content\/uploads\/2025\/12\/Logo-Nuevo-LOS-POLITICOS-1.jpg","contentUrl":"https:\/\/lospoliticosveracruz.com\/wp-content\/uploads\/2025\/12\/Logo-Nuevo-LOS-POLITICOS-1.jpg","width":260,"height":70,"caption":"Los pol\u00edticos Veracruz"},"image":{"@id":"https:\/\/lospoliticosveracruz.com\/#\/schema\/logo\/image\/"},"sameAs":["https:\/\/www.facebook.com\/people\/Notimemes-de-los-Polticos\/61565672886568\/","https:\/\/x.com\/LosPoliticosVer"]},{"@type":"Person","@id":"https:\/\/lospoliticosveracruz.com\/#\/schema\/person\/b8702bb0e538456e6efd07080bf2a4a2","name":"Lo viste en Los Pol\u00edticos","image":{"@type":"ImageObject","inLanguage":"es","@id":"https:\/\/secure.gravatar.com\/avatar\/3a8de04a2656d44082be478bd6c086daa447c4651605818287b9532d3d0bd435?s=96&d=mm&r=g","url":"https:\/\/secure.gravatar.com\/avatar\/3a8de04a2656d44082be478bd6c086daa447c4651605818287b9532d3d0bd435?s=96&d=mm&r=g","contentUrl":"https:\/\/secure.gravatar.com\/avatar\/3a8de04a2656d44082be478bd6c086daa447c4651605818287b9532d3d0bd435?s=96&d=mm&r=g","caption":"Lo viste en Los Pol\u00edticos"},"url":"https:\/\/lospoliticosveracruz.com\/?author=2"}]}},"_links":{"self":[{"href":"https:\/\/lospoliticosveracruz.com\/index.php?rest_route=\/wp\/v2\/posts\/72320","targetHints":{"allow":["GET"]}}],"collection":[{"href":"https:\/\/lospoliticosveracruz.com\/index.php?rest_route=\/wp\/v2\/posts"}],"about":[{"href":"https:\/\/lospoliticosveracruz.com\/index.php?rest_route=\/wp\/v2\/types\/post"}],"author":[{"embeddable":true,"href":"https:\/\/lospoliticosveracruz.com\/index.php?rest_route=\/wp\/v2\/users\/2"}],"replies":[{"embeddable":true,"href":"https:\/\/lospoliticosveracruz.com\/index.php?rest_route=%2Fwp%2Fv2%2Fcomments&post=72320"}],"version-history":[{"count":1,"href":"https:\/\/lospoliticosveracruz.com\/index.php?rest_route=\/wp\/v2\/posts\/72320\/revisions"}],"predecessor-version":[{"id":72322,"href":"https:\/\/lospoliticosveracruz.com\/index.php?rest_route=\/wp\/v2\/posts\/72320\/revisions\/72322"}],"wp:attachment":[{"href":"https:\/\/lospoliticosveracruz.com\/index.php?rest_route=%2Fwp%2Fv2%2Fmedia&parent=72320"}],"wp:term":[{"taxonomy":"category","embeddable":true,"href":"https:\/\/lospoliticosveracruz.com\/index.php?rest_route=%2Fwp%2Fv2%2Fcategories&post=72320"},{"taxonomy":"post_tag","embeddable":true,"href":"https:\/\/lospoliticosveracruz.com\/index.php?rest_route=%2Fwp%2Fv2%2Ftags&post=72320"}],"curies":[{"name":"wp","href":"https:\/\/api.w.org\/{rel}","templated":true}]}}