{"id":72347,"date":"2021-05-08T16:00:17","date_gmt":"2021-05-08T21:00:17","guid":{"rendered":"http:\/\/www.lospoliticosveracruz.com.mx\/?p=72347"},"modified":"2021-05-08T16:00:20","modified_gmt":"2021-05-08T21:00:20","slug":"momento-para-garantizar-el-bienestar-de-veracruzanas","status":"publish","type":"post","link":"https:\/\/lospoliticosveracruz.com\/?p=72347","title":{"rendered":"Momento para garantizar el bienestar de veracruzanas"},"content":{"rendered":"\n<p><em>Veracruz<\/em><br>En el marco del D\u00eda de la Madre, la candidata a la diputaci\u00f3n local por el distrito XV, Diana Santiago Huesca se reuni\u00f3 con m\u00e1s de cien mam\u00e1s de diferentes sectores de la poblaci\u00f3n conurbada, en donde destac\u00f3 que uno de sus principales ejes de trabajo ser\u00e1 para garantizar e impulsar el desarrollo integral de las mujeres.<\/p>\n\n\n\n<p>\u201cEstoy muy contenta, inspirada y motivada por las grandes ense\u00f1anzas que nos brinda reunirnos con este importante sector de mujeres, sabemos que se ha trabajado mucho para generar la igualdad y equidad, sin embargo, hace falta mucho m\u00e1s a favor de las mujeres, es necesario ser una porta voz efectiva para consolidar la atenci\u00f3n y apoyo absoluto\u201d, mencion\u00f3 la candidata de la coalici\u00f3n Morena, Partido del Trabajo y Verde Ecologista.<\/p>\n\n\n\n<p>Agreg\u00f3 que la mujer en la sociedad mexicana ha sido un emblema que debe ser enaltecido por el gran valor que representa en estos d\u00edas, no s\u00f3lo ser madres, esposas, trabajadoras dom\u00e9sticas y profesionales en todos los ramos, sino por el hecho del respeto integro por la humanidad, as\u00ed como la igualdad y aceptaci\u00f3n que deben dejar de ser un ideal para convertirse en una realidad vigente en cada rinc\u00f3n del pa\u00eds.<\/p>\n\n\n\n<p>Se\u00f1al\u00f3 que las pol\u00edticas p\u00fablicas deben ser enfocadas en resolver de fondo las necesidades de las mujeres, ya que existe un gran adeudo que no puede esperar m\u00e1s para ser atendido, la seguridad y generaci\u00f3n de oportunidades, as\u00ed como la igualdad en remuneraci\u00f3n econ\u00f3mica, as\u00ed como reconocimiento a la labor deben ser considerados una pr\u00e1ctica cotidiana.<\/p>\n\n\n\n<p>Por ello, desde el congreso local ser\u00e1 abanderada permanente de esa lucha por la igualdad y equidad, as\u00ed como de la generaci\u00f3n e impulso del bienestar a las madres solteras, para quienes se debe establecer el servicio de guarder\u00eda como un derecho garante para sus hijos.<\/p>\n\n\n\n<p>\u201cTenemos la oportunidad de continuar transformando Veracruz y es momento de contar con el respaldo de la poblaci\u00f3n para hacer valer el trabajo honesto y comprometido, mi reconocimiento para todas las mujeres que somos la punta de lanza de las familias veracruzanas, nuestra naturaleza nos permite entender el importante roll que tenemos en la sociedad y esa misma nos impulsa a ser m\u00e1s solidarias\u201d, puntualiz\u00f3 Diana Santiago Huesca.&nbsp;Durante el evento realizado por la Asociaci\u00f3n de Mujeres de Impacto Social, estuvieron presentes la candidata a la diputaci\u00f3n federal por el distrito IV, Rosa Mar\u00eda Hern\u00e1ndez Espejo, as\u00ed como el candidato a la diputaci\u00f3n local por el distrito XIV, Fernando Arteaga Ponte y el candidato a la alcald\u00eda de Veracruz, Ricardo Exsome Zapata, de la coalici\u00f3n \u201cJuntos Haremos Historia en Veracruz\u201d.<\/p>\n","protected":false},"excerpt":{"rendered":"<p>VeracruzEn el marco del D\u00eda de la Madre, la candidata a la diputaci\u00f3n local por el distrito XV, Diana Santiago Huesca se reuni\u00f3 con m\u00e1s de cien mam\u00e1s de diferentes sectores de la poblaci\u00f3n conurbada, en donde destac\u00f3 que uno de sus principales ejes de trabajo ser\u00e1 para garantizar e impulsar el desarrollo integral de [&hellip;]<\/p>\n","protected":false},"author":2,"featured_media":0,"comment_status":"closed","ping_status":"closed","sticky":false,"template":"","format":"standard","meta":{"tdm_status":"","tdm_grid_status":"","footnotes":""},"categories":[73],"tags":[2664,240,2305,195],"class_list":{"0":"post-72347","1":"post","2":"type-post","3":"status-publish","4":"format-standard","6":"category-de-boleto","7":"tag-dia-de-la-madre","8":"tag-diana-santiago-huesca","9":"tag-mujeres","10":"tag-veracruz"},"yoast_head":"<!-- This site is optimized with the Yoast SEO plugin v27.4 - https:\/\/yoast.com\/product\/yoast-seo-wordpress\/ -->\n<title>Momento para garantizar el bienestar de veracruzanas - Los pol\u00edticos Veracruz<\/title>\n<meta name=\"robots\" content=\"index, follow, max-snippet:-1, max-image-preview:large, max-video-preview:-1\" \/>\n<link rel=\"canonical\" href=\"https:\/\/lospoliticosveracruz.com\/?p=72347\" \/>\n<meta property=\"og:locale\" content=\"es_ES\" \/>\n<meta property=\"og:type\" content=\"article\" \/>\n<meta property=\"og:title\" content=\"Momento para garantizar el bienestar de veracruzanas - Los pol\u00edticos Veracruz\" \/>\n<meta property=\"og:description\" content=\"VeracruzEn el marco del D\u00eda de la Madre, la candidata a la diputaci\u00f3n local por el distrito XV, Diana Santiago Huesca se reuni\u00f3 con m\u00e1s de cien mam\u00e1s de diferentes sectores de la poblaci\u00f3n conurbada, en donde destac\u00f3 que uno de sus principales ejes de trabajo ser\u00e1 para garantizar e impulsar el desarrollo integral de [&hellip;]\" \/>\n<meta property=\"og:url\" content=\"https:\/\/lospoliticosveracruz.com\/?p=72347\" \/>\n<meta property=\"og:site_name\" content=\"Los pol\u00edticos Veracruz\" \/>\n<meta property=\"article:publisher\" content=\"https:\/\/www.facebook.com\/people\/Notimemes-de-los-Polticos\/61565672886568\/\" \/>\n<meta property=\"article:published_time\" content=\"2021-05-08T21:00:17+00:00\" \/>\n<meta property=\"article:modified_time\" content=\"2021-05-08T21:00:20+00:00\" \/>\n<meta property=\"og:image\" content=\"https:\/\/lospoliticosveracruz.com\/wp-content\/uploads\/2016\/07\/Logo-Dor.jpg\" \/>\n\t<meta property=\"og:image:width\" content=\"200\" \/>\n\t<meta property=\"og:image:height\" content=\"200\" \/>\n\t<meta property=\"og:image:type\" content=\"image\/jpeg\" \/>\n<meta name=\"author\" content=\"Lo viste en Los Pol\u00edticos\" \/>\n<meta name=\"twitter:card\" content=\"summary_large_image\" \/>\n<meta name=\"twitter:creator\" content=\"@LosPoliticosVer\" \/>\n<meta name=\"twitter:site\" content=\"@LosPoliticosVer\" \/>\n<meta name=\"twitter:label1\" content=\"Escrito por\" \/>\n\t<meta name=\"twitter:data1\" content=\"Lo viste en Los Pol\u00edticos\" \/>\n\t<meta name=\"twitter:label2\" content=\"Tiempo de lectura\" \/>\n\t<meta name=\"twitter:data2\" content=\"2 minutos\" \/>\n<script type=\"application\/ld+json\" class=\"yoast-schema-graph\">{\"@context\":\"https:\\\/\\\/schema.org\",\"@graph\":[{\"@type\":\"Article\",\"@id\":\"https:\\\/\\\/lospoliticosveracruz.com\\\/?p=72347#article\",\"isPartOf\":{\"@id\":\"https:\\\/\\\/lospoliticosveracruz.com\\\/?p=72347\"},\"author\":{\"name\":\"Lo viste en Los Pol\u00edticos\",\"@id\":\"https:\\\/\\\/lospoliticosveracruz.com\\\/#\\\/schema\\\/person\\\/b8702bb0e538456e6efd07080bf2a4a2\"},\"headline\":\"Momento para garantizar el bienestar de veracruzanas\",\"datePublished\":\"2021-05-08T21:00:17+00:00\",\"dateModified\":\"2021-05-08T21:00:20+00:00\",\"mainEntityOfPage\":{\"@id\":\"https:\\\/\\\/lospoliticosveracruz.com\\\/?p=72347\"},\"wordCount\":474,\"publisher\":{\"@id\":\"https:\\\/\\\/lospoliticosveracruz.com\\\/#organization\"},\"keywords\":[\"D\u00eda de la madre\",\"Diana Santiago Huesca\",\"Mujeres\",\"Veracruz\"],\"articleSection\":[\"De Boleto\"],\"inLanguage\":\"es\"},{\"@type\":\"WebPage\",\"@id\":\"https:\\\/\\\/lospoliticosveracruz.com\\\/?p=72347\",\"url\":\"https:\\\/\\\/lospoliticosveracruz.com\\\/?p=72347\",\"name\":\"Momento para garantizar el bienestar de veracruzanas - Los pol\u00edticos Veracruz\",\"isPartOf\":{\"@id\":\"https:\\\/\\\/lospoliticosveracruz.com\\\/#website\"},\"datePublished\":\"2021-05-08T21:00:17+00:00\",\"dateModified\":\"2021-05-08T21:00:20+00:00\",\"breadcrumb\":{\"@id\":\"https:\\\/\\\/lospoliticosveracruz.com\\\/?p=72347#breadcrumb\"},\"inLanguage\":\"es\",\"potentialAction\":[{\"@type\":\"ReadAction\",\"target\":[\"https:\\\/\\\/lospoliticosveracruz.com\\\/?p=72347\"]}]},{\"@type\":\"BreadcrumbList\",\"@id\":\"https:\\\/\\\/lospoliticosveracruz.com\\\/?p=72347#breadcrumb\",\"itemListElement\":[{\"@type\":\"ListItem\",\"position\":1,\"name\":\"Portada\",\"item\":\"https:\\\/\\\/lospoliticosveracruz.com\\\/\"},{\"@type\":\"ListItem\",\"position\":2,\"name\":\"Momento para garantizar el bienestar de veracruzanas\"}]},{\"@type\":\"WebSite\",\"@id\":\"https:\\\/\\\/lospoliticosveracruz.com\\\/#website\",\"url\":\"https:\\\/\\\/lospoliticosveracruz.com\\\/\",\"name\":\"Los pol\u00edticos Veracruz\",\"description\":\"\",\"publisher\":{\"@id\":\"https:\\\/\\\/lospoliticosveracruz.com\\\/#organization\"},\"potentialAction\":[{\"@type\":\"SearchAction\",\"target\":{\"@type\":\"EntryPoint\",\"urlTemplate\":\"https:\\\/\\\/lospoliticosveracruz.com\\\/?s={search_term_string}\"},\"query-input\":{\"@type\":\"PropertyValueSpecification\",\"valueRequired\":true,\"valueName\":\"search_term_string\"}}],\"inLanguage\":\"es\"},{\"@type\":\"Organization\",\"@id\":\"https:\\\/\\\/lospoliticosveracruz.com\\\/#organization\",\"name\":\"Los pol\u00edticos Veracruz\",\"url\":\"https:\\\/\\\/lospoliticosveracruz.com\\\/\",\"logo\":{\"@type\":\"ImageObject\",\"inLanguage\":\"es\",\"@id\":\"https:\\\/\\\/lospoliticosveracruz.com\\\/#\\\/schema\\\/logo\\\/image\\\/\",\"url\":\"https:\\\/\\\/lospoliticosveracruz.com\\\/wp-content\\\/uploads\\\/2025\\\/12\\\/Logo-Nuevo-LOS-POLITICOS-1.jpg\",\"contentUrl\":\"https:\\\/\\\/lospoliticosveracruz.com\\\/wp-content\\\/uploads\\\/2025\\\/12\\\/Logo-Nuevo-LOS-POLITICOS-1.jpg\",\"width\":260,\"height\":70,\"caption\":\"Los pol\u00edticos Veracruz\"},\"image\":{\"@id\":\"https:\\\/\\\/lospoliticosveracruz.com\\\/#\\\/schema\\\/logo\\\/image\\\/\"},\"sameAs\":[\"https:\\\/\\\/www.facebook.com\\\/people\\\/Notimemes-de-los-Polticos\\\/61565672886568\\\/\",\"https:\\\/\\\/x.com\\\/LosPoliticosVer\"]},{\"@type\":\"Person\",\"@id\":\"https:\\\/\\\/lospoliticosveracruz.com\\\/#\\\/schema\\\/person\\\/b8702bb0e538456e6efd07080bf2a4a2\",\"name\":\"Lo viste en Los Pol\u00edticos\",\"image\":{\"@type\":\"ImageObject\",\"inLanguage\":\"es\",\"@id\":\"https:\\\/\\\/secure.gravatar.com\\\/avatar\\\/3a8de04a2656d44082be478bd6c086daa447c4651605818287b9532d3d0bd435?s=96&d=mm&r=g\",\"url\":\"https:\\\/\\\/secure.gravatar.com\\\/avatar\\\/3a8de04a2656d44082be478bd6c086daa447c4651605818287b9532d3d0bd435?s=96&d=mm&r=g\",\"contentUrl\":\"https:\\\/\\\/secure.gravatar.com\\\/avatar\\\/3a8de04a2656d44082be478bd6c086daa447c4651605818287b9532d3d0bd435?s=96&d=mm&r=g\",\"caption\":\"Lo viste en Los Pol\u00edticos\"},\"url\":\"https:\\\/\\\/lospoliticosveracruz.com\\\/?author=2\"}]}<\/script>\n<!-- \/ Yoast SEO plugin. -->","yoast_head_json":{"title":"Momento para garantizar el bienestar de veracruzanas - Los pol\u00edticos Veracruz","robots":{"index":"index","follow":"follow","max-snippet":"max-snippet:-1","max-image-preview":"max-image-preview:large","max-video-preview":"max-video-preview:-1"},"canonical":"https:\/\/lospoliticosveracruz.com\/?p=72347","og_locale":"es_ES","og_type":"article","og_title":"Momento para garantizar el bienestar de veracruzanas - Los pol\u00edticos Veracruz","og_description":"VeracruzEn el marco del D\u00eda de la Madre, la candidata a la diputaci\u00f3n local por el distrito XV, Diana Santiago Huesca se reuni\u00f3 con m\u00e1s de cien mam\u00e1s de diferentes sectores de la poblaci\u00f3n conurbada, en donde destac\u00f3 que uno de sus principales ejes de trabajo ser\u00e1 para garantizar e impulsar el desarrollo integral de [&hellip;]","og_url":"https:\/\/lospoliticosveracruz.com\/?p=72347","og_site_name":"Los pol\u00edticos Veracruz","article_publisher":"https:\/\/www.facebook.com\/people\/Notimemes-de-los-Polticos\/61565672886568\/","article_published_time":"2021-05-08T21:00:17+00:00","article_modified_time":"2021-05-08T21:00:20+00:00","og_image":[{"width":200,"height":200,"url":"https:\/\/lospoliticosveracruz.com\/wp-content\/uploads\/2016\/07\/Logo-Dor.jpg","type":"image\/jpeg"}],"author":"Lo viste en Los Pol\u00edticos","twitter_card":"summary_large_image","twitter_creator":"@LosPoliticosVer","twitter_site":"@LosPoliticosVer","twitter_misc":{"Escrito por":"Lo viste en Los Pol\u00edticos","Tiempo de lectura":"2 minutos"},"schema":{"@context":"https:\/\/schema.org","@graph":[{"@type":"Article","@id":"https:\/\/lospoliticosveracruz.com\/?p=72347#article","isPartOf":{"@id":"https:\/\/lospoliticosveracruz.com\/?p=72347"},"author":{"name":"Lo viste en Los Pol\u00edticos","@id":"https:\/\/lospoliticosveracruz.com\/#\/schema\/person\/b8702bb0e538456e6efd07080bf2a4a2"},"headline":"Momento para garantizar el bienestar de veracruzanas","datePublished":"2021-05-08T21:00:17+00:00","dateModified":"2021-05-08T21:00:20+00:00","mainEntityOfPage":{"@id":"https:\/\/lospoliticosveracruz.com\/?p=72347"},"wordCount":474,"publisher":{"@id":"https:\/\/lospoliticosveracruz.com\/#organization"},"keywords":["D\u00eda de la madre","Diana Santiago Huesca","Mujeres","Veracruz"],"articleSection":["De Boleto"],"inLanguage":"es"},{"@type":"WebPage","@id":"https:\/\/lospoliticosveracruz.com\/?p=72347","url":"https:\/\/lospoliticosveracruz.com\/?p=72347","name":"Momento para garantizar el bienestar de veracruzanas - Los pol\u00edticos Veracruz","isPartOf":{"@id":"https:\/\/lospoliticosveracruz.com\/#website"},"datePublished":"2021-05-08T21:00:17+00:00","dateModified":"2021-05-08T21:00:20+00:00","breadcrumb":{"@id":"https:\/\/lospoliticosveracruz.com\/?p=72347#breadcrumb"},"inLanguage":"es","potentialAction":[{"@type":"ReadAction","target":["https:\/\/lospoliticosveracruz.com\/?p=72347"]}]},{"@type":"BreadcrumbList","@id":"https:\/\/lospoliticosveracruz.com\/?p=72347#breadcrumb","itemListElement":[{"@type":"ListItem","position":1,"name":"Portada","item":"https:\/\/lospoliticosveracruz.com\/"},{"@type":"ListItem","position":2,"name":"Momento para garantizar el bienestar de veracruzanas"}]},{"@type":"WebSite","@id":"https:\/\/lospoliticosveracruz.com\/#website","url":"https:\/\/lospoliticosveracruz.com\/","name":"Los pol\u00edticos Veracruz","description":"","publisher":{"@id":"https:\/\/lospoliticosveracruz.com\/#organization"},"potentialAction":[{"@type":"SearchAction","target":{"@type":"EntryPoint","urlTemplate":"https:\/\/lospoliticosveracruz.com\/?s={search_term_string}"},"query-input":{"@type":"PropertyValueSpecification","valueRequired":true,"valueName":"search_term_string"}}],"inLanguage":"es"},{"@type":"Organization","@id":"https:\/\/lospoliticosveracruz.com\/#organization","name":"Los pol\u00edticos Veracruz","url":"https:\/\/lospoliticosveracruz.com\/","logo":{"@type":"ImageObject","inLanguage":"es","@id":"https:\/\/lospoliticosveracruz.com\/#\/schema\/logo\/image\/","url":"https:\/\/lospoliticosveracruz.com\/wp-content\/uploads\/2025\/12\/Logo-Nuevo-LOS-POLITICOS-1.jpg","contentUrl":"https:\/\/lospoliticosveracruz.com\/wp-content\/uploads\/2025\/12\/Logo-Nuevo-LOS-POLITICOS-1.jpg","width":260,"height":70,"caption":"Los pol\u00edticos Veracruz"},"image":{"@id":"https:\/\/lospoliticosveracruz.com\/#\/schema\/logo\/image\/"},"sameAs":["https:\/\/www.facebook.com\/people\/Notimemes-de-los-Polticos\/61565672886568\/","https:\/\/x.com\/LosPoliticosVer"]},{"@type":"Person","@id":"https:\/\/lospoliticosveracruz.com\/#\/schema\/person\/b8702bb0e538456e6efd07080bf2a4a2","name":"Lo viste en Los Pol\u00edticos","image":{"@type":"ImageObject","inLanguage":"es","@id":"https:\/\/secure.gravatar.com\/avatar\/3a8de04a2656d44082be478bd6c086daa447c4651605818287b9532d3d0bd435?s=96&d=mm&r=g","url":"https:\/\/secure.gravatar.com\/avatar\/3a8de04a2656d44082be478bd6c086daa447c4651605818287b9532d3d0bd435?s=96&d=mm&r=g","contentUrl":"https:\/\/secure.gravatar.com\/avatar\/3a8de04a2656d44082be478bd6c086daa447c4651605818287b9532d3d0bd435?s=96&d=mm&r=g","caption":"Lo viste en Los Pol\u00edticos"},"url":"https:\/\/lospoliticosveracruz.com\/?author=2"}]}},"_links":{"self":[{"href":"https:\/\/lospoliticosveracruz.com\/index.php?rest_route=\/wp\/v2\/posts\/72347","targetHints":{"allow":["GET"]}}],"collection":[{"href":"https:\/\/lospoliticosveracruz.com\/index.php?rest_route=\/wp\/v2\/posts"}],"about":[{"href":"https:\/\/lospoliticosveracruz.com\/index.php?rest_route=\/wp\/v2\/types\/post"}],"author":[{"embeddable":true,"href":"https:\/\/lospoliticosveracruz.com\/index.php?rest_route=\/wp\/v2\/users\/2"}],"replies":[{"embeddable":true,"href":"https:\/\/lospoliticosveracruz.com\/index.php?rest_route=%2Fwp%2Fv2%2Fcomments&post=72347"}],"version-history":[{"count":1,"href":"https:\/\/lospoliticosveracruz.com\/index.php?rest_route=\/wp\/v2\/posts\/72347\/revisions"}],"predecessor-version":[{"id":72349,"href":"https:\/\/lospoliticosveracruz.com\/index.php?rest_route=\/wp\/v2\/posts\/72347\/revisions\/72349"}],"wp:attachment":[{"href":"https:\/\/lospoliticosveracruz.com\/index.php?rest_route=%2Fwp%2Fv2%2Fmedia&parent=72347"}],"wp:term":[{"taxonomy":"category","embeddable":true,"href":"https:\/\/lospoliticosveracruz.com\/index.php?rest_route=%2Fwp%2Fv2%2Fcategories&post=72347"},{"taxonomy":"post_tag","embeddable":true,"href":"https:\/\/lospoliticosveracruz.com\/index.php?rest_route=%2Fwp%2Fv2%2Ftags&post=72347"}],"curies":[{"name":"wp","href":"https:\/\/api.w.org\/{rel}","templated":true}]}}