{"id":72424,"date":"2021-05-09T17:41:19","date_gmt":"2021-05-09T22:41:19","guid":{"rendered":"http:\/\/www.lospoliticosveracruz.com.mx\/?p=72424"},"modified":"2021-05-09T17:41:23","modified_gmt":"2021-05-09T22:41:23","slug":"emprendedores-con-impulso-legislativo-diana-santiago","status":"publish","type":"post","link":"https:\/\/lospoliticosveracruz.com\/?p=72424","title":{"rendered":"Emprendedores, con impulso legislativo: Diana Santiago"},"content":{"rendered":"\n<p><strong>Veracruz<\/strong><br>Una de los principales propuestas de trabajo de la candidata a la diputaci\u00f3n local por el distrito XV, Diana Santiago Huesca ser\u00e1 generar mayor impulso a los emprendedores y comerciantes locales, a trav\u00e9s de la gesti\u00f3n de cr\u00e9ditos a los que podr\u00e1n tener f\u00e1cil acceso para desarrollar sus negocios, as\u00ed como en la capacitaci\u00f3n permanente para garantizar su crecimiento de los mismos.<\/p>\n\n\n\n<div class=\"wp-block-image\"><figure class=\"alignleft size-large is-resized\"><a href=\"http:\/\/www.lospoliticosveracruz.com.mx\/wp-content\/uploads\/2021\/05\/Tecajetes.jpeg\"><img loading=\"lazy\" decoding=\"async\" src=\"http:\/\/www.lospoliticosveracruz.com.mx\/wp-content\/uploads\/2021\/05\/Tecajetes.jpeg\" alt=\"\" class=\"wp-image-72385\" width=\"300\" height=\"350\"\/><\/a><\/figure><\/div>\n\n\n\n<p><br>Durante su recorrido por el tianguis dominical de la colonia Dos Caminos, sostuvo di\u00e1logo con los comerciantes del lugar, en donde destacaron la gran necesidad de contar con m\u00e1s apoyos para poder reactivar la econom\u00eda de sus familias, misma que durante el periodo de la contingencia sanitaria represent\u00f3 una fuerte ca\u00edda para sus ingresos.<br>\u201cEstoy convencida de que Veracruz necesita contar con una mayor apertura en el sector comercial, pero sobre todo impulsar a los peque\u00f1os emprendedores que d\u00eda a d\u00eda luchan para llevar el sustento a sus hogares, necesitamos la poblaci\u00f3n cuente con representantes que sirvan de herramientas facilitadoras para poder desarrollar sus actividades comerciales y con las condiciones adecuadas\u201d, asegur\u00f3 Diana Santiago Huesca.<br>Agreg\u00f3 que, conoce perfectamente de las grandes necesidades que viven los peque\u00f1os comercios y emprendedores, lo sabe de viva voz de su compa\u00f1era de f\u00f3rmula Maritza Cantarell Castillo, quien adem\u00e1s de ser su suplente en la candidatura a la diputaci\u00f3n local por el distrito XV de Veracruz, se ha destacado por ser una mujer emprendedora, posicionando la marca \u201cCon Amor\u201d, como una de las mejores propuestas a nivel nacional dentro del ramo de florer\u00edas.<br>\u201cMi amiga Maritza Cantarell es un claro ejemplo de que cuando se tiene pasi\u00f3n por salir adelante en el campo de los negocios se puede lograr, hoy en d\u00eda es una mujer que comparte su conocimiento en diferentes sectores de la poblaci\u00f3n, motiv\u00e1ndolos a ser emprendedores y consolidar el crecimiento de todo aquel que inicia un negocio, pero al mismo tiempo nos ha compartido como resolver tantas problem\u00e1ticas que existen para este sector\u201d, mencion\u00f3 la candidata.<br>Por ello, destac\u00f3 que en su campa\u00f1a se han planteado una serie de propuestas donde se rescate y se brinde el impulso necesario a los peque\u00f1os comercios, ya que muchos de los que anhelan poner en marcha alg\u00fan negocio se ven frustrados por las excesivas trabas burocr\u00e1ticas que representa formalizar su actividad, orillando en muchas de las ocasiones a conservar sus negocios en la informalidad, situaci\u00f3n que a todas luces representa una falta de compromiso de las autoridades locales.<br>Ejemplo de ello, es la se\u00f1ora Lucrecia Su\u00e1rez Romero quien tiene un peque\u00f1o negocio de venta de ropa, juguetes y accesorios en el tianguis de Dos Caminos desde hace m\u00e1s de seis a\u00f1os, en alguna ocasi\u00f3n intent\u00f3 poner un local, pero derivado de los tantos requisitos y pagos como el empadronamiento, le result\u00f3 confuso y engorroso echarlo andar, as\u00ed que decidi\u00f3 permanecer en la informalidad.<br>\u201cSiempre hemos querido ser escuchados, pero sobre todo atendidos, trabajamos de esta manera ya que es la \u00fanica opci\u00f3n para poder obtener sustento para comer y medio sobrevivir, ojal\u00e1 nos pavimentar\u00e1n las calles para poder tener una mejor imagen de donde trabajamos, pero mejor ser\u00eda que nos apoyaran para crecer como comerciantes, tenemos la necesidad y m\u00e1s en estos tiempos\u201d, coment\u00f3 Lucrecia Su\u00e1rez Romero.<br>La candidata por la coalici\u00f3n \u201cJuntos Haremos Historia en Veracruz\u201d, Diana Santiago Huesca, dijo que la prioridad ser\u00e1 crear espacios p\u00fablicos para el desarrollo de la actividad comercial, por lo que de la mano del pr\u00f3ximo alcalde Ricardo Exsome Zapata, sabe que se consolidar\u00e1n estos espacios en diferentes colonias del municipio para poder estimular el desarrollo econ\u00f3mico local de las familias.<br>\u201cCon el apoyo de todos este seis de junio vamos a transformar y reconstruir el municipio de Veracruz, es momento de que nos brinden su confianza para poder hacer las cosas de manera correcta, los candidatos de la coalici\u00f3n de Morena, Partido del Trabajo y Verde Ecologista estamos comprometidos a cambiar el panorama de nuestra ciudad, con su ayuda lograremos afianzar la actitud de servicio que los veracruzanos merecen\u201d, finaliz\u00f3 la candidata Diana Santiago.<\/p>\n","protected":false},"excerpt":{"rendered":"<p>VeracruzUna de los principales propuestas de trabajo de la candidata a la diputaci\u00f3n local por el distrito XV, Diana Santiago Huesca ser\u00e1 generar mayor impulso a los emprendedores y comerciantes locales, a trav\u00e9s de la gesti\u00f3n de cr\u00e9ditos a los que podr\u00e1n tener f\u00e1cil acceso para desarrollar sus negocios, as\u00ed como en la capacitaci\u00f3n permanente [&hellip;]<\/p>\n","protected":false},"author":2,"featured_media":0,"comment_status":"closed","ping_status":"closed","sticky":false,"template":"","format":"standard","meta":{"tdm_status":"","tdm_grid_status":"","footnotes":""},"categories":[73],"tags":[240,2137,27643,27859,13435,195],"class_list":{"0":"post-72424","1":"post","2":"type-post","3":"status-publish","4":"format-standard","6":"category-de-boleto","7":"tag-diana-santiago-huesca","8":"tag-distrito-xv","9":"tag-juntos-haremos-historia-en-veracruz","10":"tag-maritza-cantarell-castillo","11":"tag-ricardo-exsome-zapata","12":"tag-veracruz"},"yoast_head":"<!-- This site is optimized with the Yoast SEO plugin v27.4 - https:\/\/yoast.com\/product\/yoast-seo-wordpress\/ -->\n<title>Emprendedores, con impulso legislativo: Diana Santiago - Los pol\u00edticos Veracruz<\/title>\n<meta name=\"robots\" content=\"index, follow, max-snippet:-1, max-image-preview:large, max-video-preview:-1\" \/>\n<link rel=\"canonical\" href=\"https:\/\/lospoliticosveracruz.com\/?p=72424\" \/>\n<meta property=\"og:locale\" content=\"es_ES\" \/>\n<meta property=\"og:type\" content=\"article\" \/>\n<meta property=\"og:title\" content=\"Emprendedores, con impulso legislativo: Diana Santiago - Los pol\u00edticos Veracruz\" \/>\n<meta property=\"og:description\" content=\"VeracruzUna de los principales propuestas de trabajo de la candidata a la diputaci\u00f3n local por el distrito XV, Diana Santiago Huesca ser\u00e1 generar mayor impulso a los emprendedores y comerciantes locales, a trav\u00e9s de la gesti\u00f3n de cr\u00e9ditos a los que podr\u00e1n tener f\u00e1cil acceso para desarrollar sus negocios, as\u00ed como en la capacitaci\u00f3n permanente [&hellip;]\" \/>\n<meta property=\"og:url\" content=\"https:\/\/lospoliticosveracruz.com\/?p=72424\" \/>\n<meta property=\"og:site_name\" content=\"Los pol\u00edticos Veracruz\" \/>\n<meta property=\"article:publisher\" content=\"https:\/\/www.facebook.com\/people\/Notimemes-de-los-Polticos\/61565672886568\/\" \/>\n<meta property=\"article:published_time\" content=\"2021-05-09T22:41:19+00:00\" \/>\n<meta property=\"article:modified_time\" content=\"2021-05-09T22:41:23+00:00\" \/>\n<meta property=\"og:image\" content=\"http:\/\/www.lospoliticosveracruz.com.mx\/wp-content\/uploads\/2021\/05\/Tecajetes.jpeg\" \/>\n<meta name=\"author\" content=\"Lo viste en Los Pol\u00edticos\" \/>\n<meta name=\"twitter:card\" content=\"summary_large_image\" \/>\n<meta name=\"twitter:creator\" content=\"@LosPoliticosVer\" \/>\n<meta name=\"twitter:site\" content=\"@LosPoliticosVer\" \/>\n<meta name=\"twitter:label1\" content=\"Escrito por\" \/>\n\t<meta name=\"twitter:data1\" content=\"Lo viste en Los Pol\u00edticos\" \/>\n\t<meta name=\"twitter:label2\" content=\"Tiempo de lectura\" \/>\n\t<meta name=\"twitter:data2\" content=\"4 minutos\" \/>\n<script type=\"application\/ld+json\" class=\"yoast-schema-graph\">{\"@context\":\"https:\\\/\\\/schema.org\",\"@graph\":[{\"@type\":\"Article\",\"@id\":\"https:\\\/\\\/lospoliticosveracruz.com\\\/?p=72424#article\",\"isPartOf\":{\"@id\":\"https:\\\/\\\/lospoliticosveracruz.com\\\/?p=72424\"},\"author\":{\"name\":\"Lo viste en Los Pol\u00edticos\",\"@id\":\"https:\\\/\\\/lospoliticosveracruz.com\\\/#\\\/schema\\\/person\\\/b8702bb0e538456e6efd07080bf2a4a2\"},\"headline\":\"Emprendedores, con impulso legislativo: Diana Santiago\",\"datePublished\":\"2021-05-09T22:41:19+00:00\",\"dateModified\":\"2021-05-09T22:41:23+00:00\",\"mainEntityOfPage\":{\"@id\":\"https:\\\/\\\/lospoliticosveracruz.com\\\/?p=72424\"},\"wordCount\":725,\"publisher\":{\"@id\":\"https:\\\/\\\/lospoliticosveracruz.com\\\/#organization\"},\"image\":{\"@id\":\"https:\\\/\\\/lospoliticosveracruz.com\\\/?p=72424#primaryimage\"},\"thumbnailUrl\":\"http:\\\/\\\/www.lospoliticosveracruz.com.mx\\\/wp-content\\\/uploads\\\/2021\\\/05\\\/Tecajetes.jpeg\",\"keywords\":[\"Diana Santiago Huesca\",\"Distrito XV\",\"Juntos Haremos Historia en Veracruz\",\"Maritza Cantarell Castillo\",\"Ricardo Exsome Zapata\",\"Veracruz\"],\"articleSection\":[\"De Boleto\"],\"inLanguage\":\"es\"},{\"@type\":\"WebPage\",\"@id\":\"https:\\\/\\\/lospoliticosveracruz.com\\\/?p=72424\",\"url\":\"https:\\\/\\\/lospoliticosveracruz.com\\\/?p=72424\",\"name\":\"Emprendedores, con impulso legislativo: Diana Santiago - Los pol\u00edticos Veracruz\",\"isPartOf\":{\"@id\":\"https:\\\/\\\/lospoliticosveracruz.com\\\/#website\"},\"primaryImageOfPage\":{\"@id\":\"https:\\\/\\\/lospoliticosveracruz.com\\\/?p=72424#primaryimage\"},\"image\":{\"@id\":\"https:\\\/\\\/lospoliticosveracruz.com\\\/?p=72424#primaryimage\"},\"thumbnailUrl\":\"http:\\\/\\\/www.lospoliticosveracruz.com.mx\\\/wp-content\\\/uploads\\\/2021\\\/05\\\/Tecajetes.jpeg\",\"datePublished\":\"2021-05-09T22:41:19+00:00\",\"dateModified\":\"2021-05-09T22:41:23+00:00\",\"breadcrumb\":{\"@id\":\"https:\\\/\\\/lospoliticosveracruz.com\\\/?p=72424#breadcrumb\"},\"inLanguage\":\"es\",\"potentialAction\":[{\"@type\":\"ReadAction\",\"target\":[\"https:\\\/\\\/lospoliticosveracruz.com\\\/?p=72424\"]}]},{\"@type\":\"ImageObject\",\"inLanguage\":\"es\",\"@id\":\"https:\\\/\\\/lospoliticosveracruz.com\\\/?p=72424#primaryimage\",\"url\":\"http:\\\/\\\/www.lospoliticosveracruz.com.mx\\\/wp-content\\\/uploads\\\/2021\\\/05\\\/Tecajetes.jpeg\",\"contentUrl\":\"http:\\\/\\\/www.lospoliticosveracruz.com.mx\\\/wp-content\\\/uploads\\\/2021\\\/05\\\/Tecajetes.jpeg\"},{\"@type\":\"BreadcrumbList\",\"@id\":\"https:\\\/\\\/lospoliticosveracruz.com\\\/?p=72424#breadcrumb\",\"itemListElement\":[{\"@type\":\"ListItem\",\"position\":1,\"name\":\"Portada\",\"item\":\"https:\\\/\\\/lospoliticosveracruz.com\\\/\"},{\"@type\":\"ListItem\",\"position\":2,\"name\":\"Emprendedores, con impulso legislativo: Diana Santiago\"}]},{\"@type\":\"WebSite\",\"@id\":\"https:\\\/\\\/lospoliticosveracruz.com\\\/#website\",\"url\":\"https:\\\/\\\/lospoliticosveracruz.com\\\/\",\"name\":\"Los pol\u00edticos Veracruz\",\"description\":\"\",\"publisher\":{\"@id\":\"https:\\\/\\\/lospoliticosveracruz.com\\\/#organization\"},\"potentialAction\":[{\"@type\":\"SearchAction\",\"target\":{\"@type\":\"EntryPoint\",\"urlTemplate\":\"https:\\\/\\\/lospoliticosveracruz.com\\\/?s={search_term_string}\"},\"query-input\":{\"@type\":\"PropertyValueSpecification\",\"valueRequired\":true,\"valueName\":\"search_term_string\"}}],\"inLanguage\":\"es\"},{\"@type\":\"Organization\",\"@id\":\"https:\\\/\\\/lospoliticosveracruz.com\\\/#organization\",\"name\":\"Los pol\u00edticos Veracruz\",\"url\":\"https:\\\/\\\/lospoliticosveracruz.com\\\/\",\"logo\":{\"@type\":\"ImageObject\",\"inLanguage\":\"es\",\"@id\":\"https:\\\/\\\/lospoliticosveracruz.com\\\/#\\\/schema\\\/logo\\\/image\\\/\",\"url\":\"https:\\\/\\\/lospoliticosveracruz.com\\\/wp-content\\\/uploads\\\/2025\\\/12\\\/Logo-Nuevo-LOS-POLITICOS-1.jpg\",\"contentUrl\":\"https:\\\/\\\/lospoliticosveracruz.com\\\/wp-content\\\/uploads\\\/2025\\\/12\\\/Logo-Nuevo-LOS-POLITICOS-1.jpg\",\"width\":260,\"height\":70,\"caption\":\"Los pol\u00edticos Veracruz\"},\"image\":{\"@id\":\"https:\\\/\\\/lospoliticosveracruz.com\\\/#\\\/schema\\\/logo\\\/image\\\/\"},\"sameAs\":[\"https:\\\/\\\/www.facebook.com\\\/people\\\/Notimemes-de-los-Polticos\\\/61565672886568\\\/\",\"https:\\\/\\\/x.com\\\/LosPoliticosVer\"]},{\"@type\":\"Person\",\"@id\":\"https:\\\/\\\/lospoliticosveracruz.com\\\/#\\\/schema\\\/person\\\/b8702bb0e538456e6efd07080bf2a4a2\",\"name\":\"Lo viste en Los Pol\u00edticos\",\"image\":{\"@type\":\"ImageObject\",\"inLanguage\":\"es\",\"@id\":\"https:\\\/\\\/secure.gravatar.com\\\/avatar\\\/3a8de04a2656d44082be478bd6c086daa447c4651605818287b9532d3d0bd435?s=96&d=mm&r=g\",\"url\":\"https:\\\/\\\/secure.gravatar.com\\\/avatar\\\/3a8de04a2656d44082be478bd6c086daa447c4651605818287b9532d3d0bd435?s=96&d=mm&r=g\",\"contentUrl\":\"https:\\\/\\\/secure.gravatar.com\\\/avatar\\\/3a8de04a2656d44082be478bd6c086daa447c4651605818287b9532d3d0bd435?s=96&d=mm&r=g\",\"caption\":\"Lo viste en Los Pol\u00edticos\"},\"url\":\"https:\\\/\\\/lospoliticosveracruz.com\\\/?author=2\"}]}<\/script>\n<!-- \/ Yoast SEO plugin. -->","yoast_head_json":{"title":"Emprendedores, con impulso legislativo: Diana Santiago - Los pol\u00edticos Veracruz","robots":{"index":"index","follow":"follow","max-snippet":"max-snippet:-1","max-image-preview":"max-image-preview:large","max-video-preview":"max-video-preview:-1"},"canonical":"https:\/\/lospoliticosveracruz.com\/?p=72424","og_locale":"es_ES","og_type":"article","og_title":"Emprendedores, con impulso legislativo: Diana Santiago - Los pol\u00edticos Veracruz","og_description":"VeracruzUna de los principales propuestas de trabajo de la candidata a la diputaci\u00f3n local por el distrito XV, Diana Santiago Huesca ser\u00e1 generar mayor impulso a los emprendedores y comerciantes locales, a trav\u00e9s de la gesti\u00f3n de cr\u00e9ditos a los que podr\u00e1n tener f\u00e1cil acceso para desarrollar sus negocios, as\u00ed como en la capacitaci\u00f3n permanente [&hellip;]","og_url":"https:\/\/lospoliticosveracruz.com\/?p=72424","og_site_name":"Los pol\u00edticos Veracruz","article_publisher":"https:\/\/www.facebook.com\/people\/Notimemes-de-los-Polticos\/61565672886568\/","article_published_time":"2021-05-09T22:41:19+00:00","article_modified_time":"2021-05-09T22:41:23+00:00","og_image":[{"url":"http:\/\/www.lospoliticosveracruz.com.mx\/wp-content\/uploads\/2021\/05\/Tecajetes.jpeg","type":"","width":"","height":""}],"author":"Lo viste en Los Pol\u00edticos","twitter_card":"summary_large_image","twitter_creator":"@LosPoliticosVer","twitter_site":"@LosPoliticosVer","twitter_misc":{"Escrito por":"Lo viste en Los Pol\u00edticos","Tiempo de lectura":"4 minutos"},"schema":{"@context":"https:\/\/schema.org","@graph":[{"@type":"Article","@id":"https:\/\/lospoliticosveracruz.com\/?p=72424#article","isPartOf":{"@id":"https:\/\/lospoliticosveracruz.com\/?p=72424"},"author":{"name":"Lo viste en Los Pol\u00edticos","@id":"https:\/\/lospoliticosveracruz.com\/#\/schema\/person\/b8702bb0e538456e6efd07080bf2a4a2"},"headline":"Emprendedores, con impulso legislativo: Diana Santiago","datePublished":"2021-05-09T22:41:19+00:00","dateModified":"2021-05-09T22:41:23+00:00","mainEntityOfPage":{"@id":"https:\/\/lospoliticosveracruz.com\/?p=72424"},"wordCount":725,"publisher":{"@id":"https:\/\/lospoliticosveracruz.com\/#organization"},"image":{"@id":"https:\/\/lospoliticosveracruz.com\/?p=72424#primaryimage"},"thumbnailUrl":"http:\/\/www.lospoliticosveracruz.com.mx\/wp-content\/uploads\/2021\/05\/Tecajetes.jpeg","keywords":["Diana Santiago Huesca","Distrito XV","Juntos Haremos Historia en Veracruz","Maritza Cantarell Castillo","Ricardo Exsome Zapata","Veracruz"],"articleSection":["De Boleto"],"inLanguage":"es"},{"@type":"WebPage","@id":"https:\/\/lospoliticosveracruz.com\/?p=72424","url":"https:\/\/lospoliticosveracruz.com\/?p=72424","name":"Emprendedores, con impulso legislativo: Diana Santiago - Los pol\u00edticos Veracruz","isPartOf":{"@id":"https:\/\/lospoliticosveracruz.com\/#website"},"primaryImageOfPage":{"@id":"https:\/\/lospoliticosveracruz.com\/?p=72424#primaryimage"},"image":{"@id":"https:\/\/lospoliticosveracruz.com\/?p=72424#primaryimage"},"thumbnailUrl":"http:\/\/www.lospoliticosveracruz.com.mx\/wp-content\/uploads\/2021\/05\/Tecajetes.jpeg","datePublished":"2021-05-09T22:41:19+00:00","dateModified":"2021-05-09T22:41:23+00:00","breadcrumb":{"@id":"https:\/\/lospoliticosveracruz.com\/?p=72424#breadcrumb"},"inLanguage":"es","potentialAction":[{"@type":"ReadAction","target":["https:\/\/lospoliticosveracruz.com\/?p=72424"]}]},{"@type":"ImageObject","inLanguage":"es","@id":"https:\/\/lospoliticosveracruz.com\/?p=72424#primaryimage","url":"http:\/\/www.lospoliticosveracruz.com.mx\/wp-content\/uploads\/2021\/05\/Tecajetes.jpeg","contentUrl":"http:\/\/www.lospoliticosveracruz.com.mx\/wp-content\/uploads\/2021\/05\/Tecajetes.jpeg"},{"@type":"BreadcrumbList","@id":"https:\/\/lospoliticosveracruz.com\/?p=72424#breadcrumb","itemListElement":[{"@type":"ListItem","position":1,"name":"Portada","item":"https:\/\/lospoliticosveracruz.com\/"},{"@type":"ListItem","position":2,"name":"Emprendedores, con impulso legislativo: Diana Santiago"}]},{"@type":"WebSite","@id":"https:\/\/lospoliticosveracruz.com\/#website","url":"https:\/\/lospoliticosveracruz.com\/","name":"Los pol\u00edticos Veracruz","description":"","publisher":{"@id":"https:\/\/lospoliticosveracruz.com\/#organization"},"potentialAction":[{"@type":"SearchAction","target":{"@type":"EntryPoint","urlTemplate":"https:\/\/lospoliticosveracruz.com\/?s={search_term_string}"},"query-input":{"@type":"PropertyValueSpecification","valueRequired":true,"valueName":"search_term_string"}}],"inLanguage":"es"},{"@type":"Organization","@id":"https:\/\/lospoliticosveracruz.com\/#organization","name":"Los pol\u00edticos Veracruz","url":"https:\/\/lospoliticosveracruz.com\/","logo":{"@type":"ImageObject","inLanguage":"es","@id":"https:\/\/lospoliticosveracruz.com\/#\/schema\/logo\/image\/","url":"https:\/\/lospoliticosveracruz.com\/wp-content\/uploads\/2025\/12\/Logo-Nuevo-LOS-POLITICOS-1.jpg","contentUrl":"https:\/\/lospoliticosveracruz.com\/wp-content\/uploads\/2025\/12\/Logo-Nuevo-LOS-POLITICOS-1.jpg","width":260,"height":70,"caption":"Los pol\u00edticos Veracruz"},"image":{"@id":"https:\/\/lospoliticosveracruz.com\/#\/schema\/logo\/image\/"},"sameAs":["https:\/\/www.facebook.com\/people\/Notimemes-de-los-Polticos\/61565672886568\/","https:\/\/x.com\/LosPoliticosVer"]},{"@type":"Person","@id":"https:\/\/lospoliticosveracruz.com\/#\/schema\/person\/b8702bb0e538456e6efd07080bf2a4a2","name":"Lo viste en Los Pol\u00edticos","image":{"@type":"ImageObject","inLanguage":"es","@id":"https:\/\/secure.gravatar.com\/avatar\/3a8de04a2656d44082be478bd6c086daa447c4651605818287b9532d3d0bd435?s=96&d=mm&r=g","url":"https:\/\/secure.gravatar.com\/avatar\/3a8de04a2656d44082be478bd6c086daa447c4651605818287b9532d3d0bd435?s=96&d=mm&r=g","contentUrl":"https:\/\/secure.gravatar.com\/avatar\/3a8de04a2656d44082be478bd6c086daa447c4651605818287b9532d3d0bd435?s=96&d=mm&r=g","caption":"Lo viste en Los Pol\u00edticos"},"url":"https:\/\/lospoliticosveracruz.com\/?author=2"}]}},"_links":{"self":[{"href":"https:\/\/lospoliticosveracruz.com\/index.php?rest_route=\/wp\/v2\/posts\/72424","targetHints":{"allow":["GET"]}}],"collection":[{"href":"https:\/\/lospoliticosveracruz.com\/index.php?rest_route=\/wp\/v2\/posts"}],"about":[{"href":"https:\/\/lospoliticosveracruz.com\/index.php?rest_route=\/wp\/v2\/types\/post"}],"author":[{"embeddable":true,"href":"https:\/\/lospoliticosveracruz.com\/index.php?rest_route=\/wp\/v2\/users\/2"}],"replies":[{"embeddable":true,"href":"https:\/\/lospoliticosveracruz.com\/index.php?rest_route=%2Fwp%2Fv2%2Fcomments&post=72424"}],"version-history":[{"count":1,"href":"https:\/\/lospoliticosveracruz.com\/index.php?rest_route=\/wp\/v2\/posts\/72424\/revisions"}],"predecessor-version":[{"id":72426,"href":"https:\/\/lospoliticosveracruz.com\/index.php?rest_route=\/wp\/v2\/posts\/72424\/revisions\/72426"}],"wp:attachment":[{"href":"https:\/\/lospoliticosveracruz.com\/index.php?rest_route=%2Fwp%2Fv2%2Fmedia&parent=72424"}],"wp:term":[{"taxonomy":"category","embeddable":true,"href":"https:\/\/lospoliticosveracruz.com\/index.php?rest_route=%2Fwp%2Fv2%2Fcategories&post=72424"},{"taxonomy":"post_tag","embeddable":true,"href":"https:\/\/lospoliticosveracruz.com\/index.php?rest_route=%2Fwp%2Fv2%2Ftags&post=72424"}],"curies":[{"name":"wp","href":"https:\/\/api.w.org\/{rel}","templated":true}]}}