{"id":72482,"date":"2021-05-10T12:09:03","date_gmt":"2021-05-10T17:09:03","guid":{"rendered":"http:\/\/www.lospoliticosveracruz.com.mx\/?p=72482"},"modified":"2021-05-10T12:09:07","modified_gmt":"2021-05-10T17:09:07","slug":"vamos-para-atras-con-morena","status":"publish","type":"post","link":"https:\/\/lospoliticosveracruz.com\/?p=72482","title":{"rendered":"Vamos para atr\u00e1s con Morena!"},"content":{"rendered":"\n<p><strong>Xalapa<\/strong><br>Los gobiernos de MORENA, como el que gobierna Xalapa, les han quitado todos los apoyos a las mujeres en el pa\u00eds, sobre todo a las madres solteras, un grupo ejemplar, que con gran esfuerzo logra sacar adelante a sus hijos, as\u00ed lo asegur\u00f3 David Velasco Chedraui, candidato de la alianza \u00abVeracruz Va\u00bb a la presidencia municipal de la capital.<\/p>\n\n\n\n<div class=\"wp-block-image\"><figure class=\"alignleft size-large is-resized\"><a href=\"http:\/\/www.lospoliticosveracruz.com.mx\/wp-content\/uploads\/2021\/05\/Tecajetes.jpeg\"><img loading=\"lazy\" decoding=\"async\" src=\"http:\/\/www.lospoliticosveracruz.com.mx\/wp-content\/uploads\/2021\/05\/Tecajetes.jpeg\" alt=\"\" class=\"wp-image-72385\" width=\"300\" height=\"350\"\/><\/a><\/figure><\/div>\n\n\n\n<p><br>Al reunirse con mujeres xalape\u00f1as en el marco del \u00abD\u00eda de la Madre\u00bb, acompa\u00f1ado del candidato a diputado federal de la alianza \u00abVa por M\u00e9xico\u00bb, Am\u00e9rico Z\u00fa\u00f1iga Mart\u00ednez, Velasco Chedraui lament\u00f3 que \u00abvamos para atr\u00e1s\u00bb en materia de apoyo y reconocimiento de los derechos de las mujeres. Record\u00f3 que cuando fue alcalde de Xalapa, cre\u00f3 el primer Instituto Municipal de las Mujeres de Xalapa y se respald\u00f3, como nunca, a las mujeres de la ciudad.<br>\u00abAhora est\u00e1n quitando guarder\u00edas, desayunos comunitarios; el gobierno federal recort\u00f3 en este 2021 al menos 11 programas de cuidado y atenci\u00f3n a nuestras mujeres. Son m\u00e1s de mil 400 millones de pesos que dejaron de utilizarse para pol\u00edticas de igualdad e inclusi\u00f3n en las escuelas, para apoyar a viudas, para garantizar la seguridad de las mujeres e impulsar sus negocios\u00bb, asent\u00f3.<br>David Velasco destac\u00f3 que todas las mujeres, solteras, madres, madres solteras, deben tener las mismas condiciones que los hombres y las mismas oportunidades, pero con estos gobiernos vamos para atr\u00e1s, porque se cancelaron todos los apoyos.<br>\u00abPor eso quiero ser alcalde de Xalapa, porque mi \u00fanico inter\u00e9s es que tengamos algo mejor para nuestras familias. Ya demostramos que sabemos hacer las cosas bien y ahora estamos dispuestos a reactivar la econom\u00eda, a generar condiciones para que se acabe el desempleo, con m\u00e1s oportunidades de trabajo, y a regresar la seguridad y tranquilidad a la ciudad\u00bb.<br>Velasco Chedraui coment\u00f3 que en su familia le ense\u00f1aron a trabajar, a hacer las cosas bien \u00aby con esos principios vamos a enaltecer a nuestra querida capital\u00bb.<br>El candidato agradeci\u00f3 sus palabras a Rosario Cruz Morales, quien en representaci\u00f3n de las mujeres de la capital veracruzana expres\u00f3 que \u00absomos quienes formamos a los ciudadanos y tenemos la responsabilidad el 6 de junio de hacer ganar a esta alianza para regresar a Xalapa lo que se nos ha robado. El 6 de junio, todas las mam\u00e1s, desde nuestra trinchera, desde nuestro hogar, tenemos que convencer a la gente de que la mejor manera de regresar a Xalapa todo ese bienestar que ten\u00edamos es con esta alianza que encabeza David Velasco Chedraui\u00bb.<\/p>\n\n\n\n<p><\/p>\n","protected":false},"excerpt":{"rendered":"<p>XalapaLos gobiernos de MORENA, como el que gobierna Xalapa, les han quitado todos los apoyos a las mujeres en el pa\u00eds, sobre todo a las madres solteras, un grupo ejemplar, que con gran esfuerzo logra sacar adelante a sus hijos, as\u00ed lo asegur\u00f3 David Velasco Chedraui, candidato de la alianza \u00abVeracruz Va\u00bb a la presidencia [&hellip;]<\/p>\n","protected":false},"author":2,"featured_media":0,"comment_status":"closed","ping_status":"closed","sticky":false,"template":"","format":"standard","meta":{"tdm_status":"","tdm_grid_status":"","footnotes":""},"categories":[73],"tags":[539,407,2664,1026,27875,96],"class_list":{"0":"post-72482","1":"post","2":"type-post","3":"status-publish","4":"format-standard","6":"category-de-boleto","7":"tag-americo-zuniga-martinez","8":"tag-david-velasco-chedraui","9":"tag-dia-de-la-madre","10":"tag-morena","11":"tag-mujeres-xalapenas","12":"tag-xalapa"},"yoast_head":"<!-- This site is optimized with the Yoast SEO plugin v27.4 - https:\/\/yoast.com\/product\/yoast-seo-wordpress\/ -->\n<title>Vamos para atr\u00e1s con Morena! - Los pol\u00edticos Veracruz<\/title>\n<meta name=\"robots\" content=\"index, follow, max-snippet:-1, max-image-preview:large, max-video-preview:-1\" \/>\n<link rel=\"canonical\" href=\"https:\/\/lospoliticosveracruz.com\/?p=72482\" \/>\n<meta property=\"og:locale\" content=\"es_ES\" \/>\n<meta property=\"og:type\" content=\"article\" \/>\n<meta property=\"og:title\" content=\"Vamos para atr\u00e1s con Morena! - Los pol\u00edticos Veracruz\" \/>\n<meta property=\"og:description\" content=\"XalapaLos gobiernos de MORENA, como el que gobierna Xalapa, les han quitado todos los apoyos a las mujeres en el pa\u00eds, sobre todo a las madres solteras, un grupo ejemplar, que con gran esfuerzo logra sacar adelante a sus hijos, as\u00ed lo asegur\u00f3 David Velasco Chedraui, candidato de la alianza \u00abVeracruz Va\u00bb a la presidencia [&hellip;]\" \/>\n<meta property=\"og:url\" content=\"https:\/\/lospoliticosveracruz.com\/?p=72482\" \/>\n<meta property=\"og:site_name\" content=\"Los pol\u00edticos Veracruz\" \/>\n<meta property=\"article:publisher\" content=\"https:\/\/www.facebook.com\/people\/Notimemes-de-los-Polticos\/61565672886568\/\" \/>\n<meta property=\"article:published_time\" content=\"2021-05-10T17:09:03+00:00\" \/>\n<meta property=\"article:modified_time\" content=\"2021-05-10T17:09:07+00:00\" \/>\n<meta property=\"og:image\" content=\"http:\/\/www.lospoliticosveracruz.com.mx\/wp-content\/uploads\/2021\/05\/Tecajetes.jpeg\" \/>\n<meta name=\"author\" content=\"Lo viste en Los Pol\u00edticos\" \/>\n<meta name=\"twitter:card\" content=\"summary_large_image\" \/>\n<meta name=\"twitter:creator\" content=\"@LosPoliticosVer\" \/>\n<meta name=\"twitter:site\" content=\"@LosPoliticosVer\" \/>\n<meta name=\"twitter:label1\" content=\"Escrito por\" \/>\n\t<meta name=\"twitter:data1\" content=\"Lo viste en Los Pol\u00edticos\" \/>\n\t<meta name=\"twitter:label2\" content=\"Tiempo de lectura\" \/>\n\t<meta name=\"twitter:data2\" content=\"2 minutos\" \/>\n<script type=\"application\/ld+json\" class=\"yoast-schema-graph\">{\"@context\":\"https:\\\/\\\/schema.org\",\"@graph\":[{\"@type\":\"Article\",\"@id\":\"https:\\\/\\\/lospoliticosveracruz.com\\\/?p=72482#article\",\"isPartOf\":{\"@id\":\"https:\\\/\\\/lospoliticosveracruz.com\\\/?p=72482\"},\"author\":{\"name\":\"Lo viste en Los Pol\u00edticos\",\"@id\":\"https:\\\/\\\/lospoliticosveracruz.com\\\/#\\\/schema\\\/person\\\/b8702bb0e538456e6efd07080bf2a4a2\"},\"headline\":\"Vamos para atr\u00e1s con Morena!\",\"datePublished\":\"2021-05-10T17:09:03+00:00\",\"dateModified\":\"2021-05-10T17:09:07+00:00\",\"mainEntityOfPage\":{\"@id\":\"https:\\\/\\\/lospoliticosveracruz.com\\\/?p=72482\"},\"wordCount\":435,\"publisher\":{\"@id\":\"https:\\\/\\\/lospoliticosveracruz.com\\\/#organization\"},\"image\":{\"@id\":\"https:\\\/\\\/lospoliticosveracruz.com\\\/?p=72482#primaryimage\"},\"thumbnailUrl\":\"http:\\\/\\\/www.lospoliticosveracruz.com.mx\\\/wp-content\\\/uploads\\\/2021\\\/05\\\/Tecajetes.jpeg\",\"keywords\":[\"Am\u00e9rico Z\u00fa\u00f1iga Mart\u00ednez\",\"David Velasco Chedraui\",\"D\u00eda de la madre\",\"Morena\",\"mujeres xalape\u00f1as\",\"Xalapa\"],\"articleSection\":[\"De Boleto\"],\"inLanguage\":\"es\"},{\"@type\":\"WebPage\",\"@id\":\"https:\\\/\\\/lospoliticosveracruz.com\\\/?p=72482\",\"url\":\"https:\\\/\\\/lospoliticosveracruz.com\\\/?p=72482\",\"name\":\"Vamos para atr\u00e1s con Morena! - Los pol\u00edticos Veracruz\",\"isPartOf\":{\"@id\":\"https:\\\/\\\/lospoliticosveracruz.com\\\/#website\"},\"primaryImageOfPage\":{\"@id\":\"https:\\\/\\\/lospoliticosveracruz.com\\\/?p=72482#primaryimage\"},\"image\":{\"@id\":\"https:\\\/\\\/lospoliticosveracruz.com\\\/?p=72482#primaryimage\"},\"thumbnailUrl\":\"http:\\\/\\\/www.lospoliticosveracruz.com.mx\\\/wp-content\\\/uploads\\\/2021\\\/05\\\/Tecajetes.jpeg\",\"datePublished\":\"2021-05-10T17:09:03+00:00\",\"dateModified\":\"2021-05-10T17:09:07+00:00\",\"breadcrumb\":{\"@id\":\"https:\\\/\\\/lospoliticosveracruz.com\\\/?p=72482#breadcrumb\"},\"inLanguage\":\"es\",\"potentialAction\":[{\"@type\":\"ReadAction\",\"target\":[\"https:\\\/\\\/lospoliticosveracruz.com\\\/?p=72482\"]}]},{\"@type\":\"ImageObject\",\"inLanguage\":\"es\",\"@id\":\"https:\\\/\\\/lospoliticosveracruz.com\\\/?p=72482#primaryimage\",\"url\":\"http:\\\/\\\/www.lospoliticosveracruz.com.mx\\\/wp-content\\\/uploads\\\/2021\\\/05\\\/Tecajetes.jpeg\",\"contentUrl\":\"http:\\\/\\\/www.lospoliticosveracruz.com.mx\\\/wp-content\\\/uploads\\\/2021\\\/05\\\/Tecajetes.jpeg\"},{\"@type\":\"BreadcrumbList\",\"@id\":\"https:\\\/\\\/lospoliticosveracruz.com\\\/?p=72482#breadcrumb\",\"itemListElement\":[{\"@type\":\"ListItem\",\"position\":1,\"name\":\"Portada\",\"item\":\"https:\\\/\\\/lospoliticosveracruz.com\\\/\"},{\"@type\":\"ListItem\",\"position\":2,\"name\":\"Vamos para atr\u00e1s con Morena!\"}]},{\"@type\":\"WebSite\",\"@id\":\"https:\\\/\\\/lospoliticosveracruz.com\\\/#website\",\"url\":\"https:\\\/\\\/lospoliticosveracruz.com\\\/\",\"name\":\"Los pol\u00edticos Veracruz\",\"description\":\"\",\"publisher\":{\"@id\":\"https:\\\/\\\/lospoliticosveracruz.com\\\/#organization\"},\"potentialAction\":[{\"@type\":\"SearchAction\",\"target\":{\"@type\":\"EntryPoint\",\"urlTemplate\":\"https:\\\/\\\/lospoliticosveracruz.com\\\/?s={search_term_string}\"},\"query-input\":{\"@type\":\"PropertyValueSpecification\",\"valueRequired\":true,\"valueName\":\"search_term_string\"}}],\"inLanguage\":\"es\"},{\"@type\":\"Organization\",\"@id\":\"https:\\\/\\\/lospoliticosveracruz.com\\\/#organization\",\"name\":\"Los pol\u00edticos Veracruz\",\"url\":\"https:\\\/\\\/lospoliticosveracruz.com\\\/\",\"logo\":{\"@type\":\"ImageObject\",\"inLanguage\":\"es\",\"@id\":\"https:\\\/\\\/lospoliticosveracruz.com\\\/#\\\/schema\\\/logo\\\/image\\\/\",\"url\":\"https:\\\/\\\/lospoliticosveracruz.com\\\/wp-content\\\/uploads\\\/2025\\\/12\\\/Logo-Nuevo-LOS-POLITICOS-1.jpg\",\"contentUrl\":\"https:\\\/\\\/lospoliticosveracruz.com\\\/wp-content\\\/uploads\\\/2025\\\/12\\\/Logo-Nuevo-LOS-POLITICOS-1.jpg\",\"width\":260,\"height\":70,\"caption\":\"Los pol\u00edticos Veracruz\"},\"image\":{\"@id\":\"https:\\\/\\\/lospoliticosveracruz.com\\\/#\\\/schema\\\/logo\\\/image\\\/\"},\"sameAs\":[\"https:\\\/\\\/www.facebook.com\\\/people\\\/Notimemes-de-los-Polticos\\\/61565672886568\\\/\",\"https:\\\/\\\/x.com\\\/LosPoliticosVer\"]},{\"@type\":\"Person\",\"@id\":\"https:\\\/\\\/lospoliticosveracruz.com\\\/#\\\/schema\\\/person\\\/b8702bb0e538456e6efd07080bf2a4a2\",\"name\":\"Lo viste en Los Pol\u00edticos\",\"image\":{\"@type\":\"ImageObject\",\"inLanguage\":\"es\",\"@id\":\"https:\\\/\\\/secure.gravatar.com\\\/avatar\\\/3a8de04a2656d44082be478bd6c086daa447c4651605818287b9532d3d0bd435?s=96&d=mm&r=g\",\"url\":\"https:\\\/\\\/secure.gravatar.com\\\/avatar\\\/3a8de04a2656d44082be478bd6c086daa447c4651605818287b9532d3d0bd435?s=96&d=mm&r=g\",\"contentUrl\":\"https:\\\/\\\/secure.gravatar.com\\\/avatar\\\/3a8de04a2656d44082be478bd6c086daa447c4651605818287b9532d3d0bd435?s=96&d=mm&r=g\",\"caption\":\"Lo viste en Los Pol\u00edticos\"},\"url\":\"https:\\\/\\\/lospoliticosveracruz.com\\\/?author=2\"}]}<\/script>\n<!-- \/ Yoast SEO plugin. -->","yoast_head_json":{"title":"Vamos para atr\u00e1s con Morena! - Los pol\u00edticos Veracruz","robots":{"index":"index","follow":"follow","max-snippet":"max-snippet:-1","max-image-preview":"max-image-preview:large","max-video-preview":"max-video-preview:-1"},"canonical":"https:\/\/lospoliticosveracruz.com\/?p=72482","og_locale":"es_ES","og_type":"article","og_title":"Vamos para atr\u00e1s con Morena! - Los pol\u00edticos Veracruz","og_description":"XalapaLos gobiernos de MORENA, como el que gobierna Xalapa, les han quitado todos los apoyos a las mujeres en el pa\u00eds, sobre todo a las madres solteras, un grupo ejemplar, que con gran esfuerzo logra sacar adelante a sus hijos, as\u00ed lo asegur\u00f3 David Velasco Chedraui, candidato de la alianza \u00abVeracruz Va\u00bb a la presidencia [&hellip;]","og_url":"https:\/\/lospoliticosveracruz.com\/?p=72482","og_site_name":"Los pol\u00edticos Veracruz","article_publisher":"https:\/\/www.facebook.com\/people\/Notimemes-de-los-Polticos\/61565672886568\/","article_published_time":"2021-05-10T17:09:03+00:00","article_modified_time":"2021-05-10T17:09:07+00:00","og_image":[{"url":"http:\/\/www.lospoliticosveracruz.com.mx\/wp-content\/uploads\/2021\/05\/Tecajetes.jpeg","type":"","width":"","height":""}],"author":"Lo viste en Los Pol\u00edticos","twitter_card":"summary_large_image","twitter_creator":"@LosPoliticosVer","twitter_site":"@LosPoliticosVer","twitter_misc":{"Escrito por":"Lo viste en Los Pol\u00edticos","Tiempo de lectura":"2 minutos"},"schema":{"@context":"https:\/\/schema.org","@graph":[{"@type":"Article","@id":"https:\/\/lospoliticosveracruz.com\/?p=72482#article","isPartOf":{"@id":"https:\/\/lospoliticosveracruz.com\/?p=72482"},"author":{"name":"Lo viste en Los Pol\u00edticos","@id":"https:\/\/lospoliticosveracruz.com\/#\/schema\/person\/b8702bb0e538456e6efd07080bf2a4a2"},"headline":"Vamos para atr\u00e1s con Morena!","datePublished":"2021-05-10T17:09:03+00:00","dateModified":"2021-05-10T17:09:07+00:00","mainEntityOfPage":{"@id":"https:\/\/lospoliticosveracruz.com\/?p=72482"},"wordCount":435,"publisher":{"@id":"https:\/\/lospoliticosveracruz.com\/#organization"},"image":{"@id":"https:\/\/lospoliticosveracruz.com\/?p=72482#primaryimage"},"thumbnailUrl":"http:\/\/www.lospoliticosveracruz.com.mx\/wp-content\/uploads\/2021\/05\/Tecajetes.jpeg","keywords":["Am\u00e9rico Z\u00fa\u00f1iga Mart\u00ednez","David Velasco Chedraui","D\u00eda de la madre","Morena","mujeres xalape\u00f1as","Xalapa"],"articleSection":["De Boleto"],"inLanguage":"es"},{"@type":"WebPage","@id":"https:\/\/lospoliticosveracruz.com\/?p=72482","url":"https:\/\/lospoliticosveracruz.com\/?p=72482","name":"Vamos para atr\u00e1s con Morena! - Los pol\u00edticos Veracruz","isPartOf":{"@id":"https:\/\/lospoliticosveracruz.com\/#website"},"primaryImageOfPage":{"@id":"https:\/\/lospoliticosveracruz.com\/?p=72482#primaryimage"},"image":{"@id":"https:\/\/lospoliticosveracruz.com\/?p=72482#primaryimage"},"thumbnailUrl":"http:\/\/www.lospoliticosveracruz.com.mx\/wp-content\/uploads\/2021\/05\/Tecajetes.jpeg","datePublished":"2021-05-10T17:09:03+00:00","dateModified":"2021-05-10T17:09:07+00:00","breadcrumb":{"@id":"https:\/\/lospoliticosveracruz.com\/?p=72482#breadcrumb"},"inLanguage":"es","potentialAction":[{"@type":"ReadAction","target":["https:\/\/lospoliticosveracruz.com\/?p=72482"]}]},{"@type":"ImageObject","inLanguage":"es","@id":"https:\/\/lospoliticosveracruz.com\/?p=72482#primaryimage","url":"http:\/\/www.lospoliticosveracruz.com.mx\/wp-content\/uploads\/2021\/05\/Tecajetes.jpeg","contentUrl":"http:\/\/www.lospoliticosveracruz.com.mx\/wp-content\/uploads\/2021\/05\/Tecajetes.jpeg"},{"@type":"BreadcrumbList","@id":"https:\/\/lospoliticosveracruz.com\/?p=72482#breadcrumb","itemListElement":[{"@type":"ListItem","position":1,"name":"Portada","item":"https:\/\/lospoliticosveracruz.com\/"},{"@type":"ListItem","position":2,"name":"Vamos para atr\u00e1s con Morena!"}]},{"@type":"WebSite","@id":"https:\/\/lospoliticosveracruz.com\/#website","url":"https:\/\/lospoliticosveracruz.com\/","name":"Los pol\u00edticos Veracruz","description":"","publisher":{"@id":"https:\/\/lospoliticosveracruz.com\/#organization"},"potentialAction":[{"@type":"SearchAction","target":{"@type":"EntryPoint","urlTemplate":"https:\/\/lospoliticosveracruz.com\/?s={search_term_string}"},"query-input":{"@type":"PropertyValueSpecification","valueRequired":true,"valueName":"search_term_string"}}],"inLanguage":"es"},{"@type":"Organization","@id":"https:\/\/lospoliticosveracruz.com\/#organization","name":"Los pol\u00edticos Veracruz","url":"https:\/\/lospoliticosveracruz.com\/","logo":{"@type":"ImageObject","inLanguage":"es","@id":"https:\/\/lospoliticosveracruz.com\/#\/schema\/logo\/image\/","url":"https:\/\/lospoliticosveracruz.com\/wp-content\/uploads\/2025\/12\/Logo-Nuevo-LOS-POLITICOS-1.jpg","contentUrl":"https:\/\/lospoliticosveracruz.com\/wp-content\/uploads\/2025\/12\/Logo-Nuevo-LOS-POLITICOS-1.jpg","width":260,"height":70,"caption":"Los pol\u00edticos Veracruz"},"image":{"@id":"https:\/\/lospoliticosveracruz.com\/#\/schema\/logo\/image\/"},"sameAs":["https:\/\/www.facebook.com\/people\/Notimemes-de-los-Polticos\/61565672886568\/","https:\/\/x.com\/LosPoliticosVer"]},{"@type":"Person","@id":"https:\/\/lospoliticosveracruz.com\/#\/schema\/person\/b8702bb0e538456e6efd07080bf2a4a2","name":"Lo viste en Los Pol\u00edticos","image":{"@type":"ImageObject","inLanguage":"es","@id":"https:\/\/secure.gravatar.com\/avatar\/3a8de04a2656d44082be478bd6c086daa447c4651605818287b9532d3d0bd435?s=96&d=mm&r=g","url":"https:\/\/secure.gravatar.com\/avatar\/3a8de04a2656d44082be478bd6c086daa447c4651605818287b9532d3d0bd435?s=96&d=mm&r=g","contentUrl":"https:\/\/secure.gravatar.com\/avatar\/3a8de04a2656d44082be478bd6c086daa447c4651605818287b9532d3d0bd435?s=96&d=mm&r=g","caption":"Lo viste en Los Pol\u00edticos"},"url":"https:\/\/lospoliticosveracruz.com\/?author=2"}]}},"_links":{"self":[{"href":"https:\/\/lospoliticosveracruz.com\/index.php?rest_route=\/wp\/v2\/posts\/72482","targetHints":{"allow":["GET"]}}],"collection":[{"href":"https:\/\/lospoliticosveracruz.com\/index.php?rest_route=\/wp\/v2\/posts"}],"about":[{"href":"https:\/\/lospoliticosveracruz.com\/index.php?rest_route=\/wp\/v2\/types\/post"}],"author":[{"embeddable":true,"href":"https:\/\/lospoliticosveracruz.com\/index.php?rest_route=\/wp\/v2\/users\/2"}],"replies":[{"embeddable":true,"href":"https:\/\/lospoliticosveracruz.com\/index.php?rest_route=%2Fwp%2Fv2%2Fcomments&post=72482"}],"version-history":[{"count":1,"href":"https:\/\/lospoliticosveracruz.com\/index.php?rest_route=\/wp\/v2\/posts\/72482\/revisions"}],"predecessor-version":[{"id":72484,"href":"https:\/\/lospoliticosveracruz.com\/index.php?rest_route=\/wp\/v2\/posts\/72482\/revisions\/72484"}],"wp:attachment":[{"href":"https:\/\/lospoliticosveracruz.com\/index.php?rest_route=%2Fwp%2Fv2%2Fmedia&parent=72482"}],"wp:term":[{"taxonomy":"category","embeddable":true,"href":"https:\/\/lospoliticosveracruz.com\/index.php?rest_route=%2Fwp%2Fv2%2Fcategories&post=72482"},{"taxonomy":"post_tag","embeddable":true,"href":"https:\/\/lospoliticosveracruz.com\/index.php?rest_route=%2Fwp%2Fv2%2Ftags&post=72482"}],"curies":[{"name":"wp","href":"https:\/\/api.w.org\/{rel}","templated":true}]}}