{"id":72502,"date":"2021-05-10T14:20:16","date_gmt":"2021-05-10T19:20:16","guid":{"rendered":"http:\/\/www.lospoliticosveracruz.com.mx\/?p=72502"},"modified":"2021-05-10T14:20:20","modified_gmt":"2021-05-10T19:20:20","slug":"apoyo-a-mamis-portenas-con-veracruz-sonrie","status":"publish","type":"post","link":"https:\/\/lospoliticosveracruz.com\/?p=72502","title":{"rendered":"Apoyo a mamis porte\u00f1as con \u201cVeracruz Sonr\u00ede\u201d"},"content":{"rendered":"\n<p><strong>Veracruz<\/strong><br>Miguel \u00c1ngel Yunes M\u00e1rquez, candidato a la Presidencia Municipal de Veracruz de la alianza \u00abVeracruz va\u00bb PAN-PRI-PRD, afirm\u00f3 que para apoyar a las madres de familia porte\u00f1as crear\u00e1 el programa de desarrollo social \u201cVeracruz Sonr\u00ede\u201d.<br>\u201cLas principales interesadas en que las familias est\u00e9n bien son las mam\u00e1s y por eso he decidido que vamos hacer en Veracruz lo mismo que hicimos en Boca del R\u00edo con el programa Boca Sonr\u00ede, ahora tendremos el \u201cVeracruz Sonr\u00ede\u201d, sostuvo.<br>Dijo que este programa tendr\u00e1 cuatro ejes, el primero de ellos es la Seguridad Alimentaria. A trav\u00e9s de la instalaci\u00f3n de comedores comunitarios en las colonias m\u00e1s necesitadas, apoyar\u00e1 con paquetes alimentarios para que las familias tengan asegurada la alimentaci\u00f3n las tres veces al d\u00eda, todos los d\u00edas.<br>El segundo tiene que ver con la educaci\u00f3n, en el 2022 entregar\u00e1 mochilas, uniformes, \u00fatiles escolares y zapatos a todos los ni\u00f1os de las escuelas primarias del municipio de Veracruz para que asistan a tomar sus clases en las mejores condiciones.<br>El tercero, en materia de salud se abrir\u00e1n mas Centros de Salud del DIF en todo el municipio, sobre todo en la zona rural donde hay m\u00e1s necesidad de los servicios m\u00e9dicos.<br>Y por \u00faltimo, en materia de bienestar, al desaparecer el Gobierno de MORENA las estancias infantiles, se compromete a crear, por lo menos, 10 nuevas estancias infantiles para apoyar a las madres trabajadoras y que sus hijos est\u00e9n bien cuidados en lugares seguros.<br>El candidato a la Presidencia Municipal de Veracruz de la alianza \u00abVeracruz va\u00bb, Miguel \u00c1ngel Yunes M\u00e1rquez inform\u00f3 que la implementaci\u00f3n del programa lo llevar\u00e1 a cabo con recursos municipales.<\/p>\n","protected":false},"excerpt":{"rendered":"<p>VeracruzMiguel \u00c1ngel Yunes M\u00e1rquez, candidato a la Presidencia Municipal de Veracruz de la alianza \u00abVeracruz va\u00bb PAN-PRI-PRD, afirm\u00f3 que para apoyar a las madres de familia porte\u00f1as crear\u00e1 el programa de desarrollo social \u201cVeracruz Sonr\u00ede\u201d.\u201cLas principales interesadas en que las familias est\u00e9n bien son las mam\u00e1s y por eso he decidido que vamos hacer en [&hellip;]<\/p>\n","protected":false},"author":2,"featured_media":0,"comment_status":"closed","ping_status":"closed","sticky":false,"template":"","format":"standard","meta":{"tdm_status":"","tdm_grid_status":"","footnotes":""},"categories":[73],"tags":[536,22333,25692],"class_list":{"0":"post-72502","1":"post","2":"type-post","3":"status-publish","4":"format-standard","6":"category-de-boleto","7":"tag-miguel-angel-yunes-marquez","8":"tag-pan-pri-prd","9":"tag-veracruz-va"},"yoast_head":"<!-- This site is optimized with the Yoast SEO plugin v27.4 - https:\/\/yoast.com\/product\/yoast-seo-wordpress\/ -->\n<title>Apoyo a mamis porte\u00f1as con \u201cVeracruz Sonr\u00ede\u201d - Los pol\u00edticos Veracruz<\/title>\n<meta name=\"robots\" content=\"index, follow, max-snippet:-1, max-image-preview:large, max-video-preview:-1\" \/>\n<link rel=\"canonical\" href=\"https:\/\/lospoliticosveracruz.com\/?p=72502\" \/>\n<meta property=\"og:locale\" content=\"es_ES\" \/>\n<meta property=\"og:type\" content=\"article\" \/>\n<meta property=\"og:title\" content=\"Apoyo a mamis porte\u00f1as con \u201cVeracruz Sonr\u00ede\u201d - Los pol\u00edticos Veracruz\" \/>\n<meta property=\"og:description\" content=\"VeracruzMiguel \u00c1ngel Yunes M\u00e1rquez, candidato a la Presidencia Municipal de Veracruz de la alianza \u00abVeracruz va\u00bb PAN-PRI-PRD, afirm\u00f3 que para apoyar a las madres de familia porte\u00f1as crear\u00e1 el programa de desarrollo social \u201cVeracruz Sonr\u00ede\u201d.\u201cLas principales interesadas en que las familias est\u00e9n bien son las mam\u00e1s y por eso he decidido que vamos hacer en [&hellip;]\" \/>\n<meta property=\"og:url\" content=\"https:\/\/lospoliticosveracruz.com\/?p=72502\" \/>\n<meta property=\"og:site_name\" content=\"Los pol\u00edticos Veracruz\" \/>\n<meta property=\"article:publisher\" content=\"https:\/\/www.facebook.com\/people\/Notimemes-de-los-Polticos\/61565672886568\/\" \/>\n<meta property=\"article:published_time\" content=\"2021-05-10T19:20:16+00:00\" \/>\n<meta property=\"article:modified_time\" content=\"2021-05-10T19:20:20+00:00\" \/>\n<meta property=\"og:image\" content=\"https:\/\/lospoliticosveracruz.com\/wp-content\/uploads\/2016\/07\/Logo-Dor.jpg\" \/>\n\t<meta property=\"og:image:width\" content=\"200\" \/>\n\t<meta property=\"og:image:height\" content=\"200\" \/>\n\t<meta property=\"og:image:type\" content=\"image\/jpeg\" \/>\n<meta name=\"author\" content=\"Lo viste en Los Pol\u00edticos\" \/>\n<meta name=\"twitter:card\" content=\"summary_large_image\" \/>\n<meta name=\"twitter:creator\" content=\"@LosPoliticosVer\" \/>\n<meta name=\"twitter:site\" content=\"@LosPoliticosVer\" \/>\n<meta name=\"twitter:label1\" content=\"Escrito por\" \/>\n\t<meta name=\"twitter:data1\" content=\"Lo viste en Los Pol\u00edticos\" \/>\n\t<meta name=\"twitter:label2\" content=\"Tiempo de lectura\" \/>\n\t<meta name=\"twitter:data2\" content=\"1 minuto\" \/>\n<script type=\"application\/ld+json\" class=\"yoast-schema-graph\">{\"@context\":\"https:\\\/\\\/schema.org\",\"@graph\":[{\"@type\":\"Article\",\"@id\":\"https:\\\/\\\/lospoliticosveracruz.com\\\/?p=72502#article\",\"isPartOf\":{\"@id\":\"https:\\\/\\\/lospoliticosveracruz.com\\\/?p=72502\"},\"author\":{\"name\":\"Lo viste en Los Pol\u00edticos\",\"@id\":\"https:\\\/\\\/lospoliticosveracruz.com\\\/#\\\/schema\\\/person\\\/b8702bb0e538456e6efd07080bf2a4a2\"},\"headline\":\"Apoyo a mamis porte\u00f1as con \u201cVeracruz Sonr\u00ede\u201d\",\"datePublished\":\"2021-05-10T19:20:16+00:00\",\"dateModified\":\"2021-05-10T19:20:20+00:00\",\"mainEntityOfPage\":{\"@id\":\"https:\\\/\\\/lospoliticosveracruz.com\\\/?p=72502\"},\"wordCount\":300,\"publisher\":{\"@id\":\"https:\\\/\\\/lospoliticosveracruz.com\\\/#organization\"},\"keywords\":[\"Miguel \u00c1ngel Yunes M\u00e1rquez\",\"PAN-PRI-PRD\",\"Veracruz Va\"],\"articleSection\":[\"De Boleto\"],\"inLanguage\":\"es\"},{\"@type\":\"WebPage\",\"@id\":\"https:\\\/\\\/lospoliticosveracruz.com\\\/?p=72502\",\"url\":\"https:\\\/\\\/lospoliticosveracruz.com\\\/?p=72502\",\"name\":\"Apoyo a mamis porte\u00f1as con \u201cVeracruz Sonr\u00ede\u201d - Los pol\u00edticos Veracruz\",\"isPartOf\":{\"@id\":\"https:\\\/\\\/lospoliticosveracruz.com\\\/#website\"},\"datePublished\":\"2021-05-10T19:20:16+00:00\",\"dateModified\":\"2021-05-10T19:20:20+00:00\",\"breadcrumb\":{\"@id\":\"https:\\\/\\\/lospoliticosveracruz.com\\\/?p=72502#breadcrumb\"},\"inLanguage\":\"es\",\"potentialAction\":[{\"@type\":\"ReadAction\",\"target\":[\"https:\\\/\\\/lospoliticosveracruz.com\\\/?p=72502\"]}]},{\"@type\":\"BreadcrumbList\",\"@id\":\"https:\\\/\\\/lospoliticosveracruz.com\\\/?p=72502#breadcrumb\",\"itemListElement\":[{\"@type\":\"ListItem\",\"position\":1,\"name\":\"Portada\",\"item\":\"https:\\\/\\\/lospoliticosveracruz.com\\\/\"},{\"@type\":\"ListItem\",\"position\":2,\"name\":\"Apoyo a mamis porte\u00f1as con \u201cVeracruz Sonr\u00ede\u201d\"}]},{\"@type\":\"WebSite\",\"@id\":\"https:\\\/\\\/lospoliticosveracruz.com\\\/#website\",\"url\":\"https:\\\/\\\/lospoliticosveracruz.com\\\/\",\"name\":\"Los pol\u00edticos Veracruz\",\"description\":\"\",\"publisher\":{\"@id\":\"https:\\\/\\\/lospoliticosveracruz.com\\\/#organization\"},\"potentialAction\":[{\"@type\":\"SearchAction\",\"target\":{\"@type\":\"EntryPoint\",\"urlTemplate\":\"https:\\\/\\\/lospoliticosveracruz.com\\\/?s={search_term_string}\"},\"query-input\":{\"@type\":\"PropertyValueSpecification\",\"valueRequired\":true,\"valueName\":\"search_term_string\"}}],\"inLanguage\":\"es\"},{\"@type\":\"Organization\",\"@id\":\"https:\\\/\\\/lospoliticosveracruz.com\\\/#organization\",\"name\":\"Los pol\u00edticos Veracruz\",\"url\":\"https:\\\/\\\/lospoliticosveracruz.com\\\/\",\"logo\":{\"@type\":\"ImageObject\",\"inLanguage\":\"es\",\"@id\":\"https:\\\/\\\/lospoliticosveracruz.com\\\/#\\\/schema\\\/logo\\\/image\\\/\",\"url\":\"https:\\\/\\\/lospoliticosveracruz.com\\\/wp-content\\\/uploads\\\/2025\\\/12\\\/Logo-Nuevo-LOS-POLITICOS-1.jpg\",\"contentUrl\":\"https:\\\/\\\/lospoliticosveracruz.com\\\/wp-content\\\/uploads\\\/2025\\\/12\\\/Logo-Nuevo-LOS-POLITICOS-1.jpg\",\"width\":260,\"height\":70,\"caption\":\"Los pol\u00edticos Veracruz\"},\"image\":{\"@id\":\"https:\\\/\\\/lospoliticosveracruz.com\\\/#\\\/schema\\\/logo\\\/image\\\/\"},\"sameAs\":[\"https:\\\/\\\/www.facebook.com\\\/people\\\/Notimemes-de-los-Polticos\\\/61565672886568\\\/\",\"https:\\\/\\\/x.com\\\/LosPoliticosVer\"]},{\"@type\":\"Person\",\"@id\":\"https:\\\/\\\/lospoliticosveracruz.com\\\/#\\\/schema\\\/person\\\/b8702bb0e538456e6efd07080bf2a4a2\",\"name\":\"Lo viste en Los Pol\u00edticos\",\"image\":{\"@type\":\"ImageObject\",\"inLanguage\":\"es\",\"@id\":\"https:\\\/\\\/secure.gravatar.com\\\/avatar\\\/3a8de04a2656d44082be478bd6c086daa447c4651605818287b9532d3d0bd435?s=96&d=mm&r=g\",\"url\":\"https:\\\/\\\/secure.gravatar.com\\\/avatar\\\/3a8de04a2656d44082be478bd6c086daa447c4651605818287b9532d3d0bd435?s=96&d=mm&r=g\",\"contentUrl\":\"https:\\\/\\\/secure.gravatar.com\\\/avatar\\\/3a8de04a2656d44082be478bd6c086daa447c4651605818287b9532d3d0bd435?s=96&d=mm&r=g\",\"caption\":\"Lo viste en Los Pol\u00edticos\"},\"url\":\"https:\\\/\\\/lospoliticosveracruz.com\\\/?author=2\"}]}<\/script>\n<!-- \/ Yoast SEO plugin. -->","yoast_head_json":{"title":"Apoyo a mamis porte\u00f1as con \u201cVeracruz Sonr\u00ede\u201d - Los pol\u00edticos Veracruz","robots":{"index":"index","follow":"follow","max-snippet":"max-snippet:-1","max-image-preview":"max-image-preview:large","max-video-preview":"max-video-preview:-1"},"canonical":"https:\/\/lospoliticosveracruz.com\/?p=72502","og_locale":"es_ES","og_type":"article","og_title":"Apoyo a mamis porte\u00f1as con \u201cVeracruz Sonr\u00ede\u201d - Los pol\u00edticos Veracruz","og_description":"VeracruzMiguel \u00c1ngel Yunes M\u00e1rquez, candidato a la Presidencia Municipal de Veracruz de la alianza \u00abVeracruz va\u00bb PAN-PRI-PRD, afirm\u00f3 que para apoyar a las madres de familia porte\u00f1as crear\u00e1 el programa de desarrollo social \u201cVeracruz Sonr\u00ede\u201d.\u201cLas principales interesadas en que las familias est\u00e9n bien son las mam\u00e1s y por eso he decidido que vamos hacer en [&hellip;]","og_url":"https:\/\/lospoliticosveracruz.com\/?p=72502","og_site_name":"Los pol\u00edticos Veracruz","article_publisher":"https:\/\/www.facebook.com\/people\/Notimemes-de-los-Polticos\/61565672886568\/","article_published_time":"2021-05-10T19:20:16+00:00","article_modified_time":"2021-05-10T19:20:20+00:00","og_image":[{"width":200,"height":200,"url":"https:\/\/lospoliticosveracruz.com\/wp-content\/uploads\/2016\/07\/Logo-Dor.jpg","type":"image\/jpeg"}],"author":"Lo viste en Los Pol\u00edticos","twitter_card":"summary_large_image","twitter_creator":"@LosPoliticosVer","twitter_site":"@LosPoliticosVer","twitter_misc":{"Escrito por":"Lo viste en Los Pol\u00edticos","Tiempo de lectura":"1 minuto"},"schema":{"@context":"https:\/\/schema.org","@graph":[{"@type":"Article","@id":"https:\/\/lospoliticosveracruz.com\/?p=72502#article","isPartOf":{"@id":"https:\/\/lospoliticosveracruz.com\/?p=72502"},"author":{"name":"Lo viste en Los Pol\u00edticos","@id":"https:\/\/lospoliticosveracruz.com\/#\/schema\/person\/b8702bb0e538456e6efd07080bf2a4a2"},"headline":"Apoyo a mamis porte\u00f1as con \u201cVeracruz Sonr\u00ede\u201d","datePublished":"2021-05-10T19:20:16+00:00","dateModified":"2021-05-10T19:20:20+00:00","mainEntityOfPage":{"@id":"https:\/\/lospoliticosveracruz.com\/?p=72502"},"wordCount":300,"publisher":{"@id":"https:\/\/lospoliticosveracruz.com\/#organization"},"keywords":["Miguel \u00c1ngel Yunes M\u00e1rquez","PAN-PRI-PRD","Veracruz Va"],"articleSection":["De Boleto"],"inLanguage":"es"},{"@type":"WebPage","@id":"https:\/\/lospoliticosveracruz.com\/?p=72502","url":"https:\/\/lospoliticosveracruz.com\/?p=72502","name":"Apoyo a mamis porte\u00f1as con \u201cVeracruz Sonr\u00ede\u201d - Los pol\u00edticos Veracruz","isPartOf":{"@id":"https:\/\/lospoliticosveracruz.com\/#website"},"datePublished":"2021-05-10T19:20:16+00:00","dateModified":"2021-05-10T19:20:20+00:00","breadcrumb":{"@id":"https:\/\/lospoliticosveracruz.com\/?p=72502#breadcrumb"},"inLanguage":"es","potentialAction":[{"@type":"ReadAction","target":["https:\/\/lospoliticosveracruz.com\/?p=72502"]}]},{"@type":"BreadcrumbList","@id":"https:\/\/lospoliticosveracruz.com\/?p=72502#breadcrumb","itemListElement":[{"@type":"ListItem","position":1,"name":"Portada","item":"https:\/\/lospoliticosveracruz.com\/"},{"@type":"ListItem","position":2,"name":"Apoyo a mamis porte\u00f1as con \u201cVeracruz Sonr\u00ede\u201d"}]},{"@type":"WebSite","@id":"https:\/\/lospoliticosveracruz.com\/#website","url":"https:\/\/lospoliticosveracruz.com\/","name":"Los pol\u00edticos Veracruz","description":"","publisher":{"@id":"https:\/\/lospoliticosveracruz.com\/#organization"},"potentialAction":[{"@type":"SearchAction","target":{"@type":"EntryPoint","urlTemplate":"https:\/\/lospoliticosveracruz.com\/?s={search_term_string}"},"query-input":{"@type":"PropertyValueSpecification","valueRequired":true,"valueName":"search_term_string"}}],"inLanguage":"es"},{"@type":"Organization","@id":"https:\/\/lospoliticosveracruz.com\/#organization","name":"Los pol\u00edticos Veracruz","url":"https:\/\/lospoliticosveracruz.com\/","logo":{"@type":"ImageObject","inLanguage":"es","@id":"https:\/\/lospoliticosveracruz.com\/#\/schema\/logo\/image\/","url":"https:\/\/lospoliticosveracruz.com\/wp-content\/uploads\/2025\/12\/Logo-Nuevo-LOS-POLITICOS-1.jpg","contentUrl":"https:\/\/lospoliticosveracruz.com\/wp-content\/uploads\/2025\/12\/Logo-Nuevo-LOS-POLITICOS-1.jpg","width":260,"height":70,"caption":"Los pol\u00edticos Veracruz"},"image":{"@id":"https:\/\/lospoliticosveracruz.com\/#\/schema\/logo\/image\/"},"sameAs":["https:\/\/www.facebook.com\/people\/Notimemes-de-los-Polticos\/61565672886568\/","https:\/\/x.com\/LosPoliticosVer"]},{"@type":"Person","@id":"https:\/\/lospoliticosveracruz.com\/#\/schema\/person\/b8702bb0e538456e6efd07080bf2a4a2","name":"Lo viste en Los Pol\u00edticos","image":{"@type":"ImageObject","inLanguage":"es","@id":"https:\/\/secure.gravatar.com\/avatar\/3a8de04a2656d44082be478bd6c086daa447c4651605818287b9532d3d0bd435?s=96&d=mm&r=g","url":"https:\/\/secure.gravatar.com\/avatar\/3a8de04a2656d44082be478bd6c086daa447c4651605818287b9532d3d0bd435?s=96&d=mm&r=g","contentUrl":"https:\/\/secure.gravatar.com\/avatar\/3a8de04a2656d44082be478bd6c086daa447c4651605818287b9532d3d0bd435?s=96&d=mm&r=g","caption":"Lo viste en Los Pol\u00edticos"},"url":"https:\/\/lospoliticosveracruz.com\/?author=2"}]}},"_links":{"self":[{"href":"https:\/\/lospoliticosveracruz.com\/index.php?rest_route=\/wp\/v2\/posts\/72502","targetHints":{"allow":["GET"]}}],"collection":[{"href":"https:\/\/lospoliticosveracruz.com\/index.php?rest_route=\/wp\/v2\/posts"}],"about":[{"href":"https:\/\/lospoliticosveracruz.com\/index.php?rest_route=\/wp\/v2\/types\/post"}],"author":[{"embeddable":true,"href":"https:\/\/lospoliticosveracruz.com\/index.php?rest_route=\/wp\/v2\/users\/2"}],"replies":[{"embeddable":true,"href":"https:\/\/lospoliticosveracruz.com\/index.php?rest_route=%2Fwp%2Fv2%2Fcomments&post=72502"}],"version-history":[{"count":1,"href":"https:\/\/lospoliticosveracruz.com\/index.php?rest_route=\/wp\/v2\/posts\/72502\/revisions"}],"predecessor-version":[{"id":72504,"href":"https:\/\/lospoliticosveracruz.com\/index.php?rest_route=\/wp\/v2\/posts\/72502\/revisions\/72504"}],"wp:attachment":[{"href":"https:\/\/lospoliticosveracruz.com\/index.php?rest_route=%2Fwp%2Fv2%2Fmedia&parent=72502"}],"wp:term":[{"taxonomy":"category","embeddable":true,"href":"https:\/\/lospoliticosveracruz.com\/index.php?rest_route=%2Fwp%2Fv2%2Fcategories&post=72502"},{"taxonomy":"post_tag","embeddable":true,"href":"https:\/\/lospoliticosveracruz.com\/index.php?rest_route=%2Fwp%2Fv2%2Ftags&post=72502"}],"curies":[{"name":"wp","href":"https:\/\/api.w.org\/{rel}","templated":true}]}}