{"id":72508,"date":"2021-05-10T16:08:39","date_gmt":"2021-05-10T21:08:39","guid":{"rendered":"http:\/\/www.lospoliticosveracruz.com.mx\/?p=72508"},"modified":"2021-05-10T16:08:42","modified_gmt":"2021-05-10T21:08:42","slug":"vamos-a-recuperar-la-tranquilidad-de-las-madres-veracruzanas-anilu","status":"publish","type":"post","link":"https:\/\/lospoliticosveracruz.com\/?p=72508","title":{"rendered":"\u00a1Vamos a recuperar la tranquilidad de las madres veracruzanas!: Anil\u00fa"},"content":{"rendered":"\n<p><strong>Mart\u00ednez de la Torre<br><\/strong>Anil\u00fa Ingram Vallines, coordinadora del programa estatal Recupera, del Partido Revolucionario Institucional (PRI), asever\u00f3 que uno de los compromisos de las y los candidatos de la alianza Veracruz Va, del PRI, es trabajar para volver a poner en marcha los programas sociales que el partido Morena desapareci\u00f3 hace poco m\u00e1s de dos a\u00f1os.<\/p>\n\n\n\n<div class=\"wp-block-image\"><figure class=\"alignleft size-large is-resized\"><a href=\"http:\/\/www.lospoliticosveracruz.com.mx\/wp-content\/uploads\/2021\/05\/Tecajetes.jpeg\"><img loading=\"lazy\" decoding=\"async\" src=\"http:\/\/www.lospoliticosveracruz.com.mx\/wp-content\/uploads\/2021\/05\/Tecajetes.jpeg\" alt=\"\" class=\"wp-image-72385\" width=\"300\" height=\"350\"\/><\/a><\/figure><\/div>\n\n\n\n<p><br>En el marco del D\u00eda de la Madre, la tambi\u00e9n candidata a diputada local por la v\u00eda plurinominal lament\u00f3 que en sus recorridos por todo el estado una queja constante de las mujeres sea el impacto que han tenido en su econom\u00eda y en sus vidas, la eliminaci\u00f3n del programa Prospera, del Seguro Popular, de las Estancias Infantiles y hasta de los recursos para la atenci\u00f3n al c\u00e1ncer de mama.<br>Desde Mart\u00ednez de la Torre, acompa\u00f1\u00f3 a la candidata a la presidencia municipal Karla Estrada; en este evento Anil\u00fa Ingram recalc\u00f3 que para tener presupuestos que atiendan las verdaderas necesidades de las familias y de las mujeres, se necesita tener equilibrios tanto en la C\u00e1mara de Diputados, como en el Congreso Local, pues de lo contrario los morenistas seguir\u00e1n pasando la tijera para poder financiar sus obras fara\u00f3nicas como el Tren Maya y la Refiner\u00eda de Dos Bocas, por lo que conmin\u00f3 a los ciudadanos a votar por la Alianza y por el PRI el pr\u00f3ximo domingo 6 de junio.<br>\u201cLo hemos dicho una y otra vez: este gobierno federal y estatal de Morena no solo es mis\u00f3gino, es indolente ante las necesidades de las madres, de las ni\u00f1as y mujeres de M\u00e9xico. Nosotros en el PRI, en la Alianza Va por Veracruz, tenemos un compromiso con todas ustedes para recuperar lo que ellos les han arrebatado\u201d, sentenci\u00f3.<br>Por \u00faltimo, la diputada federal con licencia extern\u00f3 su solidaridad con todas las madres de las y los desaparecidos en el estado en este d\u00eda.<\/p>\n","protected":false},"excerpt":{"rendered":"<p>Mart\u00ednez de la TorreAnil\u00fa Ingram Vallines, coordinadora del programa estatal Recupera, del Partido Revolucionario Institucional (PRI), asever\u00f3 que uno de los compromisos de las y los candidatos de la alianza Veracruz Va, del PRI, es trabajar para volver a poner en marcha los programas sociales que el partido Morena desapareci\u00f3 hace poco m\u00e1s de dos [&hellip;]<\/p>\n","protected":false},"author":2,"featured_media":0,"comment_status":"closed","ping_status":"closed","sticky":false,"template":"","format":"standard","meta":{"tdm_status":"","tdm_grid_status":"","footnotes":""},"categories":[73],"tags":[1872,2664,1026,251,25692],"class_list":{"0":"post-72508","1":"post","2":"type-post","3":"status-publish","4":"format-standard","6":"category-de-boleto","7":"tag-anilu-ingram-vallines","8":"tag-dia-de-la-madre","9":"tag-morena","10":"tag-pri","11":"tag-veracruz-va"},"yoast_head":"<!-- This site is optimized with the Yoast SEO plugin v27.4 - https:\/\/yoast.com\/product\/yoast-seo-wordpress\/ -->\n<title>\u00a1Vamos a recuperar la tranquilidad de las madres veracruzanas!: Anil\u00fa - Los pol\u00edticos Veracruz<\/title>\n<meta name=\"robots\" content=\"index, follow, max-snippet:-1, max-image-preview:large, max-video-preview:-1\" \/>\n<link rel=\"canonical\" href=\"https:\/\/lospoliticosveracruz.com\/?p=72508\" \/>\n<meta property=\"og:locale\" content=\"es_ES\" \/>\n<meta property=\"og:type\" content=\"article\" \/>\n<meta property=\"og:title\" content=\"\u00a1Vamos a recuperar la tranquilidad de las madres veracruzanas!: Anil\u00fa - Los pol\u00edticos Veracruz\" \/>\n<meta property=\"og:description\" content=\"Mart\u00ednez de la TorreAnil\u00fa Ingram Vallines, coordinadora del programa estatal Recupera, del Partido Revolucionario Institucional (PRI), asever\u00f3 que uno de los compromisos de las y los candidatos de la alianza Veracruz Va, del PRI, es trabajar para volver a poner en marcha los programas sociales que el partido Morena desapareci\u00f3 hace poco m\u00e1s de dos [&hellip;]\" \/>\n<meta property=\"og:url\" content=\"https:\/\/lospoliticosveracruz.com\/?p=72508\" \/>\n<meta property=\"og:site_name\" content=\"Los pol\u00edticos Veracruz\" \/>\n<meta property=\"article:publisher\" content=\"https:\/\/www.facebook.com\/people\/Notimemes-de-los-Polticos\/61565672886568\/\" \/>\n<meta property=\"article:published_time\" content=\"2021-05-10T21:08:39+00:00\" \/>\n<meta property=\"article:modified_time\" content=\"2021-05-10T21:08:42+00:00\" \/>\n<meta property=\"og:image\" content=\"http:\/\/www.lospoliticosveracruz.com.mx\/wp-content\/uploads\/2021\/05\/Tecajetes.jpeg\" \/>\n<meta name=\"author\" content=\"Lo viste en Los Pol\u00edticos\" \/>\n<meta name=\"twitter:card\" content=\"summary_large_image\" \/>\n<meta name=\"twitter:creator\" content=\"@LosPoliticosVer\" \/>\n<meta name=\"twitter:site\" content=\"@LosPoliticosVer\" \/>\n<meta name=\"twitter:label1\" content=\"Escrito por\" \/>\n\t<meta name=\"twitter:data1\" content=\"Lo viste en Los Pol\u00edticos\" \/>\n\t<meta name=\"twitter:label2\" content=\"Tiempo de lectura\" \/>\n\t<meta name=\"twitter:data2\" content=\"2 minutos\" \/>\n<script type=\"application\/ld+json\" class=\"yoast-schema-graph\">{\"@context\":\"https:\\\/\\\/schema.org\",\"@graph\":[{\"@type\":\"Article\",\"@id\":\"https:\\\/\\\/lospoliticosveracruz.com\\\/?p=72508#article\",\"isPartOf\":{\"@id\":\"https:\\\/\\\/lospoliticosveracruz.com\\\/?p=72508\"},\"author\":{\"name\":\"Lo viste en Los Pol\u00edticos\",\"@id\":\"https:\\\/\\\/lospoliticosveracruz.com\\\/#\\\/schema\\\/person\\\/b8702bb0e538456e6efd07080bf2a4a2\"},\"headline\":\"\u00a1Vamos a recuperar la tranquilidad de las madres veracruzanas!: Anil\u00fa\",\"datePublished\":\"2021-05-10T21:08:39+00:00\",\"dateModified\":\"2021-05-10T21:08:42+00:00\",\"mainEntityOfPage\":{\"@id\":\"https:\\\/\\\/lospoliticosveracruz.com\\\/?p=72508\"},\"wordCount\":339,\"publisher\":{\"@id\":\"https:\\\/\\\/lospoliticosveracruz.com\\\/#organization\"},\"image\":{\"@id\":\"https:\\\/\\\/lospoliticosveracruz.com\\\/?p=72508#primaryimage\"},\"thumbnailUrl\":\"http:\\\/\\\/www.lospoliticosveracruz.com.mx\\\/wp-content\\\/uploads\\\/2021\\\/05\\\/Tecajetes.jpeg\",\"keywords\":[\"Anil\u00fa Ingram Vallines\",\"D\u00eda de la madre\",\"Morena\",\"PRI\",\"Veracruz Va\"],\"articleSection\":[\"De Boleto\"],\"inLanguage\":\"es\"},{\"@type\":\"WebPage\",\"@id\":\"https:\\\/\\\/lospoliticosveracruz.com\\\/?p=72508\",\"url\":\"https:\\\/\\\/lospoliticosveracruz.com\\\/?p=72508\",\"name\":\"\u00a1Vamos a recuperar la tranquilidad de las madres veracruzanas!: Anil\u00fa - Los pol\u00edticos Veracruz\",\"isPartOf\":{\"@id\":\"https:\\\/\\\/lospoliticosveracruz.com\\\/#website\"},\"primaryImageOfPage\":{\"@id\":\"https:\\\/\\\/lospoliticosveracruz.com\\\/?p=72508#primaryimage\"},\"image\":{\"@id\":\"https:\\\/\\\/lospoliticosveracruz.com\\\/?p=72508#primaryimage\"},\"thumbnailUrl\":\"http:\\\/\\\/www.lospoliticosveracruz.com.mx\\\/wp-content\\\/uploads\\\/2021\\\/05\\\/Tecajetes.jpeg\",\"datePublished\":\"2021-05-10T21:08:39+00:00\",\"dateModified\":\"2021-05-10T21:08:42+00:00\",\"breadcrumb\":{\"@id\":\"https:\\\/\\\/lospoliticosveracruz.com\\\/?p=72508#breadcrumb\"},\"inLanguage\":\"es\",\"potentialAction\":[{\"@type\":\"ReadAction\",\"target\":[\"https:\\\/\\\/lospoliticosveracruz.com\\\/?p=72508\"]}]},{\"@type\":\"ImageObject\",\"inLanguage\":\"es\",\"@id\":\"https:\\\/\\\/lospoliticosveracruz.com\\\/?p=72508#primaryimage\",\"url\":\"http:\\\/\\\/www.lospoliticosveracruz.com.mx\\\/wp-content\\\/uploads\\\/2021\\\/05\\\/Tecajetes.jpeg\",\"contentUrl\":\"http:\\\/\\\/www.lospoliticosveracruz.com.mx\\\/wp-content\\\/uploads\\\/2021\\\/05\\\/Tecajetes.jpeg\"},{\"@type\":\"BreadcrumbList\",\"@id\":\"https:\\\/\\\/lospoliticosveracruz.com\\\/?p=72508#breadcrumb\",\"itemListElement\":[{\"@type\":\"ListItem\",\"position\":1,\"name\":\"Portada\",\"item\":\"https:\\\/\\\/lospoliticosveracruz.com\\\/\"},{\"@type\":\"ListItem\",\"position\":2,\"name\":\"\u00a1Vamos a recuperar la tranquilidad de las madres veracruzanas!: Anil\u00fa\"}]},{\"@type\":\"WebSite\",\"@id\":\"https:\\\/\\\/lospoliticosveracruz.com\\\/#website\",\"url\":\"https:\\\/\\\/lospoliticosveracruz.com\\\/\",\"name\":\"Los pol\u00edticos Veracruz\",\"description\":\"\",\"publisher\":{\"@id\":\"https:\\\/\\\/lospoliticosveracruz.com\\\/#organization\"},\"potentialAction\":[{\"@type\":\"SearchAction\",\"target\":{\"@type\":\"EntryPoint\",\"urlTemplate\":\"https:\\\/\\\/lospoliticosveracruz.com\\\/?s={search_term_string}\"},\"query-input\":{\"@type\":\"PropertyValueSpecification\",\"valueRequired\":true,\"valueName\":\"search_term_string\"}}],\"inLanguage\":\"es\"},{\"@type\":\"Organization\",\"@id\":\"https:\\\/\\\/lospoliticosveracruz.com\\\/#organization\",\"name\":\"Los pol\u00edticos Veracruz\",\"url\":\"https:\\\/\\\/lospoliticosveracruz.com\\\/\",\"logo\":{\"@type\":\"ImageObject\",\"inLanguage\":\"es\",\"@id\":\"https:\\\/\\\/lospoliticosveracruz.com\\\/#\\\/schema\\\/logo\\\/image\\\/\",\"url\":\"https:\\\/\\\/lospoliticosveracruz.com\\\/wp-content\\\/uploads\\\/2025\\\/12\\\/Logo-Nuevo-LOS-POLITICOS-1.jpg\",\"contentUrl\":\"https:\\\/\\\/lospoliticosveracruz.com\\\/wp-content\\\/uploads\\\/2025\\\/12\\\/Logo-Nuevo-LOS-POLITICOS-1.jpg\",\"width\":260,\"height\":70,\"caption\":\"Los pol\u00edticos Veracruz\"},\"image\":{\"@id\":\"https:\\\/\\\/lospoliticosveracruz.com\\\/#\\\/schema\\\/logo\\\/image\\\/\"},\"sameAs\":[\"https:\\\/\\\/www.facebook.com\\\/people\\\/Notimemes-de-los-Polticos\\\/61565672886568\\\/\",\"https:\\\/\\\/x.com\\\/LosPoliticosVer\"]},{\"@type\":\"Person\",\"@id\":\"https:\\\/\\\/lospoliticosveracruz.com\\\/#\\\/schema\\\/person\\\/b8702bb0e538456e6efd07080bf2a4a2\",\"name\":\"Lo viste en Los Pol\u00edticos\",\"image\":{\"@type\":\"ImageObject\",\"inLanguage\":\"es\",\"@id\":\"https:\\\/\\\/secure.gravatar.com\\\/avatar\\\/3a8de04a2656d44082be478bd6c086daa447c4651605818287b9532d3d0bd435?s=96&d=mm&r=g\",\"url\":\"https:\\\/\\\/secure.gravatar.com\\\/avatar\\\/3a8de04a2656d44082be478bd6c086daa447c4651605818287b9532d3d0bd435?s=96&d=mm&r=g\",\"contentUrl\":\"https:\\\/\\\/secure.gravatar.com\\\/avatar\\\/3a8de04a2656d44082be478bd6c086daa447c4651605818287b9532d3d0bd435?s=96&d=mm&r=g\",\"caption\":\"Lo viste en Los Pol\u00edticos\"},\"url\":\"https:\\\/\\\/lospoliticosveracruz.com\\\/?author=2\"}]}<\/script>\n<!-- \/ Yoast SEO plugin. -->","yoast_head_json":{"title":"\u00a1Vamos a recuperar la tranquilidad de las madres veracruzanas!: Anil\u00fa - Los pol\u00edticos Veracruz","robots":{"index":"index","follow":"follow","max-snippet":"max-snippet:-1","max-image-preview":"max-image-preview:large","max-video-preview":"max-video-preview:-1"},"canonical":"https:\/\/lospoliticosveracruz.com\/?p=72508","og_locale":"es_ES","og_type":"article","og_title":"\u00a1Vamos a recuperar la tranquilidad de las madres veracruzanas!: Anil\u00fa - Los pol\u00edticos Veracruz","og_description":"Mart\u00ednez de la TorreAnil\u00fa Ingram Vallines, coordinadora del programa estatal Recupera, del Partido Revolucionario Institucional (PRI), asever\u00f3 que uno de los compromisos de las y los candidatos de la alianza Veracruz Va, del PRI, es trabajar para volver a poner en marcha los programas sociales que el partido Morena desapareci\u00f3 hace poco m\u00e1s de dos [&hellip;]","og_url":"https:\/\/lospoliticosveracruz.com\/?p=72508","og_site_name":"Los pol\u00edticos Veracruz","article_publisher":"https:\/\/www.facebook.com\/people\/Notimemes-de-los-Polticos\/61565672886568\/","article_published_time":"2021-05-10T21:08:39+00:00","article_modified_time":"2021-05-10T21:08:42+00:00","og_image":[{"url":"http:\/\/www.lospoliticosveracruz.com.mx\/wp-content\/uploads\/2021\/05\/Tecajetes.jpeg","type":"","width":"","height":""}],"author":"Lo viste en Los Pol\u00edticos","twitter_card":"summary_large_image","twitter_creator":"@LosPoliticosVer","twitter_site":"@LosPoliticosVer","twitter_misc":{"Escrito por":"Lo viste en Los Pol\u00edticos","Tiempo de lectura":"2 minutos"},"schema":{"@context":"https:\/\/schema.org","@graph":[{"@type":"Article","@id":"https:\/\/lospoliticosveracruz.com\/?p=72508#article","isPartOf":{"@id":"https:\/\/lospoliticosveracruz.com\/?p=72508"},"author":{"name":"Lo viste en Los Pol\u00edticos","@id":"https:\/\/lospoliticosveracruz.com\/#\/schema\/person\/b8702bb0e538456e6efd07080bf2a4a2"},"headline":"\u00a1Vamos a recuperar la tranquilidad de las madres veracruzanas!: Anil\u00fa","datePublished":"2021-05-10T21:08:39+00:00","dateModified":"2021-05-10T21:08:42+00:00","mainEntityOfPage":{"@id":"https:\/\/lospoliticosveracruz.com\/?p=72508"},"wordCount":339,"publisher":{"@id":"https:\/\/lospoliticosveracruz.com\/#organization"},"image":{"@id":"https:\/\/lospoliticosveracruz.com\/?p=72508#primaryimage"},"thumbnailUrl":"http:\/\/www.lospoliticosveracruz.com.mx\/wp-content\/uploads\/2021\/05\/Tecajetes.jpeg","keywords":["Anil\u00fa Ingram Vallines","D\u00eda de la madre","Morena","PRI","Veracruz Va"],"articleSection":["De Boleto"],"inLanguage":"es"},{"@type":"WebPage","@id":"https:\/\/lospoliticosveracruz.com\/?p=72508","url":"https:\/\/lospoliticosveracruz.com\/?p=72508","name":"\u00a1Vamos a recuperar la tranquilidad de las madres veracruzanas!: Anil\u00fa - Los pol\u00edticos Veracruz","isPartOf":{"@id":"https:\/\/lospoliticosveracruz.com\/#website"},"primaryImageOfPage":{"@id":"https:\/\/lospoliticosveracruz.com\/?p=72508#primaryimage"},"image":{"@id":"https:\/\/lospoliticosveracruz.com\/?p=72508#primaryimage"},"thumbnailUrl":"http:\/\/www.lospoliticosveracruz.com.mx\/wp-content\/uploads\/2021\/05\/Tecajetes.jpeg","datePublished":"2021-05-10T21:08:39+00:00","dateModified":"2021-05-10T21:08:42+00:00","breadcrumb":{"@id":"https:\/\/lospoliticosveracruz.com\/?p=72508#breadcrumb"},"inLanguage":"es","potentialAction":[{"@type":"ReadAction","target":["https:\/\/lospoliticosveracruz.com\/?p=72508"]}]},{"@type":"ImageObject","inLanguage":"es","@id":"https:\/\/lospoliticosveracruz.com\/?p=72508#primaryimage","url":"http:\/\/www.lospoliticosveracruz.com.mx\/wp-content\/uploads\/2021\/05\/Tecajetes.jpeg","contentUrl":"http:\/\/www.lospoliticosveracruz.com.mx\/wp-content\/uploads\/2021\/05\/Tecajetes.jpeg"},{"@type":"BreadcrumbList","@id":"https:\/\/lospoliticosveracruz.com\/?p=72508#breadcrumb","itemListElement":[{"@type":"ListItem","position":1,"name":"Portada","item":"https:\/\/lospoliticosveracruz.com\/"},{"@type":"ListItem","position":2,"name":"\u00a1Vamos a recuperar la tranquilidad de las madres veracruzanas!: Anil\u00fa"}]},{"@type":"WebSite","@id":"https:\/\/lospoliticosveracruz.com\/#website","url":"https:\/\/lospoliticosveracruz.com\/","name":"Los pol\u00edticos Veracruz","description":"","publisher":{"@id":"https:\/\/lospoliticosveracruz.com\/#organization"},"potentialAction":[{"@type":"SearchAction","target":{"@type":"EntryPoint","urlTemplate":"https:\/\/lospoliticosveracruz.com\/?s={search_term_string}"},"query-input":{"@type":"PropertyValueSpecification","valueRequired":true,"valueName":"search_term_string"}}],"inLanguage":"es"},{"@type":"Organization","@id":"https:\/\/lospoliticosveracruz.com\/#organization","name":"Los pol\u00edticos Veracruz","url":"https:\/\/lospoliticosveracruz.com\/","logo":{"@type":"ImageObject","inLanguage":"es","@id":"https:\/\/lospoliticosveracruz.com\/#\/schema\/logo\/image\/","url":"https:\/\/lospoliticosveracruz.com\/wp-content\/uploads\/2025\/12\/Logo-Nuevo-LOS-POLITICOS-1.jpg","contentUrl":"https:\/\/lospoliticosveracruz.com\/wp-content\/uploads\/2025\/12\/Logo-Nuevo-LOS-POLITICOS-1.jpg","width":260,"height":70,"caption":"Los pol\u00edticos Veracruz"},"image":{"@id":"https:\/\/lospoliticosveracruz.com\/#\/schema\/logo\/image\/"},"sameAs":["https:\/\/www.facebook.com\/people\/Notimemes-de-los-Polticos\/61565672886568\/","https:\/\/x.com\/LosPoliticosVer"]},{"@type":"Person","@id":"https:\/\/lospoliticosveracruz.com\/#\/schema\/person\/b8702bb0e538456e6efd07080bf2a4a2","name":"Lo viste en Los Pol\u00edticos","image":{"@type":"ImageObject","inLanguage":"es","@id":"https:\/\/secure.gravatar.com\/avatar\/3a8de04a2656d44082be478bd6c086daa447c4651605818287b9532d3d0bd435?s=96&d=mm&r=g","url":"https:\/\/secure.gravatar.com\/avatar\/3a8de04a2656d44082be478bd6c086daa447c4651605818287b9532d3d0bd435?s=96&d=mm&r=g","contentUrl":"https:\/\/secure.gravatar.com\/avatar\/3a8de04a2656d44082be478bd6c086daa447c4651605818287b9532d3d0bd435?s=96&d=mm&r=g","caption":"Lo viste en Los Pol\u00edticos"},"url":"https:\/\/lospoliticosveracruz.com\/?author=2"}]}},"_links":{"self":[{"href":"https:\/\/lospoliticosveracruz.com\/index.php?rest_route=\/wp\/v2\/posts\/72508","targetHints":{"allow":["GET"]}}],"collection":[{"href":"https:\/\/lospoliticosveracruz.com\/index.php?rest_route=\/wp\/v2\/posts"}],"about":[{"href":"https:\/\/lospoliticosveracruz.com\/index.php?rest_route=\/wp\/v2\/types\/post"}],"author":[{"embeddable":true,"href":"https:\/\/lospoliticosveracruz.com\/index.php?rest_route=\/wp\/v2\/users\/2"}],"replies":[{"embeddable":true,"href":"https:\/\/lospoliticosveracruz.com\/index.php?rest_route=%2Fwp%2Fv2%2Fcomments&post=72508"}],"version-history":[{"count":1,"href":"https:\/\/lospoliticosveracruz.com\/index.php?rest_route=\/wp\/v2\/posts\/72508\/revisions"}],"predecessor-version":[{"id":72510,"href":"https:\/\/lospoliticosveracruz.com\/index.php?rest_route=\/wp\/v2\/posts\/72508\/revisions\/72510"}],"wp:attachment":[{"href":"https:\/\/lospoliticosveracruz.com\/index.php?rest_route=%2Fwp%2Fv2%2Fmedia&parent=72508"}],"wp:term":[{"taxonomy":"category","embeddable":true,"href":"https:\/\/lospoliticosveracruz.com\/index.php?rest_route=%2Fwp%2Fv2%2Fcategories&post=72508"},{"taxonomy":"post_tag","embeddable":true,"href":"https:\/\/lospoliticosveracruz.com\/index.php?rest_route=%2Fwp%2Fv2%2Ftags&post=72508"}],"curies":[{"name":"wp","href":"https:\/\/api.w.org\/{rel}","templated":true}]}}