{"id":72511,"date":"2021-05-10T20:28:00","date_gmt":"2021-05-11T01:28:00","guid":{"rendered":"http:\/\/www.lospoliticosveracruz.com.mx\/?p=72511"},"modified":"2021-05-10T16:31:36","modified_gmt":"2021-05-10T21:31:36","slug":"tato-bastida-y-tello","status":"publish","type":"post","link":"https:\/\/lospoliticosveracruz.com\/?p=72511","title":{"rendered":"Tato, Bastida y Tello"},"content":{"rendered":"\n<p><strong>Salvador Mu\u00f1oz<\/strong><\/p>\n\n\n\n<p><em>Los Pol\u00edticos<br><\/em><\/p>\n\n\n\n<p>Comentaron que Claudia Tello, candidata a diputada federal por uno de los distritos de Xalapa, estuvo en la marcha que le organizaron a Ricardo Ahued, candidato a la presidencia municipal, el domingo, en la capital xalape\u00f1a\u2026 por supuesto, si estuvo, ni la vi\u2026 en ya casi tres a\u00f1os, es un rostro que muchos xalape\u00f1os no conocimos ni conocemos, y por ende, no identificamos.<br>As\u00ed, mientras Claudia Tello, aspirante a repetir en la curul federal del Distrito VIII, se paseaba al lado de Ricardo Ahued en aras de que le convide del arrastre que trae el empresario, en Mesa de Guadalupe, all\u00e1 en Alto Lucero, sin hacer tanta alharaca, se cocinaba una alianza que deja a un lado a esta diputada federal: el compromiso de Rom\u00e1n Bastida Huesca para impulsar el triunfo de Tato Vega Yunes en ese distrito.<br>Vamos por partes\u2026<br>Rom\u00e1n Bastida Huesca es candidato a diputado local por el distrito de Misantla bajo las siglas del partido Verde Ecologista. Tato Vega Yunes, de Fuerza Por M\u00e9xico, disputa la curul federal con Miguel Castillo, de Movimiento Ciudadano; y Adolfo Mota, de la alianza Va por M\u00e9xico.<br>Lo interesante es ver a Rom\u00e1n Bastida declarar todo el apoyo para Tato Vega en aras de que sea diputado federal cuando lo l\u00f3gico es que lo hiciera por el partido con el que a nivel federal, el Verde est\u00e1 apoyando: Morena.<br>Ac\u00e1 hay de tres sopas:<br>1.- A lo mejor a Bastida Huesca le pas\u00f3 lo que a muchos xalape\u00f1os ocurri\u00f3 con Claudia Tello: No la conoce, y si no la conoce, es porque no hay trabajo que la identifique; y si no tiene trabajo, pues para qu\u00e9 apoyar a alguien que nom\u00e1s supo levantar el dedo\u2026 culiparlante.<br>2.- A lo mejor Bastida Huesca conoce a Tato Vega Yunes, no s\u00f3lo por nombre y apellido, sino por el trabajo que \u00e9ste hizo cuando estuvo al frente de la subsecretar\u00eda de Sedesol, en la Coordinaci\u00f3n Estatal de Junta de Mejoras o bien, en la CAEV\u2026 o sea, conoce su trabajo\u2026 algo que Claudia Tello no tiene.<br>3.- O simplemente Tato Vega y Rom\u00e1n Bastida Huesca dialogaron, pactaron y acordaron lo que, en la uni\u00f3n de esfuerzos y fuerzas, puede ser lo mejor para Veracruz y tambi\u00e9n para ambos: consolidar sus proyectos pol\u00edticos.<br>Lo que hizo Tato Vega Yunes no es para sorprender porque de esto y muchas otras cosas, se trata la pol\u00edtica: acordar\u2026 que es muy diferente a lo que Claudia Tello pretende al ir en bola a una manifestaci\u00f3n de apoyo a Ahued: subirse a la ola sin bracear.<br>Reitero: Lo que hizo Tato, no debe sorprender como tampoco el hecho de que Rom\u00e1n Bastida vaya a ser el \u00fanico aliado que est\u00e9 con Vega Yunes, de aqu\u00ed al seis de junio, \u2026 es seguro que haya m\u00e1s y si no, que me desmienta el representante de la Catem en Veracruz.<br>Por cierto, hablando de la manifestaci\u00f3n del domingo en apoyo a Ahued, hay algunas cosas que resaltar:<br>1.- \u00bfPor qu\u00e9 se espantan? Todos los partidos las hacen.<br>2.- Si es cierto que apretaron a empleados de Gobierno a asistir, pues de qu\u00e9 se espantan\u2026 si me obligaran a m\u00ed a ir, el seis de junio me desquitar\u00eda en las urnas.<br>3.- Algo hay de cierto\u2026 si tanto se presume del arrastre de Ahued en Xalapa, es totalmente innecesario este tipo de espect\u00e1culos que no van con la imagen del empresario y s\u00ed con una pol\u00edtica vieja pero no por ello, lejos de seguir siendo usada por Morena\u2026 y el resto de los partidos.<br>4.- Realmente no parece una marcha en apoyo de Ahued, sino al resto de candidatos que no tienen la simpat\u00eda de los xalape\u00f1os como la que guarda el empresario, a quien hacen verlo como el que jala una carreta\u2026 y no como un candidato.<\/p>\n\n\n\n<p>smcainito@gmail.com<\/p>\n","protected":false},"excerpt":{"rendered":"<p>Salvador Mu\u00f1oz Los Pol\u00edticos Comentaron que Claudia Tello, candidata a diputada federal por uno de los distritos de Xalapa, estuvo en la marcha que le organizaron a Ricardo Ahued, candidato a la presidencia municipal, el domingo, en la capital xalape\u00f1a\u2026 por supuesto, si estuvo, ni la vi\u2026 en ya casi tres a\u00f1os, es un rostro [&hellip;]<\/p>\n","protected":false},"author":2,"featured_media":0,"comment_status":"closed","ping_status":"closed","sticky":false,"template":"","format":"standard","meta":{"tdm_status":"","tdm_grid_status":"","footnotes":""},"categories":[70],"tags":[18681,19961,22356,1026,2327,8543,876,4980,2646,249],"class_list":{"0":"post-72511","1":"post","2":"type-post","3":"status-publish","4":"format-standard","6":"category-de-opinion","7":"tag-catem","8":"tag-claudia-tello","9":"tag-miguel-castillo","10":"tag-morena","11":"tag-movimiento-ciudadano","12":"tag-partido-verde-ecologista","13":"tag-ricardo-ahued","14":"tag-roman-bastida-huesca","15":"tag-salvador-munoz","16":"tag-tato-vega-yunes"},"yoast_head":"<!-- This site is optimized with the Yoast SEO plugin v27.4 - https:\/\/yoast.com\/product\/yoast-seo-wordpress\/ -->\n<title>Tato, Bastida y Tello - Los pol\u00edticos Veracruz<\/title>\n<meta name=\"robots\" content=\"index, follow, max-snippet:-1, max-image-preview:large, max-video-preview:-1\" \/>\n<link rel=\"canonical\" href=\"https:\/\/lospoliticosveracruz.com\/?p=72511\" \/>\n<meta property=\"og:locale\" content=\"es_ES\" \/>\n<meta property=\"og:type\" content=\"article\" \/>\n<meta property=\"og:title\" content=\"Tato, Bastida y Tello - Los pol\u00edticos Veracruz\" \/>\n<meta property=\"og:description\" content=\"Salvador Mu\u00f1oz Los Pol\u00edticos Comentaron que Claudia Tello, candidata a diputada federal por uno de los distritos de Xalapa, estuvo en la marcha que le organizaron a Ricardo Ahued, candidato a la presidencia municipal, el domingo, en la capital xalape\u00f1a\u2026 por supuesto, si estuvo, ni la vi\u2026 en ya casi tres a\u00f1os, es un rostro [&hellip;]\" \/>\n<meta property=\"og:url\" content=\"https:\/\/lospoliticosveracruz.com\/?p=72511\" \/>\n<meta property=\"og:site_name\" content=\"Los pol\u00edticos Veracruz\" \/>\n<meta property=\"article:publisher\" content=\"https:\/\/www.facebook.com\/people\/Notimemes-de-los-Polticos\/61565672886568\/\" \/>\n<meta property=\"article:published_time\" content=\"2021-05-11T01:28:00+00:00\" \/>\n<meta property=\"og:image\" content=\"https:\/\/lospoliticosveracruz.com\/wp-content\/uploads\/2016\/07\/Logo-Dor.jpg\" \/>\n\t<meta property=\"og:image:width\" content=\"200\" \/>\n\t<meta property=\"og:image:height\" content=\"200\" \/>\n\t<meta property=\"og:image:type\" content=\"image\/jpeg\" \/>\n<meta name=\"author\" content=\"Lo viste en Los Pol\u00edticos\" \/>\n<meta name=\"twitter:card\" content=\"summary_large_image\" \/>\n<meta name=\"twitter:creator\" content=\"@LosPoliticosVer\" \/>\n<meta name=\"twitter:site\" content=\"@LosPoliticosVer\" \/>\n<meta name=\"twitter:label1\" content=\"Escrito por\" \/>\n\t<meta name=\"twitter:data1\" content=\"Lo viste en Los Pol\u00edticos\" \/>\n\t<meta name=\"twitter:label2\" content=\"Tiempo de lectura\" \/>\n\t<meta name=\"twitter:data2\" content=\"3 minutos\" \/>\n<script type=\"application\/ld+json\" class=\"yoast-schema-graph\">{\"@context\":\"https:\\\/\\\/schema.org\",\"@graph\":[{\"@type\":\"Article\",\"@id\":\"https:\\\/\\\/lospoliticosveracruz.com\\\/?p=72511#article\",\"isPartOf\":{\"@id\":\"https:\\\/\\\/lospoliticosveracruz.com\\\/?p=72511\"},\"author\":{\"name\":\"Lo viste en Los Pol\u00edticos\",\"@id\":\"https:\\\/\\\/lospoliticosveracruz.com\\\/#\\\/schema\\\/person\\\/b8702bb0e538456e6efd07080bf2a4a2\"},\"headline\":\"Tato, Bastida y Tello\",\"datePublished\":\"2021-05-11T01:28:00+00:00\",\"mainEntityOfPage\":{\"@id\":\"https:\\\/\\\/lospoliticosveracruz.com\\\/?p=72511\"},\"wordCount\":677,\"publisher\":{\"@id\":\"https:\\\/\\\/lospoliticosveracruz.com\\\/#organization\"},\"keywords\":[\"Catem\",\"Claudia Tello\",\"Miguel Castillo\",\"Morena\",\"Movimiento Ciudadano\",\"Partido Verde Ecologista\",\"Ricardo Ahued\",\"Rom\u00e1n Bastida Huesca\",\"Salvador Mu\u00f1oz\",\"Tato Vega Yunes\"],\"articleSection\":[\"De Opini\u00f3n\"],\"inLanguage\":\"es\"},{\"@type\":\"WebPage\",\"@id\":\"https:\\\/\\\/lospoliticosveracruz.com\\\/?p=72511\",\"url\":\"https:\\\/\\\/lospoliticosveracruz.com\\\/?p=72511\",\"name\":\"Tato, Bastida y Tello - Los pol\u00edticos Veracruz\",\"isPartOf\":{\"@id\":\"https:\\\/\\\/lospoliticosveracruz.com\\\/#website\"},\"datePublished\":\"2021-05-11T01:28:00+00:00\",\"breadcrumb\":{\"@id\":\"https:\\\/\\\/lospoliticosveracruz.com\\\/?p=72511#breadcrumb\"},\"inLanguage\":\"es\",\"potentialAction\":[{\"@type\":\"ReadAction\",\"target\":[\"https:\\\/\\\/lospoliticosveracruz.com\\\/?p=72511\"]}]},{\"@type\":\"BreadcrumbList\",\"@id\":\"https:\\\/\\\/lospoliticosveracruz.com\\\/?p=72511#breadcrumb\",\"itemListElement\":[{\"@type\":\"ListItem\",\"position\":1,\"name\":\"Portada\",\"item\":\"https:\\\/\\\/lospoliticosveracruz.com\\\/\"},{\"@type\":\"ListItem\",\"position\":2,\"name\":\"Tato, Bastida y Tello\"}]},{\"@type\":\"WebSite\",\"@id\":\"https:\\\/\\\/lospoliticosveracruz.com\\\/#website\",\"url\":\"https:\\\/\\\/lospoliticosveracruz.com\\\/\",\"name\":\"Los pol\u00edticos Veracruz\",\"description\":\"\",\"publisher\":{\"@id\":\"https:\\\/\\\/lospoliticosveracruz.com\\\/#organization\"},\"potentialAction\":[{\"@type\":\"SearchAction\",\"target\":{\"@type\":\"EntryPoint\",\"urlTemplate\":\"https:\\\/\\\/lospoliticosveracruz.com\\\/?s={search_term_string}\"},\"query-input\":{\"@type\":\"PropertyValueSpecification\",\"valueRequired\":true,\"valueName\":\"search_term_string\"}}],\"inLanguage\":\"es\"},{\"@type\":\"Organization\",\"@id\":\"https:\\\/\\\/lospoliticosveracruz.com\\\/#organization\",\"name\":\"Los pol\u00edticos Veracruz\",\"url\":\"https:\\\/\\\/lospoliticosveracruz.com\\\/\",\"logo\":{\"@type\":\"ImageObject\",\"inLanguage\":\"es\",\"@id\":\"https:\\\/\\\/lospoliticosveracruz.com\\\/#\\\/schema\\\/logo\\\/image\\\/\",\"url\":\"https:\\\/\\\/lospoliticosveracruz.com\\\/wp-content\\\/uploads\\\/2025\\\/12\\\/Logo-Nuevo-LOS-POLITICOS-1.jpg\",\"contentUrl\":\"https:\\\/\\\/lospoliticosveracruz.com\\\/wp-content\\\/uploads\\\/2025\\\/12\\\/Logo-Nuevo-LOS-POLITICOS-1.jpg\",\"width\":260,\"height\":70,\"caption\":\"Los pol\u00edticos Veracruz\"},\"image\":{\"@id\":\"https:\\\/\\\/lospoliticosveracruz.com\\\/#\\\/schema\\\/logo\\\/image\\\/\"},\"sameAs\":[\"https:\\\/\\\/www.facebook.com\\\/people\\\/Notimemes-de-los-Polticos\\\/61565672886568\\\/\",\"https:\\\/\\\/x.com\\\/LosPoliticosVer\"]},{\"@type\":\"Person\",\"@id\":\"https:\\\/\\\/lospoliticosveracruz.com\\\/#\\\/schema\\\/person\\\/b8702bb0e538456e6efd07080bf2a4a2\",\"name\":\"Lo viste en Los Pol\u00edticos\",\"image\":{\"@type\":\"ImageObject\",\"inLanguage\":\"es\",\"@id\":\"https:\\\/\\\/secure.gravatar.com\\\/avatar\\\/3a8de04a2656d44082be478bd6c086daa447c4651605818287b9532d3d0bd435?s=96&d=mm&r=g\",\"url\":\"https:\\\/\\\/secure.gravatar.com\\\/avatar\\\/3a8de04a2656d44082be478bd6c086daa447c4651605818287b9532d3d0bd435?s=96&d=mm&r=g\",\"contentUrl\":\"https:\\\/\\\/secure.gravatar.com\\\/avatar\\\/3a8de04a2656d44082be478bd6c086daa447c4651605818287b9532d3d0bd435?s=96&d=mm&r=g\",\"caption\":\"Lo viste en Los Pol\u00edticos\"},\"url\":\"https:\\\/\\\/lospoliticosveracruz.com\\\/?author=2\"}]}<\/script>\n<!-- \/ Yoast SEO plugin. -->","yoast_head_json":{"title":"Tato, Bastida y Tello - Los pol\u00edticos Veracruz","robots":{"index":"index","follow":"follow","max-snippet":"max-snippet:-1","max-image-preview":"max-image-preview:large","max-video-preview":"max-video-preview:-1"},"canonical":"https:\/\/lospoliticosveracruz.com\/?p=72511","og_locale":"es_ES","og_type":"article","og_title":"Tato, Bastida y Tello - Los pol\u00edticos Veracruz","og_description":"Salvador Mu\u00f1oz Los Pol\u00edticos Comentaron que Claudia Tello, candidata a diputada federal por uno de los distritos de Xalapa, estuvo en la marcha que le organizaron a Ricardo Ahued, candidato a la presidencia municipal, el domingo, en la capital xalape\u00f1a\u2026 por supuesto, si estuvo, ni la vi\u2026 en ya casi tres a\u00f1os, es un rostro [&hellip;]","og_url":"https:\/\/lospoliticosveracruz.com\/?p=72511","og_site_name":"Los pol\u00edticos Veracruz","article_publisher":"https:\/\/www.facebook.com\/people\/Notimemes-de-los-Polticos\/61565672886568\/","article_published_time":"2021-05-11T01:28:00+00:00","og_image":[{"width":200,"height":200,"url":"https:\/\/lospoliticosveracruz.com\/wp-content\/uploads\/2016\/07\/Logo-Dor.jpg","type":"image\/jpeg"}],"author":"Lo viste en Los Pol\u00edticos","twitter_card":"summary_large_image","twitter_creator":"@LosPoliticosVer","twitter_site":"@LosPoliticosVer","twitter_misc":{"Escrito por":"Lo viste en Los Pol\u00edticos","Tiempo de lectura":"3 minutos"},"schema":{"@context":"https:\/\/schema.org","@graph":[{"@type":"Article","@id":"https:\/\/lospoliticosveracruz.com\/?p=72511#article","isPartOf":{"@id":"https:\/\/lospoliticosveracruz.com\/?p=72511"},"author":{"name":"Lo viste en Los Pol\u00edticos","@id":"https:\/\/lospoliticosveracruz.com\/#\/schema\/person\/b8702bb0e538456e6efd07080bf2a4a2"},"headline":"Tato, Bastida y Tello","datePublished":"2021-05-11T01:28:00+00:00","mainEntityOfPage":{"@id":"https:\/\/lospoliticosveracruz.com\/?p=72511"},"wordCount":677,"publisher":{"@id":"https:\/\/lospoliticosveracruz.com\/#organization"},"keywords":["Catem","Claudia Tello","Miguel Castillo","Morena","Movimiento Ciudadano","Partido Verde Ecologista","Ricardo Ahued","Rom\u00e1n Bastida Huesca","Salvador Mu\u00f1oz","Tato Vega Yunes"],"articleSection":["De Opini\u00f3n"],"inLanguage":"es"},{"@type":"WebPage","@id":"https:\/\/lospoliticosveracruz.com\/?p=72511","url":"https:\/\/lospoliticosveracruz.com\/?p=72511","name":"Tato, Bastida y Tello - Los pol\u00edticos Veracruz","isPartOf":{"@id":"https:\/\/lospoliticosveracruz.com\/#website"},"datePublished":"2021-05-11T01:28:00+00:00","breadcrumb":{"@id":"https:\/\/lospoliticosveracruz.com\/?p=72511#breadcrumb"},"inLanguage":"es","potentialAction":[{"@type":"ReadAction","target":["https:\/\/lospoliticosveracruz.com\/?p=72511"]}]},{"@type":"BreadcrumbList","@id":"https:\/\/lospoliticosveracruz.com\/?p=72511#breadcrumb","itemListElement":[{"@type":"ListItem","position":1,"name":"Portada","item":"https:\/\/lospoliticosveracruz.com\/"},{"@type":"ListItem","position":2,"name":"Tato, Bastida y Tello"}]},{"@type":"WebSite","@id":"https:\/\/lospoliticosveracruz.com\/#website","url":"https:\/\/lospoliticosveracruz.com\/","name":"Los pol\u00edticos Veracruz","description":"","publisher":{"@id":"https:\/\/lospoliticosveracruz.com\/#organization"},"potentialAction":[{"@type":"SearchAction","target":{"@type":"EntryPoint","urlTemplate":"https:\/\/lospoliticosveracruz.com\/?s={search_term_string}"},"query-input":{"@type":"PropertyValueSpecification","valueRequired":true,"valueName":"search_term_string"}}],"inLanguage":"es"},{"@type":"Organization","@id":"https:\/\/lospoliticosveracruz.com\/#organization","name":"Los pol\u00edticos Veracruz","url":"https:\/\/lospoliticosveracruz.com\/","logo":{"@type":"ImageObject","inLanguage":"es","@id":"https:\/\/lospoliticosveracruz.com\/#\/schema\/logo\/image\/","url":"https:\/\/lospoliticosveracruz.com\/wp-content\/uploads\/2025\/12\/Logo-Nuevo-LOS-POLITICOS-1.jpg","contentUrl":"https:\/\/lospoliticosveracruz.com\/wp-content\/uploads\/2025\/12\/Logo-Nuevo-LOS-POLITICOS-1.jpg","width":260,"height":70,"caption":"Los pol\u00edticos Veracruz"},"image":{"@id":"https:\/\/lospoliticosveracruz.com\/#\/schema\/logo\/image\/"},"sameAs":["https:\/\/www.facebook.com\/people\/Notimemes-de-los-Polticos\/61565672886568\/","https:\/\/x.com\/LosPoliticosVer"]},{"@type":"Person","@id":"https:\/\/lospoliticosveracruz.com\/#\/schema\/person\/b8702bb0e538456e6efd07080bf2a4a2","name":"Lo viste en Los Pol\u00edticos","image":{"@type":"ImageObject","inLanguage":"es","@id":"https:\/\/secure.gravatar.com\/avatar\/3a8de04a2656d44082be478bd6c086daa447c4651605818287b9532d3d0bd435?s=96&d=mm&r=g","url":"https:\/\/secure.gravatar.com\/avatar\/3a8de04a2656d44082be478bd6c086daa447c4651605818287b9532d3d0bd435?s=96&d=mm&r=g","contentUrl":"https:\/\/secure.gravatar.com\/avatar\/3a8de04a2656d44082be478bd6c086daa447c4651605818287b9532d3d0bd435?s=96&d=mm&r=g","caption":"Lo viste en Los Pol\u00edticos"},"url":"https:\/\/lospoliticosveracruz.com\/?author=2"}]}},"_links":{"self":[{"href":"https:\/\/lospoliticosveracruz.com\/index.php?rest_route=\/wp\/v2\/posts\/72511","targetHints":{"allow":["GET"]}}],"collection":[{"href":"https:\/\/lospoliticosveracruz.com\/index.php?rest_route=\/wp\/v2\/posts"}],"about":[{"href":"https:\/\/lospoliticosveracruz.com\/index.php?rest_route=\/wp\/v2\/types\/post"}],"author":[{"embeddable":true,"href":"https:\/\/lospoliticosveracruz.com\/index.php?rest_route=\/wp\/v2\/users\/2"}],"replies":[{"embeddable":true,"href":"https:\/\/lospoliticosveracruz.com\/index.php?rest_route=%2Fwp%2Fv2%2Fcomments&post=72511"}],"version-history":[{"count":1,"href":"https:\/\/lospoliticosveracruz.com\/index.php?rest_route=\/wp\/v2\/posts\/72511\/revisions"}],"predecessor-version":[{"id":72513,"href":"https:\/\/lospoliticosveracruz.com\/index.php?rest_route=\/wp\/v2\/posts\/72511\/revisions\/72513"}],"wp:attachment":[{"href":"https:\/\/lospoliticosveracruz.com\/index.php?rest_route=%2Fwp%2Fv2%2Fmedia&parent=72511"}],"wp:term":[{"taxonomy":"category","embeddable":true,"href":"https:\/\/lospoliticosveracruz.com\/index.php?rest_route=%2Fwp%2Fv2%2Fcategories&post=72511"},{"taxonomy":"post_tag","embeddable":true,"href":"https:\/\/lospoliticosveracruz.com\/index.php?rest_route=%2Fwp%2Fv2%2Ftags&post=72511"}],"curies":[{"name":"wp","href":"https:\/\/api.w.org\/{rel}","templated":true}]}}