{"id":72523,"date":"2021-05-10T18:12:26","date_gmt":"2021-05-10T23:12:26","guid":{"rendered":"http:\/\/www.lospoliticosveracruz.com.mx\/?p=72523"},"modified":"2021-05-10T18:12:34","modified_gmt":"2021-05-10T23:12:34","slug":"yo-le-hablo-directamente-al-presidente-y-me-contesta","status":"publish","type":"post","link":"https:\/\/lospoliticosveracruz.com\/?p=72523","title":{"rendered":"\u00abYo le hablo directamente al Presidente\u2026 y me contesta\u00bb"},"content":{"rendered":"\n<p><strong>Veracruz<\/strong><br>A siete d\u00edas de iniciada su campa\u00f1a para obtener la presidencia municipal de Veracruz, Ricardo Exsome Zapata, se siente orgulloso de que la ciudadan\u00eda reconozca el trabajo que realiza el actual gobierno federal y ahora le pidan que esas acciones se hagan de manera m\u00e1s concreta para el municipio de Veracruz.<br>\u201cUn gobierno municipal luce cuando tiene el apoyo del gobierno federal y del estado, a diferencia de cualquier candidato, eso lo tengo yo. Yo le hablo directamente al Presidente, directamente con el Gobernador y me contestan, ese es mi mayor beneficio para Veracruz, no s\u00f3lo saber hacer las cosas bien, tenemos las relaciones y los contactos para que se resuelvan los problemas de Veracruz\u201d, manifiesta en sus diferentes recorridos por la ciudad el candidato por la Coalici\u00f3n Movimiento de Regeneraci\u00f3n Nacional (Morena), del Trabajo (PT) y Verde Ecologista de M\u00e9xico (PVEM), bajo la denominaci\u00f3n \u201cJuntos Haremos Historia en Veracruz\u201d, Ricardo Exsome Zapata.<br>Durante esta primera semana de trabajo, los reclamos y las necesidades por parte de los ciudadanos que viven en cada colonia y fraccionamientos de la ciudad han ido en aumento, sin embargo, Exsome Zapata ha manifestado que ser\u00e1n prioritarios en la agenda de su administraci\u00f3n municipal.<\/p>\n\n\n\n<p>RESCATE DEL PUERTO DE VERACRUZ<br>Regularizaci\u00f3n de colonias y municipalizaci\u00f3n de fraccionamientos, rescate de parques y unidades deportivas, funcionamiento de alumbrado p\u00fablico, agua, drenaje, pavimentaci\u00f3n, seguridad p\u00fablica, brigadas de salud y la promoci\u00f3n de actividades deportivas, son algunas de las peticiones que le han manifestado al candidato al ayuntamiento de Veracruz.<br>El trabajo de Ricardo Exsome como legislador federal es reconocido por el sector comercial, tal y como se lo dieron a conocer locatarios del mercado Unidad Veracruzana con quienes dialog\u00f3 en un recorrido realizado en esta central de abastos y acordaron que de salir triunfante el d\u00eda de la elecci\u00f3n que se realizar\u00e1 el pr\u00f3ximo seis de junio trabajar\u00e1n de la mano para atraer m\u00e1s consumidores a este lugar.<br>De igual manera, las muestras de afecto y el respaldo de para el pr\u00f3ximo seis de junio han quedado demostradas por parte de las personas en edad de votar; colonias como El Vergel, Los Laureles, La Laguna, La Pochota, El Coyol, as\u00ed como los fraccionamientos, Las Palmas y Siglo XXI, han sido visitados por el ingeniero Exsome Zapata; algunas calles y avenidas las ha recorrido junto con su compa\u00f1era de f\u00f3rmula, la candidata a la diputaci\u00f3n local por el distrito XV, Diana Santiago Huesca, as\u00ed como por los integrantes de su planilla y que aspiran a ocupar alguna de las regidur\u00edas.<\/p>\n","protected":false},"excerpt":{"rendered":"<p>VeracruzA siete d\u00edas de iniciada su campa\u00f1a para obtener la presidencia municipal de Veracruz, Ricardo Exsome Zapata, se siente orgulloso de que la ciudadan\u00eda reconozca el trabajo que realiza el actual gobierno federal y ahora le pidan que esas acciones se hagan de manera m\u00e1s concreta para el municipio de Veracruz.\u201cUn gobierno municipal luce cuando [&hellip;]<\/p>\n","protected":false},"author":2,"featured_media":0,"comment_status":"closed","ping_status":"closed","sticky":false,"template":"","format":"standard","meta":{"tdm_status":"","tdm_grid_status":"","footnotes":""},"categories":[73],"tags":[27643,1026,2289,264,13435,195],"class_list":{"0":"post-72523","1":"post","2":"type-post","3":"status-publish","4":"format-standard","6":"category-de-boleto","7":"tag-juntos-haremos-historia-en-veracruz","8":"tag-morena","9":"tag-pt","10":"tag-pvem","11":"tag-ricardo-exsome-zapata","12":"tag-veracruz"},"yoast_head":"<!-- This site is optimized with the Yoast SEO plugin v27.4 - https:\/\/yoast.com\/product\/yoast-seo-wordpress\/ -->\n<title>&quot;Yo le hablo directamente al Presidente\u2026 y me contesta&quot; - Los pol\u00edticos Veracruz<\/title>\n<meta name=\"robots\" content=\"index, follow, max-snippet:-1, max-image-preview:large, max-video-preview:-1\" \/>\n<link rel=\"canonical\" href=\"https:\/\/lospoliticosveracruz.com\/?p=72523\" \/>\n<meta property=\"og:locale\" content=\"es_ES\" \/>\n<meta property=\"og:type\" content=\"article\" \/>\n<meta property=\"og:title\" content=\"&quot;Yo le hablo directamente al Presidente\u2026 y me contesta&quot; - Los pol\u00edticos Veracruz\" \/>\n<meta property=\"og:description\" content=\"VeracruzA siete d\u00edas de iniciada su campa\u00f1a para obtener la presidencia municipal de Veracruz, Ricardo Exsome Zapata, se siente orgulloso de que la ciudadan\u00eda reconozca el trabajo que realiza el actual gobierno federal y ahora le pidan que esas acciones se hagan de manera m\u00e1s concreta para el municipio de Veracruz.\u201cUn gobierno municipal luce cuando [&hellip;]\" \/>\n<meta property=\"og:url\" content=\"https:\/\/lospoliticosveracruz.com\/?p=72523\" \/>\n<meta property=\"og:site_name\" content=\"Los pol\u00edticos Veracruz\" \/>\n<meta property=\"article:publisher\" content=\"https:\/\/www.facebook.com\/people\/Notimemes-de-los-Polticos\/61565672886568\/\" \/>\n<meta property=\"article:published_time\" content=\"2021-05-10T23:12:26+00:00\" \/>\n<meta property=\"article:modified_time\" content=\"2021-05-10T23:12:34+00:00\" \/>\n<meta property=\"og:image\" content=\"https:\/\/lospoliticosveracruz.com\/wp-content\/uploads\/2016\/07\/Logo-Dor.jpg\" \/>\n\t<meta property=\"og:image:width\" content=\"200\" \/>\n\t<meta property=\"og:image:height\" content=\"200\" \/>\n\t<meta property=\"og:image:type\" content=\"image\/jpeg\" \/>\n<meta name=\"author\" content=\"Lo viste en Los Pol\u00edticos\" \/>\n<meta name=\"twitter:card\" content=\"summary_large_image\" \/>\n<meta name=\"twitter:creator\" content=\"@LosPoliticosVer\" \/>\n<meta name=\"twitter:site\" content=\"@LosPoliticosVer\" \/>\n<meta name=\"twitter:label1\" content=\"Escrito por\" \/>\n\t<meta name=\"twitter:data1\" content=\"Lo viste en Los Pol\u00edticos\" \/>\n\t<meta name=\"twitter:label2\" content=\"Tiempo de lectura\" \/>\n\t<meta name=\"twitter:data2\" content=\"2 minutos\" \/>\n<script type=\"application\/ld+json\" class=\"yoast-schema-graph\">{\"@context\":\"https:\\\/\\\/schema.org\",\"@graph\":[{\"@type\":\"Article\",\"@id\":\"https:\\\/\\\/lospoliticosveracruz.com\\\/?p=72523#article\",\"isPartOf\":{\"@id\":\"https:\\\/\\\/lospoliticosveracruz.com\\\/?p=72523\"},\"author\":{\"name\":\"Lo viste en Los Pol\u00edticos\",\"@id\":\"https:\\\/\\\/lospoliticosveracruz.com\\\/#\\\/schema\\\/person\\\/b8702bb0e538456e6efd07080bf2a4a2\"},\"headline\":\"\u00abYo le hablo directamente al Presidente\u2026 y me contesta\u00bb\",\"datePublished\":\"2021-05-10T23:12:26+00:00\",\"dateModified\":\"2021-05-10T23:12:34+00:00\",\"mainEntityOfPage\":{\"@id\":\"https:\\\/\\\/lospoliticosveracruz.com\\\/?p=72523\"},\"wordCount\":456,\"publisher\":{\"@id\":\"https:\\\/\\\/lospoliticosveracruz.com\\\/#organization\"},\"keywords\":[\"Juntos Haremos Historia en Veracruz\",\"Morena\",\"PT\",\"PVEM\",\"Ricardo Exsome Zapata\",\"Veracruz\"],\"articleSection\":[\"De Boleto\"],\"inLanguage\":\"es\"},{\"@type\":\"WebPage\",\"@id\":\"https:\\\/\\\/lospoliticosveracruz.com\\\/?p=72523\",\"url\":\"https:\\\/\\\/lospoliticosveracruz.com\\\/?p=72523\",\"name\":\"\\\"Yo le hablo directamente al Presidente\u2026 y me contesta\\\" - Los pol\u00edticos Veracruz\",\"isPartOf\":{\"@id\":\"https:\\\/\\\/lospoliticosveracruz.com\\\/#website\"},\"datePublished\":\"2021-05-10T23:12:26+00:00\",\"dateModified\":\"2021-05-10T23:12:34+00:00\",\"breadcrumb\":{\"@id\":\"https:\\\/\\\/lospoliticosveracruz.com\\\/?p=72523#breadcrumb\"},\"inLanguage\":\"es\",\"potentialAction\":[{\"@type\":\"ReadAction\",\"target\":[\"https:\\\/\\\/lospoliticosveracruz.com\\\/?p=72523\"]}]},{\"@type\":\"BreadcrumbList\",\"@id\":\"https:\\\/\\\/lospoliticosveracruz.com\\\/?p=72523#breadcrumb\",\"itemListElement\":[{\"@type\":\"ListItem\",\"position\":1,\"name\":\"Portada\",\"item\":\"https:\\\/\\\/lospoliticosveracruz.com\\\/\"},{\"@type\":\"ListItem\",\"position\":2,\"name\":\"\u00abYo le hablo directamente al Presidente\u2026 y me contesta\u00bb\"}]},{\"@type\":\"WebSite\",\"@id\":\"https:\\\/\\\/lospoliticosveracruz.com\\\/#website\",\"url\":\"https:\\\/\\\/lospoliticosveracruz.com\\\/\",\"name\":\"Los pol\u00edticos Veracruz\",\"description\":\"\",\"publisher\":{\"@id\":\"https:\\\/\\\/lospoliticosveracruz.com\\\/#organization\"},\"potentialAction\":[{\"@type\":\"SearchAction\",\"target\":{\"@type\":\"EntryPoint\",\"urlTemplate\":\"https:\\\/\\\/lospoliticosveracruz.com\\\/?s={search_term_string}\"},\"query-input\":{\"@type\":\"PropertyValueSpecification\",\"valueRequired\":true,\"valueName\":\"search_term_string\"}}],\"inLanguage\":\"es\"},{\"@type\":\"Organization\",\"@id\":\"https:\\\/\\\/lospoliticosveracruz.com\\\/#organization\",\"name\":\"Los pol\u00edticos Veracruz\",\"url\":\"https:\\\/\\\/lospoliticosveracruz.com\\\/\",\"logo\":{\"@type\":\"ImageObject\",\"inLanguage\":\"es\",\"@id\":\"https:\\\/\\\/lospoliticosveracruz.com\\\/#\\\/schema\\\/logo\\\/image\\\/\",\"url\":\"https:\\\/\\\/lospoliticosveracruz.com\\\/wp-content\\\/uploads\\\/2025\\\/12\\\/Logo-Nuevo-LOS-POLITICOS-1.jpg\",\"contentUrl\":\"https:\\\/\\\/lospoliticosveracruz.com\\\/wp-content\\\/uploads\\\/2025\\\/12\\\/Logo-Nuevo-LOS-POLITICOS-1.jpg\",\"width\":260,\"height\":70,\"caption\":\"Los pol\u00edticos Veracruz\"},\"image\":{\"@id\":\"https:\\\/\\\/lospoliticosveracruz.com\\\/#\\\/schema\\\/logo\\\/image\\\/\"},\"sameAs\":[\"https:\\\/\\\/www.facebook.com\\\/people\\\/Notimemes-de-los-Polticos\\\/61565672886568\\\/\",\"https:\\\/\\\/x.com\\\/LosPoliticosVer\"]},{\"@type\":\"Person\",\"@id\":\"https:\\\/\\\/lospoliticosveracruz.com\\\/#\\\/schema\\\/person\\\/b8702bb0e538456e6efd07080bf2a4a2\",\"name\":\"Lo viste en Los Pol\u00edticos\",\"image\":{\"@type\":\"ImageObject\",\"inLanguage\":\"es\",\"@id\":\"https:\\\/\\\/secure.gravatar.com\\\/avatar\\\/3a8de04a2656d44082be478bd6c086daa447c4651605818287b9532d3d0bd435?s=96&d=mm&r=g\",\"url\":\"https:\\\/\\\/secure.gravatar.com\\\/avatar\\\/3a8de04a2656d44082be478bd6c086daa447c4651605818287b9532d3d0bd435?s=96&d=mm&r=g\",\"contentUrl\":\"https:\\\/\\\/secure.gravatar.com\\\/avatar\\\/3a8de04a2656d44082be478bd6c086daa447c4651605818287b9532d3d0bd435?s=96&d=mm&r=g\",\"caption\":\"Lo viste en Los Pol\u00edticos\"},\"url\":\"https:\\\/\\\/lospoliticosveracruz.com\\\/?author=2\"}]}<\/script>\n<!-- \/ Yoast SEO plugin. -->","yoast_head_json":{"title":"\"Yo le hablo directamente al Presidente\u2026 y me contesta\" - Los pol\u00edticos Veracruz","robots":{"index":"index","follow":"follow","max-snippet":"max-snippet:-1","max-image-preview":"max-image-preview:large","max-video-preview":"max-video-preview:-1"},"canonical":"https:\/\/lospoliticosveracruz.com\/?p=72523","og_locale":"es_ES","og_type":"article","og_title":"\"Yo le hablo directamente al Presidente\u2026 y me contesta\" - Los pol\u00edticos Veracruz","og_description":"VeracruzA siete d\u00edas de iniciada su campa\u00f1a para obtener la presidencia municipal de Veracruz, Ricardo Exsome Zapata, se siente orgulloso de que la ciudadan\u00eda reconozca el trabajo que realiza el actual gobierno federal y ahora le pidan que esas acciones se hagan de manera m\u00e1s concreta para el municipio de Veracruz.\u201cUn gobierno municipal luce cuando [&hellip;]","og_url":"https:\/\/lospoliticosveracruz.com\/?p=72523","og_site_name":"Los pol\u00edticos Veracruz","article_publisher":"https:\/\/www.facebook.com\/people\/Notimemes-de-los-Polticos\/61565672886568\/","article_published_time":"2021-05-10T23:12:26+00:00","article_modified_time":"2021-05-10T23:12:34+00:00","og_image":[{"width":200,"height":200,"url":"https:\/\/lospoliticosveracruz.com\/wp-content\/uploads\/2016\/07\/Logo-Dor.jpg","type":"image\/jpeg"}],"author":"Lo viste en Los Pol\u00edticos","twitter_card":"summary_large_image","twitter_creator":"@LosPoliticosVer","twitter_site":"@LosPoliticosVer","twitter_misc":{"Escrito por":"Lo viste en Los Pol\u00edticos","Tiempo de lectura":"2 minutos"},"schema":{"@context":"https:\/\/schema.org","@graph":[{"@type":"Article","@id":"https:\/\/lospoliticosveracruz.com\/?p=72523#article","isPartOf":{"@id":"https:\/\/lospoliticosveracruz.com\/?p=72523"},"author":{"name":"Lo viste en Los Pol\u00edticos","@id":"https:\/\/lospoliticosveracruz.com\/#\/schema\/person\/b8702bb0e538456e6efd07080bf2a4a2"},"headline":"\u00abYo le hablo directamente al Presidente\u2026 y me contesta\u00bb","datePublished":"2021-05-10T23:12:26+00:00","dateModified":"2021-05-10T23:12:34+00:00","mainEntityOfPage":{"@id":"https:\/\/lospoliticosveracruz.com\/?p=72523"},"wordCount":456,"publisher":{"@id":"https:\/\/lospoliticosveracruz.com\/#organization"},"keywords":["Juntos Haremos Historia en Veracruz","Morena","PT","PVEM","Ricardo Exsome Zapata","Veracruz"],"articleSection":["De Boleto"],"inLanguage":"es"},{"@type":"WebPage","@id":"https:\/\/lospoliticosveracruz.com\/?p=72523","url":"https:\/\/lospoliticosveracruz.com\/?p=72523","name":"\"Yo le hablo directamente al Presidente\u2026 y me contesta\" - Los pol\u00edticos Veracruz","isPartOf":{"@id":"https:\/\/lospoliticosveracruz.com\/#website"},"datePublished":"2021-05-10T23:12:26+00:00","dateModified":"2021-05-10T23:12:34+00:00","breadcrumb":{"@id":"https:\/\/lospoliticosveracruz.com\/?p=72523#breadcrumb"},"inLanguage":"es","potentialAction":[{"@type":"ReadAction","target":["https:\/\/lospoliticosveracruz.com\/?p=72523"]}]},{"@type":"BreadcrumbList","@id":"https:\/\/lospoliticosveracruz.com\/?p=72523#breadcrumb","itemListElement":[{"@type":"ListItem","position":1,"name":"Portada","item":"https:\/\/lospoliticosveracruz.com\/"},{"@type":"ListItem","position":2,"name":"\u00abYo le hablo directamente al Presidente\u2026 y me contesta\u00bb"}]},{"@type":"WebSite","@id":"https:\/\/lospoliticosveracruz.com\/#website","url":"https:\/\/lospoliticosveracruz.com\/","name":"Los pol\u00edticos Veracruz","description":"","publisher":{"@id":"https:\/\/lospoliticosveracruz.com\/#organization"},"potentialAction":[{"@type":"SearchAction","target":{"@type":"EntryPoint","urlTemplate":"https:\/\/lospoliticosveracruz.com\/?s={search_term_string}"},"query-input":{"@type":"PropertyValueSpecification","valueRequired":true,"valueName":"search_term_string"}}],"inLanguage":"es"},{"@type":"Organization","@id":"https:\/\/lospoliticosveracruz.com\/#organization","name":"Los pol\u00edticos Veracruz","url":"https:\/\/lospoliticosveracruz.com\/","logo":{"@type":"ImageObject","inLanguage":"es","@id":"https:\/\/lospoliticosveracruz.com\/#\/schema\/logo\/image\/","url":"https:\/\/lospoliticosveracruz.com\/wp-content\/uploads\/2025\/12\/Logo-Nuevo-LOS-POLITICOS-1.jpg","contentUrl":"https:\/\/lospoliticosveracruz.com\/wp-content\/uploads\/2025\/12\/Logo-Nuevo-LOS-POLITICOS-1.jpg","width":260,"height":70,"caption":"Los pol\u00edticos Veracruz"},"image":{"@id":"https:\/\/lospoliticosveracruz.com\/#\/schema\/logo\/image\/"},"sameAs":["https:\/\/www.facebook.com\/people\/Notimemes-de-los-Polticos\/61565672886568\/","https:\/\/x.com\/LosPoliticosVer"]},{"@type":"Person","@id":"https:\/\/lospoliticosveracruz.com\/#\/schema\/person\/b8702bb0e538456e6efd07080bf2a4a2","name":"Lo viste en Los Pol\u00edticos","image":{"@type":"ImageObject","inLanguage":"es","@id":"https:\/\/secure.gravatar.com\/avatar\/3a8de04a2656d44082be478bd6c086daa447c4651605818287b9532d3d0bd435?s=96&d=mm&r=g","url":"https:\/\/secure.gravatar.com\/avatar\/3a8de04a2656d44082be478bd6c086daa447c4651605818287b9532d3d0bd435?s=96&d=mm&r=g","contentUrl":"https:\/\/secure.gravatar.com\/avatar\/3a8de04a2656d44082be478bd6c086daa447c4651605818287b9532d3d0bd435?s=96&d=mm&r=g","caption":"Lo viste en Los Pol\u00edticos"},"url":"https:\/\/lospoliticosveracruz.com\/?author=2"}]}},"_links":{"self":[{"href":"https:\/\/lospoliticosveracruz.com\/index.php?rest_route=\/wp\/v2\/posts\/72523","targetHints":{"allow":["GET"]}}],"collection":[{"href":"https:\/\/lospoliticosveracruz.com\/index.php?rest_route=\/wp\/v2\/posts"}],"about":[{"href":"https:\/\/lospoliticosveracruz.com\/index.php?rest_route=\/wp\/v2\/types\/post"}],"author":[{"embeddable":true,"href":"https:\/\/lospoliticosveracruz.com\/index.php?rest_route=\/wp\/v2\/users\/2"}],"replies":[{"embeddable":true,"href":"https:\/\/lospoliticosveracruz.com\/index.php?rest_route=%2Fwp%2Fv2%2Fcomments&post=72523"}],"version-history":[{"count":1,"href":"https:\/\/lospoliticosveracruz.com\/index.php?rest_route=\/wp\/v2\/posts\/72523\/revisions"}],"predecessor-version":[{"id":72525,"href":"https:\/\/lospoliticosveracruz.com\/index.php?rest_route=\/wp\/v2\/posts\/72523\/revisions\/72525"}],"wp:attachment":[{"href":"https:\/\/lospoliticosveracruz.com\/index.php?rest_route=%2Fwp%2Fv2%2Fmedia&parent=72523"}],"wp:term":[{"taxonomy":"category","embeddable":true,"href":"https:\/\/lospoliticosveracruz.com\/index.php?rest_route=%2Fwp%2Fv2%2Fcategories&post=72523"},{"taxonomy":"post_tag","embeddable":true,"href":"https:\/\/lospoliticosveracruz.com\/index.php?rest_route=%2Fwp%2Fv2%2Ftags&post=72523"}],"curies":[{"name":"wp","href":"https:\/\/api.w.org\/{rel}","templated":true}]}}